{"id":72389,"date":"2022-05-22T09:52:38","date_gmt":"2022-05-22T09:52:38","guid":{"rendered":"http:\/\/www.noticiasradioreflejos.com.ar\/2021\/?p=72389"},"modified":"2022-05-22T09:52:38","modified_gmt":"2022-05-22T09:52:38","slug":"el-hijo-de-pappo-a-un-paso-de-ir-a-juicio-oral-por-violencia-de-genero","status":"publish","type":"post","link":"https:\/\/www.noticiasradioreflejos.com.ar\/2021\/el-hijo-de-pappo-a-un-paso-de-ir-a-juicio-oral-por-violencia-de-genero\/","title":{"rendered":"El hijo de Pappo, a un paso de ir a juicio oral por violencia de g\u00e9nero"},"content":{"rendered":"<p>El m\u00fasico Luciano Emilio Juan Napolitano est\u00e1 acusado de haber golpeado, amenazado y dejado encerrada en su casa de la localidad bonaerense de Benav\u00eddez a su \u00faltima pareja.<!--more--><\/p>\n<figure class=\"mb-3\"><img decoding=\"async\" src=\"https:\/\/www.telam.com.ar\/thumbs\/bluesteel\/advf\/imagenes\/2021\/06\/60dc7b812d898_900.jpg\" alt=\"Fue detenido el 26 de mayo de 2021 y en su vivienda se secuestr el revlver 38 cargado sin permiso de tenencia ni portacinFoto archivo\" width=\"100%\" height=\"100%\" \/><\/p>\n<div class=\"media-icons\"><\/div><figcaption>Fue detenido el 26 de mayo de 2021 y en su vivienda se secuestr\u00f3 el rev\u00f3lver 38 cargado, sin permiso de tenencia ni portaci\u00f3n.(Foto archivo)<\/figcaption><\/figure>\n<p>El m\u00fasico Luciano Emilio Juan Napolitano, hijo del fallecido rockero Pappo, cumplir\u00e1 esta semana un a\u00f1o preso en el marco de una causa por violencia de g\u00e9nero en la que est\u00e1 acusado de haber golpeado, amenazado y dejado encerrada en su casa de la localidad bonaerense de Benav\u00eddez a su \u00faltima pareja, y cuya elevaci\u00f3n a juicio fue impulsada por la fiscal\u00eda, pero est\u00e1 apelada por la defensa, informaron este s\u00e1bado fuentes judiciales.<\/p>\n<p><strong>Napolitano (47) est\u00e1 cumpliendo prisi\u00f3n preventiva en la Unidad 9 de La Plata,\u00a0<\/strong>donde seg\u00fan \u00e9l mismo anunci\u00f3 a fines de marzo en una red social con un video y un comunicado,\u00a0<strong>form\u00f3 una nueva banda de rock, un \u00abpower tr\u00edo\u00bb bautizado H6<\/strong>\u00a0\u2013por el sector y la celda que ocupan en el penal-, donde \u00e9l es el cantante y guitarrista y lo acompa\u00f1an un bajista y un baterista, que tambi\u00e9n son internos en la misma prisi\u00f3n del Servicio Penitenciario Bonaerense (SPB).<\/p>\n<p>Incluso, en el perfil de Facebook \u00abLuciano Napolitano Rock\u00bb, hay subidos algunos videos de la banda ensayando en la c\u00e1rcel o el videoclip de \u00abEl carro de John\u00bb, uno de los temas de H6 dedicado a un interno del penal.<\/p>\n<p>En relaci\u00f3n a su causa judicial, el fiscal Pablo Menteguiaga, de la Unidad Funcional de Instrucci\u00f3n (UFI) de Violencia de G\u00e9nero de Tigre, requiri\u00f3 a fines de marzo la elevaci\u00f3n a juicio de Napolitano por dos hechos de violencia de g\u00e9nero contra su entonces pareja, Mariel Oleiro (34).<\/p>\n<p><iframe loading=\"lazy\" src=\"https:\/\/www.facebook.com\/plugins\/video.php?height=308&amp;href=https%3A%2F%2Fwww.facebook.com%2Flucianonapolitanorock%2Fvideos%2F504779360642890%2F&amp;show_text=false&amp;width=560&amp;t=0\" width=\"560\" height=\"308\" frameborder=\"0\" scrolling=\"no\" allowfullscreen=\"allowfullscreen\"><\/iframe><br \/>\nPor el primer hecho \u2013el que motiv\u00f3 hace un a\u00f1o su detenci\u00f3n-, Napolitano qued\u00f3 imputado por los delitos de \u00ablesiones leves agravadas por el v\u00ednculo y por mediar violencia de g\u00e9nero en concurso real con amenazas, privaci\u00f3n ilegal de la libertad agravada y tenencia ileg\u00edtima de arma de guerra\u00bb y, por el segundo, ocurrido unos meses antes, por \u00abamenazas agravadas por el uso de arma\u00bb.<\/p>\n<p>Una fuente judicial explic\u00f3 a T\u00e9lam que sumando las penas m\u00e1ximas de todos esos delitos y de ambos hechos, la fiscal\u00eda podr\u00eda llegar a pedir en el futuro juicio oral una pena de hasta 19 a\u00f1os de c\u00e1rcel, aunque al no tener antecedentes condenatorios, lo m\u00e1s probable es que la eventual sentencia sea por menos a\u00f1os.<\/p>\n<h2 class=\"\">El hecho<\/h2>\n<p><strong>El hecho ocurri\u00f3 la tarde del 24 de mayo de 2021, en la vivienda que el hijo del fallecido Norberto \u00abPappo\u00bb Napolitano compart\u00eda desde hac\u00eda cuatro a\u00f1os con su pareja Oleiro<\/strong>, situada en Jujuy 3452, de la localidad de Benav\u00eddez, partido de Tigre, en el norte del conurbano.<\/p>\n<p>De acuerdo a la denuncia de la mujer, todo se inici\u00f3 cuando le pidi\u00f3 a Napolitano las llaves de la camioneta para ir a comprar comida para sus mascotas y \u00e9l comenz\u00f3 a<strong>\u00a0insultarla y agredirla f\u00edsicamente, todo delante de dos de las hijas del imputado de 7 y 13 a\u00f1os.<\/strong><\/p>\n<p>En su requerimiento de elevaci\u00f3n a juicio \u2013al que accedi\u00f3 T\u00e9lam-, el fiscal Menteguiaga describi\u00f3 as\u00ed el inicio de las agresiones: \u00abComenz\u00f3 a hostigarla, humillarla y denigrarla para luego vali\u00e9ndose de su condici\u00f3n de g\u00e9nero tomarla del cuello apret\u00e1ndolo fuertemente hasta provocarle dificultad para respirar mientras le refer\u00eda dichos amenazantes tales como \u00abte voy a matar hija de puta, te voy a matar\u00bb.<\/p>\n<p>La denunciante cont\u00f3 que su pareja\u00a0<strong>la tom\u00f3 del cuello, que la agresi\u00f3n incluy\u00f3 trompadas y patadas<\/strong>, que<strong>\u00a0le apret\u00f3 un ojo, que tambi\u00e9n la roci\u00f3 con alcohol, que en el patio de la casa intent\u00f3 atropellarla con una camioneta\u00a0<\/strong>Volkswagen Amarok y que\u00a0<strong>la dej\u00f3 encerrada sin poder salir de la propiedad y con la \u00fanica posibilidad de estar en el quincho hasta que al d\u00eda siguiente logr\u00f3 llamar al 911 y fue rescatada\u00a0<\/strong>por la polic\u00eda.<\/p>\n<ul>\n<li>\n<h3>Atenci\u00f3n, contenci\u00f3n y asesoramiento en situaciones de violencia de g\u00e9nero<\/h3>\n<\/li>\n<li>Por llamada gratuita las 24 hs L\u00ednea 144<\/li>\n<li>Por WhatsApp +5491127716463<\/li>\n<li>Por mail a\u00a0<a href=\"mailto:linea144@mingeneros.gob.ar\">linea144@mingeneros.gob.ar<\/a><\/li>\n<li>Descargando la\u00a0<a href=\"https:\/\/www.argentina.gob.ar\/aplicaciones\/linea-144-atencion-mujeres-y-LGBTI\">app<\/a><\/li>\n<\/ul>\n<h2 class=\"\">La detenci\u00f3n de Napolitano<\/h2>\n<p>Napolitano fue<strong>\u00a0detenido el 26 de mayo a la madrugada y en su vivienda se realiz\u00f3 un allanamiento en el que se secuestr\u00f3 el rev\u00f3lver 38 cargado, del cual no tiene permiso de tenencia ni portaci\u00f3n.<\/strong><\/p>\n<p>Al ampliar su declaraci\u00f3n, Oleiro denunci\u00f3 a Napolitano por un episodio previo \u2013que termin\u00f3 siendo el Hecho 2 de la imputaci\u00f3n-, ocurrido el 21 de noviembre de 2020, en la casa de la madre del acusado, en la calle Juncal al 1300 de Tigre, donde le parti\u00f3 un cuadro por la cabeza y luego la amenaz\u00f3 de muerte coloc\u00e1ndole en la cabeza el rev\u00f3lver calibre .38 que le secuestraron en su domicilio.<\/p>\n<p>\u00ab\u00c9l empez\u00f3 a tirar todas mis cosas a la calle. Fue el mismo d\u00eda que me parti\u00f3 el cuadro en la cabeza, me tiraba todo a la calle y me cag\u00f3 a trompadas. Despu\u00e9s me apuntaba con el arma, con la 38, y me dec\u00eda que me iba a matar. Yo lo llam\u00e9 a mi hermano para contarle lo que pasaba y ellos me vinieron a buscar\u00bb, relat\u00f3 Mariel sobre aquel episodio, seg\u00fan consta en la causa.<\/p>\n<p>El fiscal destac\u00f3 los informes del Centro de Asistencia a la V\u00edctima, en los que se evalu\u00f3 a la situaci\u00f3n como de \u00abalt\u00edsimo riesgo\u00bb y se reporta que Oleiro \u00abse encontraba en una situaci\u00f3n de violencia de g\u00e9nero, bajo la modalidad de violencia de tipo psicol\u00f3gica en forma preponderante, con escalada abrupta a la violencia f\u00edsica\u00bb.<\/p>\n<blockquote class=\"\"><p>\u00ab\u00c9l empez\u00f3 a tirar todas mis cosas a la calle. Fue el mismo d\u00eda que me parti\u00f3 el cuadro en la cabeza, me tiraba todo a la calle y me cag\u00f3 a trompadas. Despu\u00e9s me apuntaba con el arma, con la 38, y me dec\u00eda que me iba a matar\u00bb<cite class=\"author\">Mariel Orielo<\/cite><\/p><\/blockquote>\n<p>Al ser indagado, Napolitano dio una versi\u00f3n totalmente opuesta a la de su entonces novia, ya que dijo que se trat\u00f3 de una discusi\u00f3n de pareja, que ella fue quien lo agredi\u00f3 a \u00e9l, que el arma de fuego que estaba en su casa la hered\u00f3 hace 15 a\u00f1os de su pap\u00e1 y que la mujer conoc\u00eda c\u00f3mo salir de la propiedad, algo que se desacredit\u00f3 en la causa con el testimonio de los polic\u00edas que auxiliaron a la v\u00edctima.<\/p>\n<p>El actual defensor del hijo de Pappo, el abogado Roberto Casorla Yalet, se opuso al requerimiento de la fiscal\u00eda, plante\u00f3 el sobreseimiento de su cliente y, subsidiariamente, que se baje la calificaci\u00f3n penal a la de \u00abprivaci\u00f3n de la libertad\u00bb.<\/p>\n<p>Todos sus planteos fueron rechazados por el juez de Garant\u00edas 5 de San Isidro, Diego Mart\u00ednez, quien adem\u00e1s aval\u00f3 el requerimiento fiscal y elev\u00f3 a juicio oral la causa.<\/p>\n<p>Sin embargo, Casorla Yalet apel\u00f3 esta resoluci\u00f3n y ahora se espera que la Sala III de la C\u00e1mara de San Isidro defina si el expediente est\u00e1 para que Napolitano vaya, o no, a juicio oral.<\/p>\n","protected":false},"excerpt":{"rendered":"<p>El m\u00fasico Luciano Emilio Juan Napolitano est\u00e1 acusado de haber golpeado, amenazado y dejado encerrada en su casa de la localidad bonaerense de Benav\u00eddez a su \u00faltima pareja.<\/p>\n","protected":false},"author":3,"featured_media":0,"comment_status":"closed","ping_status":"closed","sticky":false,"template":"","format":"standard","meta":{"footnotes":""},"categories":[57,29],"tags":[],"class_list":["post-72389","post","type-post","status-publish","format-standard","hentry","category-judiciales","category-policiales"],"yoast_head":"<!-- This site is optimized with the Yoast SEO plugin v25.9 - https:\/\/yoast.com\/wordpress\/plugins\/seo\/ -->\n<title>El hijo de Pappo, a un paso de ir a juicio oral por violencia de g\u00e9nero - Noticias Radio Reflejos<\/title>\n<meta name=\"robots\" content=\"index, follow, max-snippet:-1, max-image-preview:large, max-video-preview:-1\" \/>\n<link rel=\"canonical\" href=\"https:\/\/www.noticiasradioreflejos.com.ar\/2021\/el-hijo-de-pappo-a-un-paso-de-ir-a-juicio-oral-por-violencia-de-genero\/\" \/>\n<meta property=\"og:locale\" content=\"es_ES\" \/>\n<meta property=\"og:type\" content=\"article\" \/>\n<meta property=\"og:title\" content=\"El hijo de Pappo, a un paso de ir a juicio oral por violencia de g\u00e9nero - Noticias Radio Reflejos\" \/>\n<meta property=\"og:description\" content=\"El m\u00fasico Luciano Emilio Juan Napolitano est\u00e1 acusado de haber golpeado, amenazado y dejado encerrada en su casa de la localidad bonaerense de Benav\u00eddez a su \u00faltima pareja.\" \/>\n<meta property=\"og:url\" content=\"https:\/\/www.noticiasradioreflejos.com.ar\/2021\/el-hijo-de-pappo-a-un-paso-de-ir-a-juicio-oral-por-violencia-de-genero\/\" \/>\n<meta property=\"og:site_name\" content=\"Noticias Radio Reflejos\" \/>\n<meta property=\"article:published_time\" content=\"2022-05-22T09:52:38+00:00\" \/>\n<meta property=\"og:image\" content=\"https:\/\/www.telam.com.ar\/thumbs\/bluesteel\/advf\/imagenes\/2021\/06\/60dc7b812d898_900.jpg\" \/>\n<meta name=\"author\" content=\"Arnaldo Botto\" \/>\n<meta name=\"twitter:card\" content=\"summary_large_image\" \/>\n<script type=\"application\/ld+json\" class=\"yoast-schema-graph\">{\"@context\":\"https:\/\/schema.org\",\"@graph\":[{\"@type\":\"WebPage\",\"@id\":\"https:\/\/www.noticiasradioreflejos.com.ar\/2021\/el-hijo-de-pappo-a-un-paso-de-ir-a-juicio-oral-por-violencia-de-genero\/\",\"url\":\"https:\/\/www.noticiasradioreflejos.com.ar\/2021\/el-hijo-de-pappo-a-un-paso-de-ir-a-juicio-oral-por-violencia-de-genero\/\",\"name\":\"El hijo de Pappo, a un paso de ir a juicio oral por violencia de g\u00e9nero - Noticias Radio Reflejos\",\"isPartOf\":{\"@id\":\"https:\/\/www.noticiasradioreflejos.com.ar\/2021\/#website\"},\"primaryImageOfPage\":{\"@id\":\"https:\/\/www.noticiasradioreflejos.com.ar\/2021\/el-hijo-de-pappo-a-un-paso-de-ir-a-juicio-oral-por-violencia-de-genero\/#primaryimage\"},\"image\":{\"@id\":\"https:\/\/www.noticiasradioreflejos.com.ar\/2021\/el-hijo-de-pappo-a-un-paso-de-ir-a-juicio-oral-por-violencia-de-genero\/#primaryimage\"},\"thumbnailUrl\":\"https:\/\/www.telam.com.ar\/thumbs\/bluesteel\/advf\/imagenes\/2021\/06\/60dc7b812d898_900.jpg\",\"datePublished\":\"2022-05-22T09:52:38+00:00\",\"author\":{\"@id\":\"https:\/\/www.noticiasradioreflejos.com.ar\/2021\/#\/schema\/person\/ad82545263dcc5ec0996818884fd5fb1\"},\"breadcrumb\":{\"@id\":\"https:\/\/www.noticiasradioreflejos.com.ar\/2021\/el-hijo-de-pappo-a-un-paso-de-ir-a-juicio-oral-por-violencia-de-genero\/#breadcrumb\"},\"inLanguage\":\"es\",\"potentialAction\":[{\"@type\":\"ReadAction\",\"target\":[\"https:\/\/www.noticiasradioreflejos.com.ar\/2021\/el-hijo-de-pappo-a-un-paso-de-ir-a-juicio-oral-por-violencia-de-genero\/\"]}]},{\"@type\":\"ImageObject\",\"inLanguage\":\"es\",\"@id\":\"https:\/\/www.noticiasradioreflejos.com.ar\/2021\/el-hijo-de-pappo-a-un-paso-de-ir-a-juicio-oral-por-violencia-de-genero\/#primaryimage\",\"url\":\"https:\/\/www.telam.com.ar\/thumbs\/bluesteel\/advf\/imagenes\/2021\/06\/60dc7b812d898_900.jpg\",\"contentUrl\":\"https:\/\/www.telam.com.ar\/thumbs\/bluesteel\/advf\/imagenes\/2021\/06\/60dc7b812d898_900.jpg\"},{\"@type\":\"BreadcrumbList\",\"@id\":\"https:\/\/www.noticiasradioreflejos.com.ar\/2021\/el-hijo-de-pappo-a-un-paso-de-ir-a-juicio-oral-por-violencia-de-genero\/#breadcrumb\",\"itemListElement\":[{\"@type\":\"ListItem\",\"position\":1,\"name\":\"Portada\",\"item\":\"https:\/\/www.noticiasradioreflejos.com.ar\/2021\/\"},{\"@type\":\"ListItem\",\"position\":2,\"name\":\"El hijo de Pappo, a un paso de ir a juicio oral por violencia de g\u00e9nero\"}]},{\"@type\":\"WebSite\",\"@id\":\"https:\/\/www.noticiasradioreflejos.com.ar\/2021\/#website\",\"url\":\"https:\/\/www.noticiasradioreflejos.com.ar\/2021\/\",\"name\":\"Noticias Radio Reflejos\",\"description\":\"Las noticias de mi comarca\",\"potentialAction\":[{\"@type\":\"SearchAction\",\"target\":{\"@type\":\"EntryPoint\",\"urlTemplate\":\"https:\/\/www.noticiasradioreflejos.com.ar\/2021\/?s={search_term_string}\"},\"query-input\":{\"@type\":\"PropertyValueSpecification\",\"valueRequired\":true,\"valueName\":\"search_term_string\"}}],\"inLanguage\":\"es\"},{\"@type\":\"Person\",\"@id\":\"https:\/\/www.noticiasradioreflejos.com.ar\/2021\/#\/schema\/person\/ad82545263dcc5ec0996818884fd5fb1\",\"name\":\"Arnaldo Botto\",\"image\":{\"@type\":\"ImageObject\",\"inLanguage\":\"es\",\"@id\":\"https:\/\/www.noticiasradioreflejos.com.ar\/2021\/#\/schema\/person\/image\/\",\"url\":\"https:\/\/secure.gravatar.com\/avatar\/55cb5e37c1efa326397366e6974cb338056df65cb50e7d64d1cf314e87504837?s=96&d=mm&r=g\",\"contentUrl\":\"https:\/\/secure.gravatar.com\/avatar\/55cb5e37c1efa326397366e6974cb338056df65cb50e7d64d1cf314e87504837?s=96&d=mm&r=g\",\"caption\":\"Arnaldo Botto\"},\"url\":\"https:\/\/www.noticiasradioreflejos.com.ar\/2021\/author\/arnaldo\/\"}]}<\/script>\n<!-- \/ Yoast SEO plugin. -->","yoast_head_json":{"title":"El hijo de Pappo, a un paso de ir a juicio oral por violencia de g\u00e9nero - Noticias Radio Reflejos","robots":{"index":"index","follow":"follow","max-snippet":"max-snippet:-1","max-image-preview":"max-image-preview:large","max-video-preview":"max-video-preview:-1"},"canonical":"https:\/\/www.noticiasradioreflejos.com.ar\/2021\/el-hijo-de-pappo-a-un-paso-de-ir-a-juicio-oral-por-violencia-de-genero\/","og_locale":"es_ES","og_type":"article","og_title":"El hijo de Pappo, a un paso de ir a juicio oral por violencia de g\u00e9nero - Noticias Radio Reflejos","og_description":"El m\u00fasico Luciano Emilio Juan Napolitano est\u00e1 acusado de haber golpeado, amenazado y dejado encerrada en su casa de la localidad bonaerense de Benav\u00eddez a su \u00faltima pareja.","og_url":"https:\/\/www.noticiasradioreflejos.com.ar\/2021\/el-hijo-de-pappo-a-un-paso-de-ir-a-juicio-oral-por-violencia-de-genero\/","og_site_name":"Noticias Radio Reflejos","article_published_time":"2022-05-22T09:52:38+00:00","og_image":[{"url":"https:\/\/www.telam.com.ar\/thumbs\/bluesteel\/advf\/imagenes\/2021\/06\/60dc7b812d898_900.jpg","type":"","width":"","height":""}],"author":"Arnaldo Botto","twitter_card":"summary_large_image","schema":{"@context":"https:\/\/schema.org","@graph":[{"@type":"WebPage","@id":"https:\/\/www.noticiasradioreflejos.com.ar\/2021\/el-hijo-de-pappo-a-un-paso-de-ir-a-juicio-oral-por-violencia-de-genero\/","url":"https:\/\/www.noticiasradioreflejos.com.ar\/2021\/el-hijo-de-pappo-a-un-paso-de-ir-a-juicio-oral-por-violencia-de-genero\/","name":"El hijo de Pappo, a un paso de ir a juicio oral por violencia de g\u00e9nero - Noticias Radio Reflejos","isPartOf":{"@id":"https:\/\/www.noticiasradioreflejos.com.ar\/2021\/#website"},"primaryImageOfPage":{"@id":"https:\/\/www.noticiasradioreflejos.com.ar\/2021\/el-hijo-de-pappo-a-un-paso-de-ir-a-juicio-oral-por-violencia-de-genero\/#primaryimage"},"image":{"@id":"https:\/\/www.noticiasradioreflejos.com.ar\/2021\/el-hijo-de-pappo-a-un-paso-de-ir-a-juicio-oral-por-violencia-de-genero\/#primaryimage"},"thumbnailUrl":"https:\/\/www.telam.com.ar\/thumbs\/bluesteel\/advf\/imagenes\/2021\/06\/60dc7b812d898_900.jpg","datePublished":"2022-05-22T09:52:38+00:00","author":{"@id":"https:\/\/www.noticiasradioreflejos.com.ar\/2021\/#\/schema\/person\/ad82545263dcc5ec0996818884fd5fb1"},"breadcrumb":{"@id":"https:\/\/www.noticiasradioreflejos.com.ar\/2021\/el-hijo-de-pappo-a-un-paso-de-ir-a-juicio-oral-por-violencia-de-genero\/#breadcrumb"},"inLanguage":"es","potentialAction":[{"@type":"ReadAction","target":["https:\/\/www.noticiasradioreflejos.com.ar\/2021\/el-hijo-de-pappo-a-un-paso-de-ir-a-juicio-oral-por-violencia-de-genero\/"]}]},{"@type":"ImageObject","inLanguage":"es","@id":"https:\/\/www.noticiasradioreflejos.com.ar\/2021\/el-hijo-de-pappo-a-un-paso-de-ir-a-juicio-oral-por-violencia-de-genero\/#primaryimage","url":"https:\/\/www.telam.com.ar\/thumbs\/bluesteel\/advf\/imagenes\/2021\/06\/60dc7b812d898_900.jpg","contentUrl":"https:\/\/www.telam.com.ar\/thumbs\/bluesteel\/advf\/imagenes\/2021\/06\/60dc7b812d898_900.jpg"},{"@type":"BreadcrumbList","@id":"https:\/\/www.noticiasradioreflejos.com.ar\/2021\/el-hijo-de-pappo-a-un-paso-de-ir-a-juicio-oral-por-violencia-de-genero\/#breadcrumb","itemListElement":[{"@type":"ListItem","position":1,"name":"Portada","item":"https:\/\/www.noticiasradioreflejos.com.ar\/2021\/"},{"@type":"ListItem","position":2,"name":"El hijo de Pappo, a un paso de ir a juicio oral por violencia de g\u00e9nero"}]},{"@type":"WebSite","@id":"https:\/\/www.noticiasradioreflejos.com.ar\/2021\/#website","url":"https:\/\/www.noticiasradioreflejos.com.ar\/2021\/","name":"Noticias Radio Reflejos","description":"Las noticias de mi comarca","potentialAction":[{"@type":"SearchAction","target":{"@type":"EntryPoint","urlTemplate":"https:\/\/www.noticiasradioreflejos.com.ar\/2021\/?s={search_term_string}"},"query-input":{"@type":"PropertyValueSpecification","valueRequired":true,"valueName":"search_term_string"}}],"inLanguage":"es"},{"@type":"Person","@id":"https:\/\/www.noticiasradioreflejos.com.ar\/2021\/#\/schema\/person\/ad82545263dcc5ec0996818884fd5fb1","name":"Arnaldo Botto","image":{"@type":"ImageObject","inLanguage":"es","@id":"https:\/\/www.noticiasradioreflejos.com.ar\/2021\/#\/schema\/person\/image\/","url":"https:\/\/secure.gravatar.com\/avatar\/55cb5e37c1efa326397366e6974cb338056df65cb50e7d64d1cf314e87504837?s=96&d=mm&r=g","contentUrl":"https:\/\/secure.gravatar.com\/avatar\/55cb5e37c1efa326397366e6974cb338056df65cb50e7d64d1cf314e87504837?s=96&d=mm&r=g","caption":"Arnaldo Botto"},"url":"https:\/\/www.noticiasradioreflejos.com.ar\/2021\/author\/arnaldo\/"}]}},"_links":{"self":[{"href":"https:\/\/www.noticiasradioreflejos.com.ar\/2021\/wp-json\/wp\/v2\/posts\/72389","targetHints":{"allow":["GET"]}}],"collection":[{"href":"https:\/\/www.noticiasradioreflejos.com.ar\/2021\/wp-json\/wp\/v2\/posts"}],"about":[{"href":"https:\/\/www.noticiasradioreflejos.com.ar\/2021\/wp-json\/wp\/v2\/types\/post"}],"author":[{"embeddable":true,"href":"https:\/\/www.noticiasradioreflejos.com.ar\/2021\/wp-json\/wp\/v2\/users\/3"}],"replies":[{"embeddable":true,"href":"https:\/\/www.noticiasradioreflejos.com.ar\/2021\/wp-json\/wp\/v2\/comments?post=72389"}],"version-history":[{"count":1,"href":"https:\/\/www.noticiasradioreflejos.com.ar\/2021\/wp-json\/wp\/v2\/posts\/72389\/revisions"}],"predecessor-version":[{"id":72392,"href":"https:\/\/www.noticiasradioreflejos.com.ar\/2021\/wp-json\/wp\/v2\/posts\/72389\/revisions\/72392"}],"wp:attachment":[{"href":"https:\/\/www.noticiasradioreflejos.com.ar\/2021\/wp-json\/wp\/v2\/media?parent=72389"}],"wp:term":[{"taxonomy":"category","embeddable":true,"href":"https:\/\/www.noticiasradioreflejos.com.ar\/2021\/wp-json\/wp\/v2\/categories?post=72389"},{"taxonomy":"post_tag","embeddable":true,"href":"https:\/\/www.noticiasradioreflejos.com.ar\/2021\/wp-json\/wp\/v2\/tags?post=72389"}],"curies":[{"name":"wp","href":"https:\/\/api.w.org\/{rel}","templated":true}]}}