{"id":72383,"date":"2022-05-22T09:41:31","date_gmt":"2022-05-22T09:41:31","guid":{"rendered":"http:\/\/www.noticiasradioreflejos.com.ar\/2021\/?p=72383"},"modified":"2022-05-22T09:41:31","modified_gmt":"2022-05-22T09:41:31","slug":"la-composicion-de-la-camara-de-diputados-en-debate-tras-el-censo","status":"publish","type":"post","link":"https:\/\/www.noticiasradioreflejos.com.ar\/2021\/la-composicion-de-la-camara-de-diputados-en-debate-tras-el-censo\/","title":{"rendered":"La composici\u00f3n de la C\u00e1mara de Diputados, en debate tras el Censo"},"content":{"rendered":"<p>Acad\u00e9micos consultados por T\u00e9lam analizaron viejas demandas sobre la desactualizada composici\u00f3n del cuerpo y dejaron varias preguntas abiertas:\u00a0\u00bfActualizar la composici\u00f3n para hacerla m\u00e1s federal? \u00bfNacionalizar ese cuerpo legislativo? \u00bfReformar la Constituci\u00f3n o incluso elaborar una nueva?<!--more--><\/p>\n<div class=\"row\">\n<div class=\"col-md-12 speak\">\n<div class=\"paragraph\">\n<figure class=\"mb-3\"><img decoding=\"async\" src=\"https:\/\/www.telam.com.ar\/thumbs\/bluesteel\/advf\/imagenes\/2022\/05\/6276a6e58898d_900.jpg\" alt=\"Foto Anala Garelli\" width=\"100%\" height=\"100%\" \/><\/p>\n<div class=\"media-icons\"><\/div><figcaption>Foto: Anal\u00eda Garelli.<\/figcaption><\/figure>\n<p>\u00bfActualizar la composici\u00f3n de la C\u00e1mara de Diputados para hacerla m\u00e1s federal? \u00bfNacionalizar ese cuerpo legislativo? \u00bfReformar la Constituci\u00f3n o incluso elaborar una nueva? O quiz\u00e1 se trate simplemente de aumentar el n\u00famero de habitantes fijado en la ecuaci\u00f3n que permite establecer cu\u00e1ntos ser\u00e1n los legisladores nacionales por distrito.<\/p>\n<p>Esas fueron algunos de los\u00a0<strong>interrogantes esbozados por acad\u00e9micos y analistas pol\u00edticos consultados por T\u00e9lam, d\u00edas despu\u00e9s del censo nacional realizado esta semana, que reflot\u00f3 viejas demandas sobre la desactualizada composici\u00f3n del cuerpo<\/strong>.<\/p>\n<p>De acuerdo con la Constituci\u00f3n nacional, la representaci\u00f3n en la c\u00e1mara baja debe modificarse luego de cada censo, pero la \u00faltima adecuaci\u00f3n fue concretada por la dictadura militar, en\u00a0<strong>1983<\/strong>, poco antes de la recuperaci\u00f3n de la democracia.<\/p>\n<p>Casi\u00a0<strong>40 a\u00f1os despu\u00e9s, la C\u00e1mara de Diputados mantiene el mismo n\u00famero de representantes por distrito de entonces<\/strong>, pese a las distorsiones ya visibilizadas en el censo del 2010, cuando en base a 40.117.096 habitantes, la provincia de Buenos Aires debi\u00f3 haber sumado 30 diputados m\u00e1s y, por el contrario, la Ciudad de Buenos Aires, con 2,8 millones de personas, tendr\u00eda que haber retrocedido, en comparaci\u00f3n con Santa Fe y C\u00f3rdoba, que rondaban entonces los 3,2 millones de ciudadanos.<\/p>\n<blockquote class=\"\"><p>\u00abEs un\u00a0debate equiparable a la discusi\u00f3n por la coparticipaci\u00f3n; se trata de redistribuir poder y quien ahora est\u00e1 en desventaja, claramente, es la provincia de Buenos Aires\u00bb<cite class=\"author\">Sergio del Piero<\/cite><\/p><\/blockquote>\n<p>Ahora, con los datos provisorios del censo de esta semana, que contabiliz\u00f3 47.327.407 de habitantes, la distorsi\u00f3n se presume todav\u00eda m\u00e1s acentuada.<\/p>\n<p>\u00abEs un\u00a0<strong>debate equiparable a la discusi\u00f3n por la coparticipaci\u00f3n; se trata de redistribuir poder y quien ahora est\u00e1 en desventaja, claramente, es la provincia de Buenos Aires<\/strong>; abrir la agenda ser\u00eda hablar de ganadores y perdedores en cuanto a distribuci\u00f3n de poder; creo que es bastante dif\u00edcil que suceda porque implica una gran negociaci\u00f3n y un acuerdo de las 24 unidades territoriales\u00bb, analiz\u00f3 el licenciado en Ciencias Pol\u00edticas, escritor y docente, Sergio del Piero.<\/p>\n<figure class=\"mb-3\"><img decoding=\"async\" src=\"https:\/\/www.telam.com.ar\/thumbs\/bluesteel\/advf\/imagenes\/2022\/05\/62857a991f8b8_900.jpg\" alt=\"Foto Sebastin Granata\" width=\"100%\" height=\"100%\" \/><\/p>\n<div class=\"media-icons\"><\/div><figcaption>Foto: Sebasti\u00e1n Granata.<\/figcaption><\/figure>\n<p>El acad\u00e9mico e investigador Roberto Bugallo postul\u00f3 como soluci\u00f3n al problema \u00abmodificar\u00bb la ecuaci\u00f3n fijada por la dictadura militar (con la promulgaci\u00f3n de la ley 22.847 en 1983), que estableci\u00f3 un diputado cada 161.000 habitantes o fracci\u00f3n no menor de 80.500 y \u00abmantener\u00bb el m\u00ednimo de cinco legisladores en el caso de las provincias m\u00e1s despobladas.<\/p>\n<p>\u00abHay que pensar en alg\u00fan momento en hacer una Constituci\u00f3n nueva, acorde al siglo XXI, que ponga en claro los conflictos que tiene el pa\u00eds\u00bb, opin\u00f3 el docente de derecho constitucional y de derechos humanos en la UBA y en la Universidad Nacional de La Plata (UNLP) en di\u00e1logo con T\u00e9lam.<\/p>\n<p>Bugallo asegur\u00f3 que \u00abhay una crisis de representatividad\u00bb y explic\u00f3:<strong>\u00a0\u00abhace 60 a\u00f1os un diputado de un partido pol\u00edtico ten\u00eda una identidad determinada, ahora no es as\u00ed, hoy hay pocos vasos comunicantes entre un diputado de La Matanza y otro de La Rioja del mismo partido; de ah\u00ed que hay una crisis de representatividad\u00bb<\/strong>.<\/p>\n<blockquote class=\"\"><p>\u00abHay que pensar en alg\u00fan momento en hacer una Constituci\u00f3n nueva, acorde al siglo XXI, que ponga en claro los conflictos que tiene el pa\u00eds\u00bb<cite class=\"author\">Roberto Bugallo<\/cite><\/p><\/blockquote>\n<p><strong>\u00abHay que barajar y dar de nuevo, aunque se piensa que nunca es momento para una reforma; la Constituci\u00f3n tiene demasiados remiendos y perdi\u00f3 coherencia porque es un pacto pol\u00edtico de gobernabilidad con una sociedad determinada en un momento determinado; hoy tenemos una Constituci\u00f3n formal que no se cumple en infinidad de cosas\u00bb<\/strong>, plante\u00f3.<\/p>\n<p>Para la polit\u00f3loga y directora de la consultora Zurban &amp; C\u00f3rdoba, Paola Zurban, \u00abser\u00eda necesario hacer un balance de poder\u00bb en el Parlamento, aunque juzg\u00f3 que \u00abno est\u00e1n dadas las condiciones para alcanzar el tipo de consenso pol\u00edtico necesario\u00bb que habilitar\u00eda, por ejemplo, un aumento en el n\u00famero de diputados nacionales.<\/p>\n<p>\u00abCreo que el principal motivo para que esos consensos se traben es que la provincia de Buenos Aires obtendr\u00eda un tercio de la C\u00e1mara de Diputados y lo que est\u00e1 m\u00e1s en juego en este momento es el protagonismo que tienen las provincias en las pol\u00edticas p\u00fablicas que lleva adelante el Gobierno nacional\u00bb, argument\u00f3.<\/p>\n<p>Es que\u00a0<strong>si Buenos Aires sumara las bancas que le corresponden conforme al aumento de su poblaci\u00f3n desde 1983 tendr\u00eda un peso mayor al 30% de la C\u00e1mara<\/strong>.<\/p>\n<blockquote class=\"\"><p>\u00abCreo que el principal motivo para que esos consensos se traben es que la provincia de Buenos Aires obtendr\u00eda un tercio de la C\u00e1mara de Diputados y lo que est\u00e1 m\u00e1s en juego en este momento es el protagonismo que tienen las provincias en las pol\u00edticas p\u00fablicas que lleva adelante el Gobierno nacional\u00bb<cite class=\"author\">Paola Zurban<\/cite><\/p><\/blockquote>\n<p>En las ant\u00edpodas de esa propuesta, el docente e investigador de la UBA Julio Burdman expres\u00f3:\u00a0<strong>\u00abNo soy partidario de seguir analizando la composici\u00f3n de la C\u00e1mara de Diputados en t\u00e9rminos federales; creo que habr\u00eda que llevar a la Argentina a un sistema que nacionalice ese cuerpo, y no que lo federalice<\/strong>, porque en los \u00faltimos a\u00f1os se est\u00e1 pareciendo mucho al Senado, con diputados que responden al gobernador o al partido distrital\u00bb.<\/p>\n<p>Explic\u00f3 que la Constituci\u00f3n prev\u00e9 que Diputados sea \u00abla representaci\u00f3n del pueblo argentino como un todo\u00bb y, por esa raz\u00f3n, -se\u00f1al\u00f3- \u00abhay que reformar la representaci\u00f3n de la c\u00e1mara y convertirla al servicio de un proyecto de Argentina, como pa\u00eds, y no de las provincias como unidades pol\u00edticas que confrontan con el Estado nacional\u00bb.<\/p>\n<p>El constitucionalista Eduardo Barcesat se excus\u00f3 de opinar sobre \u00abderecho electoral\u00bb y s\u00f3lo apunt\u00f3 que \u00abes el Congreso\u00bb el que deber\u00eda modificar la representaci\u00f3n de las provincias tras el censo porque -dijo- es una de las \u00abformas factibles de la ley\u00bb.<\/p>\n<blockquote class=\"\"><p>\u00abHabr\u00eda que llevar a la Argentina a un sistema que nacionalice ese cuerpo, y no que lo federalice\u00bb<cite class=\"author\">Julio Burdman<\/cite><\/p><\/blockquote>\n<p>Por su parte, la acad\u00e9mica especializada en opini\u00f3n p\u00fablica Shila Vilker consider\u00f3 \u00abinviable\u00bb cualquier cambio que implique aumentar la composici\u00f3n del Congreso y evalu\u00f3 que, \u00aben este contexto de frustraci\u00f3n frente al desempe\u00f1o pol\u00edtico, impulsar proyectos de esta naturaleza s\u00f3lo perjudicar\u00e1 a las fuerzas mayoritarias\u00bb frente a la mirada de la ciudadan\u00eda.<\/p>\n<p>Con todo, la C\u00e1mara de Diputados est\u00e1 conformada con reglas y en base a datos poblacionales de la d\u00e9cada del 1980, cuando el pa\u00eds ten\u00eda 27.949.480 habitantes. En aquel momento se lleg\u00f3 a las 257 bancas actuales.<\/p>\n<\/div>\n<\/div>\n<\/div>\n","protected":false},"excerpt":{"rendered":"<p>Acad\u00e9micos consultados por T\u00e9lam analizaron viejas demandas sobre la desactualizada composici\u00f3n del cuerpo y dejaron varias preguntas abiertas:\u00a0\u00bfActualizar la composici\u00f3n para hacerla m\u00e1s federal? \u00bfNacionalizar ese cuerpo legislativo? \u00bfReformar la Constituci\u00f3n o incluso elaborar una nueva?<\/p>\n","protected":false},"author":3,"featured_media":0,"comment_status":"closed","ping_status":"closed","sticky":false,"template":"","format":"standard","meta":{"footnotes":""},"categories":[24],"tags":[],"class_list":["post-72383","post","type-post","status-publish","format-standard","hentry","category-politica"],"yoast_head":"<!-- This site is optimized with the Yoast SEO plugin v25.9 - https:\/\/yoast.com\/wordpress\/plugins\/seo\/ -->\n<title>La composici\u00f3n de la C\u00e1mara de Diputados, en debate tras el Censo - Noticias Radio Reflejos<\/title>\n<meta name=\"robots\" content=\"index, follow, max-snippet:-1, max-image-preview:large, max-video-preview:-1\" \/>\n<link rel=\"canonical\" href=\"https:\/\/www.noticiasradioreflejos.com.ar\/2021\/la-composicion-de-la-camara-de-diputados-en-debate-tras-el-censo\/\" \/>\n<meta property=\"og:locale\" content=\"es_ES\" \/>\n<meta property=\"og:type\" content=\"article\" \/>\n<meta property=\"og:title\" content=\"La composici\u00f3n de la C\u00e1mara de Diputados, en debate tras el Censo - Noticias Radio Reflejos\" \/>\n<meta property=\"og:description\" content=\"Acad\u00e9micos consultados por T\u00e9lam analizaron viejas demandas sobre la desactualizada composici\u00f3n del cuerpo y dejaron varias preguntas abiertas:\u00a0\u00bfActualizar la composici\u00f3n para hacerla m\u00e1s federal? \u00bfNacionalizar ese cuerpo legislativo? \u00bfReformar la Constituci\u00f3n o incluso elaborar una nueva?\" \/>\n<meta property=\"og:url\" content=\"https:\/\/www.noticiasradioreflejos.com.ar\/2021\/la-composicion-de-la-camara-de-diputados-en-debate-tras-el-censo\/\" \/>\n<meta property=\"og:site_name\" content=\"Noticias Radio Reflejos\" \/>\n<meta property=\"article:published_time\" content=\"2022-05-22T09:41:31+00:00\" \/>\n<meta property=\"og:image\" content=\"https:\/\/www.telam.com.ar\/thumbs\/bluesteel\/advf\/imagenes\/2022\/05\/6276a6e58898d_900.jpg\" \/>\n<meta name=\"author\" content=\"Arnaldo Botto\" \/>\n<meta name=\"twitter:card\" content=\"summary_large_image\" \/>\n<script type=\"application\/ld+json\" class=\"yoast-schema-graph\">{\"@context\":\"https:\/\/schema.org\",\"@graph\":[{\"@type\":\"WebPage\",\"@id\":\"https:\/\/www.noticiasradioreflejos.com.ar\/2021\/la-composicion-de-la-camara-de-diputados-en-debate-tras-el-censo\/\",\"url\":\"https:\/\/www.noticiasradioreflejos.com.ar\/2021\/la-composicion-de-la-camara-de-diputados-en-debate-tras-el-censo\/\",\"name\":\"La composici\u00f3n de la C\u00e1mara de Diputados, en debate tras el Censo - Noticias Radio Reflejos\",\"isPartOf\":{\"@id\":\"https:\/\/www.noticiasradioreflejos.com.ar\/2021\/#website\"},\"primaryImageOfPage\":{\"@id\":\"https:\/\/www.noticiasradioreflejos.com.ar\/2021\/la-composicion-de-la-camara-de-diputados-en-debate-tras-el-censo\/#primaryimage\"},\"image\":{\"@id\":\"https:\/\/www.noticiasradioreflejos.com.ar\/2021\/la-composicion-de-la-camara-de-diputados-en-debate-tras-el-censo\/#primaryimage\"},\"thumbnailUrl\":\"https:\/\/www.telam.com.ar\/thumbs\/bluesteel\/advf\/imagenes\/2022\/05\/6276a6e58898d_900.jpg\",\"datePublished\":\"2022-05-22T09:41:31+00:00\",\"author\":{\"@id\":\"https:\/\/www.noticiasradioreflejos.com.ar\/2021\/#\/schema\/person\/ad82545263dcc5ec0996818884fd5fb1\"},\"breadcrumb\":{\"@id\":\"https:\/\/www.noticiasradioreflejos.com.ar\/2021\/la-composicion-de-la-camara-de-diputados-en-debate-tras-el-censo\/#breadcrumb\"},\"inLanguage\":\"es\",\"potentialAction\":[{\"@type\":\"ReadAction\",\"target\":[\"https:\/\/www.noticiasradioreflejos.com.ar\/2021\/la-composicion-de-la-camara-de-diputados-en-debate-tras-el-censo\/\"]}]},{\"@type\":\"ImageObject\",\"inLanguage\":\"es\",\"@id\":\"https:\/\/www.noticiasradioreflejos.com.ar\/2021\/la-composicion-de-la-camara-de-diputados-en-debate-tras-el-censo\/#primaryimage\",\"url\":\"https:\/\/www.telam.com.ar\/thumbs\/bluesteel\/advf\/imagenes\/2022\/05\/6276a6e58898d_900.jpg\",\"contentUrl\":\"https:\/\/www.telam.com.ar\/thumbs\/bluesteel\/advf\/imagenes\/2022\/05\/6276a6e58898d_900.jpg\"},{\"@type\":\"BreadcrumbList\",\"@id\":\"https:\/\/www.noticiasradioreflejos.com.ar\/2021\/la-composicion-de-la-camara-de-diputados-en-debate-tras-el-censo\/#breadcrumb\",\"itemListElement\":[{\"@type\":\"ListItem\",\"position\":1,\"name\":\"Portada\",\"item\":\"https:\/\/www.noticiasradioreflejos.com.ar\/2021\/\"},{\"@type\":\"ListItem\",\"position\":2,\"name\":\"La composici\u00f3n de la C\u00e1mara de Diputados, en debate tras el Censo\"}]},{\"@type\":\"WebSite\",\"@id\":\"https:\/\/www.noticiasradioreflejos.com.ar\/2021\/#website\",\"url\":\"https:\/\/www.noticiasradioreflejos.com.ar\/2021\/\",\"name\":\"Noticias Radio Reflejos\",\"description\":\"Las noticias de mi comarca\",\"potentialAction\":[{\"@type\":\"SearchAction\",\"target\":{\"@type\":\"EntryPoint\",\"urlTemplate\":\"https:\/\/www.noticiasradioreflejos.com.ar\/2021\/?s={search_term_string}\"},\"query-input\":{\"@type\":\"PropertyValueSpecification\",\"valueRequired\":true,\"valueName\":\"search_term_string\"}}],\"inLanguage\":\"es\"},{\"@type\":\"Person\",\"@id\":\"https:\/\/www.noticiasradioreflejos.com.ar\/2021\/#\/schema\/person\/ad82545263dcc5ec0996818884fd5fb1\",\"name\":\"Arnaldo Botto\",\"image\":{\"@type\":\"ImageObject\",\"inLanguage\":\"es\",\"@id\":\"https:\/\/www.noticiasradioreflejos.com.ar\/2021\/#\/schema\/person\/image\/\",\"url\":\"https:\/\/secure.gravatar.com\/avatar\/55cb5e37c1efa326397366e6974cb338056df65cb50e7d64d1cf314e87504837?s=96&d=mm&r=g\",\"contentUrl\":\"https:\/\/secure.gravatar.com\/avatar\/55cb5e37c1efa326397366e6974cb338056df65cb50e7d64d1cf314e87504837?s=96&d=mm&r=g\",\"caption\":\"Arnaldo Botto\"},\"url\":\"https:\/\/www.noticiasradioreflejos.com.ar\/2021\/author\/arnaldo\/\"}]}<\/script>\n<!-- \/ Yoast SEO plugin. -->","yoast_head_json":{"title":"La composici\u00f3n de la C\u00e1mara de Diputados, en debate tras el Censo - Noticias Radio Reflejos","robots":{"index":"index","follow":"follow","max-snippet":"max-snippet:-1","max-image-preview":"max-image-preview:large","max-video-preview":"max-video-preview:-1"},"canonical":"https:\/\/www.noticiasradioreflejos.com.ar\/2021\/la-composicion-de-la-camara-de-diputados-en-debate-tras-el-censo\/","og_locale":"es_ES","og_type":"article","og_title":"La composici\u00f3n de la C\u00e1mara de Diputados, en debate tras el Censo - Noticias Radio Reflejos","og_description":"Acad\u00e9micos consultados por T\u00e9lam analizaron viejas demandas sobre la desactualizada composici\u00f3n del cuerpo y dejaron varias preguntas abiertas:\u00a0\u00bfActualizar la composici\u00f3n para hacerla m\u00e1s federal? \u00bfNacionalizar ese cuerpo legislativo? \u00bfReformar la Constituci\u00f3n o incluso elaborar una nueva?","og_url":"https:\/\/www.noticiasradioreflejos.com.ar\/2021\/la-composicion-de-la-camara-de-diputados-en-debate-tras-el-censo\/","og_site_name":"Noticias Radio Reflejos","article_published_time":"2022-05-22T09:41:31+00:00","og_image":[{"url":"https:\/\/www.telam.com.ar\/thumbs\/bluesteel\/advf\/imagenes\/2022\/05\/6276a6e58898d_900.jpg","type":"","width":"","height":""}],"author":"Arnaldo Botto","twitter_card":"summary_large_image","schema":{"@context":"https:\/\/schema.org","@graph":[{"@type":"WebPage","@id":"https:\/\/www.noticiasradioreflejos.com.ar\/2021\/la-composicion-de-la-camara-de-diputados-en-debate-tras-el-censo\/","url":"https:\/\/www.noticiasradioreflejos.com.ar\/2021\/la-composicion-de-la-camara-de-diputados-en-debate-tras-el-censo\/","name":"La composici\u00f3n de la C\u00e1mara de Diputados, en debate tras el Censo - Noticias Radio Reflejos","isPartOf":{"@id":"https:\/\/www.noticiasradioreflejos.com.ar\/2021\/#website"},"primaryImageOfPage":{"@id":"https:\/\/www.noticiasradioreflejos.com.ar\/2021\/la-composicion-de-la-camara-de-diputados-en-debate-tras-el-censo\/#primaryimage"},"image":{"@id":"https:\/\/www.noticiasradioreflejos.com.ar\/2021\/la-composicion-de-la-camara-de-diputados-en-debate-tras-el-censo\/#primaryimage"},"thumbnailUrl":"https:\/\/www.telam.com.ar\/thumbs\/bluesteel\/advf\/imagenes\/2022\/05\/6276a6e58898d_900.jpg","datePublished":"2022-05-22T09:41:31+00:00","author":{"@id":"https:\/\/www.noticiasradioreflejos.com.ar\/2021\/#\/schema\/person\/ad82545263dcc5ec0996818884fd5fb1"},"breadcrumb":{"@id":"https:\/\/www.noticiasradioreflejos.com.ar\/2021\/la-composicion-de-la-camara-de-diputados-en-debate-tras-el-censo\/#breadcrumb"},"inLanguage":"es","potentialAction":[{"@type":"ReadAction","target":["https:\/\/www.noticiasradioreflejos.com.ar\/2021\/la-composicion-de-la-camara-de-diputados-en-debate-tras-el-censo\/"]}]},{"@type":"ImageObject","inLanguage":"es","@id":"https:\/\/www.noticiasradioreflejos.com.ar\/2021\/la-composicion-de-la-camara-de-diputados-en-debate-tras-el-censo\/#primaryimage","url":"https:\/\/www.telam.com.ar\/thumbs\/bluesteel\/advf\/imagenes\/2022\/05\/6276a6e58898d_900.jpg","contentUrl":"https:\/\/www.telam.com.ar\/thumbs\/bluesteel\/advf\/imagenes\/2022\/05\/6276a6e58898d_900.jpg"},{"@type":"BreadcrumbList","@id":"https:\/\/www.noticiasradioreflejos.com.ar\/2021\/la-composicion-de-la-camara-de-diputados-en-debate-tras-el-censo\/#breadcrumb","itemListElement":[{"@type":"ListItem","position":1,"name":"Portada","item":"https:\/\/www.noticiasradioreflejos.com.ar\/2021\/"},{"@type":"ListItem","position":2,"name":"La composici\u00f3n de la C\u00e1mara de Diputados, en debate tras el Censo"}]},{"@type":"WebSite","@id":"https:\/\/www.noticiasradioreflejos.com.ar\/2021\/#website","url":"https:\/\/www.noticiasradioreflejos.com.ar\/2021\/","name":"Noticias Radio Reflejos","description":"Las noticias de mi comarca","potentialAction":[{"@type":"SearchAction","target":{"@type":"EntryPoint","urlTemplate":"https:\/\/www.noticiasradioreflejos.com.ar\/2021\/?s={search_term_string}"},"query-input":{"@type":"PropertyValueSpecification","valueRequired":true,"valueName":"search_term_string"}}],"inLanguage":"es"},{"@type":"Person","@id":"https:\/\/www.noticiasradioreflejos.com.ar\/2021\/#\/schema\/person\/ad82545263dcc5ec0996818884fd5fb1","name":"Arnaldo Botto","image":{"@type":"ImageObject","inLanguage":"es","@id":"https:\/\/www.noticiasradioreflejos.com.ar\/2021\/#\/schema\/person\/image\/","url":"https:\/\/secure.gravatar.com\/avatar\/55cb5e37c1efa326397366e6974cb338056df65cb50e7d64d1cf314e87504837?s=96&d=mm&r=g","contentUrl":"https:\/\/secure.gravatar.com\/avatar\/55cb5e37c1efa326397366e6974cb338056df65cb50e7d64d1cf314e87504837?s=96&d=mm&r=g","caption":"Arnaldo Botto"},"url":"https:\/\/www.noticiasradioreflejos.com.ar\/2021\/author\/arnaldo\/"}]}},"_links":{"self":[{"href":"https:\/\/www.noticiasradioreflejos.com.ar\/2021\/wp-json\/wp\/v2\/posts\/72383","targetHints":{"allow":["GET"]}}],"collection":[{"href":"https:\/\/www.noticiasradioreflejos.com.ar\/2021\/wp-json\/wp\/v2\/posts"}],"about":[{"href":"https:\/\/www.noticiasradioreflejos.com.ar\/2021\/wp-json\/wp\/v2\/types\/post"}],"author":[{"embeddable":true,"href":"https:\/\/www.noticiasradioreflejos.com.ar\/2021\/wp-json\/wp\/v2\/users\/3"}],"replies":[{"embeddable":true,"href":"https:\/\/www.noticiasradioreflejos.com.ar\/2021\/wp-json\/wp\/v2\/comments?post=72383"}],"version-history":[{"count":1,"href":"https:\/\/www.noticiasradioreflejos.com.ar\/2021\/wp-json\/wp\/v2\/posts\/72383\/revisions"}],"predecessor-version":[{"id":72384,"href":"https:\/\/www.noticiasradioreflejos.com.ar\/2021\/wp-json\/wp\/v2\/posts\/72383\/revisions\/72384"}],"wp:attachment":[{"href":"https:\/\/www.noticiasradioreflejos.com.ar\/2021\/wp-json\/wp\/v2\/media?parent=72383"}],"wp:term":[{"taxonomy":"category","embeddable":true,"href":"https:\/\/www.noticiasradioreflejos.com.ar\/2021\/wp-json\/wp\/v2\/categories?post=72383"},{"taxonomy":"post_tag","embeddable":true,"href":"https:\/\/www.noticiasradioreflejos.com.ar\/2021\/wp-json\/wp\/v2\/tags?post=72383"}],"curies":[{"name":"wp","href":"https:\/\/api.w.org\/{rel}","templated":true}]}}