{"id":72380,"date":"2022-05-22T09:38:43","date_gmt":"2022-05-22T09:38:43","guid":{"rendered":"http:\/\/www.noticiasradioreflejos.com.ar\/2021\/?p=72380"},"modified":"2022-05-22T09:38:43","modified_gmt":"2022-05-22T09:38:43","slug":"emocion-y-llanto-de-angel-di-maria-al-despedirse-del-psg-con-una-gran-ovacion","status":"publish","type":"post","link":"https:\/\/www.noticiasradioreflejos.com.ar\/2021\/emocion-y-llanto-de-angel-di-maria-al-despedirse-del-psg-con-una-gran-ovacion\/","title":{"rendered":"Emoci\u00f3n y llanto de \u00c1ngel Di Mar\u00eda al despedirse del PSG con una gran ovaci\u00f3n"},"content":{"rendered":"<p>El rosarino jug\u00f3 su \u00faltimo partido en el equipo parisino junto a sus compa\u00f1eros Lionel Messi, Neymar Jr y Kylian Mbapp\u00e9, en el Parque de Los Pr\u00edncipes. Los franceses campeones del torneo local se despidieron ante su p\u00fablico con una goleada.<!--more--><\/p>\n<figure class=\"mb-3\"><img decoding=\"async\" src=\"https:\/\/www.telam.com.ar\/thumbs\/bluesteel\/advf\/imagenes\/2022\/05\/6289575fcd593_900.jpg\" alt=\"Foto AFP\" width=\"100%\" height=\"100%\" \/><\/p>\n<div class=\"media-icons\"><\/div><figcaption>Foto: AFP.<\/figcaption><\/figure>\n<p>El extremo izquierdo argentino \u00c1ngel Di Mar\u00eda\u00a0<strong>cerr\u00f3 este s\u00e1bado un brillante ciclo de siete a\u00f1os en el PSG<\/strong>\u00a0con gran emoci\u00f3n, que lo quebr\u00f3 en llanto, y una actuaci\u00f3n descomunal, con gol incluido, en el amplio \u00e9xito del campe\u00f3n franc\u00e9s ante el Metz por 5 a 0 en el marco de la 38va y \u00faltima fecha de la Ligue 1.<\/p>\n<p><strong>El futuro de Di Mar\u00eda estar\u00eda en la Juventus<\/strong>, de Italia, una liga en la que nunca compiti\u00f3.<\/p>\n<p>\u00abPoder disfrutar de todo esto es algo muy lindo para m\u00ed. Despu\u00e9s de siete a\u00f1os maravillosos, irme de esta manera es inolvidable\u00bb, declar\u00f3 Di Mar\u00eda al final del partido, mientras recib\u00eda una segunda ovaci\u00f3n, tan profunda como la primera que le tribut\u00f3 la parcialidad local al ser reemplazado por Ander Herrera (28m ST).<\/p>\n<p>Al momento del cambio se salud\u00f3 con cada uno de sus compa\u00f1eros, embargado por la emoci\u00f3n; se tom\u00f3 la camiseta para ense\u00f1arles a todos los fan\u00e1ticos el escudo del club y se toc\u00f3 el coraz\u00f3n.<\/p>\n<p><iframe id=\"instagram-embed-0\" class=\"instagram-media instagram-media-rendered\" src=\"https:\/\/www.instagram.com\/p\/Cd1qw2TowZ9\/embed\/captioned\/?cr=1&amp;v=14&amp;wp=540&amp;rd=https%3A%2F%2Fwww.telam.com.ar&amp;rp=%2Fnotas%2F202205%2F593177-francia-psg-di-maria-despedida.html#%7B%22ci%22%3A0%2C%22os%22%3A2316.2999999970198%2C%22ls%22%3A449.70000000298023%2C%22le%22%3A2312.7999999970198%7D\" height=\"1141\" frameborder=\"0\" scrolling=\"no\" allowfullscreen=\"allowfullscreen\" data-instgrm-payload-id=\"instagram-media-payload-0\" data-mce-fragment=\"1\"><\/iframe><br \/>\n\u00abEs normal llorar, son muchos a\u00f1os ac\u00e1, son momentos muy importantes en mi vida,<strong>\u00a0es la mitad de mi carrera en esta ciudad e irme as\u00ed es lo mejor que me pod\u00eda haber pasado<\/strong>\u00ab, agreg\u00f3 el rosarino visiblemente emocionado.<\/p>\n<p>Todo lo que el &#8216;Fideo&#8217; le brind\u00f3 al Paris Saint Germain y todo lo que recibi\u00f3 del club lo rubric\u00f3 en\u00a0<strong>una \u00faltima presentaci\u00f3n destacad\u00edsima<\/strong>, por su juego, por la asistencia a Mbapp\u00e9 (autor de un triplete) para marcar la apertura y le puso su propia firma al cierre de la goleada al definir luego de capturar un rebote tras un tiro en el poste de su compatriota Lionel Messi (22m. ST) -el gol restante fue obra de Neymar-.<\/p>\n<p>Ese fue el momento en que se le escaparon sus primeras l\u00e1grimas, las que abundaron al final del encuentro, mientras que por las pantallas del Parque de los Pr\u00edncipes\u00a0<strong>se proyectaba un video con sus mejores goles en el equipo<\/strong>, que actualmente dirige su connacional Mauricio Pochettino.<\/p>\n<p>Precisamente, el entrenador expuso en la previa del cotejo: \u00abMe parece un grand\u00edsimo jugador, excepcional, con una trayectoria incre\u00edble. En siete a\u00f1os ha hecho grand\u00edsimas cosas y es uno de los mejores de la historia con esta camiseta\u00bb.<\/p>\n<p>A su esposa, Jorgelina Cardozo, ubicada en uno de los palcos, se la observ\u00f3 tan conmocionada como el astro y al igual que sus hijas, que posaron con \u00e9l en la previa al inicio del partido.<\/p>\n<figure class=\"mb-3\"><img decoding=\"async\" src=\"https:\/\/www.telam.com.ar\/thumbs\/bluesteel\/advf\/imagenes\/2022\/05\/6289575fad6a8_900.jpg\" alt=\"Foto AFP\" width=\"100%\" height=\"100%\" \/><\/p>\n<div class=\"media-icons\"><\/div><figcaption>Foto: AFP.<\/figcaption><\/figure>\n<figure class=\"mb-3\"><img decoding=\"async\" src=\"https:\/\/www.telam.com.ar\/thumbs\/bluesteel\/advf\/imagenes\/2022\/05\/6289577839f02_900.jpg\" alt=\"Foto AFP\" width=\"100%\" height=\"100%\" \/><\/p>\n<div class=\"media-icons\"><\/div><figcaption>Foto: AFP.<\/figcaption><\/figure>\n<p>Di Mar\u00eda se incorpor\u00f3 al club en 2015, tras su paso por el Manchester United, y desde entonces jug\u00f3 295 partidos, con la conversi\u00f3n de 92 goles y brind\u00f3 112 asistencias, las que lo convirtieron en el mejor asistente de la historia de la entidad, por encima de Safet Susic.<\/p>\n<p>En cuanto a t\u00edtulos con el PSG, el autor del gol para que el seleccionado argentino ganara la \u00faltima Copa Am\u00e9rica frente a Brasil, alcanz\u00f3 los 18: gan\u00f3 cinco campeonatos de la Ligue 1 de Francia (2016, 2018, 2019, 2020, 2022); cinco Copas de Francia (2016, 2017, 2018, 2020, 2021); cuatro Copas de la liga (2016, 2017, 2018, 2020) y cuatro trofeos de Campeones (2016, 2018, 2019, 2020).<\/p>\n<blockquote class=\"twitter-tweet\" data-width=\"500\" data-dnt=\"true\">\n<p lang=\"en\" dir=\"ltr\">\ud83d\ude4c\u2764\ufe0f\ud83d\udc99<a href=\"https:\/\/twitter.com\/PSG_English?ref_src=twsrc%5Etfw\">@PSG_English<\/a> would like to salute \ud835\udc00\ud835\udc27\ud835\udc20\ud835\udc1e\ud835\udc25 \ud835\udc03\ud835\udc22 \ud835\udc0c\ud835\udc1a\ud835\udc2b\ud835\udc22\ud835\udc1a and his 7 seasons spent in the Red and Blue jersey. The Argentinian won 18 titles and became the best passer in the history of the club. <\/p>\n<p>\ud83d\udd17 <a href=\"https:\/\/t.co\/WQIKrPGIFI\">https:\/\/t.co\/WQIKrPGIFI<\/a> <a href=\"https:\/\/t.co\/JIeSWKo6s9\">pic.twitter.com\/JIeSWKo6s9<\/a><\/p>\n<p>&mdash; Paris Saint-Germain (@PSG_English) <a href=\"https:\/\/twitter.com\/PSG_English\/status\/1527762668429492224?ref_src=twsrc%5Etfw\">May 20, 2022<\/a><\/p><\/blockquote>\n<p><script async src=\"https:\/\/platform.twitter.com\/widgets.js\" charset=\"utf-8\"><\/script><\/p>\n<h2 class=\"\">La liga francesa<\/h2>\n<p>Los otros resultados de la fecha 38 y \u00faltima fueron los siguientes: Angers 2 &#8211; Montpellier 0; Brest 2 &#8211; Bordeaux 4; Clermont 1 &#8211; Lyon 2; Lens 2 &#8211; M\u00f3naco 2; Lille 2 &#8211; Rennes 2; Lorient 1 &#8211; Troyes 1; Marsella 4 &#8211; RC Strasbourg 0; Nantes 1 &#8211; Saint Etienne 1: y Reims 2 &#8211; Niza 3.<\/p>\n<p>Posiciones finales: PSG 86, Marsella 71, Monaco 69, Rennes y Niza 66, Strasbourg 63, Lyon y Lens 62, Nantes y Lille 55, Brest 48, Reims 46, Montpellier 43, Angers 41, Troyes 38, Lorient y Clermont 36, Saint Etienne 32, Metz y Bordeaux 31.<\/p>\n<p>PSG, Marsella y Monaco clasificaron para la Champions League.<\/p>\n<p>Rennes clasific\u00f3 a la Europa League.<\/p>\n<p>Niza clasific\u00f3 a la Liga de Conferencia.<\/p>\n<p>Metz y Bordeaux descendieron a la Ligue 2.<\/p>\n<p>Saint Etienne jugar\u00e1 la promoci\u00f3n con Auxerre.<\/p>\n<p><iframe loading=\"lazy\" class=\"\" src=\"https:\/\/estdeportes.telam.com.ar\/html\/v3\/model.html?channel=deportes.futbol.francia.596211&amp;lang=es_LA&amp;model=gamecast_v6&amp;hidePagesMenu=true\" width=\"100%\" height=\"1150\" scrolling=\"auto\" data-mce-fragment=\"1\"><\/iframe><\/p>\n","protected":false},"excerpt":{"rendered":"<p>El rosarino jug\u00f3 su \u00faltimo partido en el equipo parisino junto a sus compa\u00f1eros Lionel Messi, Neymar Jr y Kylian Mbapp\u00e9, en el Parque de Los Pr\u00edncipes. Los franceses campeones del torneo local se despidieron ante su p\u00fablico con una goleada.<\/p>\n","protected":false},"author":3,"featured_media":0,"comment_status":"closed","ping_status":"closed","sticky":false,"template":"","format":"standard","meta":{"footnotes":""},"categories":[27],"tags":[],"class_list":["post-72380","post","type-post","status-publish","format-standard","hentry","category-deportes"],"yoast_head":"<!-- This site is optimized with the Yoast SEO plugin v25.9 - https:\/\/yoast.com\/wordpress\/plugins\/seo\/ -->\n<title>Emoci\u00f3n y llanto de \u00c1ngel Di Mar\u00eda al despedirse del PSG con una gran ovaci\u00f3n - Noticias Radio Reflejos<\/title>\n<meta name=\"robots\" content=\"index, follow, max-snippet:-1, max-image-preview:large, max-video-preview:-1\" \/>\n<link rel=\"canonical\" href=\"https:\/\/www.noticiasradioreflejos.com.ar\/2021\/emocion-y-llanto-de-angel-di-maria-al-despedirse-del-psg-con-una-gran-ovacion\/\" \/>\n<meta property=\"og:locale\" content=\"es_ES\" \/>\n<meta property=\"og:type\" content=\"article\" \/>\n<meta property=\"og:title\" content=\"Emoci\u00f3n y llanto de \u00c1ngel Di Mar\u00eda al despedirse del PSG con una gran ovaci\u00f3n - Noticias Radio Reflejos\" \/>\n<meta property=\"og:description\" content=\"El rosarino jug\u00f3 su \u00faltimo partido en el equipo parisino junto a sus compa\u00f1eros Lionel Messi, Neymar Jr y Kylian Mbapp\u00e9, en el Parque de Los Pr\u00edncipes. Los franceses campeones del torneo local se despidieron ante su p\u00fablico con una goleada.\" \/>\n<meta property=\"og:url\" content=\"https:\/\/www.noticiasradioreflejos.com.ar\/2021\/emocion-y-llanto-de-angel-di-maria-al-despedirse-del-psg-con-una-gran-ovacion\/\" \/>\n<meta property=\"og:site_name\" content=\"Noticias Radio Reflejos\" \/>\n<meta property=\"article:published_time\" content=\"2022-05-22T09:38:43+00:00\" \/>\n<meta property=\"og:image\" content=\"https:\/\/www.telam.com.ar\/thumbs\/bluesteel\/advf\/imagenes\/2022\/05\/6289575fcd593_900.jpg\" \/>\n<meta name=\"author\" content=\"Arnaldo Botto\" \/>\n<meta name=\"twitter:card\" content=\"summary_large_image\" \/>\n<script type=\"application\/ld+json\" class=\"yoast-schema-graph\">{\"@context\":\"https:\/\/schema.org\",\"@graph\":[{\"@type\":\"WebPage\",\"@id\":\"https:\/\/www.noticiasradioreflejos.com.ar\/2021\/emocion-y-llanto-de-angel-di-maria-al-despedirse-del-psg-con-una-gran-ovacion\/\",\"url\":\"https:\/\/www.noticiasradioreflejos.com.ar\/2021\/emocion-y-llanto-de-angel-di-maria-al-despedirse-del-psg-con-una-gran-ovacion\/\",\"name\":\"Emoci\u00f3n y llanto de \u00c1ngel Di Mar\u00eda al despedirse del PSG con una gran ovaci\u00f3n - Noticias Radio Reflejos\",\"isPartOf\":{\"@id\":\"https:\/\/www.noticiasradioreflejos.com.ar\/2021\/#website\"},\"primaryImageOfPage\":{\"@id\":\"https:\/\/www.noticiasradioreflejos.com.ar\/2021\/emocion-y-llanto-de-angel-di-maria-al-despedirse-del-psg-con-una-gran-ovacion\/#primaryimage\"},\"image\":{\"@id\":\"https:\/\/www.noticiasradioreflejos.com.ar\/2021\/emocion-y-llanto-de-angel-di-maria-al-despedirse-del-psg-con-una-gran-ovacion\/#primaryimage\"},\"thumbnailUrl\":\"https:\/\/www.telam.com.ar\/thumbs\/bluesteel\/advf\/imagenes\/2022\/05\/6289575fcd593_900.jpg\",\"datePublished\":\"2022-05-22T09:38:43+00:00\",\"author\":{\"@id\":\"https:\/\/www.noticiasradioreflejos.com.ar\/2021\/#\/schema\/person\/ad82545263dcc5ec0996818884fd5fb1\"},\"breadcrumb\":{\"@id\":\"https:\/\/www.noticiasradioreflejos.com.ar\/2021\/emocion-y-llanto-de-angel-di-maria-al-despedirse-del-psg-con-una-gran-ovacion\/#breadcrumb\"},\"inLanguage\":\"es\",\"potentialAction\":[{\"@type\":\"ReadAction\",\"target\":[\"https:\/\/www.noticiasradioreflejos.com.ar\/2021\/emocion-y-llanto-de-angel-di-maria-al-despedirse-del-psg-con-una-gran-ovacion\/\"]}]},{\"@type\":\"ImageObject\",\"inLanguage\":\"es\",\"@id\":\"https:\/\/www.noticiasradioreflejos.com.ar\/2021\/emocion-y-llanto-de-angel-di-maria-al-despedirse-del-psg-con-una-gran-ovacion\/#primaryimage\",\"url\":\"https:\/\/www.telam.com.ar\/thumbs\/bluesteel\/advf\/imagenes\/2022\/05\/6289575fcd593_900.jpg\",\"contentUrl\":\"https:\/\/www.telam.com.ar\/thumbs\/bluesteel\/advf\/imagenes\/2022\/05\/6289575fcd593_900.jpg\"},{\"@type\":\"BreadcrumbList\",\"@id\":\"https:\/\/www.noticiasradioreflejos.com.ar\/2021\/emocion-y-llanto-de-angel-di-maria-al-despedirse-del-psg-con-una-gran-ovacion\/#breadcrumb\",\"itemListElement\":[{\"@type\":\"ListItem\",\"position\":1,\"name\":\"Portada\",\"item\":\"https:\/\/www.noticiasradioreflejos.com.ar\/2021\/\"},{\"@type\":\"ListItem\",\"position\":2,\"name\":\"Emoci\u00f3n y llanto de \u00c1ngel Di Mar\u00eda al despedirse del PSG con una gran ovaci\u00f3n\"}]},{\"@type\":\"WebSite\",\"@id\":\"https:\/\/www.noticiasradioreflejos.com.ar\/2021\/#website\",\"url\":\"https:\/\/www.noticiasradioreflejos.com.ar\/2021\/\",\"name\":\"Noticias Radio Reflejos\",\"description\":\"Las noticias de mi comarca\",\"potentialAction\":[{\"@type\":\"SearchAction\",\"target\":{\"@type\":\"EntryPoint\",\"urlTemplate\":\"https:\/\/www.noticiasradioreflejos.com.ar\/2021\/?s={search_term_string}\"},\"query-input\":{\"@type\":\"PropertyValueSpecification\",\"valueRequired\":true,\"valueName\":\"search_term_string\"}}],\"inLanguage\":\"es\"},{\"@type\":\"Person\",\"@id\":\"https:\/\/www.noticiasradioreflejos.com.ar\/2021\/#\/schema\/person\/ad82545263dcc5ec0996818884fd5fb1\",\"name\":\"Arnaldo Botto\",\"image\":{\"@type\":\"ImageObject\",\"inLanguage\":\"es\",\"@id\":\"https:\/\/www.noticiasradioreflejos.com.ar\/2021\/#\/schema\/person\/image\/\",\"url\":\"https:\/\/secure.gravatar.com\/avatar\/55cb5e37c1efa326397366e6974cb338056df65cb50e7d64d1cf314e87504837?s=96&d=mm&r=g\",\"contentUrl\":\"https:\/\/secure.gravatar.com\/avatar\/55cb5e37c1efa326397366e6974cb338056df65cb50e7d64d1cf314e87504837?s=96&d=mm&r=g\",\"caption\":\"Arnaldo Botto\"},\"url\":\"https:\/\/www.noticiasradioreflejos.com.ar\/2021\/author\/arnaldo\/\"}]}<\/script>\n<!-- \/ Yoast SEO plugin. -->","yoast_head_json":{"title":"Emoci\u00f3n y llanto de \u00c1ngel Di Mar\u00eda al despedirse del PSG con una gran ovaci\u00f3n - Noticias Radio Reflejos","robots":{"index":"index","follow":"follow","max-snippet":"max-snippet:-1","max-image-preview":"max-image-preview:large","max-video-preview":"max-video-preview:-1"},"canonical":"https:\/\/www.noticiasradioreflejos.com.ar\/2021\/emocion-y-llanto-de-angel-di-maria-al-despedirse-del-psg-con-una-gran-ovacion\/","og_locale":"es_ES","og_type":"article","og_title":"Emoci\u00f3n y llanto de \u00c1ngel Di Mar\u00eda al despedirse del PSG con una gran ovaci\u00f3n - Noticias Radio Reflejos","og_description":"El rosarino jug\u00f3 su \u00faltimo partido en el equipo parisino junto a sus compa\u00f1eros Lionel Messi, Neymar Jr y Kylian Mbapp\u00e9, en el Parque de Los Pr\u00edncipes. Los franceses campeones del torneo local se despidieron ante su p\u00fablico con una goleada.","og_url":"https:\/\/www.noticiasradioreflejos.com.ar\/2021\/emocion-y-llanto-de-angel-di-maria-al-despedirse-del-psg-con-una-gran-ovacion\/","og_site_name":"Noticias Radio Reflejos","article_published_time":"2022-05-22T09:38:43+00:00","og_image":[{"url":"https:\/\/www.telam.com.ar\/thumbs\/bluesteel\/advf\/imagenes\/2022\/05\/6289575fcd593_900.jpg","type":"","width":"","height":""}],"author":"Arnaldo Botto","twitter_card":"summary_large_image","schema":{"@context":"https:\/\/schema.org","@graph":[{"@type":"WebPage","@id":"https:\/\/www.noticiasradioreflejos.com.ar\/2021\/emocion-y-llanto-de-angel-di-maria-al-despedirse-del-psg-con-una-gran-ovacion\/","url":"https:\/\/www.noticiasradioreflejos.com.ar\/2021\/emocion-y-llanto-de-angel-di-maria-al-despedirse-del-psg-con-una-gran-ovacion\/","name":"Emoci\u00f3n y llanto de \u00c1ngel Di Mar\u00eda al despedirse del PSG con una gran ovaci\u00f3n - Noticias Radio Reflejos","isPartOf":{"@id":"https:\/\/www.noticiasradioreflejos.com.ar\/2021\/#website"},"primaryImageOfPage":{"@id":"https:\/\/www.noticiasradioreflejos.com.ar\/2021\/emocion-y-llanto-de-angel-di-maria-al-despedirse-del-psg-con-una-gran-ovacion\/#primaryimage"},"image":{"@id":"https:\/\/www.noticiasradioreflejos.com.ar\/2021\/emocion-y-llanto-de-angel-di-maria-al-despedirse-del-psg-con-una-gran-ovacion\/#primaryimage"},"thumbnailUrl":"https:\/\/www.telam.com.ar\/thumbs\/bluesteel\/advf\/imagenes\/2022\/05\/6289575fcd593_900.jpg","datePublished":"2022-05-22T09:38:43+00:00","author":{"@id":"https:\/\/www.noticiasradioreflejos.com.ar\/2021\/#\/schema\/person\/ad82545263dcc5ec0996818884fd5fb1"},"breadcrumb":{"@id":"https:\/\/www.noticiasradioreflejos.com.ar\/2021\/emocion-y-llanto-de-angel-di-maria-al-despedirse-del-psg-con-una-gran-ovacion\/#breadcrumb"},"inLanguage":"es","potentialAction":[{"@type":"ReadAction","target":["https:\/\/www.noticiasradioreflejos.com.ar\/2021\/emocion-y-llanto-de-angel-di-maria-al-despedirse-del-psg-con-una-gran-ovacion\/"]}]},{"@type":"ImageObject","inLanguage":"es","@id":"https:\/\/www.noticiasradioreflejos.com.ar\/2021\/emocion-y-llanto-de-angel-di-maria-al-despedirse-del-psg-con-una-gran-ovacion\/#primaryimage","url":"https:\/\/www.telam.com.ar\/thumbs\/bluesteel\/advf\/imagenes\/2022\/05\/6289575fcd593_900.jpg","contentUrl":"https:\/\/www.telam.com.ar\/thumbs\/bluesteel\/advf\/imagenes\/2022\/05\/6289575fcd593_900.jpg"},{"@type":"BreadcrumbList","@id":"https:\/\/www.noticiasradioreflejos.com.ar\/2021\/emocion-y-llanto-de-angel-di-maria-al-despedirse-del-psg-con-una-gran-ovacion\/#breadcrumb","itemListElement":[{"@type":"ListItem","position":1,"name":"Portada","item":"https:\/\/www.noticiasradioreflejos.com.ar\/2021\/"},{"@type":"ListItem","position":2,"name":"Emoci\u00f3n y llanto de \u00c1ngel Di Mar\u00eda al despedirse del PSG con una gran ovaci\u00f3n"}]},{"@type":"WebSite","@id":"https:\/\/www.noticiasradioreflejos.com.ar\/2021\/#website","url":"https:\/\/www.noticiasradioreflejos.com.ar\/2021\/","name":"Noticias Radio Reflejos","description":"Las noticias de mi comarca","potentialAction":[{"@type":"SearchAction","target":{"@type":"EntryPoint","urlTemplate":"https:\/\/www.noticiasradioreflejos.com.ar\/2021\/?s={search_term_string}"},"query-input":{"@type":"PropertyValueSpecification","valueRequired":true,"valueName":"search_term_string"}}],"inLanguage":"es"},{"@type":"Person","@id":"https:\/\/www.noticiasradioreflejos.com.ar\/2021\/#\/schema\/person\/ad82545263dcc5ec0996818884fd5fb1","name":"Arnaldo Botto","image":{"@type":"ImageObject","inLanguage":"es","@id":"https:\/\/www.noticiasradioreflejos.com.ar\/2021\/#\/schema\/person\/image\/","url":"https:\/\/secure.gravatar.com\/avatar\/55cb5e37c1efa326397366e6974cb338056df65cb50e7d64d1cf314e87504837?s=96&d=mm&r=g","contentUrl":"https:\/\/secure.gravatar.com\/avatar\/55cb5e37c1efa326397366e6974cb338056df65cb50e7d64d1cf314e87504837?s=96&d=mm&r=g","caption":"Arnaldo Botto"},"url":"https:\/\/www.noticiasradioreflejos.com.ar\/2021\/author\/arnaldo\/"}]}},"_links":{"self":[{"href":"https:\/\/www.noticiasradioreflejos.com.ar\/2021\/wp-json\/wp\/v2\/posts\/72380","targetHints":{"allow":["GET"]}}],"collection":[{"href":"https:\/\/www.noticiasradioreflejos.com.ar\/2021\/wp-json\/wp\/v2\/posts"}],"about":[{"href":"https:\/\/www.noticiasradioreflejos.com.ar\/2021\/wp-json\/wp\/v2\/types\/post"}],"author":[{"embeddable":true,"href":"https:\/\/www.noticiasradioreflejos.com.ar\/2021\/wp-json\/wp\/v2\/users\/3"}],"replies":[{"embeddable":true,"href":"https:\/\/www.noticiasradioreflejos.com.ar\/2021\/wp-json\/wp\/v2\/comments?post=72380"}],"version-history":[{"count":1,"href":"https:\/\/www.noticiasradioreflejos.com.ar\/2021\/wp-json\/wp\/v2\/posts\/72380\/revisions"}],"predecessor-version":[{"id":72382,"href":"https:\/\/www.noticiasradioreflejos.com.ar\/2021\/wp-json\/wp\/v2\/posts\/72380\/revisions\/72382"}],"wp:attachment":[{"href":"https:\/\/www.noticiasradioreflejos.com.ar\/2021\/wp-json\/wp\/v2\/media?parent=72380"}],"wp:term":[{"taxonomy":"category","embeddable":true,"href":"https:\/\/www.noticiasradioreflejos.com.ar\/2021\/wp-json\/wp\/v2\/categories?post=72380"},{"taxonomy":"post_tag","embeddable":true,"href":"https:\/\/www.noticiasradioreflejos.com.ar\/2021\/wp-json\/wp\/v2\/tags?post=72380"}],"curies":[{"name":"wp","href":"https:\/\/api.w.org\/{rel}","templated":true}]}}