{"id":72377,"date":"2022-05-22T09:33:59","date_gmt":"2022-05-22T09:33:59","guid":{"rendered":"http:\/\/www.noticiasradioreflejos.com.ar\/2021\/?p=72377"},"modified":"2022-05-22T09:33:59","modified_gmt":"2022-05-22T09:33:59","slug":"conducia-borracho-impacto-contra-una-familia","status":"publish","type":"post","link":"https:\/\/www.noticiasradioreflejos.com.ar\/2021\/conducia-borracho-impacto-contra-una-familia\/","title":{"rendered":"Conduc\u00eda borracho impact\u00f3 contra una familia."},"content":{"rendered":"<p>Siendo aproximadamente 03:00 hs se produce una colisi\u00f3n entre dos veh\u00edculos en la calle Drago y 1810.<!--more--><\/p>\n<p>El veh\u00edculo Renault Megane conducido por una femenina(42), acompa\u00f1ado por su marido (49) y su hijo (21), se encontraba detenida en el sem\u00e1foro cuando es impactada, por causas que se desconocen, en la parte trasera por una Chevrolet Spin conducida por un masculino de 30 a\u00f1os.<\/p>\n<p>Se hizo presente ambulancia del servicio de Emergencia<strong> SIEmPre<\/strong> quien asisti\u00f3 a la femenina en el lugar sin necesidad de traslado. Control de Tr\u00e1nsito Urbano realiz\u00f3 control de alcoholemia correspondiente con resultado negativo a conductora del auto Renault y el conductor de la Chevrolet arroj\u00f3 resultado positivo en alcoholemia ( 2,55 g\/L) y tambi\u00e9n positivo en<strong> Dr\u00fcger test<\/strong>. Trabaj\u00f3 en el lugar Polic\u00eda, Control de Tr\u00e1nsito Urbano y Guardia de Defensa Civil.<br \/>\n<a title=\"WhatsApp Image 2022-05-22 at 5.27.24 AM (1)\" href=\"https:\/\/www.flickr.com\/photos\/182279889@N02\/52091093500\/in\/dateposted-public\/\" data-flickr-embed=\"true\"><img loading=\"lazy\" decoding=\"async\" src=\"https:\/\/live.staticflickr.com\/65535\/52091093500_944915e5f8_c.jpg\" alt=\"WhatsApp Image 2022-05-22 at 5.27.24 AM (1)\" width=\"800\" height=\"450\" \/><\/a><script async src=\"\/\/embedr.flickr.com\/assets\/client-code.js\" charset=\"utf-8\"><\/script><\/p>\n","protected":false},"excerpt":{"rendered":"<p>Siendo aproximadamente 03:00 hs se produce una colisi\u00f3n entre dos veh\u00edculos en la calle Drago y 1810.<\/p>\n","protected":false},"author":3,"featured_media":0,"comment_status":"closed","ping_status":"closed","sticky":false,"template":"","format":"standard","meta":{"footnotes":""},"categories":[29],"tags":[48],"class_list":["post-72377","post","type-post","status-publish","format-standard","hentry","category-policiales","tag-destacada"],"yoast_head":"<!-- This site is optimized with the Yoast SEO plugin v25.9 - https:\/\/yoast.com\/wordpress\/plugins\/seo\/ -->\n<title>Conduc\u00eda borracho impact\u00f3 contra una familia. - Noticias Radio Reflejos<\/title>\n<meta name=\"robots\" content=\"index, follow, max-snippet:-1, max-image-preview:large, max-video-preview:-1\" \/>\n<link rel=\"canonical\" href=\"https:\/\/www.noticiasradioreflejos.com.ar\/2021\/conducia-borracho-impacto-contra-una-familia\/\" \/>\n<meta property=\"og:locale\" content=\"es_ES\" \/>\n<meta property=\"og:type\" content=\"article\" \/>\n<meta property=\"og:title\" content=\"Conduc\u00eda borracho impact\u00f3 contra una familia. - Noticias Radio Reflejos\" \/>\n<meta property=\"og:description\" content=\"Siendo aproximadamente 03:00 hs se produce una colisi\u00f3n entre dos veh\u00edculos en la calle Drago y 1810.\" \/>\n<meta property=\"og:url\" content=\"https:\/\/www.noticiasradioreflejos.com.ar\/2021\/conducia-borracho-impacto-contra-una-familia\/\" \/>\n<meta property=\"og:site_name\" content=\"Noticias Radio Reflejos\" \/>\n<meta property=\"article:published_time\" content=\"2022-05-22T09:33:59+00:00\" \/>\n<meta property=\"og:image\" content=\"https:\/\/live.staticflickr.com\/65535\/52091093500_944915e5f8_c.jpg\" \/>\n<meta name=\"author\" content=\"Arnaldo Botto\" \/>\n<meta name=\"twitter:card\" content=\"summary_large_image\" \/>\n<script type=\"application\/ld+json\" class=\"yoast-schema-graph\">{\"@context\":\"https:\/\/schema.org\",\"@graph\":[{\"@type\":\"WebPage\",\"@id\":\"https:\/\/www.noticiasradioreflejos.com.ar\/2021\/conducia-borracho-impacto-contra-una-familia\/\",\"url\":\"https:\/\/www.noticiasradioreflejos.com.ar\/2021\/conducia-borracho-impacto-contra-una-familia\/\",\"name\":\"Conduc\u00eda borracho impact\u00f3 contra una familia. - Noticias Radio Reflejos\",\"isPartOf\":{\"@id\":\"https:\/\/www.noticiasradioreflejos.com.ar\/2021\/#website\"},\"primaryImageOfPage\":{\"@id\":\"https:\/\/www.noticiasradioreflejos.com.ar\/2021\/conducia-borracho-impacto-contra-una-familia\/#primaryimage\"},\"image\":{\"@id\":\"https:\/\/www.noticiasradioreflejos.com.ar\/2021\/conducia-borracho-impacto-contra-una-familia\/#primaryimage\"},\"thumbnailUrl\":\"https:\/\/live.staticflickr.com\/65535\/52091093500_944915e5f8_c.jpg\",\"datePublished\":\"2022-05-22T09:33:59+00:00\",\"author\":{\"@id\":\"https:\/\/www.noticiasradioreflejos.com.ar\/2021\/#\/schema\/person\/ad82545263dcc5ec0996818884fd5fb1\"},\"breadcrumb\":{\"@id\":\"https:\/\/www.noticiasradioreflejos.com.ar\/2021\/conducia-borracho-impacto-contra-una-familia\/#breadcrumb\"},\"inLanguage\":\"es\",\"potentialAction\":[{\"@type\":\"ReadAction\",\"target\":[\"https:\/\/www.noticiasradioreflejos.com.ar\/2021\/conducia-borracho-impacto-contra-una-familia\/\"]}]},{\"@type\":\"ImageObject\",\"inLanguage\":\"es\",\"@id\":\"https:\/\/www.noticiasradioreflejos.com.ar\/2021\/conducia-borracho-impacto-contra-una-familia\/#primaryimage\",\"url\":\"https:\/\/live.staticflickr.com\/65535\/52091093500_944915e5f8_c.jpg\",\"contentUrl\":\"https:\/\/live.staticflickr.com\/65535\/52091093500_944915e5f8_c.jpg\"},{\"@type\":\"BreadcrumbList\",\"@id\":\"https:\/\/www.noticiasradioreflejos.com.ar\/2021\/conducia-borracho-impacto-contra-una-familia\/#breadcrumb\",\"itemListElement\":[{\"@type\":\"ListItem\",\"position\":1,\"name\":\"Portada\",\"item\":\"https:\/\/www.noticiasradioreflejos.com.ar\/2021\/\"},{\"@type\":\"ListItem\",\"position\":2,\"name\":\"Conduc\u00eda borracho impact\u00f3 contra una familia.\"}]},{\"@type\":\"WebSite\",\"@id\":\"https:\/\/www.noticiasradioreflejos.com.ar\/2021\/#website\",\"url\":\"https:\/\/www.noticiasradioreflejos.com.ar\/2021\/\",\"name\":\"Noticias Radio Reflejos\",\"description\":\"Las noticias de mi comarca\",\"potentialAction\":[{\"@type\":\"SearchAction\",\"target\":{\"@type\":\"EntryPoint\",\"urlTemplate\":\"https:\/\/www.noticiasradioreflejos.com.ar\/2021\/?s={search_term_string}\"},\"query-input\":{\"@type\":\"PropertyValueSpecification\",\"valueRequired\":true,\"valueName\":\"search_term_string\"}}],\"inLanguage\":\"es\"},{\"@type\":\"Person\",\"@id\":\"https:\/\/www.noticiasradioreflejos.com.ar\/2021\/#\/schema\/person\/ad82545263dcc5ec0996818884fd5fb1\",\"name\":\"Arnaldo Botto\",\"image\":{\"@type\":\"ImageObject\",\"inLanguage\":\"es\",\"@id\":\"https:\/\/www.noticiasradioreflejos.com.ar\/2021\/#\/schema\/person\/image\/\",\"url\":\"https:\/\/secure.gravatar.com\/avatar\/55cb5e37c1efa326397366e6974cb338056df65cb50e7d64d1cf314e87504837?s=96&d=mm&r=g\",\"contentUrl\":\"https:\/\/secure.gravatar.com\/avatar\/55cb5e37c1efa326397366e6974cb338056df65cb50e7d64d1cf314e87504837?s=96&d=mm&r=g\",\"caption\":\"Arnaldo Botto\"},\"url\":\"https:\/\/www.noticiasradioreflejos.com.ar\/2021\/author\/arnaldo\/\"}]}<\/script>\n<!-- \/ Yoast SEO plugin. -->","yoast_head_json":{"title":"Conduc\u00eda borracho impact\u00f3 contra una familia. - Noticias Radio Reflejos","robots":{"index":"index","follow":"follow","max-snippet":"max-snippet:-1","max-image-preview":"max-image-preview:large","max-video-preview":"max-video-preview:-1"},"canonical":"https:\/\/www.noticiasradioreflejos.com.ar\/2021\/conducia-borracho-impacto-contra-una-familia\/","og_locale":"es_ES","og_type":"article","og_title":"Conduc\u00eda borracho impact\u00f3 contra una familia. - Noticias Radio Reflejos","og_description":"Siendo aproximadamente 03:00 hs se produce una colisi\u00f3n entre dos veh\u00edculos en la calle Drago y 1810.","og_url":"https:\/\/www.noticiasradioreflejos.com.ar\/2021\/conducia-borracho-impacto-contra-una-familia\/","og_site_name":"Noticias Radio Reflejos","article_published_time":"2022-05-22T09:33:59+00:00","og_image":[{"url":"https:\/\/live.staticflickr.com\/65535\/52091093500_944915e5f8_c.jpg","type":"","width":"","height":""}],"author":"Arnaldo Botto","twitter_card":"summary_large_image","schema":{"@context":"https:\/\/schema.org","@graph":[{"@type":"WebPage","@id":"https:\/\/www.noticiasradioreflejos.com.ar\/2021\/conducia-borracho-impacto-contra-una-familia\/","url":"https:\/\/www.noticiasradioreflejos.com.ar\/2021\/conducia-borracho-impacto-contra-una-familia\/","name":"Conduc\u00eda borracho impact\u00f3 contra una familia. - Noticias Radio Reflejos","isPartOf":{"@id":"https:\/\/www.noticiasradioreflejos.com.ar\/2021\/#website"},"primaryImageOfPage":{"@id":"https:\/\/www.noticiasradioreflejos.com.ar\/2021\/conducia-borracho-impacto-contra-una-familia\/#primaryimage"},"image":{"@id":"https:\/\/www.noticiasradioreflejos.com.ar\/2021\/conducia-borracho-impacto-contra-una-familia\/#primaryimage"},"thumbnailUrl":"https:\/\/live.staticflickr.com\/65535\/52091093500_944915e5f8_c.jpg","datePublished":"2022-05-22T09:33:59+00:00","author":{"@id":"https:\/\/www.noticiasradioreflejos.com.ar\/2021\/#\/schema\/person\/ad82545263dcc5ec0996818884fd5fb1"},"breadcrumb":{"@id":"https:\/\/www.noticiasradioreflejos.com.ar\/2021\/conducia-borracho-impacto-contra-una-familia\/#breadcrumb"},"inLanguage":"es","potentialAction":[{"@type":"ReadAction","target":["https:\/\/www.noticiasradioreflejos.com.ar\/2021\/conducia-borracho-impacto-contra-una-familia\/"]}]},{"@type":"ImageObject","inLanguage":"es","@id":"https:\/\/www.noticiasradioreflejos.com.ar\/2021\/conducia-borracho-impacto-contra-una-familia\/#primaryimage","url":"https:\/\/live.staticflickr.com\/65535\/52091093500_944915e5f8_c.jpg","contentUrl":"https:\/\/live.staticflickr.com\/65535\/52091093500_944915e5f8_c.jpg"},{"@type":"BreadcrumbList","@id":"https:\/\/www.noticiasradioreflejos.com.ar\/2021\/conducia-borracho-impacto-contra-una-familia\/#breadcrumb","itemListElement":[{"@type":"ListItem","position":1,"name":"Portada","item":"https:\/\/www.noticiasradioreflejos.com.ar\/2021\/"},{"@type":"ListItem","position":2,"name":"Conduc\u00eda borracho impact\u00f3 contra una familia."}]},{"@type":"WebSite","@id":"https:\/\/www.noticiasradioreflejos.com.ar\/2021\/#website","url":"https:\/\/www.noticiasradioreflejos.com.ar\/2021\/","name":"Noticias Radio Reflejos","description":"Las noticias de mi comarca","potentialAction":[{"@type":"SearchAction","target":{"@type":"EntryPoint","urlTemplate":"https:\/\/www.noticiasradioreflejos.com.ar\/2021\/?s={search_term_string}"},"query-input":{"@type":"PropertyValueSpecification","valueRequired":true,"valueName":"search_term_string"}}],"inLanguage":"es"},{"@type":"Person","@id":"https:\/\/www.noticiasradioreflejos.com.ar\/2021\/#\/schema\/person\/ad82545263dcc5ec0996818884fd5fb1","name":"Arnaldo Botto","image":{"@type":"ImageObject","inLanguage":"es","@id":"https:\/\/www.noticiasradioreflejos.com.ar\/2021\/#\/schema\/person\/image\/","url":"https:\/\/secure.gravatar.com\/avatar\/55cb5e37c1efa326397366e6974cb338056df65cb50e7d64d1cf314e87504837?s=96&d=mm&r=g","contentUrl":"https:\/\/secure.gravatar.com\/avatar\/55cb5e37c1efa326397366e6974cb338056df65cb50e7d64d1cf314e87504837?s=96&d=mm&r=g","caption":"Arnaldo Botto"},"url":"https:\/\/www.noticiasradioreflejos.com.ar\/2021\/author\/arnaldo\/"}]}},"_links":{"self":[{"href":"https:\/\/www.noticiasradioreflejos.com.ar\/2021\/wp-json\/wp\/v2\/posts\/72377","targetHints":{"allow":["GET"]}}],"collection":[{"href":"https:\/\/www.noticiasradioreflejos.com.ar\/2021\/wp-json\/wp\/v2\/posts"}],"about":[{"href":"https:\/\/www.noticiasradioreflejos.com.ar\/2021\/wp-json\/wp\/v2\/types\/post"}],"author":[{"embeddable":true,"href":"https:\/\/www.noticiasradioreflejos.com.ar\/2021\/wp-json\/wp\/v2\/users\/3"}],"replies":[{"embeddable":true,"href":"https:\/\/www.noticiasradioreflejos.com.ar\/2021\/wp-json\/wp\/v2\/comments?post=72377"}],"version-history":[{"count":1,"href":"https:\/\/www.noticiasradioreflejos.com.ar\/2021\/wp-json\/wp\/v2\/posts\/72377\/revisions"}],"predecessor-version":[{"id":72379,"href":"https:\/\/www.noticiasradioreflejos.com.ar\/2021\/wp-json\/wp\/v2\/posts\/72377\/revisions\/72379"}],"wp:attachment":[{"href":"https:\/\/www.noticiasradioreflejos.com.ar\/2021\/wp-json\/wp\/v2\/media?parent=72377"}],"wp:term":[{"taxonomy":"category","embeddable":true,"href":"https:\/\/www.noticiasradioreflejos.com.ar\/2021\/wp-json\/wp\/v2\/categories?post=72377"},{"taxonomy":"post_tag","embeddable":true,"href":"https:\/\/www.noticiasradioreflejos.com.ar\/2021\/wp-json\/wp\/v2\/tags?post=72377"}],"curies":[{"name":"wp","href":"https:\/\/api.w.org\/{rel}","templated":true}]}}