{"id":72374,"date":"2022-05-21T20:27:07","date_gmt":"2022-05-21T20:27:07","guid":{"rendered":"http:\/\/www.noticiasradioreflejos.com.ar\/2021\/?p=72374"},"modified":"2022-05-21T20:27:21","modified_gmt":"2022-05-21T20:27:21","slug":"javier-milei-prepara-un-acto-en-tucuman-con-el-hijo-del-genocida-antonio-bussi","status":"publish","type":"post","link":"https:\/\/www.noticiasradioreflejos.com.ar\/2021\/javier-milei-prepara-un-acto-en-tucuman-con-el-hijo-del-genocida-antonio-bussi\/","title":{"rendered":"Javier Milei prepara un acto en Tucum\u00e1n con el hijo del genocida Antonio Bussi"},"content":{"rendered":"<div class=\"section-2-col article-header\">\n<div class=\"col 2-col\"><\/div>\n<\/div>\n<div class=\"section-2-col article-main-image\">\n<div class=\"col 1-col\">\n<div class=\"article-info\">\n<div class=\"social-media\" style=\"box-sizing: inherit; margin: 0px; padding: 0px; list-style: none;\">\n<p>Al parecer para el diputado de la ultraderecha Javier Milei hay castas y castas en la pol\u00edtica. Por caso, en Tucum\u00e1n decidi\u00f3 aliarse con un viejo conocido, Ricardo Bussi, el hijo del genocida Antonio Bussi.<\/p>\n<p>&nbsp;<\/p>\n<p>Se conocen desde hace tiempo, de cuando trabajaba en los a\u00f1os 90 en la C\u00e1mara de Diputados asesorando al ahora fallecido genocida. En ese sentido y buscando desarrollo territorial para poder competir en las presidenciales de 2023, Milei sali\u00f3 en busca de aliados y Ricardito (como lo siguen llamando a pesar de ser casi un sesent\u00f3n) lo recibe con las manos abiertas porque siente que el referente de Libertad Avanza lo puede sacar del ostracismo de ser un fuerza pol\u00edtica menor en Tucum\u00e1n.<br \/>\n<!--more--><\/p>\n<p>Seg\u00fan la lectura simplista y llana que suele hacer Milei de la pol\u00edtica, Ricardo Bussi es un representante pat\u00e9tico de la casta. Desde que su padre lleg\u00f3 a Tucum\u00e1n para hacer pol\u00edtica vivi\u00f3 de los cargos que le concedi\u00f3 su progenitor. Es lo que le recuerdan a Milei los representantes del Partido Libertario de Tucum\u00e1n que reconocen al diputado como su l\u00edder pero que rechazan su \u00abtraici\u00f3n\u00bb al aliarse con Bussi hijo. Tal vez por eso se hab\u00eda suspendido la llegada de Milei a Tucum\u00e1n, prevista y comunicada para este s\u00e1bado 21 de mayo. Ahora lo pasaron para mediados de julio.<\/p>\n<div id=\"talkFireEvent\"><\/div>\n<p>Los libertarios tucumano acusan a Bussi de ser integrante de una familia de \u00abtres generaciones de empolados p\u00fablicos que jam\u00e1s conocieron el empleo privado\u00bb. A partir de ello es que le reclaman a Milei que no caiga \u00aben las trampas de las casatas que solo usan su imagen para conseguir votos y continuar empobreciendo\u00bb Tucum\u00e1n.<\/p>\n<div align=\"center\">\n<article class=\"embedded-entity\">\n<article class=\"media media--type-image media--view-mode-single-media-image-460\">\n<div class=\"field field--name-field-media-image field--type-image field--label-hidden field__item\"><img loading=\"lazy\" decoding=\"async\" class=\"image-style-width960\" src=\"https:\/\/images.pagina12.com.ar\/styles\/width960\/public\/2022-05\/530394-libertarios-0.jpg?itok=H55_jErJ\" width=\"680\" height=\"570\" \/><\/div>\n<\/article>\n<\/article>\n<\/div>\n<p>\u201cEs un orgullo que haya elegido a Fuerza Republicana como estructura de su proyecto en la provincia. En principio ser\u00e1 el 23 de julio. Queremos hacer un gran acto, con acceso f\u00e1cil, para que todo el mundo pueda acercarse a escuchar las clases magistrales de Milei. Tambi\u00e9n habr\u00e1 una agenda empresarial con los sectores productivos de la provincia\u201d, revel\u00f3 Bussi arriesgando una nueva fecha de la visita.<\/p>\n<p>En una entrevista a un medio tucumano, Bussi hijo record\u00f3 que se conocieron con Milei cuando \u00e9ste era asesor de su padre: \u201cA partir de entonces hemos mantenido una relaci\u00f3n espor\u00e1dica pero ahora se ha intensificado mucho y hemos ganado mucha confianza\u201d, dijo.<\/p>\n<p>El pasado de Bussi padre y la pertenencia a \u00abla casta\u00bb de Ricardo no representa un inconveniente para Milei. Sus expresiones xen\u00f3fobas, el desconocimiento de los derechos de la mujer y su permanente pr\u00e9dica por al destrucci\u00f3n del Estado resultan un m\u00e1s que c\u00f3modo camino que confluye con un representante y defensor de la represi\u00f3n de la dictadura como lo es el legislador Ricardo Bussi.<\/p>\n<\/div>\n<\/div>\n<\/div>\n<\/div>\n<p>&nbsp;<\/p>\n<p><span style=\"color: #000080;\"><strong>Fuente P\u00e1gina 12<\/strong><\/span><\/p>\n","protected":false},"excerpt":{"rendered":"<p>Al parecer para el diputado de la ultraderecha Javier Milei hay castas y castas en la pol\u00edtica. Por caso, en Tucum\u00e1n decidi\u00f3 aliarse con un viejo conocido, Ricardo Bussi, el hijo del genocida Antonio Bussi. &nbsp; Se conocen desde hace tiempo, de cuando trabajaba en los a\u00f1os 90 en la C\u00e1mara de Diputados asesorando al [&hellip;]<\/p>\n","protected":false},"author":3,"featured_media":0,"comment_status":"closed","ping_status":"closed","sticky":false,"template":"","format":"standard","meta":{"footnotes":""},"categories":[24],"tags":[],"class_list":["post-72374","post","type-post","status-publish","format-standard","hentry","category-politica"],"yoast_head":"<!-- This site is optimized with the Yoast SEO plugin v25.9 - https:\/\/yoast.com\/wordpress\/plugins\/seo\/ -->\n<title>Javier Milei prepara un acto en Tucum\u00e1n con el hijo del genocida Antonio Bussi - Noticias Radio Reflejos<\/title>\n<meta name=\"robots\" content=\"index, follow, max-snippet:-1, max-image-preview:large, max-video-preview:-1\" \/>\n<link rel=\"canonical\" href=\"https:\/\/www.noticiasradioreflejos.com.ar\/2021\/javier-milei-prepara-un-acto-en-tucuman-con-el-hijo-del-genocida-antonio-bussi\/\" \/>\n<meta property=\"og:locale\" content=\"es_ES\" \/>\n<meta property=\"og:type\" content=\"article\" \/>\n<meta property=\"og:title\" content=\"Javier Milei prepara un acto en Tucum\u00e1n con el hijo del genocida Antonio Bussi - Noticias Radio Reflejos\" \/>\n<meta property=\"og:description\" content=\"Al parecer para el diputado de la ultraderecha Javier Milei hay castas y castas en la pol\u00edtica. Por caso, en Tucum\u00e1n decidi\u00f3 aliarse con un viejo conocido, Ricardo Bussi, el hijo del genocida Antonio Bussi. &nbsp; Se conocen desde hace tiempo, de cuando trabajaba en los a\u00f1os 90 en la C\u00e1mara de Diputados asesorando al [&hellip;]\" \/>\n<meta property=\"og:url\" content=\"https:\/\/www.noticiasradioreflejos.com.ar\/2021\/javier-milei-prepara-un-acto-en-tucuman-con-el-hijo-del-genocida-antonio-bussi\/\" \/>\n<meta property=\"og:site_name\" content=\"Noticias Radio Reflejos\" \/>\n<meta property=\"article:published_time\" content=\"2022-05-21T20:27:07+00:00\" \/>\n<meta property=\"article:modified_time\" content=\"2022-05-21T20:27:21+00:00\" \/>\n<meta property=\"og:image\" content=\"https:\/\/images.pagina12.com.ar\/styles\/width960\/public\/2022-05\/530394-libertarios-0.jpg?itok=H55_jErJ\" \/>\n<meta name=\"author\" content=\"Arnaldo Botto\" \/>\n<meta name=\"twitter:card\" content=\"summary_large_image\" \/>\n<script type=\"application\/ld+json\" class=\"yoast-schema-graph\">{\"@context\":\"https:\/\/schema.org\",\"@graph\":[{\"@type\":\"WebPage\",\"@id\":\"https:\/\/www.noticiasradioreflejos.com.ar\/2021\/javier-milei-prepara-un-acto-en-tucuman-con-el-hijo-del-genocida-antonio-bussi\/\",\"url\":\"https:\/\/www.noticiasradioreflejos.com.ar\/2021\/javier-milei-prepara-un-acto-en-tucuman-con-el-hijo-del-genocida-antonio-bussi\/\",\"name\":\"Javier Milei prepara un acto en Tucum\u00e1n con el hijo del genocida Antonio Bussi - Noticias Radio Reflejos\",\"isPartOf\":{\"@id\":\"https:\/\/www.noticiasradioreflejos.com.ar\/2021\/#website\"},\"primaryImageOfPage\":{\"@id\":\"https:\/\/www.noticiasradioreflejos.com.ar\/2021\/javier-milei-prepara-un-acto-en-tucuman-con-el-hijo-del-genocida-antonio-bussi\/#primaryimage\"},\"image\":{\"@id\":\"https:\/\/www.noticiasradioreflejos.com.ar\/2021\/javier-milei-prepara-un-acto-en-tucuman-con-el-hijo-del-genocida-antonio-bussi\/#primaryimage\"},\"thumbnailUrl\":\"https:\/\/images.pagina12.com.ar\/styles\/width960\/public\/2022-05\/530394-libertarios-0.jpg?itok=H55_jErJ\",\"datePublished\":\"2022-05-21T20:27:07+00:00\",\"dateModified\":\"2022-05-21T20:27:21+00:00\",\"author\":{\"@id\":\"https:\/\/www.noticiasradioreflejos.com.ar\/2021\/#\/schema\/person\/ad82545263dcc5ec0996818884fd5fb1\"},\"breadcrumb\":{\"@id\":\"https:\/\/www.noticiasradioreflejos.com.ar\/2021\/javier-milei-prepara-un-acto-en-tucuman-con-el-hijo-del-genocida-antonio-bussi\/#breadcrumb\"},\"inLanguage\":\"es\",\"potentialAction\":[{\"@type\":\"ReadAction\",\"target\":[\"https:\/\/www.noticiasradioreflejos.com.ar\/2021\/javier-milei-prepara-un-acto-en-tucuman-con-el-hijo-del-genocida-antonio-bussi\/\"]}]},{\"@type\":\"ImageObject\",\"inLanguage\":\"es\",\"@id\":\"https:\/\/www.noticiasradioreflejos.com.ar\/2021\/javier-milei-prepara-un-acto-en-tucuman-con-el-hijo-del-genocida-antonio-bussi\/#primaryimage\",\"url\":\"https:\/\/images.pagina12.com.ar\/styles\/width960\/public\/2022-05\/530394-libertarios-0.jpg?itok=H55_jErJ\",\"contentUrl\":\"https:\/\/images.pagina12.com.ar\/styles\/width960\/public\/2022-05\/530394-libertarios-0.jpg?itok=H55_jErJ\"},{\"@type\":\"BreadcrumbList\",\"@id\":\"https:\/\/www.noticiasradioreflejos.com.ar\/2021\/javier-milei-prepara-un-acto-en-tucuman-con-el-hijo-del-genocida-antonio-bussi\/#breadcrumb\",\"itemListElement\":[{\"@type\":\"ListItem\",\"position\":1,\"name\":\"Portada\",\"item\":\"https:\/\/www.noticiasradioreflejos.com.ar\/2021\/\"},{\"@type\":\"ListItem\",\"position\":2,\"name\":\"Javier Milei prepara un acto en Tucum\u00e1n con el hijo del genocida Antonio Bussi\"}]},{\"@type\":\"WebSite\",\"@id\":\"https:\/\/www.noticiasradioreflejos.com.ar\/2021\/#website\",\"url\":\"https:\/\/www.noticiasradioreflejos.com.ar\/2021\/\",\"name\":\"Noticias Radio Reflejos\",\"description\":\"Las noticias de mi comarca\",\"potentialAction\":[{\"@type\":\"SearchAction\",\"target\":{\"@type\":\"EntryPoint\",\"urlTemplate\":\"https:\/\/www.noticiasradioreflejos.com.ar\/2021\/?s={search_term_string}\"},\"query-input\":{\"@type\":\"PropertyValueSpecification\",\"valueRequired\":true,\"valueName\":\"search_term_string\"}}],\"inLanguage\":\"es\"},{\"@type\":\"Person\",\"@id\":\"https:\/\/www.noticiasradioreflejos.com.ar\/2021\/#\/schema\/person\/ad82545263dcc5ec0996818884fd5fb1\",\"name\":\"Arnaldo Botto\",\"image\":{\"@type\":\"ImageObject\",\"inLanguage\":\"es\",\"@id\":\"https:\/\/www.noticiasradioreflejos.com.ar\/2021\/#\/schema\/person\/image\/\",\"url\":\"https:\/\/secure.gravatar.com\/avatar\/55cb5e37c1efa326397366e6974cb338056df65cb50e7d64d1cf314e87504837?s=96&d=mm&r=g\",\"contentUrl\":\"https:\/\/secure.gravatar.com\/avatar\/55cb5e37c1efa326397366e6974cb338056df65cb50e7d64d1cf314e87504837?s=96&d=mm&r=g\",\"caption\":\"Arnaldo Botto\"},\"url\":\"https:\/\/www.noticiasradioreflejos.com.ar\/2021\/author\/arnaldo\/\"}]}<\/script>\n<!-- \/ Yoast SEO plugin. -->","yoast_head_json":{"title":"Javier Milei prepara un acto en Tucum\u00e1n con el hijo del genocida Antonio Bussi - Noticias Radio Reflejos","robots":{"index":"index","follow":"follow","max-snippet":"max-snippet:-1","max-image-preview":"max-image-preview:large","max-video-preview":"max-video-preview:-1"},"canonical":"https:\/\/www.noticiasradioreflejos.com.ar\/2021\/javier-milei-prepara-un-acto-en-tucuman-con-el-hijo-del-genocida-antonio-bussi\/","og_locale":"es_ES","og_type":"article","og_title":"Javier Milei prepara un acto en Tucum\u00e1n con el hijo del genocida Antonio Bussi - Noticias Radio Reflejos","og_description":"Al parecer para el diputado de la ultraderecha Javier Milei hay castas y castas en la pol\u00edtica. Por caso, en Tucum\u00e1n decidi\u00f3 aliarse con un viejo conocido, Ricardo Bussi, el hijo del genocida Antonio Bussi. &nbsp; Se conocen desde hace tiempo, de cuando trabajaba en los a\u00f1os 90 en la C\u00e1mara de Diputados asesorando al [&hellip;]","og_url":"https:\/\/www.noticiasradioreflejos.com.ar\/2021\/javier-milei-prepara-un-acto-en-tucuman-con-el-hijo-del-genocida-antonio-bussi\/","og_site_name":"Noticias Radio Reflejos","article_published_time":"2022-05-21T20:27:07+00:00","article_modified_time":"2022-05-21T20:27:21+00:00","og_image":[{"url":"https:\/\/images.pagina12.com.ar\/styles\/width960\/public\/2022-05\/530394-libertarios-0.jpg?itok=H55_jErJ","type":"","width":"","height":""}],"author":"Arnaldo Botto","twitter_card":"summary_large_image","schema":{"@context":"https:\/\/schema.org","@graph":[{"@type":"WebPage","@id":"https:\/\/www.noticiasradioreflejos.com.ar\/2021\/javier-milei-prepara-un-acto-en-tucuman-con-el-hijo-del-genocida-antonio-bussi\/","url":"https:\/\/www.noticiasradioreflejos.com.ar\/2021\/javier-milei-prepara-un-acto-en-tucuman-con-el-hijo-del-genocida-antonio-bussi\/","name":"Javier Milei prepara un acto en Tucum\u00e1n con el hijo del genocida Antonio Bussi - Noticias Radio Reflejos","isPartOf":{"@id":"https:\/\/www.noticiasradioreflejos.com.ar\/2021\/#website"},"primaryImageOfPage":{"@id":"https:\/\/www.noticiasradioreflejos.com.ar\/2021\/javier-milei-prepara-un-acto-en-tucuman-con-el-hijo-del-genocida-antonio-bussi\/#primaryimage"},"image":{"@id":"https:\/\/www.noticiasradioreflejos.com.ar\/2021\/javier-milei-prepara-un-acto-en-tucuman-con-el-hijo-del-genocida-antonio-bussi\/#primaryimage"},"thumbnailUrl":"https:\/\/images.pagina12.com.ar\/styles\/width960\/public\/2022-05\/530394-libertarios-0.jpg?itok=H55_jErJ","datePublished":"2022-05-21T20:27:07+00:00","dateModified":"2022-05-21T20:27:21+00:00","author":{"@id":"https:\/\/www.noticiasradioreflejos.com.ar\/2021\/#\/schema\/person\/ad82545263dcc5ec0996818884fd5fb1"},"breadcrumb":{"@id":"https:\/\/www.noticiasradioreflejos.com.ar\/2021\/javier-milei-prepara-un-acto-en-tucuman-con-el-hijo-del-genocida-antonio-bussi\/#breadcrumb"},"inLanguage":"es","potentialAction":[{"@type":"ReadAction","target":["https:\/\/www.noticiasradioreflejos.com.ar\/2021\/javier-milei-prepara-un-acto-en-tucuman-con-el-hijo-del-genocida-antonio-bussi\/"]}]},{"@type":"ImageObject","inLanguage":"es","@id":"https:\/\/www.noticiasradioreflejos.com.ar\/2021\/javier-milei-prepara-un-acto-en-tucuman-con-el-hijo-del-genocida-antonio-bussi\/#primaryimage","url":"https:\/\/images.pagina12.com.ar\/styles\/width960\/public\/2022-05\/530394-libertarios-0.jpg?itok=H55_jErJ","contentUrl":"https:\/\/images.pagina12.com.ar\/styles\/width960\/public\/2022-05\/530394-libertarios-0.jpg?itok=H55_jErJ"},{"@type":"BreadcrumbList","@id":"https:\/\/www.noticiasradioreflejos.com.ar\/2021\/javier-milei-prepara-un-acto-en-tucuman-con-el-hijo-del-genocida-antonio-bussi\/#breadcrumb","itemListElement":[{"@type":"ListItem","position":1,"name":"Portada","item":"https:\/\/www.noticiasradioreflejos.com.ar\/2021\/"},{"@type":"ListItem","position":2,"name":"Javier Milei prepara un acto en Tucum\u00e1n con el hijo del genocida Antonio Bussi"}]},{"@type":"WebSite","@id":"https:\/\/www.noticiasradioreflejos.com.ar\/2021\/#website","url":"https:\/\/www.noticiasradioreflejos.com.ar\/2021\/","name":"Noticias Radio Reflejos","description":"Las noticias de mi comarca","potentialAction":[{"@type":"SearchAction","target":{"@type":"EntryPoint","urlTemplate":"https:\/\/www.noticiasradioreflejos.com.ar\/2021\/?s={search_term_string}"},"query-input":{"@type":"PropertyValueSpecification","valueRequired":true,"valueName":"search_term_string"}}],"inLanguage":"es"},{"@type":"Person","@id":"https:\/\/www.noticiasradioreflejos.com.ar\/2021\/#\/schema\/person\/ad82545263dcc5ec0996818884fd5fb1","name":"Arnaldo Botto","image":{"@type":"ImageObject","inLanguage":"es","@id":"https:\/\/www.noticiasradioreflejos.com.ar\/2021\/#\/schema\/person\/image\/","url":"https:\/\/secure.gravatar.com\/avatar\/55cb5e37c1efa326397366e6974cb338056df65cb50e7d64d1cf314e87504837?s=96&d=mm&r=g","contentUrl":"https:\/\/secure.gravatar.com\/avatar\/55cb5e37c1efa326397366e6974cb338056df65cb50e7d64d1cf314e87504837?s=96&d=mm&r=g","caption":"Arnaldo Botto"},"url":"https:\/\/www.noticiasradioreflejos.com.ar\/2021\/author\/arnaldo\/"}]}},"_links":{"self":[{"href":"https:\/\/www.noticiasradioreflejos.com.ar\/2021\/wp-json\/wp\/v2\/posts\/72374","targetHints":{"allow":["GET"]}}],"collection":[{"href":"https:\/\/www.noticiasradioreflejos.com.ar\/2021\/wp-json\/wp\/v2\/posts"}],"about":[{"href":"https:\/\/www.noticiasradioreflejos.com.ar\/2021\/wp-json\/wp\/v2\/types\/post"}],"author":[{"embeddable":true,"href":"https:\/\/www.noticiasradioreflejos.com.ar\/2021\/wp-json\/wp\/v2\/users\/3"}],"replies":[{"embeddable":true,"href":"https:\/\/www.noticiasradioreflejos.com.ar\/2021\/wp-json\/wp\/v2\/comments?post=72374"}],"version-history":[{"count":1,"href":"https:\/\/www.noticiasradioreflejos.com.ar\/2021\/wp-json\/wp\/v2\/posts\/72374\/revisions"}],"predecessor-version":[{"id":72376,"href":"https:\/\/www.noticiasradioreflejos.com.ar\/2021\/wp-json\/wp\/v2\/posts\/72374\/revisions\/72376"}],"wp:attachment":[{"href":"https:\/\/www.noticiasradioreflejos.com.ar\/2021\/wp-json\/wp\/v2\/media?parent=72374"}],"wp:term":[{"taxonomy":"category","embeddable":true,"href":"https:\/\/www.noticiasradioreflejos.com.ar\/2021\/wp-json\/wp\/v2\/categories?post=72374"},{"taxonomy":"post_tag","embeddable":true,"href":"https:\/\/www.noticiasradioreflejos.com.ar\/2021\/wp-json\/wp\/v2\/tags?post=72374"}],"curies":[{"name":"wp","href":"https:\/\/api.w.org\/{rel}","templated":true}]}}