{"id":72368,"date":"2022-05-21T20:12:56","date_gmt":"2022-05-21T20:12:56","guid":{"rendered":"http:\/\/www.noticiasradioreflejos.com.ar\/2021\/?p=72368"},"modified":"2022-05-21T20:12:56","modified_gmt":"2022-05-21T20:12:56","slug":"ruta-3-chocan-camioneta-con-2-camiones","status":"publish","type":"post","link":"https:\/\/www.noticiasradioreflejos.com.ar\/2021\/ruta-3-chocan-camioneta-con-2-camiones\/","title":{"rendered":"Ruta 3: Chocan camioneta con 2 cami\u00f3nes."},"content":{"rendered":"<p>Defensa civil de Bah\u00eda Blanca\u00a0 informa que a las 15:22 hs aproximadamente se recibe un llamado desde el centro de despacho por accidente en ruta N 3 altura el Guanaco.<!--more--><br \/>\n<a title=\"choue en el Guanaco (1)\" href=\"https:\/\/www.flickr.com\/photos\/182279889@N02\/52089417116\/in\/dateposted-public\/\" data-flickr-embed=\"true\"><img loading=\"lazy\" decoding=\"async\" src=\"https:\/\/live.staticflickr.com\/65535\/52089417116_353c93f91e_c.jpg\" alt=\"choue en el Guanaco (1)\" width=\"800\" height=\"450\" \/><\/a><script async src=\"\/\/embedr.flickr.com\/assets\/client-code.js\" charset=\"utf-8\"><\/script><\/p>\n<p>Presentes en el lugar se constat\u00f3 que por motivos que se desconocen habr\u00eda colisionado con la carga que transportaba una camioneta Toyota Hilux, al mando de un masculino de 36 a\u00f1os de edad, con el lateral de la cabina de un cami\u00f3n Scania con acoplado enganchado conducido por un masculino de 31 a\u00f1os que circulaba en sentido contrario, para luego este \u00faltimo impactar sobre el lateral de un acoplado que era remolcado por un cami\u00f3n Mercedes Benz al mando de un masculino de 36 a\u00f1os de edad que circulaba detr\u00e1s de la Toyota.<\/p>\n<p>El chofer del cami\u00f3n Scania fue atendido y trasladado por ambulancia del siempre debido a la gravedad e las heridas presentadas en el brazo izquierdo. Trabajo en el lugar Defensa Civil, Bomberos White y Polic\u00eda.<\/p>\n<p><a title=\"choue en el Guanaco (2)\" href=\"https:\/\/www.flickr.com\/photos\/182279889@N02\/52089922355\/in\/dateposted-public\/\" data-flickr-embed=\"true\"><img loading=\"lazy\" decoding=\"async\" src=\"https:\/\/live.staticflickr.com\/65535\/52089922355_40e8e97f65_c.jpg\" alt=\"choue en el Guanaco (2)\" width=\"800\" height=\"450\" \/><\/a><script async src=\"\/\/embedr.flickr.com\/assets\/client-code.js\" charset=\"utf-8\"><\/script><\/p>\n","protected":false},"excerpt":{"rendered":"<p>Defensa civil de Bah\u00eda Blanca\u00a0 informa que a las 15:22 hs aproximadamente se recibe un llamado desde el centro de despacho por accidente en ruta N 3 altura el Guanaco.<\/p>\n","protected":false},"author":3,"featured_media":0,"comment_status":"closed","ping_status":"closed","sticky":false,"template":"","format":"standard","meta":{"footnotes":""},"categories":[29],"tags":[],"class_list":["post-72368","post","type-post","status-publish","format-standard","hentry","category-policiales"],"yoast_head":"<!-- This site is optimized with the Yoast SEO plugin v25.9 - https:\/\/yoast.com\/wordpress\/plugins\/seo\/ -->\n<title>Ruta 3: Chocan camioneta con 2 cami\u00f3nes. - Noticias Radio Reflejos<\/title>\n<meta name=\"robots\" content=\"index, follow, max-snippet:-1, max-image-preview:large, max-video-preview:-1\" \/>\n<link rel=\"canonical\" href=\"https:\/\/www.noticiasradioreflejos.com.ar\/2021\/ruta-3-chocan-camioneta-con-2-camiones\/\" \/>\n<meta property=\"og:locale\" content=\"es_ES\" \/>\n<meta property=\"og:type\" content=\"article\" \/>\n<meta property=\"og:title\" content=\"Ruta 3: Chocan camioneta con 2 cami\u00f3nes. - Noticias Radio Reflejos\" \/>\n<meta property=\"og:description\" content=\"Defensa civil de Bah\u00eda Blanca\u00a0 informa que a las 15:22 hs aproximadamente se recibe un llamado desde el centro de despacho por accidente en ruta N 3 altura el Guanaco.\" \/>\n<meta property=\"og:url\" content=\"https:\/\/www.noticiasradioreflejos.com.ar\/2021\/ruta-3-chocan-camioneta-con-2-camiones\/\" \/>\n<meta property=\"og:site_name\" content=\"Noticias Radio Reflejos\" \/>\n<meta property=\"article:published_time\" content=\"2022-05-21T20:12:56+00:00\" \/>\n<meta property=\"og:image\" content=\"https:\/\/live.staticflickr.com\/65535\/52089417116_353c93f91e_c.jpg\" \/>\n<meta name=\"author\" content=\"Arnaldo Botto\" \/>\n<meta name=\"twitter:card\" content=\"summary_large_image\" \/>\n<script type=\"application\/ld+json\" class=\"yoast-schema-graph\">{\"@context\":\"https:\/\/schema.org\",\"@graph\":[{\"@type\":\"WebPage\",\"@id\":\"https:\/\/www.noticiasradioreflejos.com.ar\/2021\/ruta-3-chocan-camioneta-con-2-camiones\/\",\"url\":\"https:\/\/www.noticiasradioreflejos.com.ar\/2021\/ruta-3-chocan-camioneta-con-2-camiones\/\",\"name\":\"Ruta 3: Chocan camioneta con 2 cami\u00f3nes. - Noticias Radio Reflejos\",\"isPartOf\":{\"@id\":\"https:\/\/www.noticiasradioreflejos.com.ar\/2021\/#website\"},\"primaryImageOfPage\":{\"@id\":\"https:\/\/www.noticiasradioreflejos.com.ar\/2021\/ruta-3-chocan-camioneta-con-2-camiones\/#primaryimage\"},\"image\":{\"@id\":\"https:\/\/www.noticiasradioreflejos.com.ar\/2021\/ruta-3-chocan-camioneta-con-2-camiones\/#primaryimage\"},\"thumbnailUrl\":\"https:\/\/live.staticflickr.com\/65535\/52089417116_353c93f91e_c.jpg\",\"datePublished\":\"2022-05-21T20:12:56+00:00\",\"author\":{\"@id\":\"https:\/\/www.noticiasradioreflejos.com.ar\/2021\/#\/schema\/person\/ad82545263dcc5ec0996818884fd5fb1\"},\"breadcrumb\":{\"@id\":\"https:\/\/www.noticiasradioreflejos.com.ar\/2021\/ruta-3-chocan-camioneta-con-2-camiones\/#breadcrumb\"},\"inLanguage\":\"es\",\"potentialAction\":[{\"@type\":\"ReadAction\",\"target\":[\"https:\/\/www.noticiasradioreflejos.com.ar\/2021\/ruta-3-chocan-camioneta-con-2-camiones\/\"]}]},{\"@type\":\"ImageObject\",\"inLanguage\":\"es\",\"@id\":\"https:\/\/www.noticiasradioreflejos.com.ar\/2021\/ruta-3-chocan-camioneta-con-2-camiones\/#primaryimage\",\"url\":\"https:\/\/live.staticflickr.com\/65535\/52089417116_353c93f91e_c.jpg\",\"contentUrl\":\"https:\/\/live.staticflickr.com\/65535\/52089417116_353c93f91e_c.jpg\"},{\"@type\":\"BreadcrumbList\",\"@id\":\"https:\/\/www.noticiasradioreflejos.com.ar\/2021\/ruta-3-chocan-camioneta-con-2-camiones\/#breadcrumb\",\"itemListElement\":[{\"@type\":\"ListItem\",\"position\":1,\"name\":\"Portada\",\"item\":\"https:\/\/www.noticiasradioreflejos.com.ar\/2021\/\"},{\"@type\":\"ListItem\",\"position\":2,\"name\":\"Ruta 3: Chocan camioneta con 2 cami\u00f3nes.\"}]},{\"@type\":\"WebSite\",\"@id\":\"https:\/\/www.noticiasradioreflejos.com.ar\/2021\/#website\",\"url\":\"https:\/\/www.noticiasradioreflejos.com.ar\/2021\/\",\"name\":\"Noticias Radio Reflejos\",\"description\":\"Las noticias de mi comarca\",\"potentialAction\":[{\"@type\":\"SearchAction\",\"target\":{\"@type\":\"EntryPoint\",\"urlTemplate\":\"https:\/\/www.noticiasradioreflejos.com.ar\/2021\/?s={search_term_string}\"},\"query-input\":{\"@type\":\"PropertyValueSpecification\",\"valueRequired\":true,\"valueName\":\"search_term_string\"}}],\"inLanguage\":\"es\"},{\"@type\":\"Person\",\"@id\":\"https:\/\/www.noticiasradioreflejos.com.ar\/2021\/#\/schema\/person\/ad82545263dcc5ec0996818884fd5fb1\",\"name\":\"Arnaldo Botto\",\"image\":{\"@type\":\"ImageObject\",\"inLanguage\":\"es\",\"@id\":\"https:\/\/www.noticiasradioreflejos.com.ar\/2021\/#\/schema\/person\/image\/\",\"url\":\"https:\/\/secure.gravatar.com\/avatar\/55cb5e37c1efa326397366e6974cb338056df65cb50e7d64d1cf314e87504837?s=96&d=mm&r=g\",\"contentUrl\":\"https:\/\/secure.gravatar.com\/avatar\/55cb5e37c1efa326397366e6974cb338056df65cb50e7d64d1cf314e87504837?s=96&d=mm&r=g\",\"caption\":\"Arnaldo Botto\"},\"url\":\"https:\/\/www.noticiasradioreflejos.com.ar\/2021\/author\/arnaldo\/\"}]}<\/script>\n<!-- \/ Yoast SEO plugin. -->","yoast_head_json":{"title":"Ruta 3: Chocan camioneta con 2 cami\u00f3nes. - Noticias Radio Reflejos","robots":{"index":"index","follow":"follow","max-snippet":"max-snippet:-1","max-image-preview":"max-image-preview:large","max-video-preview":"max-video-preview:-1"},"canonical":"https:\/\/www.noticiasradioreflejos.com.ar\/2021\/ruta-3-chocan-camioneta-con-2-camiones\/","og_locale":"es_ES","og_type":"article","og_title":"Ruta 3: Chocan camioneta con 2 cami\u00f3nes. - Noticias Radio Reflejos","og_description":"Defensa civil de Bah\u00eda Blanca\u00a0 informa que a las 15:22 hs aproximadamente se recibe un llamado desde el centro de despacho por accidente en ruta N 3 altura el Guanaco.","og_url":"https:\/\/www.noticiasradioreflejos.com.ar\/2021\/ruta-3-chocan-camioneta-con-2-camiones\/","og_site_name":"Noticias Radio Reflejos","article_published_time":"2022-05-21T20:12:56+00:00","og_image":[{"url":"https:\/\/live.staticflickr.com\/65535\/52089417116_353c93f91e_c.jpg","type":"","width":"","height":""}],"author":"Arnaldo Botto","twitter_card":"summary_large_image","schema":{"@context":"https:\/\/schema.org","@graph":[{"@type":"WebPage","@id":"https:\/\/www.noticiasradioreflejos.com.ar\/2021\/ruta-3-chocan-camioneta-con-2-camiones\/","url":"https:\/\/www.noticiasradioreflejos.com.ar\/2021\/ruta-3-chocan-camioneta-con-2-camiones\/","name":"Ruta 3: Chocan camioneta con 2 cami\u00f3nes. - Noticias Radio Reflejos","isPartOf":{"@id":"https:\/\/www.noticiasradioreflejos.com.ar\/2021\/#website"},"primaryImageOfPage":{"@id":"https:\/\/www.noticiasradioreflejos.com.ar\/2021\/ruta-3-chocan-camioneta-con-2-camiones\/#primaryimage"},"image":{"@id":"https:\/\/www.noticiasradioreflejos.com.ar\/2021\/ruta-3-chocan-camioneta-con-2-camiones\/#primaryimage"},"thumbnailUrl":"https:\/\/live.staticflickr.com\/65535\/52089417116_353c93f91e_c.jpg","datePublished":"2022-05-21T20:12:56+00:00","author":{"@id":"https:\/\/www.noticiasradioreflejos.com.ar\/2021\/#\/schema\/person\/ad82545263dcc5ec0996818884fd5fb1"},"breadcrumb":{"@id":"https:\/\/www.noticiasradioreflejos.com.ar\/2021\/ruta-3-chocan-camioneta-con-2-camiones\/#breadcrumb"},"inLanguage":"es","potentialAction":[{"@type":"ReadAction","target":["https:\/\/www.noticiasradioreflejos.com.ar\/2021\/ruta-3-chocan-camioneta-con-2-camiones\/"]}]},{"@type":"ImageObject","inLanguage":"es","@id":"https:\/\/www.noticiasradioreflejos.com.ar\/2021\/ruta-3-chocan-camioneta-con-2-camiones\/#primaryimage","url":"https:\/\/live.staticflickr.com\/65535\/52089417116_353c93f91e_c.jpg","contentUrl":"https:\/\/live.staticflickr.com\/65535\/52089417116_353c93f91e_c.jpg"},{"@type":"BreadcrumbList","@id":"https:\/\/www.noticiasradioreflejos.com.ar\/2021\/ruta-3-chocan-camioneta-con-2-camiones\/#breadcrumb","itemListElement":[{"@type":"ListItem","position":1,"name":"Portada","item":"https:\/\/www.noticiasradioreflejos.com.ar\/2021\/"},{"@type":"ListItem","position":2,"name":"Ruta 3: Chocan camioneta con 2 cami\u00f3nes."}]},{"@type":"WebSite","@id":"https:\/\/www.noticiasradioreflejos.com.ar\/2021\/#website","url":"https:\/\/www.noticiasradioreflejos.com.ar\/2021\/","name":"Noticias Radio Reflejos","description":"Las noticias de mi comarca","potentialAction":[{"@type":"SearchAction","target":{"@type":"EntryPoint","urlTemplate":"https:\/\/www.noticiasradioreflejos.com.ar\/2021\/?s={search_term_string}"},"query-input":{"@type":"PropertyValueSpecification","valueRequired":true,"valueName":"search_term_string"}}],"inLanguage":"es"},{"@type":"Person","@id":"https:\/\/www.noticiasradioreflejos.com.ar\/2021\/#\/schema\/person\/ad82545263dcc5ec0996818884fd5fb1","name":"Arnaldo Botto","image":{"@type":"ImageObject","inLanguage":"es","@id":"https:\/\/www.noticiasradioreflejos.com.ar\/2021\/#\/schema\/person\/image\/","url":"https:\/\/secure.gravatar.com\/avatar\/55cb5e37c1efa326397366e6974cb338056df65cb50e7d64d1cf314e87504837?s=96&d=mm&r=g","contentUrl":"https:\/\/secure.gravatar.com\/avatar\/55cb5e37c1efa326397366e6974cb338056df65cb50e7d64d1cf314e87504837?s=96&d=mm&r=g","caption":"Arnaldo Botto"},"url":"https:\/\/www.noticiasradioreflejos.com.ar\/2021\/author\/arnaldo\/"}]}},"_links":{"self":[{"href":"https:\/\/www.noticiasradioreflejos.com.ar\/2021\/wp-json\/wp\/v2\/posts\/72368","targetHints":{"allow":["GET"]}}],"collection":[{"href":"https:\/\/www.noticiasradioreflejos.com.ar\/2021\/wp-json\/wp\/v2\/posts"}],"about":[{"href":"https:\/\/www.noticiasradioreflejos.com.ar\/2021\/wp-json\/wp\/v2\/types\/post"}],"author":[{"embeddable":true,"href":"https:\/\/www.noticiasradioreflejos.com.ar\/2021\/wp-json\/wp\/v2\/users\/3"}],"replies":[{"embeddable":true,"href":"https:\/\/www.noticiasradioreflejos.com.ar\/2021\/wp-json\/wp\/v2\/comments?post=72368"}],"version-history":[{"count":1,"href":"https:\/\/www.noticiasradioreflejos.com.ar\/2021\/wp-json\/wp\/v2\/posts\/72368\/revisions"}],"predecessor-version":[{"id":72370,"href":"https:\/\/www.noticiasradioreflejos.com.ar\/2021\/wp-json\/wp\/v2\/posts\/72368\/revisions\/72370"}],"wp:attachment":[{"href":"https:\/\/www.noticiasradioreflejos.com.ar\/2021\/wp-json\/wp\/v2\/media?parent=72368"}],"wp:term":[{"taxonomy":"category","embeddable":true,"href":"https:\/\/www.noticiasradioreflejos.com.ar\/2021\/wp-json\/wp\/v2\/categories?post=72368"},{"taxonomy":"post_tag","embeddable":true,"href":"https:\/\/www.noticiasradioreflejos.com.ar\/2021\/wp-json\/wp\/v2\/tags?post=72368"}],"curies":[{"name":"wp","href":"https:\/\/api.w.org\/{rel}","templated":true}]}}