{"id":72365,"date":"2022-05-21T18:45:26","date_gmt":"2022-05-21T18:45:26","guid":{"rendered":"http:\/\/www.noticiasradioreflejos.com.ar\/2021\/?p=72365"},"modified":"2022-05-21T18:47:06","modified_gmt":"2022-05-21T18:47:06","slug":"inmigracion-y-envejecimiento-dos-claves-para-explicar-el-aumento-de-habitantes","status":"publish","type":"post","link":"https:\/\/www.noticiasradioreflejos.com.ar\/2021\/inmigracion-y-envejecimiento-dos-claves-para-explicar-el-aumento-de-habitantes\/","title":{"rendered":"Inmigraci\u00f3n y envejecimiento, dos claves para explicar el aumento de habitantes"},"content":{"rendered":"<p>A pesar de que se registra un descenso en la tasa de natalidad, los resultados previsorios difundidos por el Indec muestran un aumento de la poblaci\u00f3n del 18% en relaci\u00f3n a 2010. Especialistas en demograf\u00eda aseguraron en di\u00e1logo con T\u00e9lam que dicho crecimiento es \u00abpositivo y moderado\u00bb.<!--more--><\/p>\n<figure class=\"mb-3\"><img decoding=\"async\" src=\"https:\/\/www.telam.com.ar\/thumbs\/bluesteel\/advf\/imagenes\/2022\/05\/62857a991f8b8_900.jpg\" alt=\"De acuerdo con los primeros resultados provisorios del Censo 2022 la poblacin argentina es de 47327407 personas Foto Sebastin Granata\" width=\"100%\" height=\"100%\" \/><\/p>\n<div class=\"media-icons\"><\/div><figcaption>De acuerdo con los primeros resultados provisorios del Censo 2022 la poblaci\u00f3n argentina es de 47.327.407 personas \/ Foto: Sebasti\u00e1n Granata.<\/figcaption><\/figure>\n<p>El crecimiento de la poblaci\u00f3n argentina es \u00abpositivo y moderado\u00bb, a pesar de que se registra un descenso en la tasa de natalidad, aseguraron especialistas en demograf\u00eda a T\u00e9lam en base a los resultados provisorios del Censo Nacional 2022, que arrojaron un aumento de casi 18% en relaci\u00f3n a 2010, lo que puede explicarse por la influencia de la inmigraci\u00f3n y el proceso de envejecimiento.<\/p>\n<p>\u00abEs un crecimiento moderado propio de la tendencia que ten\u00eda Argentina ya de largo plazo, y es un crecimiento positivo en el sentido de que permite alargar el proceso de envejecimiento\u00bb, explic\u00f3 a T\u00e9lam Leandro Gonz\u00e1lez, doctor en demograf\u00eda e investigador del Conicet.<\/p>\n<p>\u00abEl envejecimiento de la poblaci\u00f3n se refiere a que gradualmente va habiendo m\u00e1s poblaci\u00f3n adulta y anciana, y cuando hay un crecimiento de la poblaci\u00f3n moderado como el nuestro ese proceso se hace m\u00e1s lento\u00bb, continu\u00f3 el profesor de la Universidad Nacional de C\u00f3rdoba (UNC).<\/p>\n<blockquote class=\"twitter-tweet\" data-width=\"500\" data-dnt=\"true\">\n<p lang=\"es\" dir=\"ltr\">Somos 47.327.407, seg\u00fan la tendencia del operativo de campo del <a href=\"https:\/\/twitter.com\/Censo2022?ref_src=twsrc%5Etfw\">@Censo2022<\/a>. \u00bfQu\u00e9 hago si no recib\u00ed la visita de mi censista? Te contamos todas las opciones en <a href=\"https:\/\/twitter.com\/hashtag\/podcastINDEC?src=hash&amp;ref_src=twsrc%5Etfw\">#podcastINDEC<\/a> y, como siempre, las estad\u00edsticas de la semana: <a href=\"https:\/\/t.co\/ZMb5tmwarG\">https:\/\/t.co\/ZMb5tmwarG<\/a> <a href=\"https:\/\/t.co\/NJMT2U6urW\">pic.twitter.com\/NJMT2U6urW<\/a><\/p>\n<p>&mdash; INDEC Argentina (@INDECArgentina) <a href=\"https:\/\/twitter.com\/INDECArgentina\/status\/1527752692809998336?ref_src=twsrc%5Etfw\">May 20, 2022<\/a><\/p><\/blockquote>\n<p><script async src=\"https:\/\/platform.twitter.com\/widgets.js\" charset=\"utf-8\"><\/script><\/p>\n<p>Provisorios del Censo 2022 difundidos la noche del jueves por el Instituto Nacional de Estad\u00edstica y Censos (Indec), la poblaci\u00f3n argentina es de<strong>\u00a047.327.407 personas<\/strong>, con\u00a0<strong>un crecimiento de casi 18%\u00a0<\/strong>sobre el relevamiento anterior realizado hace 12 a\u00f1os.<\/p>\n<p>Del total de la poblaci\u00f3n actual , el\u00a0<strong>47,05% son varones\u00a0<\/strong>y el\u00a0<strong>52,83% mujeres<\/strong>, mientras el<strong>\u00a00,12% no fue asociado a ninguno de esos dos sexos<\/strong>.<\/p>\n<figure class=\"mb-3\"><img decoding=\"async\" src=\"https:\/\/www.telam.com.ar\/thumbs\/bluesteel\/advf\/imagenes\/2022\/05\/628562b06d3c7_900.jpg\" alt=\"Foto Daniel Dabove\" width=\"100%\" height=\"100%\" \/><\/p>\n<div class=\"media-icons\"><\/div><figcaption>Foto: Daniel Dabove.<\/figcaption><\/figure>\n<p>Para Gonz\u00e1lez, el crecimiento moderado de la poblaci\u00f3n es \u00abpositivo porque les da m\u00e1s tiempo a los gobiernos para hacer las previsiones de\u00a0<strong>pol\u00edticas de salud y de previsi\u00f3n social<\/strong>\u00a0tendientes a financiar y atender a la poblaci\u00f3n anciana que va a ser creciente en el tiempo\u00bb.<\/p>\n<p>A su vez, el investigador indic\u00f3 que este crecimiento fue superior a lo que esperaban las proyecciones del Indec, que estimaban para este a\u00f1o una poblaci\u00f3n de 46.234.830 personas.<\/p>\n<p>\u00abPuede parecer mucha poblaci\u00f3n un mill\u00f3n m\u00e1s de lo esperado, pero igual estamos en el orden de un 2 a un 5% de diferencia entre el resultado y las previsiones, as\u00ed que son porcentajes relativamente bajos que est\u00e1n dentro de los m\u00e1rgenes de error previsibles\u00bb, detall\u00f3.<\/p>\n<p>Respecto a las razones de este aumento, Gonz\u00e1lez aclar\u00f3 que\u00a0<strong>\u00abdeber\u00edamos esperar a tener m\u00e1s informaci\u00f3n computada por el Indec para ver si el crecimiento de la poblaci\u00f3n est\u00e1 dado por los inmigrantes internacionales\u00bb<\/strong>.<\/p>\n<p>Sobre este punto, ampli\u00f3: \u00abLas poblaciones crecen b\u00e1sicamente por los nacimientos, y los nacimientos en Argentina vienen en una tendencia en descenso desde el a\u00f1o 2015, entonces ser\u00eda raro que haya habido un aumento fuerte de nacimientos el a\u00f1o pasado que explicara esta diferencia\u00bb.<\/p>\n<blockquote class=\"\"><p>\u00abSi hay crecimiento por inmigrantes, generalmente vienen en edades j\u00f3venes y refuerzan la masa laboral del mercado de trabajo\u00bb<cite class=\"author\">Leandro Gonz\u00e1lez, doctor en demograf\u00eda e investigador del Conicet<\/cite><\/p><\/blockquote>\n<p>\u00abCuando se procese la informaci\u00f3n del lugar de residencia y de nacimientos tal vez podr\u00edamos tener una pista que explique este crecimiento\u00bb, a\u00f1adi\u00f3 el dem\u00f3grafo del Centro de Investigaciones y Estudios sobre Cultura y Sociedad (Ciecs) dependiente del Conicet y la UNC.<\/p>\n<p>El investigador afirm\u00f3 que \u00absi hay crecimiento por inmigrantes, generalmente vienen en edades j\u00f3venes y refuerzan la masa laboral del mercado de trabajo\u00bb, y remarc\u00f3 que\u00a0<strong>\u00abtoda la poblaci\u00f3n activa sostiene a la poblaci\u00f3n anciana\u00bb<\/strong>.<\/p>\n<p>Si bien nuestro pa\u00eds no presenta una poblaci\u00f3n envejecida como en el caso de Cuba o Uruguay, Gonz\u00e1lez indic\u00f3 que \u00abestamos en proceso de envejecimiento, pero no en un grado marcado, lo cual da tiempo para planificar cambios de pol\u00edticas\u00bb.<\/p>\n<p>Sobre la diferencia entre la cantidad de varones y mujeres, explic\u00f3 que muestra una \u00abrelaci\u00f3n normal\u00bb en comparaci\u00f3n al censo anterior, pero se puede observar un \u00abpeque\u00f1o crecimiento porcentual a favor de las mujeres\u00bb.<\/p>\n<p>\u00abNaturalmente las mujeres tienen una esperanza de vida mayor que los varones y aqu\u00ed podr\u00edamos sospechar que la pandemia pudo haber aportado a este crecimiento porcentual porque hubo m\u00e1s mortalidad en varones que en mujeres\u00bb, precis\u00f3.<\/p>\n<blockquote class=\"\"><p>\u00abEstamos en proceso de envejecimiento, pero no en un grado marcado, lo cual da tiempo para planificar cambios de pol\u00edticas\u00bb<cite class=\"author\">Leandro Gonz\u00e1lez, doctor en demograf\u00eda e investigador del Conicet<\/cite><\/p><\/blockquote>\n<p>En ese sentido, la investigadora del \u00e1rea de Estudios Migratorios del Instituto Gino Germani, Victoria Mazzeo, coincidi\u00f3 en que el crecimiento poblacional con respecto a las previsiones del Indec fue \u00abm\u00e1s o menos elevado, con un mill\u00f3n de personas m\u00e1s\u00bb.<\/p>\n<p>\u00abSi analizamos el<strong>\u00a0crecimiento vegetativo<\/strong>\u00a0(la diferencia entre natalidad y mortalidad) no es tan alto;\u00a0<strong>la mortalidad se mantiene estable y la natalidad viene descendiendo desde 2015<\/strong>. En 2019 la tasa (de nacimientos) fue del 13,9 (por mil habitantes) y en 2020, 11,8&#8243;, explic\u00f3 la doctora en Ciencias Sociales y Magister en Demograf\u00eda Social.<\/p>\n<figure class=\"mb-3\"><img decoding=\"async\" src=\"https:\/\/www.telam.com.ar\/thumbs\/bluesteel\/advf\/imagenes\/2022\/05\/62857a98dc231_900.jpg\" alt=\"Foto Sebastin Granata\" width=\"100%\" height=\"100%\" \/><\/p>\n<div class=\"media-icons\"><\/div><figcaption>Foto: Sebasti\u00e1n Granata.<\/figcaption><\/figure>\n<p>Para Mazzeo, el crecimiento poblacional de casi 18 por ciento se puede vincular con dos aspectos. \u00abPor el crecimiento migratorio o debido a un sobre registro en base a la mayor captaci\u00f3n de personas que pudieron acceder a ser censados a trav\u00e9s de la nueva metodolog\u00eda digital\u00bb que el Indec utiliz\u00f3 por primera vez en esta edici\u00f3n censal.<\/p>\n<p>La investigadora resalt\u00f3 que\u00a0<strong>\u00abfue importante la cantidad de personas que se censaron digitalmente\u00bb<\/strong>, un total de 23.813.773, seg\u00fan precis\u00f3 el Indec.<\/p>\n<blockquote class=\"\"><p>\u00abLos resultados del Censo sirven para saber c\u00f3mo somos en un momento dado, para tener una idea del tipo de poblaci\u00f3n, hacer buenas pol\u00edticas p\u00fablicas y saber a qu\u00e9 poblaciones dirigirla\u00bb<cite class=\"author\">Victoria Mazzeo,\u00a0investigadora del Instituto Gino Germani<\/cite><\/p><\/blockquote>\n<p>En ese punto, la investigadora remarc\u00f3 la importancia de obtener los datos de un Censo Nacional para determinar si hay m\u00e1s migrantes \u00abporque habitualmente no se tiene datos continuos, solo entradas y salidas al pa\u00eds, y si se cruzan estos datos censales con los del 2010, eso se va a saber\u00bb.<\/p>\n<p>Finalmente, Mazzeo destac\u00f3 que la importancia de los resultados del Censo radica en \u00absaber c\u00f3mo somos en un momento dado, para tener una idea del tipo de poblaci\u00f3n, hacer buenas pol\u00edticas p\u00fablicas y saber a qu\u00e9 poblaciones dirigirlas y d\u00f3nde est\u00e1n ubicadas\u00bb.<\/p>\n<p><strong>\u00abEs un relevamiento universal, en un mismo momento en todo el pa\u00eds, distinto a algunas encuestas que no toman la poblaci\u00f3n rural\u00bb<\/strong>, concluy\u00f3.<\/p>\n","protected":false},"excerpt":{"rendered":"<p>A pesar de que se registra un descenso en la tasa de natalidad, los resultados previsorios difundidos por el Indec muestran un aumento de la poblaci\u00f3n del 18% en relaci\u00f3n a 2010. Especialistas en demograf\u00eda aseguraron en di\u00e1logo con T\u00e9lam que dicho crecimiento es \u00abpositivo y moderado\u00bb.<\/p>\n","protected":false},"author":3,"featured_media":0,"comment_status":"closed","ping_status":"closed","sticky":false,"template":"","format":"standard","meta":{"footnotes":""},"categories":[58,24,26],"tags":[],"class_list":["post-72365","post","type-post","status-publish","format-standard","hentry","category-gobierno","category-politica","category-sociedad"],"yoast_head":"<!-- This site is optimized with the Yoast SEO plugin v25.9 - https:\/\/yoast.com\/wordpress\/plugins\/seo\/ -->\n<title>Inmigraci\u00f3n y envejecimiento, dos claves para explicar el aumento de habitantes - Noticias Radio Reflejos<\/title>\n<meta name=\"robots\" content=\"index, follow, max-snippet:-1, max-image-preview:large, max-video-preview:-1\" \/>\n<link rel=\"canonical\" href=\"https:\/\/www.noticiasradioreflejos.com.ar\/2021\/inmigracion-y-envejecimiento-dos-claves-para-explicar-el-aumento-de-habitantes\/\" \/>\n<meta property=\"og:locale\" content=\"es_ES\" \/>\n<meta property=\"og:type\" content=\"article\" \/>\n<meta property=\"og:title\" content=\"Inmigraci\u00f3n y envejecimiento, dos claves para explicar el aumento de habitantes - Noticias Radio Reflejos\" \/>\n<meta property=\"og:description\" content=\"A pesar de que se registra un descenso en la tasa de natalidad, los resultados previsorios difundidos por el Indec muestran un aumento de la poblaci\u00f3n del 18% en relaci\u00f3n a 2010. Especialistas en demograf\u00eda aseguraron en di\u00e1logo con T\u00e9lam que dicho crecimiento es \u00abpositivo y moderado\u00bb.\" \/>\n<meta property=\"og:url\" content=\"https:\/\/www.noticiasradioreflejos.com.ar\/2021\/inmigracion-y-envejecimiento-dos-claves-para-explicar-el-aumento-de-habitantes\/\" \/>\n<meta property=\"og:site_name\" content=\"Noticias Radio Reflejos\" \/>\n<meta property=\"article:published_time\" content=\"2022-05-21T18:45:26+00:00\" \/>\n<meta property=\"article:modified_time\" content=\"2022-05-21T18:47:06+00:00\" \/>\n<meta property=\"og:image\" content=\"https:\/\/www.telam.com.ar\/thumbs\/bluesteel\/advf\/imagenes\/2022\/05\/62857a991f8b8_900.jpg\" \/>\n<meta name=\"author\" content=\"Arnaldo Botto\" \/>\n<meta name=\"twitter:card\" content=\"summary_large_image\" \/>\n<script type=\"application\/ld+json\" class=\"yoast-schema-graph\">{\"@context\":\"https:\/\/schema.org\",\"@graph\":[{\"@type\":\"WebPage\",\"@id\":\"https:\/\/www.noticiasradioreflejos.com.ar\/2021\/inmigracion-y-envejecimiento-dos-claves-para-explicar-el-aumento-de-habitantes\/\",\"url\":\"https:\/\/www.noticiasradioreflejos.com.ar\/2021\/inmigracion-y-envejecimiento-dos-claves-para-explicar-el-aumento-de-habitantes\/\",\"name\":\"Inmigraci\u00f3n y envejecimiento, dos claves para explicar el aumento de habitantes - Noticias Radio Reflejos\",\"isPartOf\":{\"@id\":\"https:\/\/www.noticiasradioreflejos.com.ar\/2021\/#website\"},\"primaryImageOfPage\":{\"@id\":\"https:\/\/www.noticiasradioreflejos.com.ar\/2021\/inmigracion-y-envejecimiento-dos-claves-para-explicar-el-aumento-de-habitantes\/#primaryimage\"},\"image\":{\"@id\":\"https:\/\/www.noticiasradioreflejos.com.ar\/2021\/inmigracion-y-envejecimiento-dos-claves-para-explicar-el-aumento-de-habitantes\/#primaryimage\"},\"thumbnailUrl\":\"https:\/\/www.telam.com.ar\/thumbs\/bluesteel\/advf\/imagenes\/2022\/05\/62857a991f8b8_900.jpg\",\"datePublished\":\"2022-05-21T18:45:26+00:00\",\"dateModified\":\"2022-05-21T18:47:06+00:00\",\"author\":{\"@id\":\"https:\/\/www.noticiasradioreflejos.com.ar\/2021\/#\/schema\/person\/ad82545263dcc5ec0996818884fd5fb1\"},\"breadcrumb\":{\"@id\":\"https:\/\/www.noticiasradioreflejos.com.ar\/2021\/inmigracion-y-envejecimiento-dos-claves-para-explicar-el-aumento-de-habitantes\/#breadcrumb\"},\"inLanguage\":\"es\",\"potentialAction\":[{\"@type\":\"ReadAction\",\"target\":[\"https:\/\/www.noticiasradioreflejos.com.ar\/2021\/inmigracion-y-envejecimiento-dos-claves-para-explicar-el-aumento-de-habitantes\/\"]}]},{\"@type\":\"ImageObject\",\"inLanguage\":\"es\",\"@id\":\"https:\/\/www.noticiasradioreflejos.com.ar\/2021\/inmigracion-y-envejecimiento-dos-claves-para-explicar-el-aumento-de-habitantes\/#primaryimage\",\"url\":\"https:\/\/www.telam.com.ar\/thumbs\/bluesteel\/advf\/imagenes\/2022\/05\/62857a991f8b8_900.jpg\",\"contentUrl\":\"https:\/\/www.telam.com.ar\/thumbs\/bluesteel\/advf\/imagenes\/2022\/05\/62857a991f8b8_900.jpg\"},{\"@type\":\"BreadcrumbList\",\"@id\":\"https:\/\/www.noticiasradioreflejos.com.ar\/2021\/inmigracion-y-envejecimiento-dos-claves-para-explicar-el-aumento-de-habitantes\/#breadcrumb\",\"itemListElement\":[{\"@type\":\"ListItem\",\"position\":1,\"name\":\"Portada\",\"item\":\"https:\/\/www.noticiasradioreflejos.com.ar\/2021\/\"},{\"@type\":\"ListItem\",\"position\":2,\"name\":\"Inmigraci\u00f3n y envejecimiento, dos claves para explicar el aumento de habitantes\"}]},{\"@type\":\"WebSite\",\"@id\":\"https:\/\/www.noticiasradioreflejos.com.ar\/2021\/#website\",\"url\":\"https:\/\/www.noticiasradioreflejos.com.ar\/2021\/\",\"name\":\"Noticias Radio Reflejos\",\"description\":\"Las noticias de mi comarca\",\"potentialAction\":[{\"@type\":\"SearchAction\",\"target\":{\"@type\":\"EntryPoint\",\"urlTemplate\":\"https:\/\/www.noticiasradioreflejos.com.ar\/2021\/?s={search_term_string}\"},\"query-input\":{\"@type\":\"PropertyValueSpecification\",\"valueRequired\":true,\"valueName\":\"search_term_string\"}}],\"inLanguage\":\"es\"},{\"@type\":\"Person\",\"@id\":\"https:\/\/www.noticiasradioreflejos.com.ar\/2021\/#\/schema\/person\/ad82545263dcc5ec0996818884fd5fb1\",\"name\":\"Arnaldo Botto\",\"image\":{\"@type\":\"ImageObject\",\"inLanguage\":\"es\",\"@id\":\"https:\/\/www.noticiasradioreflejos.com.ar\/2021\/#\/schema\/person\/image\/\",\"url\":\"https:\/\/secure.gravatar.com\/avatar\/55cb5e37c1efa326397366e6974cb338056df65cb50e7d64d1cf314e87504837?s=96&d=mm&r=g\",\"contentUrl\":\"https:\/\/secure.gravatar.com\/avatar\/55cb5e37c1efa326397366e6974cb338056df65cb50e7d64d1cf314e87504837?s=96&d=mm&r=g\",\"caption\":\"Arnaldo Botto\"},\"url\":\"https:\/\/www.noticiasradioreflejos.com.ar\/2021\/author\/arnaldo\/\"}]}<\/script>\n<!-- \/ Yoast SEO plugin. -->","yoast_head_json":{"title":"Inmigraci\u00f3n y envejecimiento, dos claves para explicar el aumento de habitantes - Noticias Radio Reflejos","robots":{"index":"index","follow":"follow","max-snippet":"max-snippet:-1","max-image-preview":"max-image-preview:large","max-video-preview":"max-video-preview:-1"},"canonical":"https:\/\/www.noticiasradioreflejos.com.ar\/2021\/inmigracion-y-envejecimiento-dos-claves-para-explicar-el-aumento-de-habitantes\/","og_locale":"es_ES","og_type":"article","og_title":"Inmigraci\u00f3n y envejecimiento, dos claves para explicar el aumento de habitantes - Noticias Radio Reflejos","og_description":"A pesar de que se registra un descenso en la tasa de natalidad, los resultados previsorios difundidos por el Indec muestran un aumento de la poblaci\u00f3n del 18% en relaci\u00f3n a 2010. Especialistas en demograf\u00eda aseguraron en di\u00e1logo con T\u00e9lam que dicho crecimiento es \u00abpositivo y moderado\u00bb.","og_url":"https:\/\/www.noticiasradioreflejos.com.ar\/2021\/inmigracion-y-envejecimiento-dos-claves-para-explicar-el-aumento-de-habitantes\/","og_site_name":"Noticias Radio Reflejos","article_published_time":"2022-05-21T18:45:26+00:00","article_modified_time":"2022-05-21T18:47:06+00:00","og_image":[{"url":"https:\/\/www.telam.com.ar\/thumbs\/bluesteel\/advf\/imagenes\/2022\/05\/62857a991f8b8_900.jpg","type":"","width":"","height":""}],"author":"Arnaldo Botto","twitter_card":"summary_large_image","schema":{"@context":"https:\/\/schema.org","@graph":[{"@type":"WebPage","@id":"https:\/\/www.noticiasradioreflejos.com.ar\/2021\/inmigracion-y-envejecimiento-dos-claves-para-explicar-el-aumento-de-habitantes\/","url":"https:\/\/www.noticiasradioreflejos.com.ar\/2021\/inmigracion-y-envejecimiento-dos-claves-para-explicar-el-aumento-de-habitantes\/","name":"Inmigraci\u00f3n y envejecimiento, dos claves para explicar el aumento de habitantes - Noticias Radio Reflejos","isPartOf":{"@id":"https:\/\/www.noticiasradioreflejos.com.ar\/2021\/#website"},"primaryImageOfPage":{"@id":"https:\/\/www.noticiasradioreflejos.com.ar\/2021\/inmigracion-y-envejecimiento-dos-claves-para-explicar-el-aumento-de-habitantes\/#primaryimage"},"image":{"@id":"https:\/\/www.noticiasradioreflejos.com.ar\/2021\/inmigracion-y-envejecimiento-dos-claves-para-explicar-el-aumento-de-habitantes\/#primaryimage"},"thumbnailUrl":"https:\/\/www.telam.com.ar\/thumbs\/bluesteel\/advf\/imagenes\/2022\/05\/62857a991f8b8_900.jpg","datePublished":"2022-05-21T18:45:26+00:00","dateModified":"2022-05-21T18:47:06+00:00","author":{"@id":"https:\/\/www.noticiasradioreflejos.com.ar\/2021\/#\/schema\/person\/ad82545263dcc5ec0996818884fd5fb1"},"breadcrumb":{"@id":"https:\/\/www.noticiasradioreflejos.com.ar\/2021\/inmigracion-y-envejecimiento-dos-claves-para-explicar-el-aumento-de-habitantes\/#breadcrumb"},"inLanguage":"es","potentialAction":[{"@type":"ReadAction","target":["https:\/\/www.noticiasradioreflejos.com.ar\/2021\/inmigracion-y-envejecimiento-dos-claves-para-explicar-el-aumento-de-habitantes\/"]}]},{"@type":"ImageObject","inLanguage":"es","@id":"https:\/\/www.noticiasradioreflejos.com.ar\/2021\/inmigracion-y-envejecimiento-dos-claves-para-explicar-el-aumento-de-habitantes\/#primaryimage","url":"https:\/\/www.telam.com.ar\/thumbs\/bluesteel\/advf\/imagenes\/2022\/05\/62857a991f8b8_900.jpg","contentUrl":"https:\/\/www.telam.com.ar\/thumbs\/bluesteel\/advf\/imagenes\/2022\/05\/62857a991f8b8_900.jpg"},{"@type":"BreadcrumbList","@id":"https:\/\/www.noticiasradioreflejos.com.ar\/2021\/inmigracion-y-envejecimiento-dos-claves-para-explicar-el-aumento-de-habitantes\/#breadcrumb","itemListElement":[{"@type":"ListItem","position":1,"name":"Portada","item":"https:\/\/www.noticiasradioreflejos.com.ar\/2021\/"},{"@type":"ListItem","position":2,"name":"Inmigraci\u00f3n y envejecimiento, dos claves para explicar el aumento de habitantes"}]},{"@type":"WebSite","@id":"https:\/\/www.noticiasradioreflejos.com.ar\/2021\/#website","url":"https:\/\/www.noticiasradioreflejos.com.ar\/2021\/","name":"Noticias Radio Reflejos","description":"Las noticias de mi comarca","potentialAction":[{"@type":"SearchAction","target":{"@type":"EntryPoint","urlTemplate":"https:\/\/www.noticiasradioreflejos.com.ar\/2021\/?s={search_term_string}"},"query-input":{"@type":"PropertyValueSpecification","valueRequired":true,"valueName":"search_term_string"}}],"inLanguage":"es"},{"@type":"Person","@id":"https:\/\/www.noticiasradioreflejos.com.ar\/2021\/#\/schema\/person\/ad82545263dcc5ec0996818884fd5fb1","name":"Arnaldo Botto","image":{"@type":"ImageObject","inLanguage":"es","@id":"https:\/\/www.noticiasradioreflejos.com.ar\/2021\/#\/schema\/person\/image\/","url":"https:\/\/secure.gravatar.com\/avatar\/55cb5e37c1efa326397366e6974cb338056df65cb50e7d64d1cf314e87504837?s=96&d=mm&r=g","contentUrl":"https:\/\/secure.gravatar.com\/avatar\/55cb5e37c1efa326397366e6974cb338056df65cb50e7d64d1cf314e87504837?s=96&d=mm&r=g","caption":"Arnaldo Botto"},"url":"https:\/\/www.noticiasradioreflejos.com.ar\/2021\/author\/arnaldo\/"}]}},"_links":{"self":[{"href":"https:\/\/www.noticiasradioreflejos.com.ar\/2021\/wp-json\/wp\/v2\/posts\/72365","targetHints":{"allow":["GET"]}}],"collection":[{"href":"https:\/\/www.noticiasradioreflejos.com.ar\/2021\/wp-json\/wp\/v2\/posts"}],"about":[{"href":"https:\/\/www.noticiasradioreflejos.com.ar\/2021\/wp-json\/wp\/v2\/types\/post"}],"author":[{"embeddable":true,"href":"https:\/\/www.noticiasradioreflejos.com.ar\/2021\/wp-json\/wp\/v2\/users\/3"}],"replies":[{"embeddable":true,"href":"https:\/\/www.noticiasradioreflejos.com.ar\/2021\/wp-json\/wp\/v2\/comments?post=72365"}],"version-history":[{"count":1,"href":"https:\/\/www.noticiasradioreflejos.com.ar\/2021\/wp-json\/wp\/v2\/posts\/72365\/revisions"}],"predecessor-version":[{"id":72366,"href":"https:\/\/www.noticiasradioreflejos.com.ar\/2021\/wp-json\/wp\/v2\/posts\/72365\/revisions\/72366"}],"wp:attachment":[{"href":"https:\/\/www.noticiasradioreflejos.com.ar\/2021\/wp-json\/wp\/v2\/media?parent=72365"}],"wp:term":[{"taxonomy":"category","embeddable":true,"href":"https:\/\/www.noticiasradioreflejos.com.ar\/2021\/wp-json\/wp\/v2\/categories?post=72365"},{"taxonomy":"post_tag","embeddable":true,"href":"https:\/\/www.noticiasradioreflejos.com.ar\/2021\/wp-json\/wp\/v2\/tags?post=72365"}],"curies":[{"name":"wp","href":"https:\/\/api.w.org\/{rel}","templated":true}]}}