{"id":72361,"date":"2022-05-21T18:41:46","date_gmt":"2022-05-21T18:41:46","guid":{"rendered":"http:\/\/www.noticiasradioreflejos.com.ar\/2021\/?p=72361"},"modified":"2022-05-21T18:41:46","modified_gmt":"2022-05-21T18:41:46","slug":"la-inversion-acumula-seis-trimestres-consecutivos-de-crecimiento","status":"publish","type":"post","link":"https:\/\/www.noticiasradioreflejos.com.ar\/2021\/la-inversion-acumula-seis-trimestres-consecutivos-de-crecimiento\/","title":{"rendered":"La inversi\u00f3n acumula seis trimestres consecutivos de crecimiento"},"content":{"rendered":"<p>Esta suba sostenida fue impulsada por la construcci\u00f3n y maquinaria agr\u00edcola, en lo que ya se considera un \u00abcrecimiento genuino\u00bb y no solamente un \u00abrebote\u00bb, seg\u00fan coinciden consultoras y titulares de las c\u00e1maras de ambos sectores.<!--more--><\/p>\n<p>&nbsp;<\/p>\n<div class=\"name\">POR MARCELO B\u00c1TIZ<\/div>\n<div class=\"time\"><\/div>\n<div>\n<div class=\"wrapper-editable-content\">\n<div>\n<div class=\"container-md\">\n<div class=\"row\">\n<div class=\"col-md-12 speak\">\n<div class=\"paragraph\">\n<figure class=\"mb-3\"><img decoding=\"async\" src=\"https:\/\/www.telam.com.ar\/thumbs\/bluesteel\/advf\/imagenes\/2022\/05\/6273acbf980dd_900.jpg\" alt=\"El sector de la construccin est traccionado por la obra pblica y los pequeos emprendimientos privados\" width=\"100%\" height=\"100%\" \/><\/p>\n<div class=\"media-icons\"><\/div><figcaption>El sector de la construcci\u00f3n est\u00e1 traccionado por la obra p\u00fablica y los peque\u00f1os emprendimientos privados.<\/figcaption><\/figure>\n<p>La inversi\u00f3n bruta fija (IBF) lleva seis trimestres consecutivos de crecimiento interanual impulsada por los sectores de la construcci\u00f3n y de la maquinaria agr\u00edcola, en lo que ya se considera un \u00abcrecimiento genuino\u00bb y no solamente un \u00abrebote\u00bb en relaci\u00f3n con la ca\u00edda de los inicios de la pandemia.<\/p>\n<p>As\u00ed lo sostuvo en declaraciones a T\u00e9lam\u00a0<strong>el economista Orlando Ferreres,<\/strong>\u00a0presidente de la consultora hom\u00f3nima, en\u00a0<strong>un an\u00e1lisis avalado por los titulares de las c\u00e1maras de los dos sectores se\u00f1alados, como Gustavo Weiss (C\u00e1mara Argentina de la Construcci\u00f3n) y Eduardo Borri (C\u00e1mara Argentina Fabricantes de Maquinaria Agr\u00edcola).<\/strong><\/p>\n<p>Ferreres, quien fuera secretario de Programaci\u00f3n Econ\u00f3mica del ministro N\u00e9stor Rapanelli en 1989, sostuvo que \u00ab<strong>hay un crecimiento genuino de la inversi\u00f3n\u00bb basado en un aumento de la demanda<\/strong>,\u00a0<strong>y alentado\u00a0<\/strong>a su vez por lo que caracteriz\u00f3 como\u00a0<strong>\u00abuna especie de subsidio indirecto\u00bb\u00a0<\/strong>representado por la brecha entre los diferentes tipos de cambio.<\/p>\n<p>Esa diferencia, indic\u00f3, impulsa la importaci\u00f3n de bienes de capital, un fen\u00f3meno que se atenu\u00f3 en parte por los efectos de la invasi\u00f3n rusa a Ucrania en el costo del transporte y la utilizaci\u00f3n de los contenedores.<\/p>\n<p>Si bien el n<strong>ivel cercano al 20% del Producto Bruto Interno (PBI) a\u00fan est\u00e1 por debajo del \u00abdeseable\u00bb del 25%<\/strong>, el economista advirti\u00f3 que el porcentaje es \u00abbastante importante\u00bb si se considera la baja del consumo respecto de a\u00f1os anteriores.<\/p>\n<figure class=\"mb-3\"><img decoding=\"async\" src=\"https:\/\/www.telam.com.ar\/thumbs\/bluesteel\/advf\/imagenes\/2022\/05\/62890847c9379_900.jpg\" alt=\"Telam SE\" width=\"100%\" height=\"100%\" \/><\/p>\n<div class=\"media-icons\"><\/div><figcaption><\/figcaption><\/figure>\n<p><strong>La inversi\u00f3n bruta fija<\/strong>\u00a0no estuvo exenta de la ca\u00edda que registr\u00f3 la actividad econ\u00f3mica en general en los primeros tramos de la pandemia, con r<strong>etrocesos interanuales del 29,4% y del 16,4% en el segundo y tercer trimestres del 2020<\/strong>, respectivamente, seg\u00fan la medici\u00f3n de Ferreres.<\/p>\n<p><strong>La reversi\u00f3n de esa tendencia comenz\u00f3 en el \u00faltimo tramo de ese a\u00f1o,<\/strong>\u00a0con una mejora del 5,1% respecto del cuarto trimestre de 2019, a lo que sigui\u00f3 una serie de crecimientos de dos d\u00edgitos, al amparo de la baja base de comparaci\u00f3n que hab\u00eda dejado 2020.<\/p>\n<p>As\u00ed, el incremento interanual de la IBF fue del 20,5% en el primer trimestre de 2021, del 36,9% en el segundo, del 21,3% en el tercero y del 16,8% en el cuarto.<\/p>\n<p>Por entonces, la duda entre los analistas pasaba por si en 2022 se iba a poder continuar con la tendencia positiva, teniendo en cuenta que ya no se contaba con los magros niveles de 2020 como punto de comparaci\u00f3n.<\/p>\n<h2 class=\"\">Maquinaria agr\u00edcola<\/h2>\n<p>Es precisamente por el crecimiento del 14,7% del primer trimestre (con una inversi\u00f3n estimada en US$ 7.263 millones mensuales) que Ferreres considera \u00abgenuino\u00bb el aumento de la IBF y, en cuanto al impulsado de la demanda, puso como ejemplo el sector de la maquinaria agr\u00edcola, con unidades que \u00abhasta octubre no se pueden entregar\u00bb.<\/p>\n<p>Al respecto,<strong>\u00a0Borri<\/strong>\u00a0se entusiasma y asegura que, en el caso de la maquinaria agr\u00edcola, \u00ab<strong>podr\u00edamos ampliar el crecimiento del sector a m\u00e1s de seis trimestres\u00bb,<\/strong>\u00a0ya que \u00abdesde hace nueve trimestres que viene creciendo a un ritmo del 20% anual en ventas y producci\u00f3n\u00bb.<\/p>\n<p>\u00abAl principio la demanda era grande y las empresas no est\u00e1bamos preparadas para afrontarla\u00bb, admiti\u00f3 el titular de Cafma, quien se\u00f1al\u00f3 que luego \u00ablas empresas empezaron a prepararse y posiblemente ahora estemos con una capacidad instalada mayor a la demanda, pero tenemos un stock de ventas importante\u00bb.<\/p>\n<p>Borri tambi\u00e9n destac\u00f3 que en el sector \u00abestamos generando alrededor de 5.500 puestos de trabajo directos por a\u00f1o\u00bb, y advirti\u00f3 sobre uno de los cuellos de botella en lo que denomin\u00f3 \u00b4el interior del interior\u00b4: \u00abestamos con escasez de mano de obra, nos cuesta conseguir gente\u00bb.<\/p>\n<figure class=\"mb-3\"><img decoding=\"async\" src=\"https:\/\/www.telam.com.ar\/thumbs\/bluesteel\/advf\/imagenes\/2022\/02\/620902972f066_900.jpg\" alt=\"El sector maquinaria agrcola viene creciendo desde hace nueve trimestres a un ritmo del 20 anual en ventas y produccinFoto Pablo Aeli \" width=\"100%\" height=\"100%\" \/><\/p>\n<div class=\"media-icons\"><\/div><figcaption>El sector maquinaria agr\u00edcola viene creciendo desde hace nueve trimestres a un ritmo del 20% anual en ventas y producci\u00f3n\u00bb.\/Foto Pablo A\u00f1eli<\/figcaption><\/figure>\n<p>En ese sentido, indic\u00f3 que \u00abel a\u00f1o pasado aumentamos un 60% las exportaciones, si bien sobre valores relativamente bajos, y pasamos de US$ 50 millones en 2020 a US$ 80 millones en 2021\u00bb.<\/p>\n<p>\u00abEn este trimestre estar\u00edamos acusando un aumento del 35% en las exportaciones, que nos permite proyectar un nivel de US$ 110 millones para todo el a\u00f1o\u00bb, agreg\u00f3.<\/p>\n<h2 class=\"\">Construcci\u00f3n<\/h2>\n<p>Por su parte,\u00a0<strong>Weiss<\/strong>\u00a0destac\u00f3 que la actividad de la construcci\u00f3n \u00ab<strong>est\u00e1 creciendo desde junio de 2020<\/strong>, poco despu\u00e9s del inicio de la pandemia, porque la obra p\u00fablica estuvo exenta del decreto de confinamiento\u00bb.<\/p>\n<p>Asimismo, en un fen\u00f3meno simult\u00e1neo al de la irrupci\u00f3n de Covid-19 y el replanteo de las modalidades de trabajo, Weiss advirti\u00f3 que \u00abal amparo de la brecha entre las distintas cotizaciones del d\u00f3lar, la gente empez\u00f3 a ver con buenos ojos la posibilidad de construirse una casa en un barrio cerrado o alejado de las grandes ciudades, o simplemente refaccionar su casa\u00bb.<\/p>\n<p>De esa forma, sostuvo, el sector est\u00e1 t<strong>raccionado por la obra p\u00fablica y los peque\u00f1os emprendimientos privados<\/strong>, en tanto \u00abla obra privada grande est\u00e1 un poco m\u00e1s tranquila, pero en su conjunto la industria est\u00e1 en niveles importantes\u00bb.<\/p>\n<p>Borri apunt\u00f3 tambi\u00e9n la<strong>\u00a0importancia de la sustituci\u00f3n de importaciones<\/strong>\u00a0y dijo al respecto que \u00aben algunos rubros, en el \u00faltimo a\u00f1o de (la Presidencia de Mauricio)\u00a0<strong>Macri trabajaban con un 70% de producci\u00f3n local y un 30% de importaci\u00f3n. Hoy esa relaci\u00f3n es del 90% y 10%\u00bb.<\/strong><\/p>\n<p>No obstante, expres\u00f3 sus precauciones sobre la continuidad de esa mejora, en funci\u00f3n de la<strong>\u00a0dependencia de insumos importados.<\/strong><\/p>\n<p>\u00abHasta ahora no estamos viendo complicaciones significativas y en el primer trimestre tenemos un crecimiento del 17%, aunque podr\u00eda pasar que estemos produciendo con insumos adquiridos en 2021 y todav\u00eda no haya un impacto real\u00bb, admiti\u00f3.<\/p>\n<p>En el mismo sentido,\u00a0<strong>Ferreres prev\u00e9 una desaceleraci\u00f3n del crecimiento del \u00edndice de inversi\u00f3n para los pr\u00f3ximos meses,<\/strong>\u00a0en los que la atenci\u00f3n \u00abestar\u00e1 puesta en los indicadores internos como el tipo de cambio, la inflaci\u00f3n y la evoluci\u00f3n del consumo, y en los factores geopol\u00edticos externos\u00bb.<\/p>\n<\/div>\n<\/div>\n<\/div>\n<\/div>\n<\/div>\n<\/div>\n<\/div>\n","protected":false},"excerpt":{"rendered":"<p>Esta suba sostenida fue impulsada por la construcci\u00f3n y maquinaria agr\u00edcola, en lo que ya se considera un \u00abcrecimiento genuino\u00bb y no solamente un \u00abrebote\u00bb, seg\u00fan coinciden consultoras y titulares de las c\u00e1maras de ambos sectores.<\/p>\n","protected":false},"author":3,"featured_media":0,"comment_status":"closed","ping_status":"closed","sticky":false,"template":"","format":"standard","meta":{"footnotes":""},"categories":[36],"tags":[],"class_list":["post-72361","post","type-post","status-publish","format-standard","hentry","category-economia"],"yoast_head":"<!-- This site is optimized with the Yoast SEO plugin v25.9 - https:\/\/yoast.com\/wordpress\/plugins\/seo\/ -->\n<title>La inversi\u00f3n acumula seis trimestres consecutivos de crecimiento - Noticias Radio Reflejos<\/title>\n<meta name=\"robots\" content=\"index, follow, max-snippet:-1, max-image-preview:large, max-video-preview:-1\" \/>\n<link rel=\"canonical\" href=\"https:\/\/www.noticiasradioreflejos.com.ar\/2021\/la-inversion-acumula-seis-trimestres-consecutivos-de-crecimiento\/\" \/>\n<meta property=\"og:locale\" content=\"es_ES\" \/>\n<meta property=\"og:type\" content=\"article\" \/>\n<meta property=\"og:title\" content=\"La inversi\u00f3n acumula seis trimestres consecutivos de crecimiento - Noticias Radio Reflejos\" \/>\n<meta property=\"og:description\" content=\"Esta suba sostenida fue impulsada por la construcci\u00f3n y maquinaria agr\u00edcola, en lo que ya se considera un \u00abcrecimiento genuino\u00bb y no solamente un \u00abrebote\u00bb, seg\u00fan coinciden consultoras y titulares de las c\u00e1maras de ambos sectores.\" \/>\n<meta property=\"og:url\" content=\"https:\/\/www.noticiasradioreflejos.com.ar\/2021\/la-inversion-acumula-seis-trimestres-consecutivos-de-crecimiento\/\" \/>\n<meta property=\"og:site_name\" content=\"Noticias Radio Reflejos\" \/>\n<meta property=\"article:published_time\" content=\"2022-05-21T18:41:46+00:00\" \/>\n<meta property=\"og:image\" content=\"https:\/\/www.telam.com.ar\/thumbs\/bluesteel\/advf\/imagenes\/2022\/05\/6273acbf980dd_900.jpg\" \/>\n<meta name=\"author\" content=\"Arnaldo Botto\" \/>\n<meta name=\"twitter:card\" content=\"summary_large_image\" \/>\n<script type=\"application\/ld+json\" class=\"yoast-schema-graph\">{\"@context\":\"https:\/\/schema.org\",\"@graph\":[{\"@type\":\"WebPage\",\"@id\":\"https:\/\/www.noticiasradioreflejos.com.ar\/2021\/la-inversion-acumula-seis-trimestres-consecutivos-de-crecimiento\/\",\"url\":\"https:\/\/www.noticiasradioreflejos.com.ar\/2021\/la-inversion-acumula-seis-trimestres-consecutivos-de-crecimiento\/\",\"name\":\"La inversi\u00f3n acumula seis trimestres consecutivos de crecimiento - Noticias Radio Reflejos\",\"isPartOf\":{\"@id\":\"https:\/\/www.noticiasradioreflejos.com.ar\/2021\/#website\"},\"primaryImageOfPage\":{\"@id\":\"https:\/\/www.noticiasradioreflejos.com.ar\/2021\/la-inversion-acumula-seis-trimestres-consecutivos-de-crecimiento\/#primaryimage\"},\"image\":{\"@id\":\"https:\/\/www.noticiasradioreflejos.com.ar\/2021\/la-inversion-acumula-seis-trimestres-consecutivos-de-crecimiento\/#primaryimage\"},\"thumbnailUrl\":\"https:\/\/www.telam.com.ar\/thumbs\/bluesteel\/advf\/imagenes\/2022\/05\/6273acbf980dd_900.jpg\",\"datePublished\":\"2022-05-21T18:41:46+00:00\",\"author\":{\"@id\":\"https:\/\/www.noticiasradioreflejos.com.ar\/2021\/#\/schema\/person\/ad82545263dcc5ec0996818884fd5fb1\"},\"breadcrumb\":{\"@id\":\"https:\/\/www.noticiasradioreflejos.com.ar\/2021\/la-inversion-acumula-seis-trimestres-consecutivos-de-crecimiento\/#breadcrumb\"},\"inLanguage\":\"es\",\"potentialAction\":[{\"@type\":\"ReadAction\",\"target\":[\"https:\/\/www.noticiasradioreflejos.com.ar\/2021\/la-inversion-acumula-seis-trimestres-consecutivos-de-crecimiento\/\"]}]},{\"@type\":\"ImageObject\",\"inLanguage\":\"es\",\"@id\":\"https:\/\/www.noticiasradioreflejos.com.ar\/2021\/la-inversion-acumula-seis-trimestres-consecutivos-de-crecimiento\/#primaryimage\",\"url\":\"https:\/\/www.telam.com.ar\/thumbs\/bluesteel\/advf\/imagenes\/2022\/05\/6273acbf980dd_900.jpg\",\"contentUrl\":\"https:\/\/www.telam.com.ar\/thumbs\/bluesteel\/advf\/imagenes\/2022\/05\/6273acbf980dd_900.jpg\"},{\"@type\":\"BreadcrumbList\",\"@id\":\"https:\/\/www.noticiasradioreflejos.com.ar\/2021\/la-inversion-acumula-seis-trimestres-consecutivos-de-crecimiento\/#breadcrumb\",\"itemListElement\":[{\"@type\":\"ListItem\",\"position\":1,\"name\":\"Portada\",\"item\":\"https:\/\/www.noticiasradioreflejos.com.ar\/2021\/\"},{\"@type\":\"ListItem\",\"position\":2,\"name\":\"La inversi\u00f3n acumula seis trimestres consecutivos de crecimiento\"}]},{\"@type\":\"WebSite\",\"@id\":\"https:\/\/www.noticiasradioreflejos.com.ar\/2021\/#website\",\"url\":\"https:\/\/www.noticiasradioreflejos.com.ar\/2021\/\",\"name\":\"Noticias Radio Reflejos\",\"description\":\"Las noticias de mi comarca\",\"potentialAction\":[{\"@type\":\"SearchAction\",\"target\":{\"@type\":\"EntryPoint\",\"urlTemplate\":\"https:\/\/www.noticiasradioreflejos.com.ar\/2021\/?s={search_term_string}\"},\"query-input\":{\"@type\":\"PropertyValueSpecification\",\"valueRequired\":true,\"valueName\":\"search_term_string\"}}],\"inLanguage\":\"es\"},{\"@type\":\"Person\",\"@id\":\"https:\/\/www.noticiasradioreflejos.com.ar\/2021\/#\/schema\/person\/ad82545263dcc5ec0996818884fd5fb1\",\"name\":\"Arnaldo Botto\",\"image\":{\"@type\":\"ImageObject\",\"inLanguage\":\"es\",\"@id\":\"https:\/\/www.noticiasradioreflejos.com.ar\/2021\/#\/schema\/person\/image\/\",\"url\":\"https:\/\/secure.gravatar.com\/avatar\/55cb5e37c1efa326397366e6974cb338056df65cb50e7d64d1cf314e87504837?s=96&d=mm&r=g\",\"contentUrl\":\"https:\/\/secure.gravatar.com\/avatar\/55cb5e37c1efa326397366e6974cb338056df65cb50e7d64d1cf314e87504837?s=96&d=mm&r=g\",\"caption\":\"Arnaldo Botto\"},\"url\":\"https:\/\/www.noticiasradioreflejos.com.ar\/2021\/author\/arnaldo\/\"}]}<\/script>\n<!-- \/ Yoast SEO plugin. -->","yoast_head_json":{"title":"La inversi\u00f3n acumula seis trimestres consecutivos de crecimiento - Noticias Radio Reflejos","robots":{"index":"index","follow":"follow","max-snippet":"max-snippet:-1","max-image-preview":"max-image-preview:large","max-video-preview":"max-video-preview:-1"},"canonical":"https:\/\/www.noticiasradioreflejos.com.ar\/2021\/la-inversion-acumula-seis-trimestres-consecutivos-de-crecimiento\/","og_locale":"es_ES","og_type":"article","og_title":"La inversi\u00f3n acumula seis trimestres consecutivos de crecimiento - Noticias Radio Reflejos","og_description":"Esta suba sostenida fue impulsada por la construcci\u00f3n y maquinaria agr\u00edcola, en lo que ya se considera un \u00abcrecimiento genuino\u00bb y no solamente un \u00abrebote\u00bb, seg\u00fan coinciden consultoras y titulares de las c\u00e1maras de ambos sectores.","og_url":"https:\/\/www.noticiasradioreflejos.com.ar\/2021\/la-inversion-acumula-seis-trimestres-consecutivos-de-crecimiento\/","og_site_name":"Noticias Radio Reflejos","article_published_time":"2022-05-21T18:41:46+00:00","og_image":[{"url":"https:\/\/www.telam.com.ar\/thumbs\/bluesteel\/advf\/imagenes\/2022\/05\/6273acbf980dd_900.jpg","type":"","width":"","height":""}],"author":"Arnaldo Botto","twitter_card":"summary_large_image","schema":{"@context":"https:\/\/schema.org","@graph":[{"@type":"WebPage","@id":"https:\/\/www.noticiasradioreflejos.com.ar\/2021\/la-inversion-acumula-seis-trimestres-consecutivos-de-crecimiento\/","url":"https:\/\/www.noticiasradioreflejos.com.ar\/2021\/la-inversion-acumula-seis-trimestres-consecutivos-de-crecimiento\/","name":"La inversi\u00f3n acumula seis trimestres consecutivos de crecimiento - Noticias Radio Reflejos","isPartOf":{"@id":"https:\/\/www.noticiasradioreflejos.com.ar\/2021\/#website"},"primaryImageOfPage":{"@id":"https:\/\/www.noticiasradioreflejos.com.ar\/2021\/la-inversion-acumula-seis-trimestres-consecutivos-de-crecimiento\/#primaryimage"},"image":{"@id":"https:\/\/www.noticiasradioreflejos.com.ar\/2021\/la-inversion-acumula-seis-trimestres-consecutivos-de-crecimiento\/#primaryimage"},"thumbnailUrl":"https:\/\/www.telam.com.ar\/thumbs\/bluesteel\/advf\/imagenes\/2022\/05\/6273acbf980dd_900.jpg","datePublished":"2022-05-21T18:41:46+00:00","author":{"@id":"https:\/\/www.noticiasradioreflejos.com.ar\/2021\/#\/schema\/person\/ad82545263dcc5ec0996818884fd5fb1"},"breadcrumb":{"@id":"https:\/\/www.noticiasradioreflejos.com.ar\/2021\/la-inversion-acumula-seis-trimestres-consecutivos-de-crecimiento\/#breadcrumb"},"inLanguage":"es","potentialAction":[{"@type":"ReadAction","target":["https:\/\/www.noticiasradioreflejos.com.ar\/2021\/la-inversion-acumula-seis-trimestres-consecutivos-de-crecimiento\/"]}]},{"@type":"ImageObject","inLanguage":"es","@id":"https:\/\/www.noticiasradioreflejos.com.ar\/2021\/la-inversion-acumula-seis-trimestres-consecutivos-de-crecimiento\/#primaryimage","url":"https:\/\/www.telam.com.ar\/thumbs\/bluesteel\/advf\/imagenes\/2022\/05\/6273acbf980dd_900.jpg","contentUrl":"https:\/\/www.telam.com.ar\/thumbs\/bluesteel\/advf\/imagenes\/2022\/05\/6273acbf980dd_900.jpg"},{"@type":"BreadcrumbList","@id":"https:\/\/www.noticiasradioreflejos.com.ar\/2021\/la-inversion-acumula-seis-trimestres-consecutivos-de-crecimiento\/#breadcrumb","itemListElement":[{"@type":"ListItem","position":1,"name":"Portada","item":"https:\/\/www.noticiasradioreflejos.com.ar\/2021\/"},{"@type":"ListItem","position":2,"name":"La inversi\u00f3n acumula seis trimestres consecutivos de crecimiento"}]},{"@type":"WebSite","@id":"https:\/\/www.noticiasradioreflejos.com.ar\/2021\/#website","url":"https:\/\/www.noticiasradioreflejos.com.ar\/2021\/","name":"Noticias Radio Reflejos","description":"Las noticias de mi comarca","potentialAction":[{"@type":"SearchAction","target":{"@type":"EntryPoint","urlTemplate":"https:\/\/www.noticiasradioreflejos.com.ar\/2021\/?s={search_term_string}"},"query-input":{"@type":"PropertyValueSpecification","valueRequired":true,"valueName":"search_term_string"}}],"inLanguage":"es"},{"@type":"Person","@id":"https:\/\/www.noticiasradioreflejos.com.ar\/2021\/#\/schema\/person\/ad82545263dcc5ec0996818884fd5fb1","name":"Arnaldo Botto","image":{"@type":"ImageObject","inLanguage":"es","@id":"https:\/\/www.noticiasradioreflejos.com.ar\/2021\/#\/schema\/person\/image\/","url":"https:\/\/secure.gravatar.com\/avatar\/55cb5e37c1efa326397366e6974cb338056df65cb50e7d64d1cf314e87504837?s=96&d=mm&r=g","contentUrl":"https:\/\/secure.gravatar.com\/avatar\/55cb5e37c1efa326397366e6974cb338056df65cb50e7d64d1cf314e87504837?s=96&d=mm&r=g","caption":"Arnaldo Botto"},"url":"https:\/\/www.noticiasradioreflejos.com.ar\/2021\/author\/arnaldo\/"}]}},"_links":{"self":[{"href":"https:\/\/www.noticiasradioreflejos.com.ar\/2021\/wp-json\/wp\/v2\/posts\/72361","targetHints":{"allow":["GET"]}}],"collection":[{"href":"https:\/\/www.noticiasradioreflejos.com.ar\/2021\/wp-json\/wp\/v2\/posts"}],"about":[{"href":"https:\/\/www.noticiasradioreflejos.com.ar\/2021\/wp-json\/wp\/v2\/types\/post"}],"author":[{"embeddable":true,"href":"https:\/\/www.noticiasradioreflejos.com.ar\/2021\/wp-json\/wp\/v2\/users\/3"}],"replies":[{"embeddable":true,"href":"https:\/\/www.noticiasradioreflejos.com.ar\/2021\/wp-json\/wp\/v2\/comments?post=72361"}],"version-history":[{"count":2,"href":"https:\/\/www.noticiasradioreflejos.com.ar\/2021\/wp-json\/wp\/v2\/posts\/72361\/revisions"}],"predecessor-version":[{"id":72364,"href":"https:\/\/www.noticiasradioreflejos.com.ar\/2021\/wp-json\/wp\/v2\/posts\/72361\/revisions\/72364"}],"wp:attachment":[{"href":"https:\/\/www.noticiasradioreflejos.com.ar\/2021\/wp-json\/wp\/v2\/media?parent=72361"}],"wp:term":[{"taxonomy":"category","embeddable":true,"href":"https:\/\/www.noticiasradioreflejos.com.ar\/2021\/wp-json\/wp\/v2\/categories?post=72361"},{"taxonomy":"post_tag","embeddable":true,"href":"https:\/\/www.noticiasradioreflejos.com.ar\/2021\/wp-json\/wp\/v2\/tags?post=72361"}],"curies":[{"name":"wp","href":"https:\/\/api.w.org\/{rel}","templated":true}]}}