{"id":72352,"date":"2022-05-21T12:03:04","date_gmt":"2022-05-21T12:03:04","guid":{"rendered":"http:\/\/www.noticiasradioreflejos.com.ar\/2021\/?p=72352"},"modified":"2022-05-21T12:03:04","modified_gmt":"2022-05-21T12:03:04","slug":"el-vuelo-que-se-trago-la-cordillera-un-misterio-de-mas-de-medio-siglo-la-teoria-extraterrestre-y-el-tesoro-que-jamas-se-encontro","status":"publish","type":"post","link":"https:\/\/www.noticiasradioreflejos.com.ar\/2021\/el-vuelo-que-se-trago-la-cordillera-un-misterio-de-mas-de-medio-siglo-la-teoria-extraterrestre-y-el-tesoro-que-jamas-se-encontro\/","title":{"rendered":"El vuelo que se trag\u00f3 la Cordillera: un misterio de m\u00e1s de medio siglo, la teor\u00eda extraterrestre y el tesoro que jam\u00e1s se encontr\u00f3"},"content":{"rendered":"<header class=\"article-header-wrapper\">\n<div class=\"article-header\">\n<p class=\"article-subheadline\">El vuelo 59 de BSAA desapareci\u00f3 de los radares cuando estaba cruzando desde la Argentina hacia Chile un 2 de agosto de 1947.<\/p>\n<\/div>\n<\/header>\n<p><!--more--><\/p>\n<article class=\"article\">\n<div class=\"nd-body-article\">\n<div class=\"visual__image\"><img loading=\"lazy\" decoding=\"async\" class=\"\" src=\"https:\/\/cloudfront-us-east-1.images.arcpublishing.com\/infobae\/OTWI6G6IPZEHDO57XZ63T5QL5M.jpg\" sizes=\"auto, (min-width: 800px) 50vw, 90vw\" srcset=\"https:\/\/www.infobae.com\/new-resizer\/hJI8vz85SDxpt7WzoUQoB1zp29Q=\/420x187\/filters:format(webp):quality(85)\/cloudfront-us-east-1.images.arcpublishing.com\/infobae\/OTWI6G6IPZEHDO57XZ63T5QL5M.jpg 420w,https:\/\/www.infobae.com\/new-resizer\/GCrzOjX2NMmIzfAo4oLwX3IUD-Q=\/768x341\/filters:format(webp):quality(85)\/cloudfront-us-east-1.images.arcpublishing.com\/infobae\/OTWI6G6IPZEHDO57XZ63T5QL5M.jpg 768w,https:\/\/www.infobae.com\/new-resizer\/dhGRsZG16m5yxxgOibIg8i2BsBI=\/992x441\/filters:format(webp):quality(85)\/cloudfront-us-east-1.images.arcpublishing.com\/infobae\/OTWI6G6IPZEHDO57XZ63T5QL5M.jpg 992w,https:\/\/www.infobae.com\/new-resizer\/yy5UDrs9fIlPVA96BjlwiTb-4ZY=\/1200x533\/filters:format(webp):quality(85)\/cloudfront-us-east-1.images.arcpublishing.com\/infobae\/OTWI6G6IPZEHDO57XZ63T5QL5M.jpg 1200w\" alt=\"\" width=\"1920\" height=\"948\" \/><\/div>\n<p class=\"paragraph\">El 30 de julio de 1947 un avi\u00f3n del fabricante Avro modelo 691 Lancastrian\u00a0<b>parti\u00f3 desde Londres en una traves\u00eda que durar\u00eda m\u00e1s de 30 horas de vuelo sobre el mar, hasta llegar al Aeropuerto de Mor\u00f3n, en Buenos Aires<\/b>, para recargar combustible y seguir hasta Santiago de Chile, su destino final.<\/p>\n<p class=\"paragraph\">Sin embargo,\u00a0<b>tras haber partido desde el aeropuerto bonaerense<\/b>, el comandante de la nave se comunic\u00f3 con la torre de control del aeropuerto de Los Cerrillos de Santiago para anunciarle que\u00a0<b>esperaba su aterrizaje en 4 minutos<\/b>.\u00a0<mark class=\"hl_yellow\"><b>Pas\u00f3 casi una hora y la aeronave a\u00fan no hab\u00eda sido detectada en el cielo chileno<\/b><\/mark><b>.<\/b>\u00a0En ese momento naci\u00f3 el misterio del vuelo 59 de British South American Airways, y con \u00e9l\u00a0<b>las especulaciones m\u00e1s impensadas.<\/b><\/p>\n<p class=\"paragraph\">Desde Londres, el 691 Lancastrian, avi\u00f3n que hab\u00eda sido readaptado de los bombarderos Lancaster y bautizada\u00a0<i>Star Dust<\/i>, parti\u00f3 con solo dos pasajeros a bordo.\u00a0<b>Paul Simon<\/b>, un agente del tesoro brit\u00e1nico, y la alemana\u00a0<b>Martha Limpert<\/b>. La tripulaci\u00f3n estaba compuesta por su capit\u00e1n\u00a0<b>Reginald James Cook<\/b>, quien era veterano de guerra y ten\u00eda m\u00e1s de 90 misiones b\u00e9licas;\u00a0<b>Donald Checklin<\/b>, primer oficial y quien tambi\u00e9n ten\u00eda experiencia en combate; el copiloto\u00a0<b>Norman Hilton<\/b>; y la sobrecargo\u00a0<b>Iris Adams<\/b>.<\/p>\n<div class=\"visual__image\"><img loading=\"lazy\" decoding=\"async\" class=\"\" src=\"https:\/\/cloudfront-us-east-1.images.arcpublishing.com\/infobae\/HIBHGO5GONCRFMDSPEYUH4OF4M.jpg\" sizes=\"auto, (min-width: 800px) 50vw, 90vw\" srcset=\"https:\/\/www.infobae.com\/new-resizer\/qKHqXxKg6PPkzqTQODzYEkbDyLA=\/420x315\/filters:format(webp):quality(85)\/cloudfront-us-east-1.images.arcpublishing.com\/infobae\/HIBHGO5GONCRFMDSPEYUH4OF4M.jpg 420w,https:\/\/www.infobae.com\/new-resizer\/oHt-DxekHd5AA9TXsWPSuO3fAZs=\/768x576\/filters:format(webp):quality(85)\/cloudfront-us-east-1.images.arcpublishing.com\/infobae\/HIBHGO5GONCRFMDSPEYUH4OF4M.jpg 768w,https:\/\/www.infobae.com\/new-resizer\/0by9kpAhlznYmwSKJu3Vh_MoQd0=\/992x744\/filters:format(webp):quality(85)\/cloudfront-us-east-1.images.arcpublishing.com\/infobae\/HIBHGO5GONCRFMDSPEYUH4OF4M.jpg 992w,https:\/\/www.infobae.com\/new-resizer\/ul6cR1Snq-aJJQZ5oe1HGrOSgiY=\/1200x900\/filters:format(webp):quality(85)\/cloudfront-us-east-1.images.arcpublishing.com\/infobae\/HIBHGO5GONCRFMDSPEYUH4OF4M.jpg 1200w,https:\/\/www.infobae.com\/new-resizer\/ZOf8-V7MAClYg018FZ-AsmvlvqE=\/1440x1080\/filters:format(webp):quality(85)\/cloudfront-us-east-1.images.arcpublishing.com\/infobae\/HIBHGO5GONCRFMDSPEYUH4OF4M.jpg 1440w\" alt=\"El volc\u00e1n Tupungato, donde se encontraron los restos del avi\u00f3n tras m\u00e1s de medio siglo\" width=\"1920\" height=\"1440\" \/>El volc\u00e1n Tupungato, donde se encontraron los restos del avi\u00f3n tras m\u00e1s de medio siglo<\/div>\n<p>&nbsp;<\/p>\n<p class=\"paragraph\">El 1\u00ba de agosto, cuando el\u00a0<i>Star Dust<\/i>\u00a0arrib\u00f3 a Mor\u00f3n, tanto pasajeros como tripulaci\u00f3n pasaron la noche en la Argentina. A la ma\u00f1ana siguiente recibieron a 6 pasajeros m\u00e1s y despegaron a las 10:32 de la ma\u00f1ana.<\/p>\n<p class=\"paragraph\"><b>El trayecto deb\u00eda durar una cuatro horas y atravesar la peligrosa Cordillera de los Andes<\/b>. Tanto en Buenos Aires como en Londres, los comandantes hab\u00edan recibido instrucciones de no cruzar por Mendoza -el camino directo-, a menos que las condiciones meteorol\u00f3gicas fueran adecuadas.<\/p>\n<p class=\"paragraph\">Al aproximarse a las primeras cadenas monta\u00f1osas, el Avro 691 Lancastrian ascendi\u00f3 de los 3.000 metros sobre el nivel del mar a 7.000. Acto seguido, recibieron una\u00a0<b>alerta del Aeropuerto El Plumerillo debido a una tormenta que azotaba a la Cordillera, justamente por donde el avi\u00f3n deb\u00eda cruzar.<\/b><\/p>\n<p class=\"paragraph\">A las 14:00 horas, el propio capit\u00e1n inform\u00f3 sobre\u00a0<b>baja visibilidad y turbulencias<\/b>, en ese momento su altitud era de 7.200 metros.\u00a0<b>A\u00fan le faltaba 45 minutos de vuelo para arribar a Santiago de Chile<\/b>.<\/p>\n<p class=\"paragraph\">Lo pr\u00f3ximo y \u00faltimo que se supo fue en la torre de control de Los Cerrillos, del costado chileno. El capit\u00e1n inform\u00f3 su inminente arribo y finaliz\u00f3 con la misteriosa frase\u00a0<mark class=\"hl_yellow\"><b>\u201cstendec\u201d<\/b><\/mark>. El avi\u00f3n nunca apareci\u00f3 y\u00a0<b>por m\u00e1s de medio siglo nunca se supo que hab\u00eda ocurrido entre esos picos de monta\u00f1as que parecen no tener fin.<\/b><\/p>\n<div class=\"visual__image\"><img loading=\"lazy\" decoding=\"async\" class=\"\" src=\"https:\/\/cloudfront-us-east-1.images.arcpublishing.com\/infobae\/LZT7DYVACBD27LQJFL5RW5ICOU.jpg\" sizes=\"auto, (min-width: 800px) 50vw, 90vw\" srcset=\"https:\/\/www.infobae.com\/new-resizer\/35I97c8DH_XRnGm7RTEhDwMwJ6w=\/420x560\/filters:format(webp):quality(85)\/cloudfront-us-east-1.images.arcpublishing.com\/infobae\/LZT7DYVACBD27LQJFL5RW5ICOU.jpg 420w,https:\/\/www.infobae.com\/new-resizer\/eXr4DlWVIDec8Xcia7ylcQBE6jU=\/768x1024\/filters:format(webp):quality(85)\/cloudfront-us-east-1.images.arcpublishing.com\/infobae\/LZT7DYVACBD27LQJFL5RW5ICOU.jpg 768w,https:\/\/www.infobae.com\/new-resizer\/F-FIPEAtWdg5sCdQWZ4b2ooNBSo=\/992x1323\/filters:format(webp):quality(85)\/cloudfront-us-east-1.images.arcpublishing.com\/infobae\/LZT7DYVACBD27LQJFL5RW5ICOU.jpg 992w,https:\/\/www.infobae.com\/new-resizer\/Wtt5EP0V3li6X0hwE7twKGW6Jho=\/1200x1600\/filters:format(webp):quality(85)\/cloudfront-us-east-1.images.arcpublishing.com\/infobae\/LZT7DYVACBD27LQJFL5RW5ICOU.jpg 1200w\" alt=\"Una rueda del vuelo 59 de BSAA hallada en la cordillera de los andes\" width=\"1080\" height=\"1510\" \/>Una rueda del vuelo 59 de BSAA hallada en la cordillera de los andes<\/div>\n<p class=\"paragraph\"><b>Especulaciones<\/b><\/p>\n<p class=\"paragraph\"><b>Una de las teor\u00edas que surgieron apunt\u00f3 al terrorismo<\/b>. La presencia de un diplom\u00e1tico ingl\u00e9s en el avi\u00f3n, en un momento en donde las relaciones entre Argentina e Inglaterra no eran las mejores, hizo que algunos apuntaran a un atentado con el cual se habr\u00eda querido evitar que cierta documentaci\u00f3n secreta llegara a Santiago.\u00a0<mark class=\"hl_yellow\"><b>Adem\u00e1s, corri\u00f3 el rumor de que el agente del tesoro brit\u00e1nico llevaba consigo barras de oro.<\/b><\/mark><\/p>\n<p class=\"paragraph\">Pero esta no fue la \u00fanica explicaci\u00f3n popular que surgi\u00f3. La \u00faltima palabra que emiti\u00f3 el capit\u00e1n de la nave, la misteriosa\u00a0<mark class=\"hl_yellow\"><b>\u201cstendec\u201d<\/b><\/mark>, fue tomada por muchas personas como una\u00a0<b>clara se\u00f1al de contacto extraterrestre<\/b>\u00a0y tom\u00f3 importancia en la cultura ovni. De hecho, una revista espa\u00f1ola sobre ovnis y el universo paranormal fue bautizada en honor a estas misteriosas siete letras: Stendek.clic.<\/p>\n<p class=\"paragraph\">Sin embargo,\u00a0<b>nada de todo esto pudo probarse, y pese a varias b\u00fasquedas que se realizaron en la zona donde habr\u00eda tenido lugar el accidente<\/b>\u00a0-en las inmediaciones del volc\u00e1n Tupungato-,\u00a0<b>nunca se encontr\u00f3 ni el m\u00e1s m\u00ednimo resto del Avro 691 Lancastrian<\/b>.<\/p>\n<p class=\"paragraph\"><b>Algo brillante entre la nieve<\/b><\/p>\n<p class=\"paragraph\">En 1998 un gu\u00eda de monta\u00f1a argentino llamado\u00a0<b>Pedro Reguera<\/b>\u00a0ascendi\u00f3 por el costado del glaciar del Tupungato cuando\u00a0<b>le llam\u00f3 la atenci\u00f3n un destello que brillaba entre la nieve<\/b>, divis\u00f3 metales retorcidos y la inscripci\u00f3n\u00a0<b>\u2018Rolls Royce\u2019<\/b>\u00a0en un bloque de lo que hab\u00eda sido un motor.<\/p>\n<p class=\"paragraph\">Reguera descendi\u00f3 y le inform\u00f3 del hallazgo a un sargento de un regimiento de monta\u00f1a y a los andinistas aficionados\u00a0<b>Carlos Moiso y Moiso<\/b>, padre e hijo.<\/p>\n<div class=\"visual__image\"><img loading=\"lazy\" decoding=\"async\" class=\"\" src=\"https:\/\/cloudfront-us-east-1.images.arcpublishing.com\/infobae\/Y2TCEL2KY5ESZB7QJNISL5PRJ4.jpg\" sizes=\"auto, (min-width: 800px) 50vw, 90vw\" srcset=\"https:\/\/www.infobae.com\/new-resizer\/37zNCCzHq9pmLYIM3z5Gn-vecG8=\/420x236\/filters:format(webp):quality(85)\/cloudfront-us-east-1.images.arcpublishing.com\/infobae\/Y2TCEL2KY5ESZB7QJNISL5PRJ4.jpg 420w,https:\/\/www.infobae.com\/new-resizer\/lgXCdwHL-8-2EJzI1g5cqXINJRY=\/768x432\/filters:format(webp):quality(85)\/cloudfront-us-east-1.images.arcpublishing.com\/infobae\/Y2TCEL2KY5ESZB7QJNISL5PRJ4.jpg 768w,https:\/\/www.infobae.com\/new-resizer\/ZmcH6bu_oqIzV3l_Q1kWKU9LRjU=\/992x558\/filters:format(webp):quality(85)\/cloudfront-us-east-1.images.arcpublishing.com\/infobae\/Y2TCEL2KY5ESZB7QJNISL5PRJ4.jpg 992w,https:\/\/www.infobae.com\/new-resizer\/bE9PMmNHCnAF0lxT8TuOzQ0-6Vc=\/1200x675\/filters:format(webp):quality(85)\/cloudfront-us-east-1.images.arcpublishing.com\/infobae\/Y2TCEL2KY5ESZB7QJNISL5PRJ4.jpg 1200w,https:\/\/www.infobae.com\/new-resizer\/hg-RbLtYEcuryqVYf5-ZBoHk6JQ=\/1440x810\/filters:format(webp):quality(85)\/cloudfront-us-east-1.images.arcpublishing.com\/infobae\/Y2TCEL2KY5ESZB7QJNISL5PRJ4.jpg 1440w\" alt=\"Uno de los monta\u00f1istas que encontr\u00f3 los restos junto al motor de la aeronave, en la ladera del volc\u00e1n Tupungato\" width=\"1920\" height=\"1080\" \/>Uno de los monta\u00f1istas que encontr\u00f3 los restos junto al motor de la aeronave, en la ladera del volc\u00e1n Tupungato<\/div>\n<p class=\"paragraph\">Los Moiso investigaron y hallaron los registros del vuelo 59 de BSAA que se habr\u00eda extraviado en las inmediaciones del Tupungato. Adem\u00e1s, dieron con el rumor de las barras de oro.<\/p>\n<p class=\"paragraph\">En enero del a\u00f1o 2000 emprendieron una expedici\u00f3n, listos para encontrar los restos del avi\u00f3n y el supuesto tesoro.\u00a0<b>Luego de 4 d\u00edas de expedici\u00f3n hallaron en las laderas del glaciar los restos de una aeronave que podr\u00eda tratarse del\u00a0<\/b><i><b>Star Dust<\/b><\/i><i>.<\/i><\/p>\n<p class=\"paragraph\">Entre los restos encontraron tres cuerpos, una rueda, parte de un motor, restos de ropa, un asiento, billeteras vac\u00edas&#8230; pero\u00a0<b>ning\u00fan rastro del oro<\/b>. \u00bfPodr\u00eda haber habido saqueos anteriores? \u00bfPodr\u00eda Reguera, el primer descubridor, haber vuelto al sitio para reclamar su hallazgo? \u00bfSe lo habr\u00eda comentado a m\u00e1s andinistas?<\/p>\n<p class=\"paragraph\">Todas preguntas sin respuestas:\u00a0<b>nunca se supo si existi\u00f3 el m\u00edtico tesoro, o s\u00f3lo fueron una leyenda.<\/b><\/p>\n<div class=\"visual__image\"><img loading=\"lazy\" decoding=\"async\" class=\"\" src=\"https:\/\/cloudfront-us-east-1.images.arcpublishing.com\/infobae\/GX3HYUSK4FA2PGPTBAF7UOBZ4E.jpg\" sizes=\"auto, (min-width: 800px) 50vw, 90vw\" srcset=\"https:\/\/www.infobae.com\/new-resizer\/_DoWPyvBaHxiSWHgqQKBt0FpS6Y=\/420x315\/filters:format(webp):quality(85)\/cloudfront-us-east-1.images.arcpublishing.com\/infobae\/GX3HYUSK4FA2PGPTBAF7UOBZ4E.jpg 420w,https:\/\/www.infobae.com\/new-resizer\/VUJlfvvBDDSUiwnJ4NhTBDkdlF8=\/768x576\/filters:format(webp):quality(85)\/cloudfront-us-east-1.images.arcpublishing.com\/infobae\/GX3HYUSK4FA2PGPTBAF7UOBZ4E.jpg 768w,https:\/\/www.infobae.com\/new-resizer\/UD6LCGLl7_n2Zn4K0IACs_LgDvY=\/992x744\/filters:format(webp):quality(85)\/cloudfront-us-east-1.images.arcpublishing.com\/infobae\/GX3HYUSK4FA2PGPTBAF7UOBZ4E.jpg 992w,https:\/\/www.infobae.com\/new-resizer\/kRO2GeRtr--PEdu4mlNcY5BnnJc=\/1200x900\/filters:format(webp):quality(85)\/cloudfront-us-east-1.images.arcpublishing.com\/infobae\/GX3HYUSK4FA2PGPTBAF7UOBZ4E.jpg 1200w,https:\/\/www.infobae.com\/new-resizer\/uuHM_E4kdvQMdXJ2j166MI4m9SI=\/1440x1080\/filters:format(webp):quality(85)\/cloudfront-us-east-1.images.arcpublishing.com\/infobae\/GX3HYUSK4FA2PGPTBAF7UOBZ4E.jpg 1440w\" alt=\"Dos monta\u00f1istas fotograf\u00edan la rueda del Avro 691 Lancastrian ingl\u00e9s\" width=\"1080\" height=\"796\" \/>Dos monta\u00f1istas fotograf\u00edan la rueda del Avro 691 Lancastrian ingl\u00e9s<\/div>\n<p class=\"paragraph\"><b>Hip\u00f3tesis del accidente<\/b><\/p>\n<p class=\"paragraph\">En primer lugar se determin\u00f3 que el avi\u00f3n hab\u00eda colisionado con el Tupungato en las proximidades del glaciar del volc\u00e1n.\u00a0<b>Sucesivas nevadas habr\u00edan hecho imposible detectar los restos para las expediciones de rescate y los restos habr\u00edan sido devorados por el propio glaciar a\u00f1o tras a\u00f1o<\/b>, hasta que fueron expulsados por la parte inferior del mismo.<\/p>\n<p class=\"paragraph\">Los glaciares lejos est\u00e1n de ser enormes bloques de hielo inm\u00f3viles, se desplazan a una velocidad imperceptible pero constante. Son una colosal masa de hielo que se desliza por la ladera de los volcanes y las monta\u00f1as hasta su desembocadura.<\/p>\n<p class=\"paragraph\">Las hip\u00f3tesis sobre el accidente indicar\u00edan que el capit\u00e1n nunca supo realmente donde estaba.\u00a0<b>En 1947 a\u00fan no se ten\u00edan muchos conocimientos del Jetstream, fuertes corrientes de viento invisibles que pueden alcanzar muy altas velocidades.<\/b><\/p>\n<p class=\"paragraph\">Lo que se supone que habr\u00eda ocurrido, es que el capit\u00e1n decidi\u00f3 aumentar la altitud para evitar la tormenta y vol\u00f3\u00a0<b>creyendo que estaba avanzando en la direcci\u00f3n correcta<\/b>. Pero estas corrientes de aire hab\u00edan ralentizado la aeronave haciendo que avance menos de lo que cre\u00eda.<\/p>\n<p class=\"paragraph\">Pensando que ya hab\u00eda atravesado la Cordillera,\u00a0<b>el comandante inici\u00f3 el descenso sin visibilidad clara. Cuando se dio cuenta del error ya era demasiado tarde<\/b>, el volc\u00e1n Tupungato estaba al frente y no hab\u00eda forma de corregir el fatal curso del vuelo 59 de BSAA<\/p>\n<\/div>\n<\/article>\n","protected":false},"excerpt":{"rendered":"<p>El vuelo 59 de BSAA desapareci\u00f3 de los radares cuando estaba cruzando desde la Argentina hacia Chile un 2 de agosto de 1947.<\/p>\n","protected":false},"author":3,"featured_media":0,"comment_status":"closed","ping_status":"closed","sticky":false,"template":"","format":"standard","meta":{"footnotes":""},"categories":[46,26],"tags":[],"class_list":["post-72352","post","type-post","status-publish","format-standard","hentry","category-ciencia-y-tecnologia","category-sociedad"],"yoast_head":"<!-- This site is optimized with the Yoast SEO plugin v25.9 - https:\/\/yoast.com\/wordpress\/plugins\/seo\/ -->\n<title>El vuelo que se trag\u00f3 la Cordillera: un misterio de m\u00e1s de medio siglo, la teor\u00eda extraterrestre y el tesoro que jam\u00e1s se encontr\u00f3 - Noticias Radio Reflejos<\/title>\n<meta name=\"robots\" content=\"index, follow, max-snippet:-1, max-image-preview:large, max-video-preview:-1\" \/>\n<link rel=\"canonical\" href=\"https:\/\/www.noticiasradioreflejos.com.ar\/2021\/el-vuelo-que-se-trago-la-cordillera-un-misterio-de-mas-de-medio-siglo-la-teoria-extraterrestre-y-el-tesoro-que-jamas-se-encontro\/\" \/>\n<meta property=\"og:locale\" content=\"es_ES\" \/>\n<meta property=\"og:type\" content=\"article\" \/>\n<meta property=\"og:title\" content=\"El vuelo que se trag\u00f3 la Cordillera: un misterio de m\u00e1s de medio siglo, la teor\u00eda extraterrestre y el tesoro que jam\u00e1s se encontr\u00f3 - Noticias Radio Reflejos\" \/>\n<meta property=\"og:description\" content=\"El vuelo 59 de BSAA desapareci\u00f3 de los radares cuando estaba cruzando desde la Argentina hacia Chile un 2 de agosto de 1947.\" \/>\n<meta property=\"og:url\" content=\"https:\/\/www.noticiasradioreflejos.com.ar\/2021\/el-vuelo-que-se-trago-la-cordillera-un-misterio-de-mas-de-medio-siglo-la-teoria-extraterrestre-y-el-tesoro-que-jamas-se-encontro\/\" \/>\n<meta property=\"og:site_name\" content=\"Noticias Radio Reflejos\" \/>\n<meta property=\"article:published_time\" content=\"2022-05-21T12:03:04+00:00\" \/>\n<meta property=\"og:image\" content=\"https:\/\/cloudfront-us-east-1.images.arcpublishing.com\/infobae\/OTWI6G6IPZEHDO57XZ63T5QL5M.jpg\" \/>\n<meta name=\"author\" content=\"Arnaldo Botto\" \/>\n<meta name=\"twitter:card\" content=\"summary_large_image\" \/>\n<script type=\"application\/ld+json\" class=\"yoast-schema-graph\">{\"@context\":\"https:\/\/schema.org\",\"@graph\":[{\"@type\":\"WebPage\",\"@id\":\"https:\/\/www.noticiasradioreflejos.com.ar\/2021\/el-vuelo-que-se-trago-la-cordillera-un-misterio-de-mas-de-medio-siglo-la-teoria-extraterrestre-y-el-tesoro-que-jamas-se-encontro\/\",\"url\":\"https:\/\/www.noticiasradioreflejos.com.ar\/2021\/el-vuelo-que-se-trago-la-cordillera-un-misterio-de-mas-de-medio-siglo-la-teoria-extraterrestre-y-el-tesoro-que-jamas-se-encontro\/\",\"name\":\"El vuelo que se trag\u00f3 la Cordillera: un misterio de m\u00e1s de medio siglo, la teor\u00eda extraterrestre y el tesoro que jam\u00e1s se encontr\u00f3 - Noticias Radio Reflejos\",\"isPartOf\":{\"@id\":\"https:\/\/www.noticiasradioreflejos.com.ar\/2021\/#website\"},\"primaryImageOfPage\":{\"@id\":\"https:\/\/www.noticiasradioreflejos.com.ar\/2021\/el-vuelo-que-se-trago-la-cordillera-un-misterio-de-mas-de-medio-siglo-la-teoria-extraterrestre-y-el-tesoro-que-jamas-se-encontro\/#primaryimage\"},\"image\":{\"@id\":\"https:\/\/www.noticiasradioreflejos.com.ar\/2021\/el-vuelo-que-se-trago-la-cordillera-un-misterio-de-mas-de-medio-siglo-la-teoria-extraterrestre-y-el-tesoro-que-jamas-se-encontro\/#primaryimage\"},\"thumbnailUrl\":\"https:\/\/cloudfront-us-east-1.images.arcpublishing.com\/infobae\/OTWI6G6IPZEHDO57XZ63T5QL5M.jpg\",\"datePublished\":\"2022-05-21T12:03:04+00:00\",\"author\":{\"@id\":\"https:\/\/www.noticiasradioreflejos.com.ar\/2021\/#\/schema\/person\/ad82545263dcc5ec0996818884fd5fb1\"},\"breadcrumb\":{\"@id\":\"https:\/\/www.noticiasradioreflejos.com.ar\/2021\/el-vuelo-que-se-trago-la-cordillera-un-misterio-de-mas-de-medio-siglo-la-teoria-extraterrestre-y-el-tesoro-que-jamas-se-encontro\/#breadcrumb\"},\"inLanguage\":\"es\",\"potentialAction\":[{\"@type\":\"ReadAction\",\"target\":[\"https:\/\/www.noticiasradioreflejos.com.ar\/2021\/el-vuelo-que-se-trago-la-cordillera-un-misterio-de-mas-de-medio-siglo-la-teoria-extraterrestre-y-el-tesoro-que-jamas-se-encontro\/\"]}]},{\"@type\":\"ImageObject\",\"inLanguage\":\"es\",\"@id\":\"https:\/\/www.noticiasradioreflejos.com.ar\/2021\/el-vuelo-que-se-trago-la-cordillera-un-misterio-de-mas-de-medio-siglo-la-teoria-extraterrestre-y-el-tesoro-que-jamas-se-encontro\/#primaryimage\",\"url\":\"https:\/\/cloudfront-us-east-1.images.arcpublishing.com\/infobae\/OTWI6G6IPZEHDO57XZ63T5QL5M.jpg\",\"contentUrl\":\"https:\/\/cloudfront-us-east-1.images.arcpublishing.com\/infobae\/OTWI6G6IPZEHDO57XZ63T5QL5M.jpg\"},{\"@type\":\"BreadcrumbList\",\"@id\":\"https:\/\/www.noticiasradioreflejos.com.ar\/2021\/el-vuelo-que-se-trago-la-cordillera-un-misterio-de-mas-de-medio-siglo-la-teoria-extraterrestre-y-el-tesoro-que-jamas-se-encontro\/#breadcrumb\",\"itemListElement\":[{\"@type\":\"ListItem\",\"position\":1,\"name\":\"Portada\",\"item\":\"https:\/\/www.noticiasradioreflejos.com.ar\/2021\/\"},{\"@type\":\"ListItem\",\"position\":2,\"name\":\"El vuelo que se trag\u00f3 la Cordillera: un misterio de m\u00e1s de medio siglo, la teor\u00eda extraterrestre y el tesoro que jam\u00e1s se encontr\u00f3\"}]},{\"@type\":\"WebSite\",\"@id\":\"https:\/\/www.noticiasradioreflejos.com.ar\/2021\/#website\",\"url\":\"https:\/\/www.noticiasradioreflejos.com.ar\/2021\/\",\"name\":\"Noticias Radio Reflejos\",\"description\":\"Las noticias de mi comarca\",\"potentialAction\":[{\"@type\":\"SearchAction\",\"target\":{\"@type\":\"EntryPoint\",\"urlTemplate\":\"https:\/\/www.noticiasradioreflejos.com.ar\/2021\/?s={search_term_string}\"},\"query-input\":{\"@type\":\"PropertyValueSpecification\",\"valueRequired\":true,\"valueName\":\"search_term_string\"}}],\"inLanguage\":\"es\"},{\"@type\":\"Person\",\"@id\":\"https:\/\/www.noticiasradioreflejos.com.ar\/2021\/#\/schema\/person\/ad82545263dcc5ec0996818884fd5fb1\",\"name\":\"Arnaldo Botto\",\"image\":{\"@type\":\"ImageObject\",\"inLanguage\":\"es\",\"@id\":\"https:\/\/www.noticiasradioreflejos.com.ar\/2021\/#\/schema\/person\/image\/\",\"url\":\"https:\/\/secure.gravatar.com\/avatar\/55cb5e37c1efa326397366e6974cb338056df65cb50e7d64d1cf314e87504837?s=96&d=mm&r=g\",\"contentUrl\":\"https:\/\/secure.gravatar.com\/avatar\/55cb5e37c1efa326397366e6974cb338056df65cb50e7d64d1cf314e87504837?s=96&d=mm&r=g\",\"caption\":\"Arnaldo Botto\"},\"url\":\"https:\/\/www.noticiasradioreflejos.com.ar\/2021\/author\/arnaldo\/\"}]}<\/script>\n<!-- \/ Yoast SEO plugin. -->","yoast_head_json":{"title":"El vuelo que se trag\u00f3 la Cordillera: un misterio de m\u00e1s de medio siglo, la teor\u00eda extraterrestre y el tesoro que jam\u00e1s se encontr\u00f3 - Noticias Radio Reflejos","robots":{"index":"index","follow":"follow","max-snippet":"max-snippet:-1","max-image-preview":"max-image-preview:large","max-video-preview":"max-video-preview:-1"},"canonical":"https:\/\/www.noticiasradioreflejos.com.ar\/2021\/el-vuelo-que-se-trago-la-cordillera-un-misterio-de-mas-de-medio-siglo-la-teoria-extraterrestre-y-el-tesoro-que-jamas-se-encontro\/","og_locale":"es_ES","og_type":"article","og_title":"El vuelo que se trag\u00f3 la Cordillera: un misterio de m\u00e1s de medio siglo, la teor\u00eda extraterrestre y el tesoro que jam\u00e1s se encontr\u00f3 - Noticias Radio Reflejos","og_description":"El vuelo 59 de BSAA desapareci\u00f3 de los radares cuando estaba cruzando desde la Argentina hacia Chile un 2 de agosto de 1947.","og_url":"https:\/\/www.noticiasradioreflejos.com.ar\/2021\/el-vuelo-que-se-trago-la-cordillera-un-misterio-de-mas-de-medio-siglo-la-teoria-extraterrestre-y-el-tesoro-que-jamas-se-encontro\/","og_site_name":"Noticias Radio Reflejos","article_published_time":"2022-05-21T12:03:04+00:00","og_image":[{"url":"https:\/\/cloudfront-us-east-1.images.arcpublishing.com\/infobae\/OTWI6G6IPZEHDO57XZ63T5QL5M.jpg","type":"","width":"","height":""}],"author":"Arnaldo Botto","twitter_card":"summary_large_image","schema":{"@context":"https:\/\/schema.org","@graph":[{"@type":"WebPage","@id":"https:\/\/www.noticiasradioreflejos.com.ar\/2021\/el-vuelo-que-se-trago-la-cordillera-un-misterio-de-mas-de-medio-siglo-la-teoria-extraterrestre-y-el-tesoro-que-jamas-se-encontro\/","url":"https:\/\/www.noticiasradioreflejos.com.ar\/2021\/el-vuelo-que-se-trago-la-cordillera-un-misterio-de-mas-de-medio-siglo-la-teoria-extraterrestre-y-el-tesoro-que-jamas-se-encontro\/","name":"El vuelo que se trag\u00f3 la Cordillera: un misterio de m\u00e1s de medio siglo, la teor\u00eda extraterrestre y el tesoro que jam\u00e1s se encontr\u00f3 - Noticias Radio Reflejos","isPartOf":{"@id":"https:\/\/www.noticiasradioreflejos.com.ar\/2021\/#website"},"primaryImageOfPage":{"@id":"https:\/\/www.noticiasradioreflejos.com.ar\/2021\/el-vuelo-que-se-trago-la-cordillera-un-misterio-de-mas-de-medio-siglo-la-teoria-extraterrestre-y-el-tesoro-que-jamas-se-encontro\/#primaryimage"},"image":{"@id":"https:\/\/www.noticiasradioreflejos.com.ar\/2021\/el-vuelo-que-se-trago-la-cordillera-un-misterio-de-mas-de-medio-siglo-la-teoria-extraterrestre-y-el-tesoro-que-jamas-se-encontro\/#primaryimage"},"thumbnailUrl":"https:\/\/cloudfront-us-east-1.images.arcpublishing.com\/infobae\/OTWI6G6IPZEHDO57XZ63T5QL5M.jpg","datePublished":"2022-05-21T12:03:04+00:00","author":{"@id":"https:\/\/www.noticiasradioreflejos.com.ar\/2021\/#\/schema\/person\/ad82545263dcc5ec0996818884fd5fb1"},"breadcrumb":{"@id":"https:\/\/www.noticiasradioreflejos.com.ar\/2021\/el-vuelo-que-se-trago-la-cordillera-un-misterio-de-mas-de-medio-siglo-la-teoria-extraterrestre-y-el-tesoro-que-jamas-se-encontro\/#breadcrumb"},"inLanguage":"es","potentialAction":[{"@type":"ReadAction","target":["https:\/\/www.noticiasradioreflejos.com.ar\/2021\/el-vuelo-que-se-trago-la-cordillera-un-misterio-de-mas-de-medio-siglo-la-teoria-extraterrestre-y-el-tesoro-que-jamas-se-encontro\/"]}]},{"@type":"ImageObject","inLanguage":"es","@id":"https:\/\/www.noticiasradioreflejos.com.ar\/2021\/el-vuelo-que-se-trago-la-cordillera-un-misterio-de-mas-de-medio-siglo-la-teoria-extraterrestre-y-el-tesoro-que-jamas-se-encontro\/#primaryimage","url":"https:\/\/cloudfront-us-east-1.images.arcpublishing.com\/infobae\/OTWI6G6IPZEHDO57XZ63T5QL5M.jpg","contentUrl":"https:\/\/cloudfront-us-east-1.images.arcpublishing.com\/infobae\/OTWI6G6IPZEHDO57XZ63T5QL5M.jpg"},{"@type":"BreadcrumbList","@id":"https:\/\/www.noticiasradioreflejos.com.ar\/2021\/el-vuelo-que-se-trago-la-cordillera-un-misterio-de-mas-de-medio-siglo-la-teoria-extraterrestre-y-el-tesoro-que-jamas-se-encontro\/#breadcrumb","itemListElement":[{"@type":"ListItem","position":1,"name":"Portada","item":"https:\/\/www.noticiasradioreflejos.com.ar\/2021\/"},{"@type":"ListItem","position":2,"name":"El vuelo que se trag\u00f3 la Cordillera: un misterio de m\u00e1s de medio siglo, la teor\u00eda extraterrestre y el tesoro que jam\u00e1s se encontr\u00f3"}]},{"@type":"WebSite","@id":"https:\/\/www.noticiasradioreflejos.com.ar\/2021\/#website","url":"https:\/\/www.noticiasradioreflejos.com.ar\/2021\/","name":"Noticias Radio Reflejos","description":"Las noticias de mi comarca","potentialAction":[{"@type":"SearchAction","target":{"@type":"EntryPoint","urlTemplate":"https:\/\/www.noticiasradioreflejos.com.ar\/2021\/?s={search_term_string}"},"query-input":{"@type":"PropertyValueSpecification","valueRequired":true,"valueName":"search_term_string"}}],"inLanguage":"es"},{"@type":"Person","@id":"https:\/\/www.noticiasradioreflejos.com.ar\/2021\/#\/schema\/person\/ad82545263dcc5ec0996818884fd5fb1","name":"Arnaldo Botto","image":{"@type":"ImageObject","inLanguage":"es","@id":"https:\/\/www.noticiasradioreflejos.com.ar\/2021\/#\/schema\/person\/image\/","url":"https:\/\/secure.gravatar.com\/avatar\/55cb5e37c1efa326397366e6974cb338056df65cb50e7d64d1cf314e87504837?s=96&d=mm&r=g","contentUrl":"https:\/\/secure.gravatar.com\/avatar\/55cb5e37c1efa326397366e6974cb338056df65cb50e7d64d1cf314e87504837?s=96&d=mm&r=g","caption":"Arnaldo Botto"},"url":"https:\/\/www.noticiasradioreflejos.com.ar\/2021\/author\/arnaldo\/"}]}},"_links":{"self":[{"href":"https:\/\/www.noticiasradioreflejos.com.ar\/2021\/wp-json\/wp\/v2\/posts\/72352","targetHints":{"allow":["GET"]}}],"collection":[{"href":"https:\/\/www.noticiasradioreflejos.com.ar\/2021\/wp-json\/wp\/v2\/posts"}],"about":[{"href":"https:\/\/www.noticiasradioreflejos.com.ar\/2021\/wp-json\/wp\/v2\/types\/post"}],"author":[{"embeddable":true,"href":"https:\/\/www.noticiasradioreflejos.com.ar\/2021\/wp-json\/wp\/v2\/users\/3"}],"replies":[{"embeddable":true,"href":"https:\/\/www.noticiasradioreflejos.com.ar\/2021\/wp-json\/wp\/v2\/comments?post=72352"}],"version-history":[{"count":1,"href":"https:\/\/www.noticiasradioreflejos.com.ar\/2021\/wp-json\/wp\/v2\/posts\/72352\/revisions"}],"predecessor-version":[{"id":72355,"href":"https:\/\/www.noticiasradioreflejos.com.ar\/2021\/wp-json\/wp\/v2\/posts\/72352\/revisions\/72355"}],"wp:attachment":[{"href":"https:\/\/www.noticiasradioreflejos.com.ar\/2021\/wp-json\/wp\/v2\/media?parent=72352"}],"wp:term":[{"taxonomy":"category","embeddable":true,"href":"https:\/\/www.noticiasradioreflejos.com.ar\/2021\/wp-json\/wp\/v2\/categories?post=72352"},{"taxonomy":"post_tag","embeddable":true,"href":"https:\/\/www.noticiasradioreflejos.com.ar\/2021\/wp-json\/wp\/v2\/tags?post=72352"}],"curies":[{"name":"wp","href":"https:\/\/api.w.org\/{rel}","templated":true}]}}