{"id":72347,"date":"2022-05-21T10:41:45","date_gmt":"2022-05-21T10:41:45","guid":{"rendered":"http:\/\/www.noticiasradioreflejos.com.ar\/2021\/?p=72347"},"modified":"2022-05-21T10:41:45","modified_gmt":"2022-05-21T10:41:45","slug":"el-gobierno-bonaerense-relanzo-el-programa-pueblos-turisticos","status":"publish","type":"post","link":"https:\/\/www.noticiasradioreflejos.com.ar\/2021\/el-gobierno-bonaerense-relanzo-el-programa-pueblos-turisticos\/","title":{"rendered":"El Gobierno bonaerense relanz\u00f3 el programa Pueblos Tur\u00edsticos"},"content":{"rendered":"<p>La provincia de Buenos Aires de esta manera impulsa pol\u00edticas para motorizar la creaci\u00f3n de empleo y el desarrollo productivo en diversas regiones, inform\u00f3 el Ministerio de Producci\u00f3n, Ciencia e Innovaci\u00f3n Tecnol\u00f3gica bonaerense.<!--more--><\/p>\n<figure class=\"mb-3\"><img decoding=\"async\" src=\"https:\/\/www.telam.com.ar\/thumbs\/bluesteel\/advf\/imagenes\/2022\/05\/62882e49a66d9_900.jpg\" alt=\"Con la incorporacin de Altamira el programa incluye ahora 33 pueblos bonaerenses de 31 municipios Foto TW\" width=\"100%\" height=\"100%\" \/><\/p>\n<div class=\"media-icons\"><\/div><figcaption>Con la incorporaci\u00f3n de Altamira, el programa incluye ahora 33 pueblos bonaerenses de 31 municipios (Foto TW)<\/figcaption><\/figure>\n<p>La provincia de Buenos Aires relanz\u00f3 este viernes el programa Pueblos Tur\u00edsticos, que impulsa pol\u00edticas p\u00fablicas para motorizar la creaci\u00f3n de empleo y el desarrollo productivo en diversas regiones, inform\u00f3 el Ministerio de Producci\u00f3n, Ciencia e Innovaci\u00f3n Tecnol\u00f3gica bonaerense.<\/p>\n<p><strong>El programa naci\u00f3 en 2008 y desde entonces incorpor\u00f3 a 31 localidades<\/strong>, entre ellas\u00a0<strong>la Isla Mart\u00edn Garc\u00eda, a las que este viernes se sum\u00f3 Altamira, en el partido de Mercedes<\/strong>, donde el<strong>\u00a0ministro de esa cartera, Augusto Costa<\/strong>, efectu\u00f3 el relanzamiento.<\/p>\n<p>El ministro dijo que\u00a0<strong>\u00abeste programa busca dar herramientas a distintas localidades de menos 2.000 habitantes que buscan incorporarse a un circuito que va a generar mayores oportunidades para la gente de la comunidad local\u201d<\/strong>, se\u00f1ala un comunicado.<\/p>\n<blockquote class=\"twitter-tweet\" data-width=\"500\" data-dnt=\"true\">\n<p lang=\"es\" dir=\"ltr\">Relanzamos el programa <a href=\"https:\/\/twitter.com\/hashtag\/PueblosTur%C3%ADsticos?src=hash&amp;ref_src=twsrc%5Etfw\">#PueblosTur\u00edsticos<\/a> en Altamira, Partido de Mercedes junto al intendente <a href=\"https:\/\/twitter.com\/juaniustarroz?ref_src=twsrc%5Etfw\">@juaniustarroz<\/a>. Nos llena de alegr\u00eda saber que ahora 33 pueblos bonaerenses forman parte de este programa. <a href=\"https:\/\/t.co\/bb5Kts8mJv\">pic.twitter.com\/bb5Kts8mJv<\/a><\/p>\n<p>&mdash; Augusto Costa (@CostaAugusto9) <a href=\"https:\/\/twitter.com\/CostaAugusto9\/status\/1527709968589365249?ref_src=twsrc%5Etfw\">May 20, 2022<\/a><\/p><\/blockquote>\n<p><script async src=\"https:\/\/platform.twitter.com\/widgets.js\" charset=\"utf-8\"><\/script><\/p>\n<p>\u201cSon destinos que la Provincia considera pueblos tur\u00edsticos para acompa\u00f1ar y desarrollar\u201d, agreg\u00f3 Costa, y explic\u00f3 que el programa brinda varias herramientas, desde asistencia y capacitaciones para emprendedores, hasta financiamiento de infraestructura y promoci\u00f3n.<\/p>\n<p><strong>\u201cLa idea es consolidar esta actividad central como es el turismo\u201d<\/strong>, afirm\u00f3 el funcionario, quien estuvo acompa\u00f1ado en el acto por intendente de Mercedes, Juan Ustarroz.<\/p>\n<p>Por otra parte, resalt\u00f3 la importancia del plan 6&#215;6, lanzado por el gobernador Axel Kicillof, que incluye un lineamiento exclusivo para el \u00e1mbito tur\u00edstico: \u201cDentro del programa 6&#215;6 -dijo- hay una de las l\u00edneas que promueve el turismo en toda la provincia y todo el a\u00f1o; y eso exige un Estado presente, acompa\u00f1ando los diferentes destinos y generando desarrollo donde hoy todav\u00eda est\u00e1n incipientes\u201d.<\/p>\n<blockquote class=\"twitter-tweet\" data-width=\"500\" data-dnt=\"true\">\n<p lang=\"es\" dir=\"ltr\">El turismo en territorio bonaerense es uno de los actores principales del desarrollo econ\u00f3mico y productivo, y es a lo largo y ancho de toda la Provincia, durante todos los meses del a\u00f1o. <a href=\"https:\/\/twitter.com\/hashtag\/ProvinciaCreciendo?src=hash&amp;ref_src=twsrc%5Etfw\">#ProvinciaCreciendo<\/a> <a href=\"https:\/\/twitter.com\/hashtag\/TurismoTodoElA%C3%B1o?src=hash&amp;ref_src=twsrc%5Etfw\">#TurismoTodoElA\u00f1o<\/a><a href=\"https:\/\/twitter.com\/solemartinezw?ref_src=twsrc%5Etfw\">@solemartinezw<\/a><a href=\"https:\/\/twitter.com\/TurismoPBA?ref_src=twsrc%5Etfw\">@TurismoPBA<\/a> <a href=\"https:\/\/t.co\/eEwLwoVmtc\">pic.twitter.com\/eEwLwoVmtc<\/a><\/p>\n<p>&mdash; Augusto Costa (@CostaAugusto9) <a href=\"https:\/\/twitter.com\/CostaAugusto9\/status\/1527709984057860098?ref_src=twsrc%5Etfw\">May 20, 2022<\/a><\/p><\/blockquote>\n<p><script async src=\"https:\/\/platform.twitter.com\/widgets.js\" charset=\"utf-8\"><\/script><\/p>\n<p>Ustarroz destac\u00f3 que \u201chay una perspectiva de futuro porque hay presente, y hay presente cuando hay instituciones, solidaridad y trabajo unido; y ese es el destino que merece el municipio, la Provincia y el pa\u00eds, con una sociedad que se une a la diversidad para un futuro mejor\u201d.<\/p>\n<p><strong>Con la incorporaci\u00f3n de Altamira, el programa incluye ahora 33 pueblos bonaerenses de 31 municipios.<\/strong><\/p>\n<p>Tambi\u00e9n participaron del lanzamiento la subsecretaria de Turismo, Soledad Mart\u00ednez, y el secretario general de Ferrocarriles, Ezequiel M\u00e9ndez.<\/p>\n<blockquote class=\"twitter-tweet\" data-width=\"500\" data-dnt=\"true\">\n<p lang=\"zxx\" dir=\"ltr\"><a href=\"https:\/\/t.co\/oNh3k39LFf\">pic.twitter.com\/oNh3k39LFf<\/a><\/p>\n<p>&mdash; Buenos Aires Turismo (@TurismoPBA) <a href=\"https:\/\/twitter.com\/TurismoPBA\/status\/1446488262365913089?ref_src=twsrc%5Etfw\">October 8, 2021<\/a><\/p><\/blockquote>\n<p><script async src=\"https:\/\/platform.twitter.com\/widgets.js\" charset=\"utf-8\"><\/script><\/p>\n<p>&nbsp;<\/p>\n","protected":false},"excerpt":{"rendered":"<p>La provincia de Buenos Aires de esta manera impulsa pol\u00edticas para motorizar la creaci\u00f3n de empleo y el desarrollo productivo en diversas regiones, inform\u00f3 el Ministerio de Producci\u00f3n, Ciencia e Innovaci\u00f3n Tecnol\u00f3gica bonaerense.<\/p>\n","protected":false},"author":3,"featured_media":56433,"comment_status":"closed","ping_status":"closed","sticky":false,"template":"","format":"standard","meta":{"footnotes":""},"categories":[24,33],"tags":[48],"class_list":["post-72347","post","type-post","status-publish","format-standard","has-post-thumbnail","hentry","category-politica","category-turismo","tag-destacada"],"yoast_head":"<!-- This site is optimized with the Yoast SEO plugin v25.9 - https:\/\/yoast.com\/wordpress\/plugins\/seo\/ -->\n<title>El Gobierno bonaerense relanz\u00f3 el programa Pueblos Tur\u00edsticos - Noticias Radio Reflejos<\/title>\n<meta name=\"robots\" content=\"index, follow, max-snippet:-1, max-image-preview:large, max-video-preview:-1\" \/>\n<link rel=\"canonical\" href=\"https:\/\/www.noticiasradioreflejos.com.ar\/2021\/el-gobierno-bonaerense-relanzo-el-programa-pueblos-turisticos\/\" \/>\n<meta property=\"og:locale\" content=\"es_ES\" \/>\n<meta property=\"og:type\" content=\"article\" \/>\n<meta property=\"og:title\" content=\"El Gobierno bonaerense relanz\u00f3 el programa Pueblos Tur\u00edsticos - Noticias Radio Reflejos\" \/>\n<meta property=\"og:description\" content=\"La provincia de Buenos Aires de esta manera impulsa pol\u00edticas para motorizar la creaci\u00f3n de empleo y el desarrollo productivo en diversas regiones, inform\u00f3 el Ministerio de Producci\u00f3n, Ciencia e Innovaci\u00f3n Tecnol\u00f3gica bonaerense.\" \/>\n<meta property=\"og:url\" content=\"https:\/\/www.noticiasradioreflejos.com.ar\/2021\/el-gobierno-bonaerense-relanzo-el-programa-pueblos-turisticos\/\" \/>\n<meta property=\"og:site_name\" content=\"Noticias Radio Reflejos\" \/>\n<meta property=\"article:published_time\" content=\"2022-05-21T10:41:45+00:00\" \/>\n<meta property=\"og:image\" content=\"https:\/\/www.noticiasradioreflejos.com.ar\/2021\/wp-content\/uploads\/2021\/05\/Saldungaray-1-.jpeg\" \/>\n\t<meta property=\"og:image:width\" content=\"400\" \/>\n\t<meta property=\"og:image:height\" content=\"330\" \/>\n\t<meta property=\"og:image:type\" content=\"image\/jpeg\" \/>\n<meta name=\"author\" content=\"Arnaldo Botto\" \/>\n<meta name=\"twitter:card\" content=\"summary_large_image\" \/>\n<script type=\"application\/ld+json\" class=\"yoast-schema-graph\">{\"@context\":\"https:\/\/schema.org\",\"@graph\":[{\"@type\":\"WebPage\",\"@id\":\"https:\/\/www.noticiasradioreflejos.com.ar\/2021\/el-gobierno-bonaerense-relanzo-el-programa-pueblos-turisticos\/\",\"url\":\"https:\/\/www.noticiasradioreflejos.com.ar\/2021\/el-gobierno-bonaerense-relanzo-el-programa-pueblos-turisticos\/\",\"name\":\"El Gobierno bonaerense relanz\u00f3 el programa Pueblos Tur\u00edsticos - Noticias Radio Reflejos\",\"isPartOf\":{\"@id\":\"https:\/\/www.noticiasradioreflejos.com.ar\/2021\/#website\"},\"primaryImageOfPage\":{\"@id\":\"https:\/\/www.noticiasradioreflejos.com.ar\/2021\/el-gobierno-bonaerense-relanzo-el-programa-pueblos-turisticos\/#primaryimage\"},\"image\":{\"@id\":\"https:\/\/www.noticiasradioreflejos.com.ar\/2021\/el-gobierno-bonaerense-relanzo-el-programa-pueblos-turisticos\/#primaryimage\"},\"thumbnailUrl\":\"https:\/\/www.noticiasradioreflejos.com.ar\/2021\/wp-content\/uploads\/2021\/05\/Saldungaray-1-.jpeg\",\"datePublished\":\"2022-05-21T10:41:45+00:00\",\"author\":{\"@id\":\"https:\/\/www.noticiasradioreflejos.com.ar\/2021\/#\/schema\/person\/ad82545263dcc5ec0996818884fd5fb1\"},\"breadcrumb\":{\"@id\":\"https:\/\/www.noticiasradioreflejos.com.ar\/2021\/el-gobierno-bonaerense-relanzo-el-programa-pueblos-turisticos\/#breadcrumb\"},\"inLanguage\":\"es\",\"potentialAction\":[{\"@type\":\"ReadAction\",\"target\":[\"https:\/\/www.noticiasradioreflejos.com.ar\/2021\/el-gobierno-bonaerense-relanzo-el-programa-pueblos-turisticos\/\"]}]},{\"@type\":\"ImageObject\",\"inLanguage\":\"es\",\"@id\":\"https:\/\/www.noticiasradioreflejos.com.ar\/2021\/el-gobierno-bonaerense-relanzo-el-programa-pueblos-turisticos\/#primaryimage\",\"url\":\"https:\/\/www.noticiasradioreflejos.com.ar\/2021\/wp-content\/uploads\/2021\/05\/Saldungaray-1-.jpeg\",\"contentUrl\":\"https:\/\/www.noticiasradioreflejos.com.ar\/2021\/wp-content\/uploads\/2021\/05\/Saldungaray-1-.jpeg\",\"width\":400,\"height\":330},{\"@type\":\"BreadcrumbList\",\"@id\":\"https:\/\/www.noticiasradioreflejos.com.ar\/2021\/el-gobierno-bonaerense-relanzo-el-programa-pueblos-turisticos\/#breadcrumb\",\"itemListElement\":[{\"@type\":\"ListItem\",\"position\":1,\"name\":\"Portada\",\"item\":\"https:\/\/www.noticiasradioreflejos.com.ar\/2021\/\"},{\"@type\":\"ListItem\",\"position\":2,\"name\":\"El Gobierno bonaerense relanz\u00f3 el programa Pueblos Tur\u00edsticos\"}]},{\"@type\":\"WebSite\",\"@id\":\"https:\/\/www.noticiasradioreflejos.com.ar\/2021\/#website\",\"url\":\"https:\/\/www.noticiasradioreflejos.com.ar\/2021\/\",\"name\":\"Noticias Radio Reflejos\",\"description\":\"Las noticias de mi comarca\",\"potentialAction\":[{\"@type\":\"SearchAction\",\"target\":{\"@type\":\"EntryPoint\",\"urlTemplate\":\"https:\/\/www.noticiasradioreflejos.com.ar\/2021\/?s={search_term_string}\"},\"query-input\":{\"@type\":\"PropertyValueSpecification\",\"valueRequired\":true,\"valueName\":\"search_term_string\"}}],\"inLanguage\":\"es\"},{\"@type\":\"Person\",\"@id\":\"https:\/\/www.noticiasradioreflejos.com.ar\/2021\/#\/schema\/person\/ad82545263dcc5ec0996818884fd5fb1\",\"name\":\"Arnaldo Botto\",\"image\":{\"@type\":\"ImageObject\",\"inLanguage\":\"es\",\"@id\":\"https:\/\/www.noticiasradioreflejos.com.ar\/2021\/#\/schema\/person\/image\/\",\"url\":\"https:\/\/secure.gravatar.com\/avatar\/55cb5e37c1efa326397366e6974cb338056df65cb50e7d64d1cf314e87504837?s=96&d=mm&r=g\",\"contentUrl\":\"https:\/\/secure.gravatar.com\/avatar\/55cb5e37c1efa326397366e6974cb338056df65cb50e7d64d1cf314e87504837?s=96&d=mm&r=g\",\"caption\":\"Arnaldo Botto\"},\"url\":\"https:\/\/www.noticiasradioreflejos.com.ar\/2021\/author\/arnaldo\/\"}]}<\/script>\n<!-- \/ Yoast SEO plugin. -->","yoast_head_json":{"title":"El Gobierno bonaerense relanz\u00f3 el programa Pueblos Tur\u00edsticos - Noticias Radio Reflejos","robots":{"index":"index","follow":"follow","max-snippet":"max-snippet:-1","max-image-preview":"max-image-preview:large","max-video-preview":"max-video-preview:-1"},"canonical":"https:\/\/www.noticiasradioreflejos.com.ar\/2021\/el-gobierno-bonaerense-relanzo-el-programa-pueblos-turisticos\/","og_locale":"es_ES","og_type":"article","og_title":"El Gobierno bonaerense relanz\u00f3 el programa Pueblos Tur\u00edsticos - Noticias Radio Reflejos","og_description":"La provincia de Buenos Aires de esta manera impulsa pol\u00edticas para motorizar la creaci\u00f3n de empleo y el desarrollo productivo en diversas regiones, inform\u00f3 el Ministerio de Producci\u00f3n, Ciencia e Innovaci\u00f3n Tecnol\u00f3gica bonaerense.","og_url":"https:\/\/www.noticiasradioreflejos.com.ar\/2021\/el-gobierno-bonaerense-relanzo-el-programa-pueblos-turisticos\/","og_site_name":"Noticias Radio Reflejos","article_published_time":"2022-05-21T10:41:45+00:00","og_image":[{"width":400,"height":330,"url":"https:\/\/www.noticiasradioreflejos.com.ar\/2021\/wp-content\/uploads\/2021\/05\/Saldungaray-1-.jpeg","type":"image\/jpeg"}],"author":"Arnaldo Botto","twitter_card":"summary_large_image","schema":{"@context":"https:\/\/schema.org","@graph":[{"@type":"WebPage","@id":"https:\/\/www.noticiasradioreflejos.com.ar\/2021\/el-gobierno-bonaerense-relanzo-el-programa-pueblos-turisticos\/","url":"https:\/\/www.noticiasradioreflejos.com.ar\/2021\/el-gobierno-bonaerense-relanzo-el-programa-pueblos-turisticos\/","name":"El Gobierno bonaerense relanz\u00f3 el programa Pueblos Tur\u00edsticos - Noticias Radio Reflejos","isPartOf":{"@id":"https:\/\/www.noticiasradioreflejos.com.ar\/2021\/#website"},"primaryImageOfPage":{"@id":"https:\/\/www.noticiasradioreflejos.com.ar\/2021\/el-gobierno-bonaerense-relanzo-el-programa-pueblos-turisticos\/#primaryimage"},"image":{"@id":"https:\/\/www.noticiasradioreflejos.com.ar\/2021\/el-gobierno-bonaerense-relanzo-el-programa-pueblos-turisticos\/#primaryimage"},"thumbnailUrl":"https:\/\/www.noticiasradioreflejos.com.ar\/2021\/wp-content\/uploads\/2021\/05\/Saldungaray-1-.jpeg","datePublished":"2022-05-21T10:41:45+00:00","author":{"@id":"https:\/\/www.noticiasradioreflejos.com.ar\/2021\/#\/schema\/person\/ad82545263dcc5ec0996818884fd5fb1"},"breadcrumb":{"@id":"https:\/\/www.noticiasradioreflejos.com.ar\/2021\/el-gobierno-bonaerense-relanzo-el-programa-pueblos-turisticos\/#breadcrumb"},"inLanguage":"es","potentialAction":[{"@type":"ReadAction","target":["https:\/\/www.noticiasradioreflejos.com.ar\/2021\/el-gobierno-bonaerense-relanzo-el-programa-pueblos-turisticos\/"]}]},{"@type":"ImageObject","inLanguage":"es","@id":"https:\/\/www.noticiasradioreflejos.com.ar\/2021\/el-gobierno-bonaerense-relanzo-el-programa-pueblos-turisticos\/#primaryimage","url":"https:\/\/www.noticiasradioreflejos.com.ar\/2021\/wp-content\/uploads\/2021\/05\/Saldungaray-1-.jpeg","contentUrl":"https:\/\/www.noticiasradioreflejos.com.ar\/2021\/wp-content\/uploads\/2021\/05\/Saldungaray-1-.jpeg","width":400,"height":330},{"@type":"BreadcrumbList","@id":"https:\/\/www.noticiasradioreflejos.com.ar\/2021\/el-gobierno-bonaerense-relanzo-el-programa-pueblos-turisticos\/#breadcrumb","itemListElement":[{"@type":"ListItem","position":1,"name":"Portada","item":"https:\/\/www.noticiasradioreflejos.com.ar\/2021\/"},{"@type":"ListItem","position":2,"name":"El Gobierno bonaerense relanz\u00f3 el programa Pueblos Tur\u00edsticos"}]},{"@type":"WebSite","@id":"https:\/\/www.noticiasradioreflejos.com.ar\/2021\/#website","url":"https:\/\/www.noticiasradioreflejos.com.ar\/2021\/","name":"Noticias Radio Reflejos","description":"Las noticias de mi comarca","potentialAction":[{"@type":"SearchAction","target":{"@type":"EntryPoint","urlTemplate":"https:\/\/www.noticiasradioreflejos.com.ar\/2021\/?s={search_term_string}"},"query-input":{"@type":"PropertyValueSpecification","valueRequired":true,"valueName":"search_term_string"}}],"inLanguage":"es"},{"@type":"Person","@id":"https:\/\/www.noticiasradioreflejos.com.ar\/2021\/#\/schema\/person\/ad82545263dcc5ec0996818884fd5fb1","name":"Arnaldo Botto","image":{"@type":"ImageObject","inLanguage":"es","@id":"https:\/\/www.noticiasradioreflejos.com.ar\/2021\/#\/schema\/person\/image\/","url":"https:\/\/secure.gravatar.com\/avatar\/55cb5e37c1efa326397366e6974cb338056df65cb50e7d64d1cf314e87504837?s=96&d=mm&r=g","contentUrl":"https:\/\/secure.gravatar.com\/avatar\/55cb5e37c1efa326397366e6974cb338056df65cb50e7d64d1cf314e87504837?s=96&d=mm&r=g","caption":"Arnaldo Botto"},"url":"https:\/\/www.noticiasradioreflejos.com.ar\/2021\/author\/arnaldo\/"}]}},"_links":{"self":[{"href":"https:\/\/www.noticiasradioreflejos.com.ar\/2021\/wp-json\/wp\/v2\/posts\/72347","targetHints":{"allow":["GET"]}}],"collection":[{"href":"https:\/\/www.noticiasradioreflejos.com.ar\/2021\/wp-json\/wp\/v2\/posts"}],"about":[{"href":"https:\/\/www.noticiasradioreflejos.com.ar\/2021\/wp-json\/wp\/v2\/types\/post"}],"author":[{"embeddable":true,"href":"https:\/\/www.noticiasradioreflejos.com.ar\/2021\/wp-json\/wp\/v2\/users\/3"}],"replies":[{"embeddable":true,"href":"https:\/\/www.noticiasradioreflejos.com.ar\/2021\/wp-json\/wp\/v2\/comments?post=72347"}],"version-history":[{"count":1,"href":"https:\/\/www.noticiasradioreflejos.com.ar\/2021\/wp-json\/wp\/v2\/posts\/72347\/revisions"}],"predecessor-version":[{"id":72348,"href":"https:\/\/www.noticiasradioreflejos.com.ar\/2021\/wp-json\/wp\/v2\/posts\/72347\/revisions\/72348"}],"wp:featuredmedia":[{"embeddable":true,"href":"https:\/\/www.noticiasradioreflejos.com.ar\/2021\/wp-json\/wp\/v2\/media\/56433"}],"wp:attachment":[{"href":"https:\/\/www.noticiasradioreflejos.com.ar\/2021\/wp-json\/wp\/v2\/media?parent=72347"}],"wp:term":[{"taxonomy":"category","embeddable":true,"href":"https:\/\/www.noticiasradioreflejos.com.ar\/2021\/wp-json\/wp\/v2\/categories?post=72347"},{"taxonomy":"post_tag","embeddable":true,"href":"https:\/\/www.noticiasradioreflejos.com.ar\/2021\/wp-json\/wp\/v2\/tags?post=72347"}],"curies":[{"name":"wp","href":"https:\/\/api.w.org\/{rel}","templated":true}]}}