{"id":72344,"date":"2022-05-21T10:35:27","date_gmt":"2022-05-21T10:35:27","guid":{"rendered":"http:\/\/www.noticiasradioreflejos.com.ar\/2021\/?p=72344"},"modified":"2022-05-21T10:35:27","modified_gmt":"2022-05-21T10:35:27","slug":"presentaron-restos-fosiles-del-reptil-volador-mas-grande-de-sudamerica","status":"publish","type":"post","link":"https:\/\/www.noticiasradioreflejos.com.ar\/2021\/presentaron-restos-fosiles-del-reptil-volador-mas-grande-de-sudamerica\/","title":{"rendered":"Presentaron restos f\u00f3siles del reptil volador m\u00e1s grande de Sudam\u00e9rica"},"content":{"rendered":"<p>El reptil de entre 250 y 66 millones de a\u00f1os y de nueve metros de largo, fue presentado por cient\u00edficos de la Facultad de Ciencias Exactas y Naturales y el Instituto Interdisciplinario de Ciencias B\u00e1sicas de la Universidad Nacional de Cuyo.<!--more--><\/p>\n<figure class=\"mb-3\"><img decoding=\"async\" src=\"https:\/\/www.telam.com.ar\/thumbs\/bluesteel\/advf\/imagenes\/2022\/05\/62883933cf03f_900.jpg\" alt=\"Se trata de un pterosaurios reptiles voladores un orden extinto de saurpsidos arcosaurios voladores Foto Alfredo Ponce\" width=\"100%\" height=\"100%\" \/><\/p>\n<div class=\"media-icons\"><\/div><figcaption>Se trata de un \u00abpterosaurios\u00bb (reptiles voladores) un orden extinto de saur\u00f3psidos arcosaurios voladores (Foto Alfredo Ponce)<\/figcaption><\/figure>\n<p>Restos f\u00f3siles de una especie de reptil volador de entre 250 y 66 millones de a\u00f1os de antig\u00fcedad y de nueve metros de largo, que seg\u00fan los investigadores es el m\u00e1s grande Sudam\u00e9rica, fue presentado por cient\u00edficos de la Facultad de Ciencias Exactas y Naturales y el Instituto Interdisciplinario de Ciencias B\u00e1sicas de la Universidad Nacional de Cuyo (Uncuyo), inform\u00f3 esa casa de estudios.<\/p>\n<p><strong>Se trata de un \u00abpterosaurios\u00bb (reptiles voladores) un orden extinto de saur\u00f3psidos arcosaurios voladores<\/strong>\u00a0que existieron durante casi toda la Era Mesozoica y que fueron los primeros vertebrados en conquistar el aire, detall\u00f3 la Uncuyo.<\/p>\n<p>Sus alas estaban formadas por una compleja membrana sostenida por el cuarto dedo de la mano, que estaba hipertrofiado.<\/p>\n<figure class=\"mb-3\"><img decoding=\"async\" src=\"https:\/\/www.telam.com.ar\/thumbs\/bluesteel\/advf\/imagenes\/2022\/05\/62883954be21f_900.jpg\" alt=\"Existieron durante casi toda la Era Mesozoica y fueron los primeros vertebrados en conquistar el aire Foto Alfredo Ponce\" width=\"100%\" height=\"100%\" \/><\/p>\n<div class=\"media-icons\"><\/div><figcaption>Existieron durante casi toda la Era Mesozoica y fueron los primeros vertebrados en conquistar el aire (Foto Alfredo Ponce)<\/figcaption><\/figure>\n<p><strong>El dinosaurio, bautizado \u00abThanatosdrakon amaru\u00bb fue presentado en el auditorio de esa facultad, en el Parque San Mart\u00edn de la ciudad de Mendoza<\/strong>\u00a0por Bernardo Gonz\u00e1lez Riga y Leonardo Ortiz, responsables del descubrimiento y miembros del Museo y Laboratorio de Dinosaurios.<\/p>\n<p>Los huesos\u00a0<strong>f\u00f3siles de Thanatosdrakon se encontraron en afloramientos ubicados en el sur provincial<\/strong>, en un yacimiento pr\u00f3ximo al R\u00edo Colorado, en rocas de fines del Per\u00edodo Cret\u00e1cico, cuya antig\u00fcedad se estima en 86 millones de a\u00f1os.<\/p>\n<p>Los restos f\u00f3siles fueron hallados y preservados en un procedimiento de rescate efectuado durante la realizaci\u00f3n de obras civiles, por lo que los investigadores remarcaron la importancia de las acciones de protecci\u00f3n patrimonial durante la ejecuci\u00f3n de obras en sitios con alto potencial paleontol\u00f3gico.<\/p>\n<figure class=\"mb-3\"><img decoding=\"async\" src=\"https:\/\/www.telam.com.ar\/thumbs\/bluesteel\/advf\/imagenes\/2022\/05\/628839349fe71_900.jpg\" alt=\"Foto Alfredo Ponce\" width=\"100%\" height=\"100%\" \/><\/p>\n<div class=\"media-icons\"><\/div><figcaption>(Foto Alfredo Ponce)<\/figcaption><\/figure>\n<p>Los restos que se encuentran excepcionalmente preservados, pertenecen al esqueleto axial (v\u00e9rtebras) y al esqueleto apendicular (huesos de los miembros anteriores y posteriores) de dos ejemplares.<\/p>\n<p>\u201cLos pterosaurios fueron un grupo muy singular de animales que\u00a0<strong>vivieron desde el Tri\u00e1sico hasta el Cret\u00e1cico y representan los primeros vertebrados que adquirieron la capacidad de volar activamente. Generalmente suelen confundirse con los dinosaurios, grupo cercanamente emparentado\u201d<\/strong>, expres\u00f3 Ortiz.<\/p>\n<p><strong>La Era Mesozoica se conoce como \u201cla edad de los reptiles\u201d\u00a0<\/strong>por ser el grupo de vertebrados dominante en la tierra y los mares y se extendi\u00f3 entre los 250 y los 66 millones de a\u00f1os de antig\u00fcedad. Durante ese tiempo tuvieron su apogeo los grandes reptiles conocidos como dinosaurios.<\/p>\n<figure class=\"mb-3\"><img decoding=\"async\" src=\"https:\/\/www.telam.com.ar\/thumbs\/bluesteel\/advf\/imagenes\/2022\/05\/628839341eff3_900.jpg\" alt=\"Foto Alfredo Ponce\" width=\"100%\" height=\"100%\" \/><\/p>\n<div class=\"media-icons\"><\/div><figcaption>(Foto Alfredo Ponce)<\/figcaption><\/figure>\n","protected":false},"excerpt":{"rendered":"<p>El reptil de entre 250 y 66 millones de a\u00f1os y de nueve metros de largo, fue presentado por cient\u00edficos de la Facultad de Ciencias Exactas y Naturales y el Instituto Interdisciplinario de Ciencias B\u00e1sicas de la Universidad Nacional de Cuyo.<\/p>\n","protected":false},"author":3,"featured_media":0,"comment_status":"closed","ping_status":"closed","sticky":false,"template":"","format":"standard","meta":{"footnotes":""},"categories":[46,26],"tags":[],"class_list":["post-72344","post","type-post","status-publish","format-standard","hentry","category-ciencia-y-tecnologia","category-sociedad"],"yoast_head":"<!-- This site is optimized with the Yoast SEO plugin v25.9 - https:\/\/yoast.com\/wordpress\/plugins\/seo\/ -->\n<title>Presentaron restos f\u00f3siles del reptil volador m\u00e1s grande de Sudam\u00e9rica - Noticias Radio Reflejos<\/title>\n<meta name=\"robots\" content=\"index, follow, max-snippet:-1, max-image-preview:large, max-video-preview:-1\" \/>\n<link rel=\"canonical\" href=\"https:\/\/www.noticiasradioreflejos.com.ar\/2021\/presentaron-restos-fosiles-del-reptil-volador-mas-grande-de-sudamerica\/\" \/>\n<meta property=\"og:locale\" content=\"es_ES\" \/>\n<meta property=\"og:type\" content=\"article\" \/>\n<meta property=\"og:title\" content=\"Presentaron restos f\u00f3siles del reptil volador m\u00e1s grande de Sudam\u00e9rica - Noticias Radio Reflejos\" \/>\n<meta property=\"og:description\" content=\"El reptil de entre 250 y 66 millones de a\u00f1os y de nueve metros de largo, fue presentado por cient\u00edficos de la Facultad de Ciencias Exactas y Naturales y el Instituto Interdisciplinario de Ciencias B\u00e1sicas de la Universidad Nacional de Cuyo.\" \/>\n<meta property=\"og:url\" content=\"https:\/\/www.noticiasradioreflejos.com.ar\/2021\/presentaron-restos-fosiles-del-reptil-volador-mas-grande-de-sudamerica\/\" \/>\n<meta property=\"og:site_name\" content=\"Noticias Radio Reflejos\" \/>\n<meta property=\"article:published_time\" content=\"2022-05-21T10:35:27+00:00\" \/>\n<meta property=\"og:image\" content=\"https:\/\/www.telam.com.ar\/thumbs\/bluesteel\/advf\/imagenes\/2022\/05\/62883933cf03f_900.jpg\" \/>\n<meta name=\"author\" content=\"Arnaldo Botto\" \/>\n<meta name=\"twitter:card\" content=\"summary_large_image\" \/>\n<script type=\"application\/ld+json\" class=\"yoast-schema-graph\">{\"@context\":\"https:\/\/schema.org\",\"@graph\":[{\"@type\":\"WebPage\",\"@id\":\"https:\/\/www.noticiasradioreflejos.com.ar\/2021\/presentaron-restos-fosiles-del-reptil-volador-mas-grande-de-sudamerica\/\",\"url\":\"https:\/\/www.noticiasradioreflejos.com.ar\/2021\/presentaron-restos-fosiles-del-reptil-volador-mas-grande-de-sudamerica\/\",\"name\":\"Presentaron restos f\u00f3siles del reptil volador m\u00e1s grande de Sudam\u00e9rica - Noticias Radio Reflejos\",\"isPartOf\":{\"@id\":\"https:\/\/www.noticiasradioreflejos.com.ar\/2021\/#website\"},\"primaryImageOfPage\":{\"@id\":\"https:\/\/www.noticiasradioreflejos.com.ar\/2021\/presentaron-restos-fosiles-del-reptil-volador-mas-grande-de-sudamerica\/#primaryimage\"},\"image\":{\"@id\":\"https:\/\/www.noticiasradioreflejos.com.ar\/2021\/presentaron-restos-fosiles-del-reptil-volador-mas-grande-de-sudamerica\/#primaryimage\"},\"thumbnailUrl\":\"https:\/\/www.telam.com.ar\/thumbs\/bluesteel\/advf\/imagenes\/2022\/05\/62883933cf03f_900.jpg\",\"datePublished\":\"2022-05-21T10:35:27+00:00\",\"author\":{\"@id\":\"https:\/\/www.noticiasradioreflejos.com.ar\/2021\/#\/schema\/person\/ad82545263dcc5ec0996818884fd5fb1\"},\"breadcrumb\":{\"@id\":\"https:\/\/www.noticiasradioreflejos.com.ar\/2021\/presentaron-restos-fosiles-del-reptil-volador-mas-grande-de-sudamerica\/#breadcrumb\"},\"inLanguage\":\"es\",\"potentialAction\":[{\"@type\":\"ReadAction\",\"target\":[\"https:\/\/www.noticiasradioreflejos.com.ar\/2021\/presentaron-restos-fosiles-del-reptil-volador-mas-grande-de-sudamerica\/\"]}]},{\"@type\":\"ImageObject\",\"inLanguage\":\"es\",\"@id\":\"https:\/\/www.noticiasradioreflejos.com.ar\/2021\/presentaron-restos-fosiles-del-reptil-volador-mas-grande-de-sudamerica\/#primaryimage\",\"url\":\"https:\/\/www.telam.com.ar\/thumbs\/bluesteel\/advf\/imagenes\/2022\/05\/62883933cf03f_900.jpg\",\"contentUrl\":\"https:\/\/www.telam.com.ar\/thumbs\/bluesteel\/advf\/imagenes\/2022\/05\/62883933cf03f_900.jpg\"},{\"@type\":\"BreadcrumbList\",\"@id\":\"https:\/\/www.noticiasradioreflejos.com.ar\/2021\/presentaron-restos-fosiles-del-reptil-volador-mas-grande-de-sudamerica\/#breadcrumb\",\"itemListElement\":[{\"@type\":\"ListItem\",\"position\":1,\"name\":\"Portada\",\"item\":\"https:\/\/www.noticiasradioreflejos.com.ar\/2021\/\"},{\"@type\":\"ListItem\",\"position\":2,\"name\":\"Presentaron restos f\u00f3siles del reptil volador m\u00e1s grande de Sudam\u00e9rica\"}]},{\"@type\":\"WebSite\",\"@id\":\"https:\/\/www.noticiasradioreflejos.com.ar\/2021\/#website\",\"url\":\"https:\/\/www.noticiasradioreflejos.com.ar\/2021\/\",\"name\":\"Noticias Radio Reflejos\",\"description\":\"Las noticias de mi comarca\",\"potentialAction\":[{\"@type\":\"SearchAction\",\"target\":{\"@type\":\"EntryPoint\",\"urlTemplate\":\"https:\/\/www.noticiasradioreflejos.com.ar\/2021\/?s={search_term_string}\"},\"query-input\":{\"@type\":\"PropertyValueSpecification\",\"valueRequired\":true,\"valueName\":\"search_term_string\"}}],\"inLanguage\":\"es\"},{\"@type\":\"Person\",\"@id\":\"https:\/\/www.noticiasradioreflejos.com.ar\/2021\/#\/schema\/person\/ad82545263dcc5ec0996818884fd5fb1\",\"name\":\"Arnaldo Botto\",\"image\":{\"@type\":\"ImageObject\",\"inLanguage\":\"es\",\"@id\":\"https:\/\/www.noticiasradioreflejos.com.ar\/2021\/#\/schema\/person\/image\/\",\"url\":\"https:\/\/secure.gravatar.com\/avatar\/55cb5e37c1efa326397366e6974cb338056df65cb50e7d64d1cf314e87504837?s=96&d=mm&r=g\",\"contentUrl\":\"https:\/\/secure.gravatar.com\/avatar\/55cb5e37c1efa326397366e6974cb338056df65cb50e7d64d1cf314e87504837?s=96&d=mm&r=g\",\"caption\":\"Arnaldo Botto\"},\"url\":\"https:\/\/www.noticiasradioreflejos.com.ar\/2021\/author\/arnaldo\/\"}]}<\/script>\n<!-- \/ Yoast SEO plugin. -->","yoast_head_json":{"title":"Presentaron restos f\u00f3siles del reptil volador m\u00e1s grande de Sudam\u00e9rica - Noticias Radio Reflejos","robots":{"index":"index","follow":"follow","max-snippet":"max-snippet:-1","max-image-preview":"max-image-preview:large","max-video-preview":"max-video-preview:-1"},"canonical":"https:\/\/www.noticiasradioreflejos.com.ar\/2021\/presentaron-restos-fosiles-del-reptil-volador-mas-grande-de-sudamerica\/","og_locale":"es_ES","og_type":"article","og_title":"Presentaron restos f\u00f3siles del reptil volador m\u00e1s grande de Sudam\u00e9rica - Noticias Radio Reflejos","og_description":"El reptil de entre 250 y 66 millones de a\u00f1os y de nueve metros de largo, fue presentado por cient\u00edficos de la Facultad de Ciencias Exactas y Naturales y el Instituto Interdisciplinario de Ciencias B\u00e1sicas de la Universidad Nacional de Cuyo.","og_url":"https:\/\/www.noticiasradioreflejos.com.ar\/2021\/presentaron-restos-fosiles-del-reptil-volador-mas-grande-de-sudamerica\/","og_site_name":"Noticias Radio Reflejos","article_published_time":"2022-05-21T10:35:27+00:00","og_image":[{"url":"https:\/\/www.telam.com.ar\/thumbs\/bluesteel\/advf\/imagenes\/2022\/05\/62883933cf03f_900.jpg","type":"","width":"","height":""}],"author":"Arnaldo Botto","twitter_card":"summary_large_image","schema":{"@context":"https:\/\/schema.org","@graph":[{"@type":"WebPage","@id":"https:\/\/www.noticiasradioreflejos.com.ar\/2021\/presentaron-restos-fosiles-del-reptil-volador-mas-grande-de-sudamerica\/","url":"https:\/\/www.noticiasradioreflejos.com.ar\/2021\/presentaron-restos-fosiles-del-reptil-volador-mas-grande-de-sudamerica\/","name":"Presentaron restos f\u00f3siles del reptil volador m\u00e1s grande de Sudam\u00e9rica - Noticias Radio Reflejos","isPartOf":{"@id":"https:\/\/www.noticiasradioreflejos.com.ar\/2021\/#website"},"primaryImageOfPage":{"@id":"https:\/\/www.noticiasradioreflejos.com.ar\/2021\/presentaron-restos-fosiles-del-reptil-volador-mas-grande-de-sudamerica\/#primaryimage"},"image":{"@id":"https:\/\/www.noticiasradioreflejos.com.ar\/2021\/presentaron-restos-fosiles-del-reptil-volador-mas-grande-de-sudamerica\/#primaryimage"},"thumbnailUrl":"https:\/\/www.telam.com.ar\/thumbs\/bluesteel\/advf\/imagenes\/2022\/05\/62883933cf03f_900.jpg","datePublished":"2022-05-21T10:35:27+00:00","author":{"@id":"https:\/\/www.noticiasradioreflejos.com.ar\/2021\/#\/schema\/person\/ad82545263dcc5ec0996818884fd5fb1"},"breadcrumb":{"@id":"https:\/\/www.noticiasradioreflejos.com.ar\/2021\/presentaron-restos-fosiles-del-reptil-volador-mas-grande-de-sudamerica\/#breadcrumb"},"inLanguage":"es","potentialAction":[{"@type":"ReadAction","target":["https:\/\/www.noticiasradioreflejos.com.ar\/2021\/presentaron-restos-fosiles-del-reptil-volador-mas-grande-de-sudamerica\/"]}]},{"@type":"ImageObject","inLanguage":"es","@id":"https:\/\/www.noticiasradioreflejos.com.ar\/2021\/presentaron-restos-fosiles-del-reptil-volador-mas-grande-de-sudamerica\/#primaryimage","url":"https:\/\/www.telam.com.ar\/thumbs\/bluesteel\/advf\/imagenes\/2022\/05\/62883933cf03f_900.jpg","contentUrl":"https:\/\/www.telam.com.ar\/thumbs\/bluesteel\/advf\/imagenes\/2022\/05\/62883933cf03f_900.jpg"},{"@type":"BreadcrumbList","@id":"https:\/\/www.noticiasradioreflejos.com.ar\/2021\/presentaron-restos-fosiles-del-reptil-volador-mas-grande-de-sudamerica\/#breadcrumb","itemListElement":[{"@type":"ListItem","position":1,"name":"Portada","item":"https:\/\/www.noticiasradioreflejos.com.ar\/2021\/"},{"@type":"ListItem","position":2,"name":"Presentaron restos f\u00f3siles del reptil volador m\u00e1s grande de Sudam\u00e9rica"}]},{"@type":"WebSite","@id":"https:\/\/www.noticiasradioreflejos.com.ar\/2021\/#website","url":"https:\/\/www.noticiasradioreflejos.com.ar\/2021\/","name":"Noticias Radio Reflejos","description":"Las noticias de mi comarca","potentialAction":[{"@type":"SearchAction","target":{"@type":"EntryPoint","urlTemplate":"https:\/\/www.noticiasradioreflejos.com.ar\/2021\/?s={search_term_string}"},"query-input":{"@type":"PropertyValueSpecification","valueRequired":true,"valueName":"search_term_string"}}],"inLanguage":"es"},{"@type":"Person","@id":"https:\/\/www.noticiasradioreflejos.com.ar\/2021\/#\/schema\/person\/ad82545263dcc5ec0996818884fd5fb1","name":"Arnaldo Botto","image":{"@type":"ImageObject","inLanguage":"es","@id":"https:\/\/www.noticiasradioreflejos.com.ar\/2021\/#\/schema\/person\/image\/","url":"https:\/\/secure.gravatar.com\/avatar\/55cb5e37c1efa326397366e6974cb338056df65cb50e7d64d1cf314e87504837?s=96&d=mm&r=g","contentUrl":"https:\/\/secure.gravatar.com\/avatar\/55cb5e37c1efa326397366e6974cb338056df65cb50e7d64d1cf314e87504837?s=96&d=mm&r=g","caption":"Arnaldo Botto"},"url":"https:\/\/www.noticiasradioreflejos.com.ar\/2021\/author\/arnaldo\/"}]}},"_links":{"self":[{"href":"https:\/\/www.noticiasradioreflejos.com.ar\/2021\/wp-json\/wp\/v2\/posts\/72344","targetHints":{"allow":["GET"]}}],"collection":[{"href":"https:\/\/www.noticiasradioreflejos.com.ar\/2021\/wp-json\/wp\/v2\/posts"}],"about":[{"href":"https:\/\/www.noticiasradioreflejos.com.ar\/2021\/wp-json\/wp\/v2\/types\/post"}],"author":[{"embeddable":true,"href":"https:\/\/www.noticiasradioreflejos.com.ar\/2021\/wp-json\/wp\/v2\/users\/3"}],"replies":[{"embeddable":true,"href":"https:\/\/www.noticiasradioreflejos.com.ar\/2021\/wp-json\/wp\/v2\/comments?post=72344"}],"version-history":[{"count":1,"href":"https:\/\/www.noticiasradioreflejos.com.ar\/2021\/wp-json\/wp\/v2\/posts\/72344\/revisions"}],"predecessor-version":[{"id":72346,"href":"https:\/\/www.noticiasradioreflejos.com.ar\/2021\/wp-json\/wp\/v2\/posts\/72344\/revisions\/72346"}],"wp:attachment":[{"href":"https:\/\/www.noticiasradioreflejos.com.ar\/2021\/wp-json\/wp\/v2\/media?parent=72344"}],"wp:term":[{"taxonomy":"category","embeddable":true,"href":"https:\/\/www.noticiasradioreflejos.com.ar\/2021\/wp-json\/wp\/v2\/categories?post=72344"},{"taxonomy":"post_tag","embeddable":true,"href":"https:\/\/www.noticiasradioreflejos.com.ar\/2021\/wp-json\/wp\/v2\/tags?post=72344"}],"curies":[{"name":"wp","href":"https:\/\/api.w.org\/{rel}","templated":true}]}}