{"id":72341,"date":"2022-05-21T10:22:40","date_gmt":"2022-05-21T10:22:40","guid":{"rendered":"http:\/\/www.noticiasradioreflejos.com.ar\/2021\/?p=72341"},"modified":"2022-05-21T10:22:40","modified_gmt":"2022-05-21T10:22:40","slug":"el-gobierno-cuestiono-al-reino-unido-por-otorgar-el-rango-de-ciudad-a-puerto-argentino","status":"publish","type":"post","link":"https:\/\/www.noticiasradioreflejos.com.ar\/2021\/el-gobierno-cuestiono-al-reino-unido-por-otorgar-el-rango-de-ciudad-a-puerto-argentino\/","title":{"rendered":"El Gobierno cuestion\u00f3 al Reino Unido por otorgar el rango de ciudad a Puerto Argentino"},"content":{"rendered":"<div class=\"wrapper-header\">\n<div class=\"container-xl\">\n<div class=\"row\">\n<div class=\"col-12\">\n<div class=\"head-content mb-4\">\n<div class=\"my-3\">\n<div class=\"social mt-3\">El canciller Santiago Cafiero rechaz\u00f3 el anuncio y consider\u00f3 que la medida \u00abexpone el car\u00e1cter colonial de la ilegal e ileg\u00edtima\u00bb ocupaci\u00f3n que los brit\u00e1nicos ejercen sobre el archipi\u00e9lago.<\/div>\n<\/div>\n<\/div>\n<\/div>\n<\/div>\n<\/div>\n<\/div>\n<p><!--more--><\/p>\n<div class=\"wrapper-editable-content\">\n<div class=\"wrapper-info-note\">\n<div class=\"col-md-12\">\n<div class=\"wrapper-author-social\">\n<div class=\"author-box mb-4\">\n<div class=\"info\">\n<div class=\"time\"><\/div>\n<\/div>\n<\/div>\n<\/div>\n<\/div>\n<\/div>\n<div>\n<div class=\"wrapper-editable-content\">\n<div>\n<div class=\"container-md\">\n<div class=\"row\">\n<div class=\"col-md-12 speak\">\n<div class=\"paragraph\">\n<figure class=\"mb-3\"><img decoding=\"async\" src=\"https:\/\/www.telam.com.ar\/thumbs\/bluesteel\/advf\/imagenes\/2021\/11\/61a3b018b551d_900.jpg\" alt=\"Puerto Argentino Foto 123RF\" width=\"100%\" height=\"100%\" \/><\/p>\n<div class=\"media-icons\"><\/div><figcaption>Puerto Argentino \/ Foto: 123RF.<\/figcaption><\/figure>\n<p>El canciller Santiago Cafiero rechaz\u00f3 este viernes el anuncio del Reino Unido de otorgar el rango de ciudad a Puerto Argentino, capital de las Islas Malvinas, y consider\u00f3 que la medida \u00abexpone el car\u00e1cter colonial de la ilegal e ileg\u00edtima\u00bb ocupaci\u00f3n que los brit\u00e1nicos ejercen sobre el archipi\u00e9lago.<\/p>\n<p>\u00abEl anuncio de la corona brit\u00e1nica sobre Puerto Argentino expone el car\u00e1cter colonial de la ilegal e ileg\u00edtima ocupaci\u00f3n sobre nuestras Islas Malvinas\u00bb, expres\u00f3 Cafiero a trav\u00e9s de su cuenta de Twitter.<\/p>\n<p>Luego continu\u00f3: \u00abPara ser claro: el territorio fue usurpado a la Argentina hace 189 a\u00f1os por una invasi\u00f3n militar.\u00bb<\/p>\n<p>En la misma l\u00ednea cuestion\u00f3 que \u00abla decisi\u00f3n no tiene ning\u00fan efecto pero confirma que el Reino Unido no respeta el derecho internacional.\u00bb<\/p>\n<p>\u00abEs territorio argentino\u00bb, a\u00f1adi\u00f3.<\/p>\n<p>\u00abSeguiremos actuando por la v\u00eda pac\u00edfica y de forma diplom\u00e1tica en defensa de nuestra soberan\u00eda\u00bb, concluy\u00f3 la publicaci\u00f3n, a la que le agreg\u00f3 el hashtag #MalvinasNosUne.<\/p>\n<div class=\"twitter-tweet twitter-tweet-rendered\"><iframe id=\"twitter-widget-0\" class=\"\" title=\"Twitter Tweet\" src=\"https:\/\/platform.twitter.com\/embed\/Tweet.html?creatorScreenName=agenciatelam&amp;dnt=false&amp;embedId=twitter-widget-0&amp;features=eyJ0ZndfZXhwZXJpbWVudHNfY29va2llX2V4cGlyYXRpb24iOnsiYnVja2V0IjoxMjA5NjAwLCJ2ZXJzaW9uIjpudWxsfSwidGZ3X3NlbnNpdGl2ZV9tZWRpYV9pbnRlcnN0aXRpYWxfMTM5NjMiOnsiYnVja2V0IjoiaW50ZXJzdGl0aWFsIiwidmVyc2lvbiI6bnVsbH0sInRmd190d2VldF9yZXN1bHRfbWlncmF0aW9uXzEzOTc5Ijp7ImJ1Y2tldCI6InR3ZWV0X3Jlc3VsdCIsInZlcnNpb24iOm51bGx9fQ%3D%3D&amp;frame=false&amp;hideCard=false&amp;hideThread=false&amp;id=1527764623742468096&amp;lang=es&amp;origin=https%3A%2F%2Fwww.telam.com.ar%2Fnotas%2F202205%2F593152-malvinas-reino-unido-rango-ciudad-puerto-argentino-cuestionamiento.html&amp;sessionId=8b1b77def8d402c0936461f4a7dd6d99734169de&amp;siteScreenName=agenciatelam&amp;theme=light&amp;widgetsVersion=c8fe9736dd6fb%3A1649830956492&amp;width=550px\" frameborder=\"0\" scrolling=\"no\" allowfullscreen=\"allowfullscreen\" data-tweet-id=\"1527764623742468096\" data-mce-fragment=\"1\"><\/iframe><\/div>\n<p>Por su parte,\u00a0<strong>el secretario de Malvinas, Ant\u00e1rtida y Atl\u00e1ntico Sur Guillermo Carmona<\/strong>\u00a0tambi\u00e9n se manifest\u00f3 a trav\u00e9s de la red social: \u00abEl anuncio de la corona brit\u00e1nica respecto de Puerto Argentino devela, una vez m\u00e1s, el car\u00e1cter colonial de la ilegal e ileg\u00edtima ocupaci\u00f3n brit\u00e1nica sobre #Malvinas\u00bb.<\/p>\n<p>El funcionario a\u00f1adi\u00f3 que \u00abtoda la escena resulta anacr\u00f3nica y expresa una caduca pretensi\u00f3n imperialista\u00bb.<\/p>\n<p>\u00abLa decisi\u00f3n no tiene ning\u00fan efecto internacional aunque confirma que el Reino Unido no respeta el derecho internacional al mantener un r\u00e9gimen colonial en parte del territorio argentino\u00bb, expuso.<\/p>\n<p>Asimismo, record\u00f3 que \u00abla reticencia brit\u00e1nica a retomar las negociaciones con Argentina por la cuesti\u00f3n de la soberan\u00eda es lo central\u00bb.<\/p>\n<p>\u00abLa decisi\u00f3n de la monarca brit\u00e1nica no cambia en nada la situaci\u00f3n: Puerto Argentino seguir\u00e1 siendo argentino a pesar de estas mercedes reales fuera de \u00e9poca\u00bb, concluy\u00f3.<\/p>\n<div class=\"twitter-tweet twitter-tweet-rendered\"><iframe id=\"twitter-widget-1\" class=\"\" title=\"Twitter Tweet\" src=\"https:\/\/platform.twitter.com\/embed\/Tweet.html?creatorScreenName=agenciatelam&amp;dnt=false&amp;embedId=twitter-widget-1&amp;features=eyJ0ZndfZXhwZXJpbWVudHNfY29va2llX2V4cGlyYXRpb24iOnsiYnVja2V0IjoxMjA5NjAwLCJ2ZXJzaW9uIjpudWxsfSwidGZ3X3NlbnNpdGl2ZV9tZWRpYV9pbnRlcnN0aXRpYWxfMTM5NjMiOnsiYnVja2V0IjoiaW50ZXJzdGl0aWFsIiwidmVyc2lvbiI6bnVsbH0sInRmd190d2VldF9yZXN1bHRfbWlncmF0aW9uXzEzOTc5Ijp7ImJ1Y2tldCI6InR3ZWV0X3Jlc3VsdCIsInZlcnNpb24iOm51bGx9fQ%3D%3D&amp;frame=false&amp;hideCard=false&amp;hideThread=false&amp;id=1527784006669983744&amp;lang=es&amp;origin=https%3A%2F%2Fwww.telam.com.ar%2Fnotas%2F202205%2F593152-malvinas-reino-unido-rango-ciudad-puerto-argentino-cuestionamiento.html&amp;sessionId=8b1b77def8d402c0936461f4a7dd6d99734169de&amp;siteScreenName=agenciatelam&amp;theme=light&amp;widgetsVersion=c8fe9736dd6fb%3A1649830956492&amp;width=550px\" frameborder=\"0\" scrolling=\"no\" allowfullscreen=\"allowfullscreen\" data-tweet-id=\"1527784006669983744\" data-mce-fragment=\"1\"><\/iframe><\/div>\n<p>El Reino Unido otorg\u00f3 este viernes el rango de ciudad a ocho pueblos, entre ellos Puerto Argentino, capital de las Islas Malvinas, en el marco de la celebraci\u00f3n del Jubileo de Platino de la reina Isabel II, por sus 70 a\u00f1os en el trono, y el Gobierno argentino cuestion\u00f3 la medida al afirmar que posee \u00abun car\u00e1cter colonial\u00bb propio de la ocupaci\u00f3n que el Reino Unido ejerce sobre el archipi\u00e9lago.<\/p>\n<p>Milton Keynes en Inglaterra, Dunfermline en Escocia, Bangor en Irlanda del Norte y Wrexham en Gales tambi\u00e9n obtuvieron el t\u00edtulo; y Colchester y Doncaster en Inglaterra completan la lista consiguiendo la menci\u00f3n real.<\/p>\n<p>El concurso honor\u00edfico en el Reino Unido se llev\u00f3 a cabo por \u00faltima vez hace diez a\u00f1os para conmemorar el Jubileo de Diamante de la monarca, y este a\u00f1o, por primera vez en la historia, las solicitudes para obtener el estatus de ciudad estuvieron abiertas a un territorio de ultramar como Puerto Argentino y una dependencia de la corona como Douglas, en la Isla de Man, seg\u00fan se inform\u00f3 hoy oficialmente.<\/p>\n<p>La Argentina mantiene una disputa con el Reino Unido por la soberan\u00eda de las Islas Malvinas, un reclamo que tiene car\u00e1cter constitucional y que fue reconocido por la Asamblea General de las Naciones Unidas, que ratifica todos los a\u00f1os la exhortaci\u00f3n a ambos pa\u00edses a entablar negociaciones para encontrar una soluci\u00f3n pac\u00edfica y definitiva a la controversia.<\/p>\n<h2 class=\"\">Comit\u00e9 de Descolonizaci\u00f3n<\/h2>\n<p>Carmona, realiz\u00f3 entre jueves y viernes una misi\u00f3n en la sede de Naciones Unidas en Nueva York, a fin de celebrar una serie de reuniones de trabajo preparatorias en vistas a la pr\u00f3xima sesi\u00f3n anual del Comit\u00e9 Especial de Descolonizaci\u00f3n de Naciones Unidas (C-24), seg\u00fan inform\u00f3 la Canciller\u00eda.<\/p>\n<p>Carmona y la representante permanente de Argentina ante la ONU, Mar\u00eda del Carmen Squeff, mantuvieron \u00abuna serie de encuentros de trabajo con autoridades de Naciones Unidas y misiones permanentes de otros estados miembro a fin de consolidar los apoyos y preparar la sesi\u00f3n del Comit\u00e9 del pr\u00f3ximo 23 de junio\u00bb, al que asistir\u00e1 una delegaci\u00f3n nacional encabezada por el canciller Santiago Cafiero, indic\u00f3 el Palacio San Mart\u00edn en un comunicado.<\/p>\n<p>El funcionario fue recibido tambi\u00e9n por Abdulla Shahid, presidente del 76to per\u00edodo de sesiones de la Asamblea General de Naciones Unidas, con quien dialog\u00f3 sobre el rol central de la Asamblea General en los procesos de descolonizaci\u00f3n, incluido el caso especial y particular de las Islas Malvinas.<\/p>\n<p>Por otra parte, el secretario mantuvo ayer un encuentro con la presidenta del Comit\u00e9 de Descolonizaci\u00f3n, Keisha McGuire, en el que hablaron sobre la pr\u00f3xima sesi\u00f3n del Comit\u00e9 que tratar\u00e1, como todos los a\u00f1os, la cuesti\u00f3n de las Islas Malvinas.<\/p>\n<p>En esa sesi\u00f3n se adoptar\u00e1 por consenso una resoluci\u00f3n que reitera el llamado a los Gobiernos de la Argentina y el Reino Unido a reanudar las negociaciones a fin de encontrar a la mayor brevedad posible una soluci\u00f3n pac\u00edfica a la disputa de soberan\u00eda, de conformidad con lo establecido en las resoluciones de la Asamblea General.<\/p>\n<p>El secretario se reuni\u00f3 tambi\u00e9n con los representantes de los estados latinoamericanos miembros del C-24 a fin de consolidar el tradicional apoyo de dichas delegaciones durante el tratamiento de la cuesti\u00f3n Malvinas en la sesi\u00f3n del pr\u00f3ximo 23 de junio.<\/p>\n<p>La agenda de reuniones incluy\u00f3 hoy un encuentro con el encargado de negocios de la Rep\u00fablica de Mauricio ante la ONU, Joyker Nayeck, en la que abordaron las particularidades de los casos de descolonizaci\u00f3n de las Islas Malvinas y el archipi\u00e9lago de Chagos.<\/p>\n<p>Los diplom\u00e1ticos \u00abintercambiaron opiniones y puntos de vista respecto de la importancia de respetar el derecho internacional y las disposiciones de las resoluciones de la Asamblea General de Naciones Unidas 2065 y 2066, que llaman al Gobierno del Reino Unido a poner fin a ambas situaciones coloniales\u00bb.<\/p>\n<p>El Comit\u00e9 Especial de Descolonizaci\u00f3n celebrar\u00e1 su sesi\u00f3n anual en la sede de Naciones Unidas en Nueva York, del 13 al 24 de junio pr\u00f3ximos y tratar\u00e1 la cuesti\u00f3n de las Islas Malvinas en su reuni\u00f3n del d\u00eda 23 de junio.<\/p><\/div>\n<\/div>\n<\/div>\n<\/div>\n<\/div>\n<\/div>\n<\/div>\n<\/div>\n","protected":false},"excerpt":{"rendered":"<p>El canciller Santiago Cafiero rechaz\u00f3 el anuncio y consider\u00f3 que la medida \u00abexpone el car\u00e1cter colonial de la ilegal e ileg\u00edtima\u00bb ocupaci\u00f3n que los brit\u00e1nicos ejercen sobre el archipi\u00e9lago.<\/p>\n","protected":false},"author":3,"featured_media":0,"comment_status":"closed","ping_status":"closed","sticky":false,"template":"","format":"standard","meta":{"footnotes":""},"categories":[58,24],"tags":[],"class_list":["post-72341","post","type-post","status-publish","format-standard","hentry","category-gobierno","category-politica"],"yoast_head":"<!-- This site is optimized with the Yoast SEO plugin v25.9 - https:\/\/yoast.com\/wordpress\/plugins\/seo\/ -->\n<title>El Gobierno cuestion\u00f3 al Reino Unido por otorgar el rango de ciudad a Puerto Argentino - Noticias Radio Reflejos<\/title>\n<meta name=\"robots\" content=\"index, follow, max-snippet:-1, max-image-preview:large, max-video-preview:-1\" \/>\n<link rel=\"canonical\" href=\"https:\/\/www.noticiasradioreflejos.com.ar\/2021\/el-gobierno-cuestiono-al-reino-unido-por-otorgar-el-rango-de-ciudad-a-puerto-argentino\/\" \/>\n<meta property=\"og:locale\" content=\"es_ES\" \/>\n<meta property=\"og:type\" content=\"article\" \/>\n<meta property=\"og:title\" content=\"El Gobierno cuestion\u00f3 al Reino Unido por otorgar el rango de ciudad a Puerto Argentino - Noticias Radio Reflejos\" \/>\n<meta property=\"og:description\" content=\"El canciller Santiago Cafiero rechaz\u00f3 el anuncio y consider\u00f3 que la medida \u00abexpone el car\u00e1cter colonial de la ilegal e ileg\u00edtima\u00bb ocupaci\u00f3n que los brit\u00e1nicos ejercen sobre el archipi\u00e9lago.\" \/>\n<meta property=\"og:url\" content=\"https:\/\/www.noticiasradioreflejos.com.ar\/2021\/el-gobierno-cuestiono-al-reino-unido-por-otorgar-el-rango-de-ciudad-a-puerto-argentino\/\" \/>\n<meta property=\"og:site_name\" content=\"Noticias Radio Reflejos\" \/>\n<meta property=\"article:published_time\" content=\"2022-05-21T10:22:40+00:00\" \/>\n<meta property=\"og:image\" content=\"https:\/\/www.telam.com.ar\/thumbs\/bluesteel\/advf\/imagenes\/2021\/11\/61a3b018b551d_900.jpg\" \/>\n<meta name=\"author\" content=\"Arnaldo Botto\" \/>\n<meta name=\"twitter:card\" content=\"summary_large_image\" \/>\n<script type=\"application\/ld+json\" class=\"yoast-schema-graph\">{\"@context\":\"https:\/\/schema.org\",\"@graph\":[{\"@type\":\"WebPage\",\"@id\":\"https:\/\/www.noticiasradioreflejos.com.ar\/2021\/el-gobierno-cuestiono-al-reino-unido-por-otorgar-el-rango-de-ciudad-a-puerto-argentino\/\",\"url\":\"https:\/\/www.noticiasradioreflejos.com.ar\/2021\/el-gobierno-cuestiono-al-reino-unido-por-otorgar-el-rango-de-ciudad-a-puerto-argentino\/\",\"name\":\"El Gobierno cuestion\u00f3 al Reino Unido por otorgar el rango de ciudad a Puerto Argentino - Noticias Radio Reflejos\",\"isPartOf\":{\"@id\":\"https:\/\/www.noticiasradioreflejos.com.ar\/2021\/#website\"},\"primaryImageOfPage\":{\"@id\":\"https:\/\/www.noticiasradioreflejos.com.ar\/2021\/el-gobierno-cuestiono-al-reino-unido-por-otorgar-el-rango-de-ciudad-a-puerto-argentino\/#primaryimage\"},\"image\":{\"@id\":\"https:\/\/www.noticiasradioreflejos.com.ar\/2021\/el-gobierno-cuestiono-al-reino-unido-por-otorgar-el-rango-de-ciudad-a-puerto-argentino\/#primaryimage\"},\"thumbnailUrl\":\"https:\/\/www.telam.com.ar\/thumbs\/bluesteel\/advf\/imagenes\/2021\/11\/61a3b018b551d_900.jpg\",\"datePublished\":\"2022-05-21T10:22:40+00:00\",\"author\":{\"@id\":\"https:\/\/www.noticiasradioreflejos.com.ar\/2021\/#\/schema\/person\/ad82545263dcc5ec0996818884fd5fb1\"},\"breadcrumb\":{\"@id\":\"https:\/\/www.noticiasradioreflejos.com.ar\/2021\/el-gobierno-cuestiono-al-reino-unido-por-otorgar-el-rango-de-ciudad-a-puerto-argentino\/#breadcrumb\"},\"inLanguage\":\"es\",\"potentialAction\":[{\"@type\":\"ReadAction\",\"target\":[\"https:\/\/www.noticiasradioreflejos.com.ar\/2021\/el-gobierno-cuestiono-al-reino-unido-por-otorgar-el-rango-de-ciudad-a-puerto-argentino\/\"]}]},{\"@type\":\"ImageObject\",\"inLanguage\":\"es\",\"@id\":\"https:\/\/www.noticiasradioreflejos.com.ar\/2021\/el-gobierno-cuestiono-al-reino-unido-por-otorgar-el-rango-de-ciudad-a-puerto-argentino\/#primaryimage\",\"url\":\"https:\/\/www.telam.com.ar\/thumbs\/bluesteel\/advf\/imagenes\/2021\/11\/61a3b018b551d_900.jpg\",\"contentUrl\":\"https:\/\/www.telam.com.ar\/thumbs\/bluesteel\/advf\/imagenes\/2021\/11\/61a3b018b551d_900.jpg\"},{\"@type\":\"BreadcrumbList\",\"@id\":\"https:\/\/www.noticiasradioreflejos.com.ar\/2021\/el-gobierno-cuestiono-al-reino-unido-por-otorgar-el-rango-de-ciudad-a-puerto-argentino\/#breadcrumb\",\"itemListElement\":[{\"@type\":\"ListItem\",\"position\":1,\"name\":\"Portada\",\"item\":\"https:\/\/www.noticiasradioreflejos.com.ar\/2021\/\"},{\"@type\":\"ListItem\",\"position\":2,\"name\":\"El Gobierno cuestion\u00f3 al Reino Unido por otorgar el rango de ciudad a Puerto Argentino\"}]},{\"@type\":\"WebSite\",\"@id\":\"https:\/\/www.noticiasradioreflejos.com.ar\/2021\/#website\",\"url\":\"https:\/\/www.noticiasradioreflejos.com.ar\/2021\/\",\"name\":\"Noticias Radio Reflejos\",\"description\":\"Las noticias de mi comarca\",\"potentialAction\":[{\"@type\":\"SearchAction\",\"target\":{\"@type\":\"EntryPoint\",\"urlTemplate\":\"https:\/\/www.noticiasradioreflejos.com.ar\/2021\/?s={search_term_string}\"},\"query-input\":{\"@type\":\"PropertyValueSpecification\",\"valueRequired\":true,\"valueName\":\"search_term_string\"}}],\"inLanguage\":\"es\"},{\"@type\":\"Person\",\"@id\":\"https:\/\/www.noticiasradioreflejos.com.ar\/2021\/#\/schema\/person\/ad82545263dcc5ec0996818884fd5fb1\",\"name\":\"Arnaldo Botto\",\"image\":{\"@type\":\"ImageObject\",\"inLanguage\":\"es\",\"@id\":\"https:\/\/www.noticiasradioreflejos.com.ar\/2021\/#\/schema\/person\/image\/\",\"url\":\"https:\/\/secure.gravatar.com\/avatar\/55cb5e37c1efa326397366e6974cb338056df65cb50e7d64d1cf314e87504837?s=96&d=mm&r=g\",\"contentUrl\":\"https:\/\/secure.gravatar.com\/avatar\/55cb5e37c1efa326397366e6974cb338056df65cb50e7d64d1cf314e87504837?s=96&d=mm&r=g\",\"caption\":\"Arnaldo Botto\"},\"url\":\"https:\/\/www.noticiasradioreflejos.com.ar\/2021\/author\/arnaldo\/\"}]}<\/script>\n<!-- \/ Yoast SEO plugin. -->","yoast_head_json":{"title":"El Gobierno cuestion\u00f3 al Reino Unido por otorgar el rango de ciudad a Puerto Argentino - Noticias Radio Reflejos","robots":{"index":"index","follow":"follow","max-snippet":"max-snippet:-1","max-image-preview":"max-image-preview:large","max-video-preview":"max-video-preview:-1"},"canonical":"https:\/\/www.noticiasradioreflejos.com.ar\/2021\/el-gobierno-cuestiono-al-reino-unido-por-otorgar-el-rango-de-ciudad-a-puerto-argentino\/","og_locale":"es_ES","og_type":"article","og_title":"El Gobierno cuestion\u00f3 al Reino Unido por otorgar el rango de ciudad a Puerto Argentino - Noticias Radio Reflejos","og_description":"El canciller Santiago Cafiero rechaz\u00f3 el anuncio y consider\u00f3 que la medida \u00abexpone el car\u00e1cter colonial de la ilegal e ileg\u00edtima\u00bb ocupaci\u00f3n que los brit\u00e1nicos ejercen sobre el archipi\u00e9lago.","og_url":"https:\/\/www.noticiasradioreflejos.com.ar\/2021\/el-gobierno-cuestiono-al-reino-unido-por-otorgar-el-rango-de-ciudad-a-puerto-argentino\/","og_site_name":"Noticias Radio Reflejos","article_published_time":"2022-05-21T10:22:40+00:00","og_image":[{"url":"https:\/\/www.telam.com.ar\/thumbs\/bluesteel\/advf\/imagenes\/2021\/11\/61a3b018b551d_900.jpg","type":"","width":"","height":""}],"author":"Arnaldo Botto","twitter_card":"summary_large_image","schema":{"@context":"https:\/\/schema.org","@graph":[{"@type":"WebPage","@id":"https:\/\/www.noticiasradioreflejos.com.ar\/2021\/el-gobierno-cuestiono-al-reino-unido-por-otorgar-el-rango-de-ciudad-a-puerto-argentino\/","url":"https:\/\/www.noticiasradioreflejos.com.ar\/2021\/el-gobierno-cuestiono-al-reino-unido-por-otorgar-el-rango-de-ciudad-a-puerto-argentino\/","name":"El Gobierno cuestion\u00f3 al Reino Unido por otorgar el rango de ciudad a Puerto Argentino - Noticias Radio Reflejos","isPartOf":{"@id":"https:\/\/www.noticiasradioreflejos.com.ar\/2021\/#website"},"primaryImageOfPage":{"@id":"https:\/\/www.noticiasradioreflejos.com.ar\/2021\/el-gobierno-cuestiono-al-reino-unido-por-otorgar-el-rango-de-ciudad-a-puerto-argentino\/#primaryimage"},"image":{"@id":"https:\/\/www.noticiasradioreflejos.com.ar\/2021\/el-gobierno-cuestiono-al-reino-unido-por-otorgar-el-rango-de-ciudad-a-puerto-argentino\/#primaryimage"},"thumbnailUrl":"https:\/\/www.telam.com.ar\/thumbs\/bluesteel\/advf\/imagenes\/2021\/11\/61a3b018b551d_900.jpg","datePublished":"2022-05-21T10:22:40+00:00","author":{"@id":"https:\/\/www.noticiasradioreflejos.com.ar\/2021\/#\/schema\/person\/ad82545263dcc5ec0996818884fd5fb1"},"breadcrumb":{"@id":"https:\/\/www.noticiasradioreflejos.com.ar\/2021\/el-gobierno-cuestiono-al-reino-unido-por-otorgar-el-rango-de-ciudad-a-puerto-argentino\/#breadcrumb"},"inLanguage":"es","potentialAction":[{"@type":"ReadAction","target":["https:\/\/www.noticiasradioreflejos.com.ar\/2021\/el-gobierno-cuestiono-al-reino-unido-por-otorgar-el-rango-de-ciudad-a-puerto-argentino\/"]}]},{"@type":"ImageObject","inLanguage":"es","@id":"https:\/\/www.noticiasradioreflejos.com.ar\/2021\/el-gobierno-cuestiono-al-reino-unido-por-otorgar-el-rango-de-ciudad-a-puerto-argentino\/#primaryimage","url":"https:\/\/www.telam.com.ar\/thumbs\/bluesteel\/advf\/imagenes\/2021\/11\/61a3b018b551d_900.jpg","contentUrl":"https:\/\/www.telam.com.ar\/thumbs\/bluesteel\/advf\/imagenes\/2021\/11\/61a3b018b551d_900.jpg"},{"@type":"BreadcrumbList","@id":"https:\/\/www.noticiasradioreflejos.com.ar\/2021\/el-gobierno-cuestiono-al-reino-unido-por-otorgar-el-rango-de-ciudad-a-puerto-argentino\/#breadcrumb","itemListElement":[{"@type":"ListItem","position":1,"name":"Portada","item":"https:\/\/www.noticiasradioreflejos.com.ar\/2021\/"},{"@type":"ListItem","position":2,"name":"El Gobierno cuestion\u00f3 al Reino Unido por otorgar el rango de ciudad a Puerto Argentino"}]},{"@type":"WebSite","@id":"https:\/\/www.noticiasradioreflejos.com.ar\/2021\/#website","url":"https:\/\/www.noticiasradioreflejos.com.ar\/2021\/","name":"Noticias Radio Reflejos","description":"Las noticias de mi comarca","potentialAction":[{"@type":"SearchAction","target":{"@type":"EntryPoint","urlTemplate":"https:\/\/www.noticiasradioreflejos.com.ar\/2021\/?s={search_term_string}"},"query-input":{"@type":"PropertyValueSpecification","valueRequired":true,"valueName":"search_term_string"}}],"inLanguage":"es"},{"@type":"Person","@id":"https:\/\/www.noticiasradioreflejos.com.ar\/2021\/#\/schema\/person\/ad82545263dcc5ec0996818884fd5fb1","name":"Arnaldo Botto","image":{"@type":"ImageObject","inLanguage":"es","@id":"https:\/\/www.noticiasradioreflejos.com.ar\/2021\/#\/schema\/person\/image\/","url":"https:\/\/secure.gravatar.com\/avatar\/55cb5e37c1efa326397366e6974cb338056df65cb50e7d64d1cf314e87504837?s=96&d=mm&r=g","contentUrl":"https:\/\/secure.gravatar.com\/avatar\/55cb5e37c1efa326397366e6974cb338056df65cb50e7d64d1cf314e87504837?s=96&d=mm&r=g","caption":"Arnaldo Botto"},"url":"https:\/\/www.noticiasradioreflejos.com.ar\/2021\/author\/arnaldo\/"}]}},"_links":{"self":[{"href":"https:\/\/www.noticiasradioreflejos.com.ar\/2021\/wp-json\/wp\/v2\/posts\/72341","targetHints":{"allow":["GET"]}}],"collection":[{"href":"https:\/\/www.noticiasradioreflejos.com.ar\/2021\/wp-json\/wp\/v2\/posts"}],"about":[{"href":"https:\/\/www.noticiasradioreflejos.com.ar\/2021\/wp-json\/wp\/v2\/types\/post"}],"author":[{"embeddable":true,"href":"https:\/\/www.noticiasradioreflejos.com.ar\/2021\/wp-json\/wp\/v2\/users\/3"}],"replies":[{"embeddable":true,"href":"https:\/\/www.noticiasradioreflejos.com.ar\/2021\/wp-json\/wp\/v2\/comments?post=72341"}],"version-history":[{"count":1,"href":"https:\/\/www.noticiasradioreflejos.com.ar\/2021\/wp-json\/wp\/v2\/posts\/72341\/revisions"}],"predecessor-version":[{"id":72343,"href":"https:\/\/www.noticiasradioreflejos.com.ar\/2021\/wp-json\/wp\/v2\/posts\/72341\/revisions\/72343"}],"wp:attachment":[{"href":"https:\/\/www.noticiasradioreflejos.com.ar\/2021\/wp-json\/wp\/v2\/media?parent=72341"}],"wp:term":[{"taxonomy":"category","embeddable":true,"href":"https:\/\/www.noticiasradioreflejos.com.ar\/2021\/wp-json\/wp\/v2\/categories?post=72341"},{"taxonomy":"post_tag","embeddable":true,"href":"https:\/\/www.noticiasradioreflejos.com.ar\/2021\/wp-json\/wp\/v2\/tags?post=72341"}],"curies":[{"name":"wp","href":"https:\/\/api.w.org\/{rel}","templated":true}]}}