{"id":72335,"date":"2022-05-20T23:08:27","date_gmt":"2022-05-20T23:08:27","guid":{"rendered":"http:\/\/www.noticiasradioreflejos.com.ar\/2021\/?p=72335"},"modified":"2022-05-20T23:08:27","modified_gmt":"2022-05-20T23:08:27","slug":"penas-de-hasta-25-anos-de-carcel-para-miembros-de-una-secta-por-trata-y-explotacion","status":"publish","type":"post","link":"https:\/\/www.noticiasradioreflejos.com.ar\/2021\/penas-de-hasta-25-anos-de-carcel-para-miembros-de-una-secta-por-trata-y-explotacion\/","title":{"rendered":"Penas de hasta 25 a\u00f1os de c\u00e1rcel para miembros de una secta por trata y explotaci\u00f3n"},"content":{"rendered":"<p>Los condenados son Silvia Cristina Capossiello; Sinecio de Jes\u00fas Coronado Acurero, y Luis Antonio Fanesi. Est\u00e1n acusados del delito de trata y explotaci\u00f3n sexual y laboral, y supresi\u00f3n y adulteraci\u00f3n de identidades de menores.<!--more--><\/p>\n<figure class=\"mb-3\"><img decoding=\"async\" src=\"https:\/\/www.telam.com.ar\/thumbs\/bluesteel\/advf\/imagenes\/2022\/05\/6287f560180ff_900.jpg\" alt=\"Foto Diego Izquierdo\" width=\"100%\" height=\"100%\" \/><\/p>\n<div class=\"media-icons\"><\/div><figcaption>Foto: Diego Izquierdo<\/figcaption><\/figure>\n<p>El Tribunal Oral en lo Criminal Federal 1 de la ciudad de Mar del Plata conden\u00f3 este viernes a\u00a0<strong>penas de entre 25 y 6 a\u00f1os de prisi\u00f3n a tres integrantes de una secta<\/strong>\u00a0acusados del delito de trata de personas con fines de explotaci\u00f3n y reducci\u00f3n a la servidumbre y alteraci\u00f3n de identidad de menores.<\/p>\n<p>Los magistrados adelantaron este viernes la parte dispositiva de su veredicto, alcanzado por unanimidad, y consideraron que en el juicio desarrollado durante m\u00e1s de ocho meses qued\u00f3 acreditada la responsabilidad penal de\u00a0<strong>Silvia Cristina Capossiello<\/strong>\u00a0(70), sentenciada a 25 a\u00f1os de c\u00e1rcel;\u00a0<strong>Sinecio de Jes\u00fas Coronado Acurero\u00a0<\/strong>(75), condenado a 14 a\u00f1os, y<strong>\u00a0Luis Antonio Fanesi<\/strong>\u00a0(65), a 6.<\/p>\n<p>Los tres fueron hallados culpables del delito de \u00abtrata de personas, bajo la modalidad de captaci\u00f3n y acogimiento, con fines de explotaci\u00f3n laboral y reducci\u00f3n a la servidumbre\u00bb de cuatro v\u00edctimas, como miembros de\u00a0<strong>una organizaci\u00f3n que funcion\u00f3 desde 1970 en Venezuela y Argentina<\/strong>, hasta que fue desarticulada en julio de 2018, en su sede del Hotel City, en pleno centro marplatense.<\/p>\n<blockquote class=\"\"><p>Los tres fueron hallados culpables del delito de \u00abtrata de personas, bajo la modalidad de captaci\u00f3n y acogimiento, con fines de explotaci\u00f3n laboral y reducci\u00f3n a la servidumbre\u00bb de cuatro v\u00edctimas.<\/p><\/blockquote>\n<p>En el caso de Capossiello -pareja de Eduardo Nicosia, quien fuera el l\u00edder y fundador de la secta, fallecido en enero de 2021- fue sentenciada como coautora de ese delito, mientras que Coronado Acurero, de nacionalidad venezolana, fue condenado como part\u00edcipe necesario, y Fanesi como part\u00edcipe secundario.<\/p>\n<p>La acusada fue hallada culpable adem\u00e1s, en calidad de\u00a0<strong>part\u00edcipe necesaria, de \u00abviolaci\u00f3n reiterada agravada y abuso deshonesto\u00bb<\/strong>\u00a0sufrida por cuatro mujeres, entre ellas hijas del l\u00edder religioso, y tambi\u00e9n de \u00abhacer incierto y alterar la identidad de menores de 10 a\u00f1os\u00bb y \u00abfalsedad ideol\u00f3gica de instrumento p\u00fablico\u00bb.<\/p>\n<p>Una hora antes de conocerse la sentencia, Capossiello hab\u00eda rechazado las imputaciones al brindar sus \u00faltimas palabras ante el tribunal, integrado por los magistrados Roberto Falcone, Fernando Machado Pelloni y Nicol\u00e1s Toselli.<\/p>\n<p>El fallo dispuso, adem\u00e1s,\u00a0<strong>reparaciones econ\u00f3micas por 30 millones de pesos<\/strong>\u00a0para dos de las v\u00edctimas y, de 15 y 10 millones para otras dos, por el \u00abda\u00f1o moral\u00bb sufrido, en l\u00ednea con pedidos realizados en ese sentido por la fiscalia, representada por Fabi\u00e1n Celiz y Carlos Fioritti, y por la representante de la Defensor\u00eda P\u00fablica de la V\u00edctima, In\u00e9s Jaureguiberry.<\/p>\n<blockquote class=\"\"><p>El fallo dispuso adem\u00e1s reparaciones econ\u00f3micas por 30 millones de pesos para dos de las v\u00edctimas y de 15 y 10 millones para otras dos.<\/p><\/blockquote>\n<p>Para poder hacer efectivas estas reparaciones,<strong>\u00a0los jueces ordenaron el decomiso de todos los bienes de la secta<\/strong>, entre ellos la sede del hotel ubicado en Diagonal Alberdi al 2500 -donde funcion\u00f3 hasta que fue desbaratada la banda-, dos departamentos en la Ciudad de Buenos Aires, tres veh\u00edculos y dinero en efectivo y depositado en cuentas bancarias en Estados Unidos y Andorra.<\/p>\n<p>En el veredicto, los magistrados absolvieron a los tres imputados respecto del\u00a0<strong>delito de \u00abacopio de armas\u00bb<\/strong>, por considerar que no logr\u00f3 acreditarse esa acusaci\u00f3n por parte de la Fiscal\u00eda.<\/p>\n<p>De todos modos, se dispuso el secuestro de todas las armas y municiones secuestradas durante el allanamiento en el hotel City, el 3 de julio de 2018.<\/p>\n<p>Los magistrados consideraron que tampoco pudo probarse la acusaci\u00f3n contra Caposiello y Fanesi por resistencia a la autoridad en el marco de ese procedimiento.<\/p>\n<p>En la lectura de la sentencia, Falcone, presidente del tribunal, inform\u00f3 que<strong>\u00a0los fundamentos del veredicto se dar\u00e1n a conocer el pr\u00f3ximo 21 de junio.<\/strong><\/p>\n<figure class=\"mb-3\"><img decoding=\"async\" src=\"https:\/\/www.telam.com.ar\/thumbs\/bluesteel\/advf\/imagenes\/2022\/05\/6287f55fcd9cb_900.jpg\" alt=\"Foto Diego Izquierdo\" width=\"100%\" height=\"100%\" \/><\/p>\n<div class=\"media-icons\"><\/div><figcaption>Foto: Diego Izquierdo<\/figcaption><\/figure>\n<p>El juicio por los delitos cometidos por esta secta se inicio en septiembre de 2021, y tras las declaraciones de decenas de testigos, el Ministerio P\u00fablico Fiscal (MPF) consider\u00f3 acreditado en su alegato de cierre que\u00a0<strong>los tres imputados \u00abse val\u00edan de un proceso de coerci\u00f3n psicol\u00f3gica y aislamiento de las v\u00edctimas<\/strong>, t\u00edpico de las organizaciones sectarias, generado a partir de la manipulaci\u00f3n psicol\u00f3gica que se les impon\u00eda\u00bb.<\/p>\n<p>La fiscal\u00eda hab\u00eda solicitado una pena de 40 a\u00f1os de c\u00e1rcel para Capossiello, 27 para Coronado Acurero y 17 para Fanesi.<\/p>\n<p>Los tres acusados\u00a0<strong>llegaron al juicio oral con prisi\u00f3n preventiva<\/strong>\u00a0en distintas unidades del Servicio Penitenciario Federal, y siguieron las audiencias de manera remota.<\/p>\n<p>En el inicio de este proceso, tambi\u00e9n figuraba como acusado el psic\u00f3logo Fernando Ezequiel Vel\u00e1zquez, pero falleci\u00f3 semanas atr\u00e1s, mientras cumpl\u00eda prisi\u00f3n preventiva.<\/p>\n","protected":false},"excerpt":{"rendered":"<p>Los condenados son Silvia Cristina Capossiello; Sinecio de Jes\u00fas Coronado Acurero, y Luis Antonio Fanesi. Est\u00e1n acusados del delito de trata y explotaci\u00f3n sexual y laboral, y supresi\u00f3n y adulteraci\u00f3n de identidades de menores.<\/p>\n","protected":false},"author":3,"featured_media":0,"comment_status":"closed","ping_status":"closed","sticky":false,"template":"","format":"standard","meta":{"footnotes":""},"categories":[57],"tags":[],"class_list":["post-72335","post","type-post","status-publish","format-standard","hentry","category-judiciales"],"yoast_head":"<!-- This site is optimized with the Yoast SEO plugin v25.9 - https:\/\/yoast.com\/wordpress\/plugins\/seo\/ -->\n<title>Penas de hasta 25 a\u00f1os de c\u00e1rcel para miembros de una secta por trata y explotaci\u00f3n - Noticias Radio Reflejos<\/title>\n<meta name=\"robots\" content=\"index, follow, max-snippet:-1, max-image-preview:large, max-video-preview:-1\" \/>\n<link rel=\"canonical\" href=\"https:\/\/www.noticiasradioreflejos.com.ar\/2021\/penas-de-hasta-25-anos-de-carcel-para-miembros-de-una-secta-por-trata-y-explotacion\/\" \/>\n<meta property=\"og:locale\" content=\"es_ES\" \/>\n<meta property=\"og:type\" content=\"article\" \/>\n<meta property=\"og:title\" content=\"Penas de hasta 25 a\u00f1os de c\u00e1rcel para miembros de una secta por trata y explotaci\u00f3n - Noticias Radio Reflejos\" \/>\n<meta property=\"og:description\" content=\"Los condenados son Silvia Cristina Capossiello; Sinecio de Jes\u00fas Coronado Acurero, y Luis Antonio Fanesi. Est\u00e1n acusados del delito de trata y explotaci\u00f3n sexual y laboral, y supresi\u00f3n y adulteraci\u00f3n de identidades de menores.\" \/>\n<meta property=\"og:url\" content=\"https:\/\/www.noticiasradioreflejos.com.ar\/2021\/penas-de-hasta-25-anos-de-carcel-para-miembros-de-una-secta-por-trata-y-explotacion\/\" \/>\n<meta property=\"og:site_name\" content=\"Noticias Radio Reflejos\" \/>\n<meta property=\"article:published_time\" content=\"2022-05-20T23:08:27+00:00\" \/>\n<meta property=\"og:image\" content=\"https:\/\/www.telam.com.ar\/thumbs\/bluesteel\/advf\/imagenes\/2022\/05\/6287f560180ff_900.jpg\" \/>\n<meta name=\"author\" content=\"Arnaldo Botto\" \/>\n<meta name=\"twitter:card\" content=\"summary_large_image\" \/>\n<script type=\"application\/ld+json\" class=\"yoast-schema-graph\">{\"@context\":\"https:\/\/schema.org\",\"@graph\":[{\"@type\":\"WebPage\",\"@id\":\"https:\/\/www.noticiasradioreflejos.com.ar\/2021\/penas-de-hasta-25-anos-de-carcel-para-miembros-de-una-secta-por-trata-y-explotacion\/\",\"url\":\"https:\/\/www.noticiasradioreflejos.com.ar\/2021\/penas-de-hasta-25-anos-de-carcel-para-miembros-de-una-secta-por-trata-y-explotacion\/\",\"name\":\"Penas de hasta 25 a\u00f1os de c\u00e1rcel para miembros de una secta por trata y explotaci\u00f3n - Noticias Radio Reflejos\",\"isPartOf\":{\"@id\":\"https:\/\/www.noticiasradioreflejos.com.ar\/2021\/#website\"},\"primaryImageOfPage\":{\"@id\":\"https:\/\/www.noticiasradioreflejos.com.ar\/2021\/penas-de-hasta-25-anos-de-carcel-para-miembros-de-una-secta-por-trata-y-explotacion\/#primaryimage\"},\"image\":{\"@id\":\"https:\/\/www.noticiasradioreflejos.com.ar\/2021\/penas-de-hasta-25-anos-de-carcel-para-miembros-de-una-secta-por-trata-y-explotacion\/#primaryimage\"},\"thumbnailUrl\":\"https:\/\/www.telam.com.ar\/thumbs\/bluesteel\/advf\/imagenes\/2022\/05\/6287f560180ff_900.jpg\",\"datePublished\":\"2022-05-20T23:08:27+00:00\",\"author\":{\"@id\":\"https:\/\/www.noticiasradioreflejos.com.ar\/2021\/#\/schema\/person\/ad82545263dcc5ec0996818884fd5fb1\"},\"breadcrumb\":{\"@id\":\"https:\/\/www.noticiasradioreflejos.com.ar\/2021\/penas-de-hasta-25-anos-de-carcel-para-miembros-de-una-secta-por-trata-y-explotacion\/#breadcrumb\"},\"inLanguage\":\"es\",\"potentialAction\":[{\"@type\":\"ReadAction\",\"target\":[\"https:\/\/www.noticiasradioreflejos.com.ar\/2021\/penas-de-hasta-25-anos-de-carcel-para-miembros-de-una-secta-por-trata-y-explotacion\/\"]}]},{\"@type\":\"ImageObject\",\"inLanguage\":\"es\",\"@id\":\"https:\/\/www.noticiasradioreflejos.com.ar\/2021\/penas-de-hasta-25-anos-de-carcel-para-miembros-de-una-secta-por-trata-y-explotacion\/#primaryimage\",\"url\":\"https:\/\/www.telam.com.ar\/thumbs\/bluesteel\/advf\/imagenes\/2022\/05\/6287f560180ff_900.jpg\",\"contentUrl\":\"https:\/\/www.telam.com.ar\/thumbs\/bluesteel\/advf\/imagenes\/2022\/05\/6287f560180ff_900.jpg\"},{\"@type\":\"BreadcrumbList\",\"@id\":\"https:\/\/www.noticiasradioreflejos.com.ar\/2021\/penas-de-hasta-25-anos-de-carcel-para-miembros-de-una-secta-por-trata-y-explotacion\/#breadcrumb\",\"itemListElement\":[{\"@type\":\"ListItem\",\"position\":1,\"name\":\"Portada\",\"item\":\"https:\/\/www.noticiasradioreflejos.com.ar\/2021\/\"},{\"@type\":\"ListItem\",\"position\":2,\"name\":\"Penas de hasta 25 a\u00f1os de c\u00e1rcel para miembros de una secta por trata y explotaci\u00f3n\"}]},{\"@type\":\"WebSite\",\"@id\":\"https:\/\/www.noticiasradioreflejos.com.ar\/2021\/#website\",\"url\":\"https:\/\/www.noticiasradioreflejos.com.ar\/2021\/\",\"name\":\"Noticias Radio Reflejos\",\"description\":\"Las noticias de mi comarca\",\"potentialAction\":[{\"@type\":\"SearchAction\",\"target\":{\"@type\":\"EntryPoint\",\"urlTemplate\":\"https:\/\/www.noticiasradioreflejos.com.ar\/2021\/?s={search_term_string}\"},\"query-input\":{\"@type\":\"PropertyValueSpecification\",\"valueRequired\":true,\"valueName\":\"search_term_string\"}}],\"inLanguage\":\"es\"},{\"@type\":\"Person\",\"@id\":\"https:\/\/www.noticiasradioreflejos.com.ar\/2021\/#\/schema\/person\/ad82545263dcc5ec0996818884fd5fb1\",\"name\":\"Arnaldo Botto\",\"image\":{\"@type\":\"ImageObject\",\"inLanguage\":\"es\",\"@id\":\"https:\/\/www.noticiasradioreflejos.com.ar\/2021\/#\/schema\/person\/image\/\",\"url\":\"https:\/\/secure.gravatar.com\/avatar\/55cb5e37c1efa326397366e6974cb338056df65cb50e7d64d1cf314e87504837?s=96&d=mm&r=g\",\"contentUrl\":\"https:\/\/secure.gravatar.com\/avatar\/55cb5e37c1efa326397366e6974cb338056df65cb50e7d64d1cf314e87504837?s=96&d=mm&r=g\",\"caption\":\"Arnaldo Botto\"},\"url\":\"https:\/\/www.noticiasradioreflejos.com.ar\/2021\/author\/arnaldo\/\"}]}<\/script>\n<!-- \/ Yoast SEO plugin. -->","yoast_head_json":{"title":"Penas de hasta 25 a\u00f1os de c\u00e1rcel para miembros de una secta por trata y explotaci\u00f3n - Noticias Radio Reflejos","robots":{"index":"index","follow":"follow","max-snippet":"max-snippet:-1","max-image-preview":"max-image-preview:large","max-video-preview":"max-video-preview:-1"},"canonical":"https:\/\/www.noticiasradioreflejos.com.ar\/2021\/penas-de-hasta-25-anos-de-carcel-para-miembros-de-una-secta-por-trata-y-explotacion\/","og_locale":"es_ES","og_type":"article","og_title":"Penas de hasta 25 a\u00f1os de c\u00e1rcel para miembros de una secta por trata y explotaci\u00f3n - Noticias Radio Reflejos","og_description":"Los condenados son Silvia Cristina Capossiello; Sinecio de Jes\u00fas Coronado Acurero, y Luis Antonio Fanesi. Est\u00e1n acusados del delito de trata y explotaci\u00f3n sexual y laboral, y supresi\u00f3n y adulteraci\u00f3n de identidades de menores.","og_url":"https:\/\/www.noticiasradioreflejos.com.ar\/2021\/penas-de-hasta-25-anos-de-carcel-para-miembros-de-una-secta-por-trata-y-explotacion\/","og_site_name":"Noticias Radio Reflejos","article_published_time":"2022-05-20T23:08:27+00:00","og_image":[{"url":"https:\/\/www.telam.com.ar\/thumbs\/bluesteel\/advf\/imagenes\/2022\/05\/6287f560180ff_900.jpg","type":"","width":"","height":""}],"author":"Arnaldo Botto","twitter_card":"summary_large_image","schema":{"@context":"https:\/\/schema.org","@graph":[{"@type":"WebPage","@id":"https:\/\/www.noticiasradioreflejos.com.ar\/2021\/penas-de-hasta-25-anos-de-carcel-para-miembros-de-una-secta-por-trata-y-explotacion\/","url":"https:\/\/www.noticiasradioreflejos.com.ar\/2021\/penas-de-hasta-25-anos-de-carcel-para-miembros-de-una-secta-por-trata-y-explotacion\/","name":"Penas de hasta 25 a\u00f1os de c\u00e1rcel para miembros de una secta por trata y explotaci\u00f3n - Noticias Radio Reflejos","isPartOf":{"@id":"https:\/\/www.noticiasradioreflejos.com.ar\/2021\/#website"},"primaryImageOfPage":{"@id":"https:\/\/www.noticiasradioreflejos.com.ar\/2021\/penas-de-hasta-25-anos-de-carcel-para-miembros-de-una-secta-por-trata-y-explotacion\/#primaryimage"},"image":{"@id":"https:\/\/www.noticiasradioreflejos.com.ar\/2021\/penas-de-hasta-25-anos-de-carcel-para-miembros-de-una-secta-por-trata-y-explotacion\/#primaryimage"},"thumbnailUrl":"https:\/\/www.telam.com.ar\/thumbs\/bluesteel\/advf\/imagenes\/2022\/05\/6287f560180ff_900.jpg","datePublished":"2022-05-20T23:08:27+00:00","author":{"@id":"https:\/\/www.noticiasradioreflejos.com.ar\/2021\/#\/schema\/person\/ad82545263dcc5ec0996818884fd5fb1"},"breadcrumb":{"@id":"https:\/\/www.noticiasradioreflejos.com.ar\/2021\/penas-de-hasta-25-anos-de-carcel-para-miembros-de-una-secta-por-trata-y-explotacion\/#breadcrumb"},"inLanguage":"es","potentialAction":[{"@type":"ReadAction","target":["https:\/\/www.noticiasradioreflejos.com.ar\/2021\/penas-de-hasta-25-anos-de-carcel-para-miembros-de-una-secta-por-trata-y-explotacion\/"]}]},{"@type":"ImageObject","inLanguage":"es","@id":"https:\/\/www.noticiasradioreflejos.com.ar\/2021\/penas-de-hasta-25-anos-de-carcel-para-miembros-de-una-secta-por-trata-y-explotacion\/#primaryimage","url":"https:\/\/www.telam.com.ar\/thumbs\/bluesteel\/advf\/imagenes\/2022\/05\/6287f560180ff_900.jpg","contentUrl":"https:\/\/www.telam.com.ar\/thumbs\/bluesteel\/advf\/imagenes\/2022\/05\/6287f560180ff_900.jpg"},{"@type":"BreadcrumbList","@id":"https:\/\/www.noticiasradioreflejos.com.ar\/2021\/penas-de-hasta-25-anos-de-carcel-para-miembros-de-una-secta-por-trata-y-explotacion\/#breadcrumb","itemListElement":[{"@type":"ListItem","position":1,"name":"Portada","item":"https:\/\/www.noticiasradioreflejos.com.ar\/2021\/"},{"@type":"ListItem","position":2,"name":"Penas de hasta 25 a\u00f1os de c\u00e1rcel para miembros de una secta por trata y explotaci\u00f3n"}]},{"@type":"WebSite","@id":"https:\/\/www.noticiasradioreflejos.com.ar\/2021\/#website","url":"https:\/\/www.noticiasradioreflejos.com.ar\/2021\/","name":"Noticias Radio Reflejos","description":"Las noticias de mi comarca","potentialAction":[{"@type":"SearchAction","target":{"@type":"EntryPoint","urlTemplate":"https:\/\/www.noticiasradioreflejos.com.ar\/2021\/?s={search_term_string}"},"query-input":{"@type":"PropertyValueSpecification","valueRequired":true,"valueName":"search_term_string"}}],"inLanguage":"es"},{"@type":"Person","@id":"https:\/\/www.noticiasradioreflejos.com.ar\/2021\/#\/schema\/person\/ad82545263dcc5ec0996818884fd5fb1","name":"Arnaldo Botto","image":{"@type":"ImageObject","inLanguage":"es","@id":"https:\/\/www.noticiasradioreflejos.com.ar\/2021\/#\/schema\/person\/image\/","url":"https:\/\/secure.gravatar.com\/avatar\/55cb5e37c1efa326397366e6974cb338056df65cb50e7d64d1cf314e87504837?s=96&d=mm&r=g","contentUrl":"https:\/\/secure.gravatar.com\/avatar\/55cb5e37c1efa326397366e6974cb338056df65cb50e7d64d1cf314e87504837?s=96&d=mm&r=g","caption":"Arnaldo Botto"},"url":"https:\/\/www.noticiasradioreflejos.com.ar\/2021\/author\/arnaldo\/"}]}},"_links":{"self":[{"href":"https:\/\/www.noticiasradioreflejos.com.ar\/2021\/wp-json\/wp\/v2\/posts\/72335","targetHints":{"allow":["GET"]}}],"collection":[{"href":"https:\/\/www.noticiasradioreflejos.com.ar\/2021\/wp-json\/wp\/v2\/posts"}],"about":[{"href":"https:\/\/www.noticiasradioreflejos.com.ar\/2021\/wp-json\/wp\/v2\/types\/post"}],"author":[{"embeddable":true,"href":"https:\/\/www.noticiasradioreflejos.com.ar\/2021\/wp-json\/wp\/v2\/users\/3"}],"replies":[{"embeddable":true,"href":"https:\/\/www.noticiasradioreflejos.com.ar\/2021\/wp-json\/wp\/v2\/comments?post=72335"}],"version-history":[{"count":1,"href":"https:\/\/www.noticiasradioreflejos.com.ar\/2021\/wp-json\/wp\/v2\/posts\/72335\/revisions"}],"predecessor-version":[{"id":72337,"href":"https:\/\/www.noticiasradioreflejos.com.ar\/2021\/wp-json\/wp\/v2\/posts\/72335\/revisions\/72337"}],"wp:attachment":[{"href":"https:\/\/www.noticiasradioreflejos.com.ar\/2021\/wp-json\/wp\/v2\/media?parent=72335"}],"wp:term":[{"taxonomy":"category","embeddable":true,"href":"https:\/\/www.noticiasradioreflejos.com.ar\/2021\/wp-json\/wp\/v2\/categories?post=72335"},{"taxonomy":"post_tag","embeddable":true,"href":"https:\/\/www.noticiasradioreflejos.com.ar\/2021\/wp-json\/wp\/v2\/tags?post=72335"}],"curies":[{"name":"wp","href":"https:\/\/api.w.org\/{rel}","templated":true}]}}