{"id":72332,"date":"2022-05-20T23:04:18","date_gmt":"2022-05-20T23:04:18","guid":{"rendered":"http:\/\/www.noticiasradioreflejos.com.ar\/2021\/?p=72332"},"modified":"2022-05-20T23:04:18","modified_gmt":"2022-05-20T23:04:18","slug":"bahia-blanca-cayo-un-trabajador-desde-3-mts-de-altura","status":"publish","type":"post","link":"https:\/\/www.noticiasradioreflejos.com.ar\/2021\/bahia-blanca-cayo-un-trabajador-desde-3-mts-de-altura\/","title":{"rendered":"Bah\u00eda Blanca: Cay\u00f3 un trabajador desde 3 mts de altura"},"content":{"rendered":"<p>Siendo las 16:50 horas aproximadamente se produce la ca\u00edda de un masculino desde una altura de 3 metros en calle Sixto Laspiur y Enrique Julio en donde funciona el Centro de Formaci\u00f3n 408.<!--more--><\/p>\n<p><a title=\"WhatsApp Image 2022-05-20 at 7.19.22 PM\" href=\"https:\/\/www.flickr.com\/photos\/182279889@N02\/52087578783\/in\/dateposted-public\/\" data-flickr-embed=\"true\"><img loading=\"lazy\" decoding=\"async\" src=\"https:\/\/live.staticflickr.com\/65535\/52087578783_a7f81156e9_c.jpg\" alt=\"WhatsApp Image 2022-05-20 at 7.19.22 PM\" width=\"800\" height=\"598\" \/><\/a><script async src=\"\/\/embedr.flickr.com\/assets\/client-code.js\" charset=\"utf-8\"><\/script><\/p>\n<p>El trabajador se encontraba realizando tareas de mantenimiento en el techo y luego de pisar una chapa traslucida, cayo, consciente con un fuerte traumatismo de cadera.<\/p>\n<p>Personal del Servicio de Emergencias SIEmPre atendi\u00f3 y traslado al masculino a un hospital para una mejor atenci\u00f3n.<\/p>\n<p>En el lugar trabajo tambi\u00e9n personal policial y la Guardia de emergencias de Defensa Civil<\/p>\n","protected":false},"excerpt":{"rendered":"<p>Siendo las 16:50 horas aproximadamente se produce la ca\u00edda de un masculino desde una altura de 3 metros en calle Sixto Laspiur y Enrique Julio en donde funciona el Centro de Formaci\u00f3n 408.<\/p>\n","protected":false},"author":3,"featured_media":0,"comment_status":"closed","ping_status":"closed","sticky":false,"template":"","format":"standard","meta":{"footnotes":""},"categories":[29],"tags":[],"class_list":["post-72332","post","type-post","status-publish","format-standard","hentry","category-policiales"],"yoast_head":"<!-- This site is optimized with the Yoast SEO plugin v25.9 - https:\/\/yoast.com\/wordpress\/plugins\/seo\/ -->\n<title>Bah\u00eda Blanca: Cay\u00f3 un trabajador desde 3 mts de altura - Noticias Radio Reflejos<\/title>\n<meta name=\"robots\" content=\"index, follow, max-snippet:-1, max-image-preview:large, max-video-preview:-1\" \/>\n<link rel=\"canonical\" href=\"https:\/\/www.noticiasradioreflejos.com.ar\/2021\/bahia-blanca-cayo-un-trabajador-desde-3-mts-de-altura\/\" \/>\n<meta property=\"og:locale\" content=\"es_ES\" \/>\n<meta property=\"og:type\" content=\"article\" \/>\n<meta property=\"og:title\" content=\"Bah\u00eda Blanca: Cay\u00f3 un trabajador desde 3 mts de altura - Noticias Radio Reflejos\" \/>\n<meta property=\"og:description\" content=\"Siendo las 16:50 horas aproximadamente se produce la ca\u00edda de un masculino desde una altura de 3 metros en calle Sixto Laspiur y Enrique Julio en donde funciona el Centro de Formaci\u00f3n 408.\" \/>\n<meta property=\"og:url\" content=\"https:\/\/www.noticiasradioreflejos.com.ar\/2021\/bahia-blanca-cayo-un-trabajador-desde-3-mts-de-altura\/\" \/>\n<meta property=\"og:site_name\" content=\"Noticias Radio Reflejos\" \/>\n<meta property=\"article:published_time\" content=\"2022-05-20T23:04:18+00:00\" \/>\n<meta property=\"og:image\" content=\"https:\/\/live.staticflickr.com\/65535\/52087578783_a7f81156e9_c.jpg\" \/>\n<meta name=\"author\" content=\"Arnaldo Botto\" \/>\n<meta name=\"twitter:card\" content=\"summary_large_image\" \/>\n<script type=\"application\/ld+json\" class=\"yoast-schema-graph\">{\"@context\":\"https:\/\/schema.org\",\"@graph\":[{\"@type\":\"WebPage\",\"@id\":\"https:\/\/www.noticiasradioreflejos.com.ar\/2021\/bahia-blanca-cayo-un-trabajador-desde-3-mts-de-altura\/\",\"url\":\"https:\/\/www.noticiasradioreflejos.com.ar\/2021\/bahia-blanca-cayo-un-trabajador-desde-3-mts-de-altura\/\",\"name\":\"Bah\u00eda Blanca: Cay\u00f3 un trabajador desde 3 mts de altura - Noticias Radio Reflejos\",\"isPartOf\":{\"@id\":\"https:\/\/www.noticiasradioreflejos.com.ar\/2021\/#website\"},\"primaryImageOfPage\":{\"@id\":\"https:\/\/www.noticiasradioreflejos.com.ar\/2021\/bahia-blanca-cayo-un-trabajador-desde-3-mts-de-altura\/#primaryimage\"},\"image\":{\"@id\":\"https:\/\/www.noticiasradioreflejos.com.ar\/2021\/bahia-blanca-cayo-un-trabajador-desde-3-mts-de-altura\/#primaryimage\"},\"thumbnailUrl\":\"https:\/\/live.staticflickr.com\/65535\/52087578783_a7f81156e9_c.jpg\",\"datePublished\":\"2022-05-20T23:04:18+00:00\",\"author\":{\"@id\":\"https:\/\/www.noticiasradioreflejos.com.ar\/2021\/#\/schema\/person\/ad82545263dcc5ec0996818884fd5fb1\"},\"breadcrumb\":{\"@id\":\"https:\/\/www.noticiasradioreflejos.com.ar\/2021\/bahia-blanca-cayo-un-trabajador-desde-3-mts-de-altura\/#breadcrumb\"},\"inLanguage\":\"es\",\"potentialAction\":[{\"@type\":\"ReadAction\",\"target\":[\"https:\/\/www.noticiasradioreflejos.com.ar\/2021\/bahia-blanca-cayo-un-trabajador-desde-3-mts-de-altura\/\"]}]},{\"@type\":\"ImageObject\",\"inLanguage\":\"es\",\"@id\":\"https:\/\/www.noticiasradioreflejos.com.ar\/2021\/bahia-blanca-cayo-un-trabajador-desde-3-mts-de-altura\/#primaryimage\",\"url\":\"https:\/\/live.staticflickr.com\/65535\/52087578783_a7f81156e9_c.jpg\",\"contentUrl\":\"https:\/\/live.staticflickr.com\/65535\/52087578783_a7f81156e9_c.jpg\"},{\"@type\":\"BreadcrumbList\",\"@id\":\"https:\/\/www.noticiasradioreflejos.com.ar\/2021\/bahia-blanca-cayo-un-trabajador-desde-3-mts-de-altura\/#breadcrumb\",\"itemListElement\":[{\"@type\":\"ListItem\",\"position\":1,\"name\":\"Portada\",\"item\":\"https:\/\/www.noticiasradioreflejos.com.ar\/2021\/\"},{\"@type\":\"ListItem\",\"position\":2,\"name\":\"Bah\u00eda Blanca: Cay\u00f3 un trabajador desde 3 mts de altura\"}]},{\"@type\":\"WebSite\",\"@id\":\"https:\/\/www.noticiasradioreflejos.com.ar\/2021\/#website\",\"url\":\"https:\/\/www.noticiasradioreflejos.com.ar\/2021\/\",\"name\":\"Noticias Radio Reflejos\",\"description\":\"Las noticias de mi comarca\",\"potentialAction\":[{\"@type\":\"SearchAction\",\"target\":{\"@type\":\"EntryPoint\",\"urlTemplate\":\"https:\/\/www.noticiasradioreflejos.com.ar\/2021\/?s={search_term_string}\"},\"query-input\":{\"@type\":\"PropertyValueSpecification\",\"valueRequired\":true,\"valueName\":\"search_term_string\"}}],\"inLanguage\":\"es\"},{\"@type\":\"Person\",\"@id\":\"https:\/\/www.noticiasradioreflejos.com.ar\/2021\/#\/schema\/person\/ad82545263dcc5ec0996818884fd5fb1\",\"name\":\"Arnaldo Botto\",\"image\":{\"@type\":\"ImageObject\",\"inLanguage\":\"es\",\"@id\":\"https:\/\/www.noticiasradioreflejos.com.ar\/2021\/#\/schema\/person\/image\/\",\"url\":\"https:\/\/secure.gravatar.com\/avatar\/55cb5e37c1efa326397366e6974cb338056df65cb50e7d64d1cf314e87504837?s=96&d=mm&r=g\",\"contentUrl\":\"https:\/\/secure.gravatar.com\/avatar\/55cb5e37c1efa326397366e6974cb338056df65cb50e7d64d1cf314e87504837?s=96&d=mm&r=g\",\"caption\":\"Arnaldo Botto\"},\"url\":\"https:\/\/www.noticiasradioreflejos.com.ar\/2021\/author\/arnaldo\/\"}]}<\/script>\n<!-- \/ Yoast SEO plugin. -->","yoast_head_json":{"title":"Bah\u00eda Blanca: Cay\u00f3 un trabajador desde 3 mts de altura - Noticias Radio Reflejos","robots":{"index":"index","follow":"follow","max-snippet":"max-snippet:-1","max-image-preview":"max-image-preview:large","max-video-preview":"max-video-preview:-1"},"canonical":"https:\/\/www.noticiasradioreflejos.com.ar\/2021\/bahia-blanca-cayo-un-trabajador-desde-3-mts-de-altura\/","og_locale":"es_ES","og_type":"article","og_title":"Bah\u00eda Blanca: Cay\u00f3 un trabajador desde 3 mts de altura - Noticias Radio Reflejos","og_description":"Siendo las 16:50 horas aproximadamente se produce la ca\u00edda de un masculino desde una altura de 3 metros en calle Sixto Laspiur y Enrique Julio en donde funciona el Centro de Formaci\u00f3n 408.","og_url":"https:\/\/www.noticiasradioreflejos.com.ar\/2021\/bahia-blanca-cayo-un-trabajador-desde-3-mts-de-altura\/","og_site_name":"Noticias Radio Reflejos","article_published_time":"2022-05-20T23:04:18+00:00","og_image":[{"url":"https:\/\/live.staticflickr.com\/65535\/52087578783_a7f81156e9_c.jpg","type":"","width":"","height":""}],"author":"Arnaldo Botto","twitter_card":"summary_large_image","schema":{"@context":"https:\/\/schema.org","@graph":[{"@type":"WebPage","@id":"https:\/\/www.noticiasradioreflejos.com.ar\/2021\/bahia-blanca-cayo-un-trabajador-desde-3-mts-de-altura\/","url":"https:\/\/www.noticiasradioreflejos.com.ar\/2021\/bahia-blanca-cayo-un-trabajador-desde-3-mts-de-altura\/","name":"Bah\u00eda Blanca: Cay\u00f3 un trabajador desde 3 mts de altura - Noticias Radio Reflejos","isPartOf":{"@id":"https:\/\/www.noticiasradioreflejos.com.ar\/2021\/#website"},"primaryImageOfPage":{"@id":"https:\/\/www.noticiasradioreflejos.com.ar\/2021\/bahia-blanca-cayo-un-trabajador-desde-3-mts-de-altura\/#primaryimage"},"image":{"@id":"https:\/\/www.noticiasradioreflejos.com.ar\/2021\/bahia-blanca-cayo-un-trabajador-desde-3-mts-de-altura\/#primaryimage"},"thumbnailUrl":"https:\/\/live.staticflickr.com\/65535\/52087578783_a7f81156e9_c.jpg","datePublished":"2022-05-20T23:04:18+00:00","author":{"@id":"https:\/\/www.noticiasradioreflejos.com.ar\/2021\/#\/schema\/person\/ad82545263dcc5ec0996818884fd5fb1"},"breadcrumb":{"@id":"https:\/\/www.noticiasradioreflejos.com.ar\/2021\/bahia-blanca-cayo-un-trabajador-desde-3-mts-de-altura\/#breadcrumb"},"inLanguage":"es","potentialAction":[{"@type":"ReadAction","target":["https:\/\/www.noticiasradioreflejos.com.ar\/2021\/bahia-blanca-cayo-un-trabajador-desde-3-mts-de-altura\/"]}]},{"@type":"ImageObject","inLanguage":"es","@id":"https:\/\/www.noticiasradioreflejos.com.ar\/2021\/bahia-blanca-cayo-un-trabajador-desde-3-mts-de-altura\/#primaryimage","url":"https:\/\/live.staticflickr.com\/65535\/52087578783_a7f81156e9_c.jpg","contentUrl":"https:\/\/live.staticflickr.com\/65535\/52087578783_a7f81156e9_c.jpg"},{"@type":"BreadcrumbList","@id":"https:\/\/www.noticiasradioreflejos.com.ar\/2021\/bahia-blanca-cayo-un-trabajador-desde-3-mts-de-altura\/#breadcrumb","itemListElement":[{"@type":"ListItem","position":1,"name":"Portada","item":"https:\/\/www.noticiasradioreflejos.com.ar\/2021\/"},{"@type":"ListItem","position":2,"name":"Bah\u00eda Blanca: Cay\u00f3 un trabajador desde 3 mts de altura"}]},{"@type":"WebSite","@id":"https:\/\/www.noticiasradioreflejos.com.ar\/2021\/#website","url":"https:\/\/www.noticiasradioreflejos.com.ar\/2021\/","name":"Noticias Radio Reflejos","description":"Las noticias de mi comarca","potentialAction":[{"@type":"SearchAction","target":{"@type":"EntryPoint","urlTemplate":"https:\/\/www.noticiasradioreflejos.com.ar\/2021\/?s={search_term_string}"},"query-input":{"@type":"PropertyValueSpecification","valueRequired":true,"valueName":"search_term_string"}}],"inLanguage":"es"},{"@type":"Person","@id":"https:\/\/www.noticiasradioreflejos.com.ar\/2021\/#\/schema\/person\/ad82545263dcc5ec0996818884fd5fb1","name":"Arnaldo Botto","image":{"@type":"ImageObject","inLanguage":"es","@id":"https:\/\/www.noticiasradioreflejos.com.ar\/2021\/#\/schema\/person\/image\/","url":"https:\/\/secure.gravatar.com\/avatar\/55cb5e37c1efa326397366e6974cb338056df65cb50e7d64d1cf314e87504837?s=96&d=mm&r=g","contentUrl":"https:\/\/secure.gravatar.com\/avatar\/55cb5e37c1efa326397366e6974cb338056df65cb50e7d64d1cf314e87504837?s=96&d=mm&r=g","caption":"Arnaldo Botto"},"url":"https:\/\/www.noticiasradioreflejos.com.ar\/2021\/author\/arnaldo\/"}]}},"_links":{"self":[{"href":"https:\/\/www.noticiasradioreflejos.com.ar\/2021\/wp-json\/wp\/v2\/posts\/72332","targetHints":{"allow":["GET"]}}],"collection":[{"href":"https:\/\/www.noticiasradioreflejos.com.ar\/2021\/wp-json\/wp\/v2\/posts"}],"about":[{"href":"https:\/\/www.noticiasradioreflejos.com.ar\/2021\/wp-json\/wp\/v2\/types\/post"}],"author":[{"embeddable":true,"href":"https:\/\/www.noticiasradioreflejos.com.ar\/2021\/wp-json\/wp\/v2\/users\/3"}],"replies":[{"embeddable":true,"href":"https:\/\/www.noticiasradioreflejos.com.ar\/2021\/wp-json\/wp\/v2\/comments?post=72332"}],"version-history":[{"count":1,"href":"https:\/\/www.noticiasradioreflejos.com.ar\/2021\/wp-json\/wp\/v2\/posts\/72332\/revisions"}],"predecessor-version":[{"id":72334,"href":"https:\/\/www.noticiasradioreflejos.com.ar\/2021\/wp-json\/wp\/v2\/posts\/72332\/revisions\/72334"}],"wp:attachment":[{"href":"https:\/\/www.noticiasradioreflejos.com.ar\/2021\/wp-json\/wp\/v2\/media?parent=72332"}],"wp:term":[{"taxonomy":"category","embeddable":true,"href":"https:\/\/www.noticiasradioreflejos.com.ar\/2021\/wp-json\/wp\/v2\/categories?post=72332"},{"taxonomy":"post_tag","embeddable":true,"href":"https:\/\/www.noticiasradioreflejos.com.ar\/2021\/wp-json\/wp\/v2\/tags?post=72332"}],"curies":[{"name":"wp","href":"https:\/\/api.w.org\/{rel}","templated":true}]}}