{"id":72295,"date":"2022-05-20T16:04:36","date_gmt":"2022-05-20T16:04:36","guid":{"rendered":"http:\/\/www.noticiasradioreflejos.com.ar\/2021\/?p=72295"},"modified":"2022-05-20T16:04:36","modified_gmt":"2022-05-20T16:04:36","slug":"prescripcion-de-sanciones-en-pandemia-en-la-mayoria-de-los-casos-primo-el-derecho-a-trabajar","status":"publish","type":"post","link":"https:\/\/www.noticiasradioreflejos.com.ar\/2021\/prescripcion-de-sanciones-en-pandemia-en-la-mayoria-de-los-casos-primo-el-derecho-a-trabajar\/","title":{"rendered":"Prescripci\u00f3n de sanciones en pandemia: \u201cen la mayor\u00eda de los casos prim\u00f3 el derecho a trabajar\u201d"},"content":{"rendered":"<p>El abogado <strong>Leandro Picardi<\/strong> explic\u00f3 los motivos por los cuales la gran mayor\u00eda de los sumarios por violar la cuarentena obligatoria en pandemia prescribieron.<!--more--><\/p>\n<p>En las \u00faltimas horas una noticia impact\u00f3 en el com\u00fan de la gente. Para bien o para mal, todos tomaron partido respecto a la prescripci\u00f3n de un importante n\u00famero de sumarios iniciados a ra\u00edz de la violaci\u00f3n de la cuarentena obligatoria.<\/p>\n<p>Al respecto el abogado Leandro Picardi entreg\u00f3 un marco hist\u00f3rico de la situaci\u00f3n, recordando que \u201ca partir del 12 de marzo del 2020 se declar\u00f3 la pandemia y a ra\u00edz de esto se determin\u00f3 el aislamiento y se pusieron ciertas medidas de conductas y sus respectivas consecuencias\u201d.<\/p>\n<p><a href=\"http:\/\/www.noticiasradioreflejos.com.ar\/2021\/planes-de-ahorro-en-la-mira-las-cuotas-se-dispararon-de-una-manera-impresionante\/leandro-picardi\/\" rel=\"attachment wp-att-71833\"><img loading=\"lazy\" decoding=\"async\" class=\" wp-image-71833 alignleft\" src=\"http:\/\/www.noticiasradioreflejos.com.ar\/2021\/wp-content\/uploads\/2022\/05\/Leandro-Picardi.jpeg\" alt=\"\" width=\"279\" height=\"411\" srcset=\"https:\/\/www.noticiasradioreflejos.com.ar\/2021\/wp-content\/uploads\/2022\/05\/Leandro-Picardi.jpeg 521w, https:\/\/www.noticiasradioreflejos.com.ar\/2021\/wp-content\/uploads\/2022\/05\/Leandro-Picardi-204x300.jpeg 204w\" sizes=\"auto, (max-width: 279px) 100vw, 279px\" \/><\/a>Rememorando, volvi\u00f3 a poner sobre la mesa el c\u00e9lebre \u201cart\u00edculo 205 el C\u00f3digo Penal, en el cual la persona pod\u00eda ser penada por violar esta cuesti\u00f3n relativa a la salud. Seg\u00fan el art\u00edculo lo marca, la sanci\u00f3n es de 6 meses a 2 a\u00f1os de prisi\u00f3n\u201d.<\/p>\n<p>De ah\u00ed que bajo esta herramienta legal, a quien se lo encontraba en la v\u00eda p\u00fablica fuera de horario o sin la habilitaci\u00f3n correspondiente, \u201cse le iniciaba un sumario, una eventual denuncia penal, y quedaba imputada por el delito\u201d.<\/p>\n<p>La situaci\u00f3n de prescripci\u00f3n que hoy se marca, se da debido a que \u201cpasado el plazo de dos a\u00f1os, tal cual el delito como pena, se plantea que queden libres de culpa y cargo porque prescribe. El fin de la acci\u00f3n por el mero transcurso del tiempo\u201d.<\/p>\n<p>De todas maneras el letrado reconoci\u00f3 que \u201ces necesario que quienes sufrieron multas vayan a ver un abogado y plantear que ya se cumpli\u00f3 el plazo m\u00e1ximo para la pena del art\u00edculo 205. A trav\u00e9s de \u00e9l se pide la prescripci\u00f3n de la acci\u00f3n\u201d.<\/p>\n<p>En otro pasaje de la charla remarc\u00f3 que esta situaci\u00f3n de prescripciones \u201cno sienta jurisprudencia ya que son delitos particulares. En general la justicia no deja prescribir delitos. Llama a declaraci\u00f3n indagatoria y con eso ya no se puede pedir la prescripci\u00f3n\u201d.<\/p>\n<p>Y esa l\u00ednea admiti\u00f3 que \u201cen este caso hay una cuesti\u00f3n pol\u00edtica de perdonar la conducta en pandemia, porque mucha gente que fue sancionada cay\u00f3 en grises, principalmente porque se encontraba trabajando y por distintas circunstancias le lleg\u00f3 la sanci\u00f3n\u201d.<\/p>\n<p>Cerrando la entrevista Picardi reconoci\u00f3 que \u201cs\u00ed han llegado a juicio otras causas, cuando la persona no solo cometi\u00f3 la infracci\u00f3n al art\u00edculo 205 sino que a eso le sum\u00f3 otro delito como robo o narcomenudeo\u201d.<\/p>\n","protected":false},"excerpt":{"rendered":"<p>El abogado Leandro Picardi explic\u00f3 los motivos por los cuales la gran mayor\u00eda de los sumarios por violar la cuarentena obligatoria en pandemia prescribieron.<\/p>\n","protected":false},"author":3,"featured_media":0,"comment_status":"closed","ping_status":"closed","sticky":false,"template":"","format":"standard","meta":{"footnotes":""},"categories":[57,24,26],"tags":[48],"class_list":["post-72295","post","type-post","status-publish","format-standard","hentry","category-judiciales","category-politica","category-sociedad","tag-destacada"],"yoast_head":"<!-- This site is optimized with the Yoast SEO plugin v25.9 - https:\/\/yoast.com\/wordpress\/plugins\/seo\/ -->\n<title>Prescripci\u00f3n de sanciones en pandemia: \u201cen la mayor\u00eda de los casos prim\u00f3 el derecho a trabajar\u201d - Noticias Radio Reflejos<\/title>\n<meta name=\"robots\" content=\"index, follow, max-snippet:-1, max-image-preview:large, max-video-preview:-1\" \/>\n<link rel=\"canonical\" href=\"https:\/\/www.noticiasradioreflejos.com.ar\/2021\/prescripcion-de-sanciones-en-pandemia-en-la-mayoria-de-los-casos-primo-el-derecho-a-trabajar\/\" \/>\n<meta property=\"og:locale\" content=\"es_ES\" \/>\n<meta property=\"og:type\" content=\"article\" \/>\n<meta property=\"og:title\" content=\"Prescripci\u00f3n de sanciones en pandemia: \u201cen la mayor\u00eda de los casos prim\u00f3 el derecho a trabajar\u201d - Noticias Radio Reflejos\" \/>\n<meta property=\"og:description\" content=\"El abogado Leandro Picardi explic\u00f3 los motivos por los cuales la gran mayor\u00eda de los sumarios por violar la cuarentena obligatoria en pandemia prescribieron.\" \/>\n<meta property=\"og:url\" content=\"https:\/\/www.noticiasradioreflejos.com.ar\/2021\/prescripcion-de-sanciones-en-pandemia-en-la-mayoria-de-los-casos-primo-el-derecho-a-trabajar\/\" \/>\n<meta property=\"og:site_name\" content=\"Noticias Radio Reflejos\" \/>\n<meta property=\"article:published_time\" content=\"2022-05-20T16:04:36+00:00\" \/>\n<meta property=\"og:image\" content=\"http:\/\/www.noticiasradioreflejos.com.ar\/2021\/wp-content\/uploads\/2022\/05\/Leandro-Picardi.jpeg\" \/>\n<meta name=\"author\" content=\"Arnaldo Botto\" \/>\n<meta name=\"twitter:card\" content=\"summary_large_image\" \/>\n<script type=\"application\/ld+json\" class=\"yoast-schema-graph\">{\"@context\":\"https:\/\/schema.org\",\"@graph\":[{\"@type\":\"WebPage\",\"@id\":\"https:\/\/www.noticiasradioreflejos.com.ar\/2021\/prescripcion-de-sanciones-en-pandemia-en-la-mayoria-de-los-casos-primo-el-derecho-a-trabajar\/\",\"url\":\"https:\/\/www.noticiasradioreflejos.com.ar\/2021\/prescripcion-de-sanciones-en-pandemia-en-la-mayoria-de-los-casos-primo-el-derecho-a-trabajar\/\",\"name\":\"Prescripci\u00f3n de sanciones en pandemia: \u201cen la mayor\u00eda de los casos prim\u00f3 el derecho a trabajar\u201d - Noticias Radio Reflejos\",\"isPartOf\":{\"@id\":\"https:\/\/www.noticiasradioreflejos.com.ar\/2021\/#website\"},\"primaryImageOfPage\":{\"@id\":\"https:\/\/www.noticiasradioreflejos.com.ar\/2021\/prescripcion-de-sanciones-en-pandemia-en-la-mayoria-de-los-casos-primo-el-derecho-a-trabajar\/#primaryimage\"},\"image\":{\"@id\":\"https:\/\/www.noticiasradioreflejos.com.ar\/2021\/prescripcion-de-sanciones-en-pandemia-en-la-mayoria-de-los-casos-primo-el-derecho-a-trabajar\/#primaryimage\"},\"thumbnailUrl\":\"http:\/\/www.noticiasradioreflejos.com.ar\/2021\/wp-content\/uploads\/2022\/05\/Leandro-Picardi.jpeg\",\"datePublished\":\"2022-05-20T16:04:36+00:00\",\"author\":{\"@id\":\"https:\/\/www.noticiasradioreflejos.com.ar\/2021\/#\/schema\/person\/ad82545263dcc5ec0996818884fd5fb1\"},\"breadcrumb\":{\"@id\":\"https:\/\/www.noticiasradioreflejos.com.ar\/2021\/prescripcion-de-sanciones-en-pandemia-en-la-mayoria-de-los-casos-primo-el-derecho-a-trabajar\/#breadcrumb\"},\"inLanguage\":\"es\",\"potentialAction\":[{\"@type\":\"ReadAction\",\"target\":[\"https:\/\/www.noticiasradioreflejos.com.ar\/2021\/prescripcion-de-sanciones-en-pandemia-en-la-mayoria-de-los-casos-primo-el-derecho-a-trabajar\/\"]}]},{\"@type\":\"ImageObject\",\"inLanguage\":\"es\",\"@id\":\"https:\/\/www.noticiasradioreflejos.com.ar\/2021\/prescripcion-de-sanciones-en-pandemia-en-la-mayoria-de-los-casos-primo-el-derecho-a-trabajar\/#primaryimage\",\"url\":\"https:\/\/www.noticiasradioreflejos.com.ar\/2021\/wp-content\/uploads\/2022\/05\/Leandro-Picardi.jpeg\",\"contentUrl\":\"https:\/\/www.noticiasradioreflejos.com.ar\/2021\/wp-content\/uploads\/2022\/05\/Leandro-Picardi.jpeg\",\"width\":521,\"height\":767},{\"@type\":\"BreadcrumbList\",\"@id\":\"https:\/\/www.noticiasradioreflejos.com.ar\/2021\/prescripcion-de-sanciones-en-pandemia-en-la-mayoria-de-los-casos-primo-el-derecho-a-trabajar\/#breadcrumb\",\"itemListElement\":[{\"@type\":\"ListItem\",\"position\":1,\"name\":\"Portada\",\"item\":\"https:\/\/www.noticiasradioreflejos.com.ar\/2021\/\"},{\"@type\":\"ListItem\",\"position\":2,\"name\":\"Prescripci\u00f3n de sanciones en pandemia: \u201cen la mayor\u00eda de los casos prim\u00f3 el derecho a trabajar\u201d\"}]},{\"@type\":\"WebSite\",\"@id\":\"https:\/\/www.noticiasradioreflejos.com.ar\/2021\/#website\",\"url\":\"https:\/\/www.noticiasradioreflejos.com.ar\/2021\/\",\"name\":\"Noticias Radio Reflejos\",\"description\":\"Las noticias de mi comarca\",\"potentialAction\":[{\"@type\":\"SearchAction\",\"target\":{\"@type\":\"EntryPoint\",\"urlTemplate\":\"https:\/\/www.noticiasradioreflejos.com.ar\/2021\/?s={search_term_string}\"},\"query-input\":{\"@type\":\"PropertyValueSpecification\",\"valueRequired\":true,\"valueName\":\"search_term_string\"}}],\"inLanguage\":\"es\"},{\"@type\":\"Person\",\"@id\":\"https:\/\/www.noticiasradioreflejos.com.ar\/2021\/#\/schema\/person\/ad82545263dcc5ec0996818884fd5fb1\",\"name\":\"Arnaldo Botto\",\"image\":{\"@type\":\"ImageObject\",\"inLanguage\":\"es\",\"@id\":\"https:\/\/www.noticiasradioreflejos.com.ar\/2021\/#\/schema\/person\/image\/\",\"url\":\"https:\/\/secure.gravatar.com\/avatar\/55cb5e37c1efa326397366e6974cb338056df65cb50e7d64d1cf314e87504837?s=96&d=mm&r=g\",\"contentUrl\":\"https:\/\/secure.gravatar.com\/avatar\/55cb5e37c1efa326397366e6974cb338056df65cb50e7d64d1cf314e87504837?s=96&d=mm&r=g\",\"caption\":\"Arnaldo Botto\"},\"url\":\"https:\/\/www.noticiasradioreflejos.com.ar\/2021\/author\/arnaldo\/\"}]}<\/script>\n<!-- \/ Yoast SEO plugin. -->","yoast_head_json":{"title":"Prescripci\u00f3n de sanciones en pandemia: \u201cen la mayor\u00eda de los casos prim\u00f3 el derecho a trabajar\u201d - Noticias Radio Reflejos","robots":{"index":"index","follow":"follow","max-snippet":"max-snippet:-1","max-image-preview":"max-image-preview:large","max-video-preview":"max-video-preview:-1"},"canonical":"https:\/\/www.noticiasradioreflejos.com.ar\/2021\/prescripcion-de-sanciones-en-pandemia-en-la-mayoria-de-los-casos-primo-el-derecho-a-trabajar\/","og_locale":"es_ES","og_type":"article","og_title":"Prescripci\u00f3n de sanciones en pandemia: \u201cen la mayor\u00eda de los casos prim\u00f3 el derecho a trabajar\u201d - Noticias Radio Reflejos","og_description":"El abogado Leandro Picardi explic\u00f3 los motivos por los cuales la gran mayor\u00eda de los sumarios por violar la cuarentena obligatoria en pandemia prescribieron.","og_url":"https:\/\/www.noticiasradioreflejos.com.ar\/2021\/prescripcion-de-sanciones-en-pandemia-en-la-mayoria-de-los-casos-primo-el-derecho-a-trabajar\/","og_site_name":"Noticias Radio Reflejos","article_published_time":"2022-05-20T16:04:36+00:00","og_image":[{"url":"http:\/\/www.noticiasradioreflejos.com.ar\/2021\/wp-content\/uploads\/2022\/05\/Leandro-Picardi.jpeg","type":"","width":"","height":""}],"author":"Arnaldo Botto","twitter_card":"summary_large_image","schema":{"@context":"https:\/\/schema.org","@graph":[{"@type":"WebPage","@id":"https:\/\/www.noticiasradioreflejos.com.ar\/2021\/prescripcion-de-sanciones-en-pandemia-en-la-mayoria-de-los-casos-primo-el-derecho-a-trabajar\/","url":"https:\/\/www.noticiasradioreflejos.com.ar\/2021\/prescripcion-de-sanciones-en-pandemia-en-la-mayoria-de-los-casos-primo-el-derecho-a-trabajar\/","name":"Prescripci\u00f3n de sanciones en pandemia: \u201cen la mayor\u00eda de los casos prim\u00f3 el derecho a trabajar\u201d - Noticias Radio Reflejos","isPartOf":{"@id":"https:\/\/www.noticiasradioreflejos.com.ar\/2021\/#website"},"primaryImageOfPage":{"@id":"https:\/\/www.noticiasradioreflejos.com.ar\/2021\/prescripcion-de-sanciones-en-pandemia-en-la-mayoria-de-los-casos-primo-el-derecho-a-trabajar\/#primaryimage"},"image":{"@id":"https:\/\/www.noticiasradioreflejos.com.ar\/2021\/prescripcion-de-sanciones-en-pandemia-en-la-mayoria-de-los-casos-primo-el-derecho-a-trabajar\/#primaryimage"},"thumbnailUrl":"http:\/\/www.noticiasradioreflejos.com.ar\/2021\/wp-content\/uploads\/2022\/05\/Leandro-Picardi.jpeg","datePublished":"2022-05-20T16:04:36+00:00","author":{"@id":"https:\/\/www.noticiasradioreflejos.com.ar\/2021\/#\/schema\/person\/ad82545263dcc5ec0996818884fd5fb1"},"breadcrumb":{"@id":"https:\/\/www.noticiasradioreflejos.com.ar\/2021\/prescripcion-de-sanciones-en-pandemia-en-la-mayoria-de-los-casos-primo-el-derecho-a-trabajar\/#breadcrumb"},"inLanguage":"es","potentialAction":[{"@type":"ReadAction","target":["https:\/\/www.noticiasradioreflejos.com.ar\/2021\/prescripcion-de-sanciones-en-pandemia-en-la-mayoria-de-los-casos-primo-el-derecho-a-trabajar\/"]}]},{"@type":"ImageObject","inLanguage":"es","@id":"https:\/\/www.noticiasradioreflejos.com.ar\/2021\/prescripcion-de-sanciones-en-pandemia-en-la-mayoria-de-los-casos-primo-el-derecho-a-trabajar\/#primaryimage","url":"https:\/\/www.noticiasradioreflejos.com.ar\/2021\/wp-content\/uploads\/2022\/05\/Leandro-Picardi.jpeg","contentUrl":"https:\/\/www.noticiasradioreflejos.com.ar\/2021\/wp-content\/uploads\/2022\/05\/Leandro-Picardi.jpeg","width":521,"height":767},{"@type":"BreadcrumbList","@id":"https:\/\/www.noticiasradioreflejos.com.ar\/2021\/prescripcion-de-sanciones-en-pandemia-en-la-mayoria-de-los-casos-primo-el-derecho-a-trabajar\/#breadcrumb","itemListElement":[{"@type":"ListItem","position":1,"name":"Portada","item":"https:\/\/www.noticiasradioreflejos.com.ar\/2021\/"},{"@type":"ListItem","position":2,"name":"Prescripci\u00f3n de sanciones en pandemia: \u201cen la mayor\u00eda de los casos prim\u00f3 el derecho a trabajar\u201d"}]},{"@type":"WebSite","@id":"https:\/\/www.noticiasradioreflejos.com.ar\/2021\/#website","url":"https:\/\/www.noticiasradioreflejos.com.ar\/2021\/","name":"Noticias Radio Reflejos","description":"Las noticias de mi comarca","potentialAction":[{"@type":"SearchAction","target":{"@type":"EntryPoint","urlTemplate":"https:\/\/www.noticiasradioreflejos.com.ar\/2021\/?s={search_term_string}"},"query-input":{"@type":"PropertyValueSpecification","valueRequired":true,"valueName":"search_term_string"}}],"inLanguage":"es"},{"@type":"Person","@id":"https:\/\/www.noticiasradioreflejos.com.ar\/2021\/#\/schema\/person\/ad82545263dcc5ec0996818884fd5fb1","name":"Arnaldo Botto","image":{"@type":"ImageObject","inLanguage":"es","@id":"https:\/\/www.noticiasradioreflejos.com.ar\/2021\/#\/schema\/person\/image\/","url":"https:\/\/secure.gravatar.com\/avatar\/55cb5e37c1efa326397366e6974cb338056df65cb50e7d64d1cf314e87504837?s=96&d=mm&r=g","contentUrl":"https:\/\/secure.gravatar.com\/avatar\/55cb5e37c1efa326397366e6974cb338056df65cb50e7d64d1cf314e87504837?s=96&d=mm&r=g","caption":"Arnaldo Botto"},"url":"https:\/\/www.noticiasradioreflejos.com.ar\/2021\/author\/arnaldo\/"}]}},"_links":{"self":[{"href":"https:\/\/www.noticiasradioreflejos.com.ar\/2021\/wp-json\/wp\/v2\/posts\/72295","targetHints":{"allow":["GET"]}}],"collection":[{"href":"https:\/\/www.noticiasradioreflejos.com.ar\/2021\/wp-json\/wp\/v2\/posts"}],"about":[{"href":"https:\/\/www.noticiasradioreflejos.com.ar\/2021\/wp-json\/wp\/v2\/types\/post"}],"author":[{"embeddable":true,"href":"https:\/\/www.noticiasradioreflejos.com.ar\/2021\/wp-json\/wp\/v2\/users\/3"}],"replies":[{"embeddable":true,"href":"https:\/\/www.noticiasradioreflejos.com.ar\/2021\/wp-json\/wp\/v2\/comments?post=72295"}],"version-history":[{"count":2,"href":"https:\/\/www.noticiasradioreflejos.com.ar\/2021\/wp-json\/wp\/v2\/posts\/72295\/revisions"}],"predecessor-version":[{"id":72298,"href":"https:\/\/www.noticiasradioreflejos.com.ar\/2021\/wp-json\/wp\/v2\/posts\/72295\/revisions\/72298"}],"wp:attachment":[{"href":"https:\/\/www.noticiasradioreflejos.com.ar\/2021\/wp-json\/wp\/v2\/media?parent=72295"}],"wp:term":[{"taxonomy":"category","embeddable":true,"href":"https:\/\/www.noticiasradioreflejos.com.ar\/2021\/wp-json\/wp\/v2\/categories?post=72295"},{"taxonomy":"post_tag","embeddable":true,"href":"https:\/\/www.noticiasradioreflejos.com.ar\/2021\/wp-json\/wp\/v2\/tags?post=72295"}],"curies":[{"name":"wp","href":"https:\/\/api.w.org\/{rel}","templated":true}]}}