{"id":72273,"date":"2022-05-20T11:45:28","date_gmt":"2022-05-20T11:45:28","guid":{"rendered":"http:\/\/www.noticiasradioreflejos.com.ar\/2021\/?p=72273"},"modified":"2022-05-20T11:45:28","modified_gmt":"2022-05-20T11:45:28","slug":"las-extranas-visiones-de-un-burro-sobre-la-europa-moderna","status":"publish","type":"post","link":"https:\/\/www.noticiasradioreflejos.com.ar\/2021\/las-extranas-visiones-de-un-burro-sobre-la-europa-moderna\/","title":{"rendered":"Las extra\u00f1as visiones de un burro sobre la Europa moderna"},"content":{"rendered":"<p>El polaco Jerzy Skolimowski present\u00f3 en la Competencia Oficial \u00abEO\u00bb un filme sobre un animal que viaja sin destino en lo que podr\u00eda ser le\u00eddo como una met\u00e1fora de los refugiados y desplazados que llegan a Europa.<!--more--><\/p>\n<div class=\"wrapper-editable-content\">\n<div class=\"wrapper-info-note\">\n<div class=\"col-md-12\">\n<div class=\"wrapper-author-social\">\n<div class=\"author-box mb-4\">\n<div class=\"image\"><\/div>\n<div class=\"info\">\n<div class=\"name\">POR PEDRO FERN\u00c1NDEZ MOUJ\u00c1N, ENVIADO ESPECIAL<\/div>\n<div class=\"time\"><img decoding=\"async\" src=\"https:\/\/www.telam.com.ar\/thumbs\/bluesteel\/advf\/imagenes\/2022\/05\/6286e7d20a96e_900.jpg\" alt=\"EO la ltima pelcula de Jerzy Skolimovski\" width=\"100%\" height=\"100%\" \/><\/div>\n<\/div>\n<\/div>\n<\/div>\n<\/div>\n<\/div>\n<\/div>\n<div class=\"media-icons\"><\/div>\n<p>\u00abEO\u00bb, la \u00faltima pel\u00edcula de Jerzy Skolimovski.<\/p>\n<p>El veterano realizador polaco\u00a0<strong>Jerzy Skolimowski<\/strong>\u00a0present\u00f3 este jueves en la Competencia por la Palma de Oro de Cannes\u00a0<strong>\u00abEO\u00bb<\/strong>\u00a0un filme sobre un burro que viaja sin destino por Europa en lo que podr\u00eda ser le\u00eddo como una met\u00e1fora de los refugiados y desplazados que llegan al Viejo Continente y no terminan de encontrar un lugar donde establecerse y rearmar sus destinos.<\/p>\n<p>EO, el nombre del\u00a0<strong>burro, que vive bajo el amparo y el cari\u00f1o de una bailarina y acr\u00f3bata circense es sustra\u00eddo por las autoridades en Cracovia en una acci\u00f3n de defensa de los animales y desde all\u00ed pierde lo que podr\u00eda ser su \u00abhogar\u00bb, es trasladado, huye, sufre violencias y se desplaza azarosamente por distintos pa\u00edses y zonas hasta terminar en un corral de vacas en Italia<\/strong>.<\/p>\n<p>El destino de EO, este burro de\u00a0<strong>ojos enormes y expresivos que apenas rebuzna pero encuentra los resquicios para escapar y seguir su marcha<\/strong>, es siempre un destino alejado de su deseo y tanto puede ser objeto de violencias por un grupo de fan\u00e1ticos del f\u00fatbol de una hinchada pueblerina que alega que su presencia impidi\u00f3 un gol o vendido como carne para una matarife y trasladado en un cami\u00f3n en el que su conductor es asesinado en una azarosa parada de la ruta.<\/p>\n<figure class=\"mb-3\"><img decoding=\"async\" src=\"https:\/\/www.telam.com.ar\/thumbs\/bluesteel\/advf\/imagenes\/2022\/05\/6286e7d22cf72_900.jpg\" alt=\"El burro protagonista de EO deambula por Europa\" width=\"100%\" height=\"100%\" \/><\/p>\n<div class=\"media-icons\"><\/div><figcaption>El burro protagonista de \u00abEO\u00bb, deambula por Europa.<\/figcaption><\/figure>\n<p>En su m\u00faltiple destino,\u00a0<strong>el burro puede ser levantado en medio de la ruta por un joven sacerdote expulsado de la iglesia, habitar un establo junto a caballos de raza en una casa de campo o ser parte de alguna forma de hogar de animales refugiados<\/strong>.<\/p>\n<p>Es su andar incansable, su desconcierto ante las situaciones que atraviesa, la dulce y triste expresividad de sus inmensos ojos negros lo que\u00a0<strong>vuelven a EO un ser tan adorable y violentado como cientos de millones de hombres y mujeres atravesados por la pobreza y sin un lugar en el mundo.<\/strong><\/p>\n<figure class=\"mb-3\"><img decoding=\"async\" src=\"https:\/\/www.telam.com.ar\/thumbs\/bluesteel\/advf\/imagenes\/2022\/05\/6286e8f8a3f5e_900.jpg\" alt=\"Esterno notte aborda una obsesin de Bellocchio el secuestro y asesinato de Aldo Moro\" width=\"100%\" height=\"100%\" \/><\/p>\n<div class=\"media-icons\"><\/div><figcaption>\u00abEsterno notte\u00bb aborda una obsesi\u00f3n de Bellocchio: el secuestro y asesinato de Aldo Moro.<\/figcaption><\/figure>\n<p>En t\u00e9rminos pol\u00edticos pero m\u00e1s evidentes y manifiestos, el italiano\u00a0<strong>Marco Bellocchio<\/strong>\u00a0trajo a Cannes, aunque fuera de competencia, su miniserie\u00a0<strong>\u00abEsterno Notte\u00bb<\/strong>\u00a0de\u00a0<strong>cinco horas de duraci\u00f3n<\/strong>\u00a0y que antes de llegar a la RAI tendr\u00e1 estreno en cines italianos y que\u00a0<strong>sigue el derrotero del secuestro y asesinato del ex primer ministro italiano Aldo Moro a manos de las Brigadas Rojas en 1978.<\/strong><\/p>\n<p>El notable realizador de \u00abSangre de mi sangre\u00bb y \u00abVincere\u00bb, ya abord\u00f3 este suceso que fue un hito en la historia italiana en \u00abBuongiorno, notte\u00bb de 2003 y\u00a0<strong>aqu\u00ed toma los 55 d\u00edas que transcurren entre el secuestro, las negociaciones y la aparici\u00f3n de su cad\u00e1ver en el ba\u00fal de un Renault 4 en V\u00eda Caetani de Roma.<\/strong><\/p>\n<figure class=\"mb-3\"><img decoding=\"async\" src=\"https:\/\/www.telam.com.ar\/thumbs\/bluesteel\/advf\/imagenes\/2022\/05\/6286e8f8bec88_900.jpg\" alt=\"Toni Servillo como el Papa VI en el filme de Bellocchio\" width=\"100%\" height=\"100%\" \/><\/p>\n<div class=\"media-icons\"><\/div><figcaption>Toni Servillo como el Papa VI, en el filme de Bellocchio.<\/figcaption><\/figure>\n<p>En ese desesperado lapso que mantuvo en vilo al pa\u00eds,\u00a0<strong>Bellocchio utiliza los protagonistas reales del suceso y en un relato que intercala ficci\u00f3n y documentaci\u00f3n hist\u00f3rica da la visi\u00f3n de cada uno de los involucrados y el modo como intervinieron<\/strong>.<\/p>\n<p>As\u00ed aparecen Guilio Andreotti (<strong>Fabrizio Contri<\/strong>) y Francesco Cossiga (<strong>Fausto Russo Alesi<\/strong>), de su gabinete; el papa Paulo VI, interpetado por el napolitano\u00a0<strong>Toni Servillo<\/strong>, y la esposa de Moro, Eleonora (<strong>Margherita Buy<\/strong>), adem\u00e1s de los miembros de las Brigadas Rojas Valerio Morucci (<strong>Gabriel Montesi<\/strong>) y Adriana Faranda (<strong>Daniela Marra<\/strong>), entre otros.<\/p>\n<figure class=\"mb-3\"><img decoding=\"async\" src=\"https:\/\/www.telam.com.ar\/thumbs\/bluesteel\/advf\/imagenes\/2022\/05\/6286e90658b12_900.jpg\" alt=\"El secuestro de Moro por las Brigadas Rojas 55 das en 5 horas\" width=\"100%\" height=\"100%\" \/><\/p>\n<div class=\"media-icons\"><\/div><figcaption>El secuestro de Moro por las Brigadas Rojas: 55 d\u00edas en 5 horas.<\/figcaption><\/figure>\n<p>Otro de los filmes que ingresaron este jueves en la competencia por la Palma de Oro fue\u00a0<strong>\u00abArmaggedon Time\u00bb<\/strong>, del estadounidense\u00a0<strong>James Gray<\/strong>\u00a0(1969) que arma un relato con tintes autobiogr\u00e1ficos para describir sucesos de su pubertad en la localidad neoyorquina de Queens en momentos del ascenso pol\u00edtico de Ronald Reagan y mientras Estados Unidos se prepara para una extensa oleada conservadora que en el tiempo rubricar\u00edan los Bush y el \u00faltimo presidente Donald Trump.<\/p>\n<p>De hecho, el padre Trump y su hermana Maryanne (interpretada por\u00a0<strong>Jesica Chastain<\/strong>) aparecen en el filme por cuanto el expresidente y el realizador asistieron ambos, aunque con diferencia de a\u00f1os, a la Knew Forest School de Queens, uno de los epicentros del relato.<\/p>\n<figure class=\"mb-3\"><img decoding=\"async\" src=\"https:\/\/www.telam.com.ar\/thumbs\/bluesteel\/advf\/imagenes\/2022\/05\/6286e7185923a_900.jpg\" alt=\"El nio Michael Banks Repeta y Anthony Hopkins en Armageddon Time\" width=\"100%\" height=\"100%\" \/><\/p>\n<div class=\"media-icons\"><\/div><figcaption>El ni\u00f1o Michael Banks Repeta y Anthony Hopkins en \u00abArmageddon Time\u00bb.<\/figcaption><\/figure>\n<p>Protagonizada por el actor revelaci\u00f3n de la serie\u00a0<strong>\u00abSuccession\u00bb, Jeremy Strong<\/strong>\u00a0como el padre,\u00a0<strong>Anne Hathaway<\/strong>\u00a0como la madre, y\u00a0<strong>Anthony Hopkins<\/strong>\u00a0como el abuelo jud\u00edo y soporte afectivo de Paul (<strong>Bank Repetta<\/strong>), el ni\u00f1o que ocupa el centro del relato, el filme trata sobre las dificultades del joven de encarrilar su vida en un momento de cambios y transformaciones y cuando nada parece concordar con sus deseos profundos y parece m\u00e1s sencillo optar por el camino de la rebeld\u00eda.<\/p>\n<p>El viernes, cuarta jornada del festival, se esperan los ingresos a la Competencia Oficial de\u00a0<strong>\u00abBoy from Heaven\u00bb, de Taril Saleh y \u00abFrere et Soeur\u00bb del franc\u00e9s Arnaud Desplechin<\/strong>, protagonizado por\u00a0<strong>Marion Cotillard y Melvil Poupaud<\/strong>, mientras muchos peso pesados que compiten por la Palma de Oro y cuyos trabajos se aguardan con expectativa, como\u00a0<strong>Hirozaku Koreeda, Kelly Reichardt, Christian Mungiu, Ruben Ostlund y los hermanos Dardenne<\/strong>, a\u00fan aguardan en gateras.<\/p>\n","protected":false},"excerpt":{"rendered":"<p>El polaco Jerzy Skolimowski present\u00f3 en la Competencia Oficial \u00abEO\u00bb un filme sobre un animal que viaja sin destino en lo que podr\u00eda ser le\u00eddo como una met\u00e1fora de los refugiados y desplazados que llegan a Europa.<\/p>\n","protected":false},"author":3,"featured_media":0,"comment_status":"closed","ping_status":"closed","sticky":false,"template":"","format":"standard","meta":{"footnotes":""},"categories":[35],"tags":[],"class_list":["post-72273","post","type-post","status-publish","format-standard","hentry","category-cultura"],"yoast_head":"<!-- This site is optimized with the Yoast SEO plugin v25.9 - https:\/\/yoast.com\/wordpress\/plugins\/seo\/ -->\n<title>Las extra\u00f1as visiones de un burro sobre la Europa moderna - Noticias Radio Reflejos<\/title>\n<meta name=\"robots\" content=\"index, follow, max-snippet:-1, max-image-preview:large, max-video-preview:-1\" \/>\n<link rel=\"canonical\" href=\"https:\/\/www.noticiasradioreflejos.com.ar\/2021\/las-extranas-visiones-de-un-burro-sobre-la-europa-moderna\/\" \/>\n<meta property=\"og:locale\" content=\"es_ES\" \/>\n<meta property=\"og:type\" content=\"article\" \/>\n<meta property=\"og:title\" content=\"Las extra\u00f1as visiones de un burro sobre la Europa moderna - Noticias Radio Reflejos\" \/>\n<meta property=\"og:description\" content=\"El polaco Jerzy Skolimowski present\u00f3 en la Competencia Oficial \u00abEO\u00bb un filme sobre un animal que viaja sin destino en lo que podr\u00eda ser le\u00eddo como una met\u00e1fora de los refugiados y desplazados que llegan a Europa.\" \/>\n<meta property=\"og:url\" content=\"https:\/\/www.noticiasradioreflejos.com.ar\/2021\/las-extranas-visiones-de-un-burro-sobre-la-europa-moderna\/\" \/>\n<meta property=\"og:site_name\" content=\"Noticias Radio Reflejos\" \/>\n<meta property=\"article:published_time\" content=\"2022-05-20T11:45:28+00:00\" \/>\n<meta property=\"og:image\" content=\"https:\/\/www.telam.com.ar\/thumbs\/bluesteel\/advf\/imagenes\/2022\/05\/6286e7d20a96e_900.jpg\" \/>\n<meta name=\"author\" content=\"Arnaldo Botto\" \/>\n<meta name=\"twitter:card\" content=\"summary_large_image\" \/>\n<script type=\"application\/ld+json\" class=\"yoast-schema-graph\">{\"@context\":\"https:\/\/schema.org\",\"@graph\":[{\"@type\":\"WebPage\",\"@id\":\"https:\/\/www.noticiasradioreflejos.com.ar\/2021\/las-extranas-visiones-de-un-burro-sobre-la-europa-moderna\/\",\"url\":\"https:\/\/www.noticiasradioreflejos.com.ar\/2021\/las-extranas-visiones-de-un-burro-sobre-la-europa-moderna\/\",\"name\":\"Las extra\u00f1as visiones de un burro sobre la Europa moderna - Noticias Radio Reflejos\",\"isPartOf\":{\"@id\":\"https:\/\/www.noticiasradioreflejos.com.ar\/2021\/#website\"},\"primaryImageOfPage\":{\"@id\":\"https:\/\/www.noticiasradioreflejos.com.ar\/2021\/las-extranas-visiones-de-un-burro-sobre-la-europa-moderna\/#primaryimage\"},\"image\":{\"@id\":\"https:\/\/www.noticiasradioreflejos.com.ar\/2021\/las-extranas-visiones-de-un-burro-sobre-la-europa-moderna\/#primaryimage\"},\"thumbnailUrl\":\"https:\/\/www.telam.com.ar\/thumbs\/bluesteel\/advf\/imagenes\/2022\/05\/6286e7d20a96e_900.jpg\",\"datePublished\":\"2022-05-20T11:45:28+00:00\",\"author\":{\"@id\":\"https:\/\/www.noticiasradioreflejos.com.ar\/2021\/#\/schema\/person\/ad82545263dcc5ec0996818884fd5fb1\"},\"breadcrumb\":{\"@id\":\"https:\/\/www.noticiasradioreflejos.com.ar\/2021\/las-extranas-visiones-de-un-burro-sobre-la-europa-moderna\/#breadcrumb\"},\"inLanguage\":\"es\",\"potentialAction\":[{\"@type\":\"ReadAction\",\"target\":[\"https:\/\/www.noticiasradioreflejos.com.ar\/2021\/las-extranas-visiones-de-un-burro-sobre-la-europa-moderna\/\"]}]},{\"@type\":\"ImageObject\",\"inLanguage\":\"es\",\"@id\":\"https:\/\/www.noticiasradioreflejos.com.ar\/2021\/las-extranas-visiones-de-un-burro-sobre-la-europa-moderna\/#primaryimage\",\"url\":\"https:\/\/www.telam.com.ar\/thumbs\/bluesteel\/advf\/imagenes\/2022\/05\/6286e7d20a96e_900.jpg\",\"contentUrl\":\"https:\/\/www.telam.com.ar\/thumbs\/bluesteel\/advf\/imagenes\/2022\/05\/6286e7d20a96e_900.jpg\"},{\"@type\":\"BreadcrumbList\",\"@id\":\"https:\/\/www.noticiasradioreflejos.com.ar\/2021\/las-extranas-visiones-de-un-burro-sobre-la-europa-moderna\/#breadcrumb\",\"itemListElement\":[{\"@type\":\"ListItem\",\"position\":1,\"name\":\"Portada\",\"item\":\"https:\/\/www.noticiasradioreflejos.com.ar\/2021\/\"},{\"@type\":\"ListItem\",\"position\":2,\"name\":\"Las extra\u00f1as visiones de un burro sobre la Europa moderna\"}]},{\"@type\":\"WebSite\",\"@id\":\"https:\/\/www.noticiasradioreflejos.com.ar\/2021\/#website\",\"url\":\"https:\/\/www.noticiasradioreflejos.com.ar\/2021\/\",\"name\":\"Noticias Radio Reflejos\",\"description\":\"Las noticias de mi comarca\",\"potentialAction\":[{\"@type\":\"SearchAction\",\"target\":{\"@type\":\"EntryPoint\",\"urlTemplate\":\"https:\/\/www.noticiasradioreflejos.com.ar\/2021\/?s={search_term_string}\"},\"query-input\":{\"@type\":\"PropertyValueSpecification\",\"valueRequired\":true,\"valueName\":\"search_term_string\"}}],\"inLanguage\":\"es\"},{\"@type\":\"Person\",\"@id\":\"https:\/\/www.noticiasradioreflejos.com.ar\/2021\/#\/schema\/person\/ad82545263dcc5ec0996818884fd5fb1\",\"name\":\"Arnaldo Botto\",\"image\":{\"@type\":\"ImageObject\",\"inLanguage\":\"es\",\"@id\":\"https:\/\/www.noticiasradioreflejos.com.ar\/2021\/#\/schema\/person\/image\/\",\"url\":\"https:\/\/secure.gravatar.com\/avatar\/55cb5e37c1efa326397366e6974cb338056df65cb50e7d64d1cf314e87504837?s=96&d=mm&r=g\",\"contentUrl\":\"https:\/\/secure.gravatar.com\/avatar\/55cb5e37c1efa326397366e6974cb338056df65cb50e7d64d1cf314e87504837?s=96&d=mm&r=g\",\"caption\":\"Arnaldo Botto\"},\"url\":\"https:\/\/www.noticiasradioreflejos.com.ar\/2021\/author\/arnaldo\/\"}]}<\/script>\n<!-- \/ Yoast SEO plugin. -->","yoast_head_json":{"title":"Las extra\u00f1as visiones de un burro sobre la Europa moderna - Noticias Radio Reflejos","robots":{"index":"index","follow":"follow","max-snippet":"max-snippet:-1","max-image-preview":"max-image-preview:large","max-video-preview":"max-video-preview:-1"},"canonical":"https:\/\/www.noticiasradioreflejos.com.ar\/2021\/las-extranas-visiones-de-un-burro-sobre-la-europa-moderna\/","og_locale":"es_ES","og_type":"article","og_title":"Las extra\u00f1as visiones de un burro sobre la Europa moderna - Noticias Radio Reflejos","og_description":"El polaco Jerzy Skolimowski present\u00f3 en la Competencia Oficial \u00abEO\u00bb un filme sobre un animal que viaja sin destino en lo que podr\u00eda ser le\u00eddo como una met\u00e1fora de los refugiados y desplazados que llegan a Europa.","og_url":"https:\/\/www.noticiasradioreflejos.com.ar\/2021\/las-extranas-visiones-de-un-burro-sobre-la-europa-moderna\/","og_site_name":"Noticias Radio Reflejos","article_published_time":"2022-05-20T11:45:28+00:00","og_image":[{"url":"https:\/\/www.telam.com.ar\/thumbs\/bluesteel\/advf\/imagenes\/2022\/05\/6286e7d20a96e_900.jpg","type":"","width":"","height":""}],"author":"Arnaldo Botto","twitter_card":"summary_large_image","schema":{"@context":"https:\/\/schema.org","@graph":[{"@type":"WebPage","@id":"https:\/\/www.noticiasradioreflejos.com.ar\/2021\/las-extranas-visiones-de-un-burro-sobre-la-europa-moderna\/","url":"https:\/\/www.noticiasradioreflejos.com.ar\/2021\/las-extranas-visiones-de-un-burro-sobre-la-europa-moderna\/","name":"Las extra\u00f1as visiones de un burro sobre la Europa moderna - Noticias Radio Reflejos","isPartOf":{"@id":"https:\/\/www.noticiasradioreflejos.com.ar\/2021\/#website"},"primaryImageOfPage":{"@id":"https:\/\/www.noticiasradioreflejos.com.ar\/2021\/las-extranas-visiones-de-un-burro-sobre-la-europa-moderna\/#primaryimage"},"image":{"@id":"https:\/\/www.noticiasradioreflejos.com.ar\/2021\/las-extranas-visiones-de-un-burro-sobre-la-europa-moderna\/#primaryimage"},"thumbnailUrl":"https:\/\/www.telam.com.ar\/thumbs\/bluesteel\/advf\/imagenes\/2022\/05\/6286e7d20a96e_900.jpg","datePublished":"2022-05-20T11:45:28+00:00","author":{"@id":"https:\/\/www.noticiasradioreflejos.com.ar\/2021\/#\/schema\/person\/ad82545263dcc5ec0996818884fd5fb1"},"breadcrumb":{"@id":"https:\/\/www.noticiasradioreflejos.com.ar\/2021\/las-extranas-visiones-de-un-burro-sobre-la-europa-moderna\/#breadcrumb"},"inLanguage":"es","potentialAction":[{"@type":"ReadAction","target":["https:\/\/www.noticiasradioreflejos.com.ar\/2021\/las-extranas-visiones-de-un-burro-sobre-la-europa-moderna\/"]}]},{"@type":"ImageObject","inLanguage":"es","@id":"https:\/\/www.noticiasradioreflejos.com.ar\/2021\/las-extranas-visiones-de-un-burro-sobre-la-europa-moderna\/#primaryimage","url":"https:\/\/www.telam.com.ar\/thumbs\/bluesteel\/advf\/imagenes\/2022\/05\/6286e7d20a96e_900.jpg","contentUrl":"https:\/\/www.telam.com.ar\/thumbs\/bluesteel\/advf\/imagenes\/2022\/05\/6286e7d20a96e_900.jpg"},{"@type":"BreadcrumbList","@id":"https:\/\/www.noticiasradioreflejos.com.ar\/2021\/las-extranas-visiones-de-un-burro-sobre-la-europa-moderna\/#breadcrumb","itemListElement":[{"@type":"ListItem","position":1,"name":"Portada","item":"https:\/\/www.noticiasradioreflejos.com.ar\/2021\/"},{"@type":"ListItem","position":2,"name":"Las extra\u00f1as visiones de un burro sobre la Europa moderna"}]},{"@type":"WebSite","@id":"https:\/\/www.noticiasradioreflejos.com.ar\/2021\/#website","url":"https:\/\/www.noticiasradioreflejos.com.ar\/2021\/","name":"Noticias Radio Reflejos","description":"Las noticias de mi comarca","potentialAction":[{"@type":"SearchAction","target":{"@type":"EntryPoint","urlTemplate":"https:\/\/www.noticiasradioreflejos.com.ar\/2021\/?s={search_term_string}"},"query-input":{"@type":"PropertyValueSpecification","valueRequired":true,"valueName":"search_term_string"}}],"inLanguage":"es"},{"@type":"Person","@id":"https:\/\/www.noticiasradioreflejos.com.ar\/2021\/#\/schema\/person\/ad82545263dcc5ec0996818884fd5fb1","name":"Arnaldo Botto","image":{"@type":"ImageObject","inLanguage":"es","@id":"https:\/\/www.noticiasradioreflejos.com.ar\/2021\/#\/schema\/person\/image\/","url":"https:\/\/secure.gravatar.com\/avatar\/55cb5e37c1efa326397366e6974cb338056df65cb50e7d64d1cf314e87504837?s=96&d=mm&r=g","contentUrl":"https:\/\/secure.gravatar.com\/avatar\/55cb5e37c1efa326397366e6974cb338056df65cb50e7d64d1cf314e87504837?s=96&d=mm&r=g","caption":"Arnaldo Botto"},"url":"https:\/\/www.noticiasradioreflejos.com.ar\/2021\/author\/arnaldo\/"}]}},"_links":{"self":[{"href":"https:\/\/www.noticiasradioreflejos.com.ar\/2021\/wp-json\/wp\/v2\/posts\/72273","targetHints":{"allow":["GET"]}}],"collection":[{"href":"https:\/\/www.noticiasradioreflejos.com.ar\/2021\/wp-json\/wp\/v2\/posts"}],"about":[{"href":"https:\/\/www.noticiasradioreflejos.com.ar\/2021\/wp-json\/wp\/v2\/types\/post"}],"author":[{"embeddable":true,"href":"https:\/\/www.noticiasradioreflejos.com.ar\/2021\/wp-json\/wp\/v2\/users\/3"}],"replies":[{"embeddable":true,"href":"https:\/\/www.noticiasradioreflejos.com.ar\/2021\/wp-json\/wp\/v2\/comments?post=72273"}],"version-history":[{"count":1,"href":"https:\/\/www.noticiasradioreflejos.com.ar\/2021\/wp-json\/wp\/v2\/posts\/72273\/revisions"}],"predecessor-version":[{"id":72275,"href":"https:\/\/www.noticiasradioreflejos.com.ar\/2021\/wp-json\/wp\/v2\/posts\/72273\/revisions\/72275"}],"wp:attachment":[{"href":"https:\/\/www.noticiasradioreflejos.com.ar\/2021\/wp-json\/wp\/v2\/media?parent=72273"}],"wp:term":[{"taxonomy":"category","embeddable":true,"href":"https:\/\/www.noticiasradioreflejos.com.ar\/2021\/wp-json\/wp\/v2\/categories?post=72273"},{"taxonomy":"post_tag","embeddable":true,"href":"https:\/\/www.noticiasradioreflejos.com.ar\/2021\/wp-json\/wp\/v2\/tags?post=72273"}],"curies":[{"name":"wp","href":"https:\/\/api.w.org\/{rel}","templated":true}]}}