{"id":72266,"date":"2022-05-20T10:04:18","date_gmt":"2022-05-20T10:04:18","guid":{"rendered":"http:\/\/www.noticiasradioreflejos.com.ar\/2021\/?p=72266"},"modified":"2022-05-20T10:04:18","modified_gmt":"2022-05-20T10:04:18","slug":"turismo-la-instrumentacion-de-una-escuela-de-negocios-en-el-eje-de-las-politicas-oficiales","status":"publish","type":"post","link":"https:\/\/www.noticiasradioreflejos.com.ar\/2021\/turismo-la-instrumentacion-de-una-escuela-de-negocios-en-el-eje-de-las-politicas-oficiales\/","title":{"rendered":"Turismo: la instrumentaci\u00f3n de una escuela de negocios en el eje de las pol\u00edticas oficiales"},"content":{"rendered":"<p>La propuesta busca una formaci\u00f3n intensiva dirigida a quienes toman decisiones en peque\u00f1as y medianas empresas y emprendimientos tur\u00edsticos con el objetivo de generar herramientas sostenibles en el tiempo, explic\u00f3 la subsecretaria de Calidad, Accesibilidad y Sustentabilidad del Turismo Nacional, In\u00e9s Albergucci a T\u00e9lam Radio.<!--more--><\/p>\n<div class=\"wrapper-editable-content\">\n<div>\n<div class=\"wrapper-editable-content\">\n<div>\n<div class=\"container-md\">\n<div class=\"row\">\n<div class=\"col-md-12 speak\">\n<div class=\"paragraph\">\n<figure class=\"mb-3\"><img decoding=\"async\" src=\"https:\/\/www.telam.com.ar\/thumbs\/bluesteel\/advf\/imagenes\/2021\/09\/61493965d309b_900.jpg\" alt=\"Instrumentan una escuela de negocios como eje de las polticas oficiales de t\" width=\"100%\" height=\"100%\" \/><\/figure>\n<\/div>\n<\/div>\n<\/div>\n<\/div>\n<\/div>\n<\/div>\n<\/div>\n<\/div>\n<div class=\"media-icons\"><\/div>\n<p>Instrumentan una escuela de negocios como eje de las pol\u00edticas oficiales de t<\/p>\n<p>El Ministerio de Turismo y Deportes avanza en la instrumentaci\u00f3n de \u00abescuelas de negocios\u00bb con \u00abformaci\u00f3n intensiva\u00bb en distintos puntos del pa\u00eds, como parte de las acciones vinculadas con la \u00abexpectativa de crecimiento muy grande\u00bb que tiene el sector, asegur\u00f3 este jueves la<strong>\u00a0subsecretaria de Calidad, Accesibilidad y Sustentabilidad del Turismo Nacional, In\u00e9s Albergucci.<\/strong><\/p>\n<p><strong>En declaraciones a T\u00e9lam Radio<\/strong>, Albergucci detall\u00f3 que se est\u00e1 \u00abimpulsando una iniciativa de formaci\u00f3n y calidad muy importante\u00bb, con el objetivo de \u00abmejorar la competitividad y las condiciones en que trabajan nuestros prestadores y prestadoras, peque\u00f1as y medianas empresas\u00bb.<\/p>\n<p><iframe loading=\"lazy\" src=\"https:\/\/w.soundcloud.com\/player\/?url=https%3A\/\/api.soundcloud.com\/tracks\/1271306929&amp;color=%23ff5500&amp;auto_play=false&amp;hide_related=false&amp;show_comments=true&amp;show_user=true&amp;show_reposts=false&amp;show_teaser=true&amp;visual=true\" width=\"100%\" height=\"300\" frameborder=\"no\" scrolling=\"no\" data-mce-fragment=\"1\"><\/iframe><\/p>\n<div><a title=\"PODCAST\" href=\"https:\/\/soundcloud.com\/user-961456406\" target=\"_blank\" rel=\"noopener\">PODCAST<\/a>\u00a0\u00b7\u00a0<a title=\"Desarrollo de \u201cescuelas de negocios\u201d y \u201cformaci\u00f3n intensiva\u201d para Pymes tur\u00edsticas, en eje oficial\" href=\"https:\/\/soundcloud.com\/user-961456406\/desarrollo-de-escuelas-de-negocios-y-formacion-intensiva-para-pymes-turisticas-en-eje-oficial\" target=\"_blank\" rel=\"noopener\">Desarrollo de \u201cescuelas de negocios\u201d y \u201cformaci\u00f3n intensiva\u201d para Pymes tur\u00edsticas, en eje oficial<\/a><\/div>\n<p>\u00abEl Ministro (Mat\u00edas Lammens) lo viene diciendo en sus intervenciones.\u00a0<strong>Tenemos tres ejes fuertes de gesti\u00f3n<\/strong>, uno tiene que ver con el desarrollo de la infraestructura, otro con la promoci\u00f3n y todo lo que implic\u00f3 el programa PreViaje y lo que va a implicar la nueva edici\u00f3n y un tercer eje con los programas y las pol\u00edticas de formaci\u00f3n y de calidad\u00bb, agreg\u00f3 la funcionaria nacional.<\/p>\n<p>\u00abEn ese sentido -continu\u00f3- hemos iniciado ocho escuelas de negocios en el pa\u00eds, en esta etapa, con una formaci\u00f3n que va a durar hasta fin de a\u00f1o\u00bb.<\/p>\n<p>La subsecretaria especific\u00f3 que \u00abse trata de una formaci\u00f3n intensiva dirigida a quienes toman decisiones en estas peque\u00f1as y medianas empresas y emprendimientos tur\u00edsticos, con el objetivo es generar herramientas para que puedan perdurar y tener condiciones de sostenibilidad en el tiempo\u00bb.<\/p>\n<p>In\u00e9s Albergucci.<br \/>\n\u00abSabemos que tienen un rol muy significativo en nuestra actividad tur\u00edstica, que generan empleo, puestos de trabajo y por eso es tan importante que estas peque\u00f1as y medianas empresas tengan las herramientas suficientes para poder dar continuidad y profundizar sus iniciativas econ\u00f3micas, por la incidencia que tienen en las econom\u00edas regionales y en la generaci\u00f3n de empleo\u00bb, a\u00f1adi\u00f3.<\/p>\n<p>Albergucci remarc\u00f3 que<strong>\u00a0\u00abla expectativa de crecimiento\u00bb<\/strong>\u00a0que tiene la actividad tur\u00edstica en la Argentina \u00abes muy importante, muy ambiciosa y la verdad que en ese sentido tenemos que estar a la altura de las circunstancias\u00bb.<\/p>\n<p>\u00abDesde el Ministerio de Turismo y Deportes debemos generar esas condiciones de posibilidad para que los servicios tur\u00edsticos tengan la calidad que exigen nuestros turistas\u00bb, dijo, al tiempo que precis\u00f3 que adem\u00e1s, \u00abestamos llevando adelante otras iniciativas, como formaci\u00f3n en idiomas\u00bb.<\/p>\n","protected":false},"excerpt":{"rendered":"<p>La propuesta busca una formaci\u00f3n intensiva dirigida a quienes toman decisiones en peque\u00f1as y medianas empresas y emprendimientos tur\u00edsticos con el objetivo de generar herramientas sostenibles en el tiempo, explic\u00f3 la subsecretaria de Calidad, Accesibilidad y Sustentabilidad del Turismo Nacional, In\u00e9s Albergucci a T\u00e9lam Radio.<\/p>\n","protected":false},"author":3,"featured_media":72267,"comment_status":"closed","ping_status":"closed","sticky":false,"template":"","format":"standard","meta":{"footnotes":""},"categories":[33],"tags":[],"class_list":["post-72266","post","type-post","status-publish","format-standard","has-post-thumbnail","hentry","category-turismo"],"yoast_head":"<!-- This site is optimized with the Yoast SEO plugin v25.9 - https:\/\/yoast.com\/wordpress\/plugins\/seo\/ -->\n<title>Turismo: la instrumentaci\u00f3n de una escuela de negocios en el eje de las pol\u00edticas oficiales - Noticias Radio Reflejos<\/title>\n<meta name=\"robots\" content=\"index, follow, max-snippet:-1, max-image-preview:large, max-video-preview:-1\" \/>\n<link rel=\"canonical\" href=\"https:\/\/www.noticiasradioreflejos.com.ar\/2021\/turismo-la-instrumentacion-de-una-escuela-de-negocios-en-el-eje-de-las-politicas-oficiales\/\" \/>\n<meta property=\"og:locale\" content=\"es_ES\" \/>\n<meta property=\"og:type\" content=\"article\" \/>\n<meta property=\"og:title\" content=\"Turismo: la instrumentaci\u00f3n de una escuela de negocios en el eje de las pol\u00edticas oficiales - Noticias Radio Reflejos\" \/>\n<meta property=\"og:description\" content=\"La propuesta busca una formaci\u00f3n intensiva dirigida a quienes toman decisiones en peque\u00f1as y medianas empresas y emprendimientos tur\u00edsticos con el objetivo de generar herramientas sostenibles en el tiempo, explic\u00f3 la subsecretaria de Calidad, Accesibilidad y Sustentabilidad del Turismo Nacional, In\u00e9s Albergucci a T\u00e9lam Radio.\" \/>\n<meta property=\"og:url\" content=\"https:\/\/www.noticiasradioreflejos.com.ar\/2021\/turismo-la-instrumentacion-de-una-escuela-de-negocios-en-el-eje-de-las-politicas-oficiales\/\" \/>\n<meta property=\"og:site_name\" content=\"Noticias Radio Reflejos\" \/>\n<meta property=\"article:published_time\" content=\"2022-05-20T10:04:18+00:00\" \/>\n<meta property=\"og:image\" content=\"https:\/\/www.noticiasradioreflejos.com.ar\/2021\/wp-content\/uploads\/2022\/05\/hp-Sierra.jpg\" \/>\n\t<meta property=\"og:image:width\" content=\"1000\" \/>\n\t<meta property=\"og:image:height\" content=\"666\" \/>\n\t<meta property=\"og:image:type\" content=\"image\/jpeg\" \/>\n<meta name=\"author\" content=\"Arnaldo Botto\" \/>\n<meta name=\"twitter:card\" content=\"summary_large_image\" \/>\n<script type=\"application\/ld+json\" class=\"yoast-schema-graph\">{\"@context\":\"https:\/\/schema.org\",\"@graph\":[{\"@type\":\"WebPage\",\"@id\":\"https:\/\/www.noticiasradioreflejos.com.ar\/2021\/turismo-la-instrumentacion-de-una-escuela-de-negocios-en-el-eje-de-las-politicas-oficiales\/\",\"url\":\"https:\/\/www.noticiasradioreflejos.com.ar\/2021\/turismo-la-instrumentacion-de-una-escuela-de-negocios-en-el-eje-de-las-politicas-oficiales\/\",\"name\":\"Turismo: la instrumentaci\u00f3n de una escuela de negocios en el eje de las pol\u00edticas oficiales - Noticias Radio Reflejos\",\"isPartOf\":{\"@id\":\"https:\/\/www.noticiasradioreflejos.com.ar\/2021\/#website\"},\"primaryImageOfPage\":{\"@id\":\"https:\/\/www.noticiasradioreflejos.com.ar\/2021\/turismo-la-instrumentacion-de-una-escuela-de-negocios-en-el-eje-de-las-politicas-oficiales\/#primaryimage\"},\"image\":{\"@id\":\"https:\/\/www.noticiasradioreflejos.com.ar\/2021\/turismo-la-instrumentacion-de-una-escuela-de-negocios-en-el-eje-de-las-politicas-oficiales\/#primaryimage\"},\"thumbnailUrl\":\"https:\/\/www.noticiasradioreflejos.com.ar\/2021\/wp-content\/uploads\/2022\/05\/hp-Sierra.jpg\",\"datePublished\":\"2022-05-20T10:04:18+00:00\",\"author\":{\"@id\":\"https:\/\/www.noticiasradioreflejos.com.ar\/2021\/#\/schema\/person\/ad82545263dcc5ec0996818884fd5fb1\"},\"breadcrumb\":{\"@id\":\"https:\/\/www.noticiasradioreflejos.com.ar\/2021\/turismo-la-instrumentacion-de-una-escuela-de-negocios-en-el-eje-de-las-politicas-oficiales\/#breadcrumb\"},\"inLanguage\":\"es\",\"potentialAction\":[{\"@type\":\"ReadAction\",\"target\":[\"https:\/\/www.noticiasradioreflejos.com.ar\/2021\/turismo-la-instrumentacion-de-una-escuela-de-negocios-en-el-eje-de-las-politicas-oficiales\/\"]}]},{\"@type\":\"ImageObject\",\"inLanguage\":\"es\",\"@id\":\"https:\/\/www.noticiasradioreflejos.com.ar\/2021\/turismo-la-instrumentacion-de-una-escuela-de-negocios-en-el-eje-de-las-politicas-oficiales\/#primaryimage\",\"url\":\"https:\/\/www.noticiasradioreflejos.com.ar\/2021\/wp-content\/uploads\/2022\/05\/hp-Sierra.jpg\",\"contentUrl\":\"https:\/\/www.noticiasradioreflejos.com.ar\/2021\/wp-content\/uploads\/2022\/05\/hp-Sierra.jpg\",\"width\":1000,\"height\":666},{\"@type\":\"BreadcrumbList\",\"@id\":\"https:\/\/www.noticiasradioreflejos.com.ar\/2021\/turismo-la-instrumentacion-de-una-escuela-de-negocios-en-el-eje-de-las-politicas-oficiales\/#breadcrumb\",\"itemListElement\":[{\"@type\":\"ListItem\",\"position\":1,\"name\":\"Portada\",\"item\":\"https:\/\/www.noticiasradioreflejos.com.ar\/2021\/\"},{\"@type\":\"ListItem\",\"position\":2,\"name\":\"Turismo: la instrumentaci\u00f3n de una escuela de negocios en el eje de las pol\u00edticas oficiales\"}]},{\"@type\":\"WebSite\",\"@id\":\"https:\/\/www.noticiasradioreflejos.com.ar\/2021\/#website\",\"url\":\"https:\/\/www.noticiasradioreflejos.com.ar\/2021\/\",\"name\":\"Noticias Radio Reflejos\",\"description\":\"Las noticias de mi comarca\",\"potentialAction\":[{\"@type\":\"SearchAction\",\"target\":{\"@type\":\"EntryPoint\",\"urlTemplate\":\"https:\/\/www.noticiasradioreflejos.com.ar\/2021\/?s={search_term_string}\"},\"query-input\":{\"@type\":\"PropertyValueSpecification\",\"valueRequired\":true,\"valueName\":\"search_term_string\"}}],\"inLanguage\":\"es\"},{\"@type\":\"Person\",\"@id\":\"https:\/\/www.noticiasradioreflejos.com.ar\/2021\/#\/schema\/person\/ad82545263dcc5ec0996818884fd5fb1\",\"name\":\"Arnaldo Botto\",\"image\":{\"@type\":\"ImageObject\",\"inLanguage\":\"es\",\"@id\":\"https:\/\/www.noticiasradioreflejos.com.ar\/2021\/#\/schema\/person\/image\/\",\"url\":\"https:\/\/secure.gravatar.com\/avatar\/55cb5e37c1efa326397366e6974cb338056df65cb50e7d64d1cf314e87504837?s=96&d=mm&r=g\",\"contentUrl\":\"https:\/\/secure.gravatar.com\/avatar\/55cb5e37c1efa326397366e6974cb338056df65cb50e7d64d1cf314e87504837?s=96&d=mm&r=g\",\"caption\":\"Arnaldo Botto\"},\"url\":\"https:\/\/www.noticiasradioreflejos.com.ar\/2021\/author\/arnaldo\/\"}]}<\/script>\n<!-- \/ Yoast SEO plugin. -->","yoast_head_json":{"title":"Turismo: la instrumentaci\u00f3n de una escuela de negocios en el eje de las pol\u00edticas oficiales - Noticias Radio Reflejos","robots":{"index":"index","follow":"follow","max-snippet":"max-snippet:-1","max-image-preview":"max-image-preview:large","max-video-preview":"max-video-preview:-1"},"canonical":"https:\/\/www.noticiasradioreflejos.com.ar\/2021\/turismo-la-instrumentacion-de-una-escuela-de-negocios-en-el-eje-de-las-politicas-oficiales\/","og_locale":"es_ES","og_type":"article","og_title":"Turismo: la instrumentaci\u00f3n de una escuela de negocios en el eje de las pol\u00edticas oficiales - Noticias Radio Reflejos","og_description":"La propuesta busca una formaci\u00f3n intensiva dirigida a quienes toman decisiones en peque\u00f1as y medianas empresas y emprendimientos tur\u00edsticos con el objetivo de generar herramientas sostenibles en el tiempo, explic\u00f3 la subsecretaria de Calidad, Accesibilidad y Sustentabilidad del Turismo Nacional, In\u00e9s Albergucci a T\u00e9lam Radio.","og_url":"https:\/\/www.noticiasradioreflejos.com.ar\/2021\/turismo-la-instrumentacion-de-una-escuela-de-negocios-en-el-eje-de-las-politicas-oficiales\/","og_site_name":"Noticias Radio Reflejos","article_published_time":"2022-05-20T10:04:18+00:00","og_image":[{"width":1000,"height":666,"url":"https:\/\/www.noticiasradioreflejos.com.ar\/2021\/wp-content\/uploads\/2022\/05\/hp-Sierra.jpg","type":"image\/jpeg"}],"author":"Arnaldo Botto","twitter_card":"summary_large_image","schema":{"@context":"https:\/\/schema.org","@graph":[{"@type":"WebPage","@id":"https:\/\/www.noticiasradioreflejos.com.ar\/2021\/turismo-la-instrumentacion-de-una-escuela-de-negocios-en-el-eje-de-las-politicas-oficiales\/","url":"https:\/\/www.noticiasradioreflejos.com.ar\/2021\/turismo-la-instrumentacion-de-una-escuela-de-negocios-en-el-eje-de-las-politicas-oficiales\/","name":"Turismo: la instrumentaci\u00f3n de una escuela de negocios en el eje de las pol\u00edticas oficiales - Noticias Radio Reflejos","isPartOf":{"@id":"https:\/\/www.noticiasradioreflejos.com.ar\/2021\/#website"},"primaryImageOfPage":{"@id":"https:\/\/www.noticiasradioreflejos.com.ar\/2021\/turismo-la-instrumentacion-de-una-escuela-de-negocios-en-el-eje-de-las-politicas-oficiales\/#primaryimage"},"image":{"@id":"https:\/\/www.noticiasradioreflejos.com.ar\/2021\/turismo-la-instrumentacion-de-una-escuela-de-negocios-en-el-eje-de-las-politicas-oficiales\/#primaryimage"},"thumbnailUrl":"https:\/\/www.noticiasradioreflejos.com.ar\/2021\/wp-content\/uploads\/2022\/05\/hp-Sierra.jpg","datePublished":"2022-05-20T10:04:18+00:00","author":{"@id":"https:\/\/www.noticiasradioreflejos.com.ar\/2021\/#\/schema\/person\/ad82545263dcc5ec0996818884fd5fb1"},"breadcrumb":{"@id":"https:\/\/www.noticiasradioreflejos.com.ar\/2021\/turismo-la-instrumentacion-de-una-escuela-de-negocios-en-el-eje-de-las-politicas-oficiales\/#breadcrumb"},"inLanguage":"es","potentialAction":[{"@type":"ReadAction","target":["https:\/\/www.noticiasradioreflejos.com.ar\/2021\/turismo-la-instrumentacion-de-una-escuela-de-negocios-en-el-eje-de-las-politicas-oficiales\/"]}]},{"@type":"ImageObject","inLanguage":"es","@id":"https:\/\/www.noticiasradioreflejos.com.ar\/2021\/turismo-la-instrumentacion-de-una-escuela-de-negocios-en-el-eje-de-las-politicas-oficiales\/#primaryimage","url":"https:\/\/www.noticiasradioreflejos.com.ar\/2021\/wp-content\/uploads\/2022\/05\/hp-Sierra.jpg","contentUrl":"https:\/\/www.noticiasradioreflejos.com.ar\/2021\/wp-content\/uploads\/2022\/05\/hp-Sierra.jpg","width":1000,"height":666},{"@type":"BreadcrumbList","@id":"https:\/\/www.noticiasradioreflejos.com.ar\/2021\/turismo-la-instrumentacion-de-una-escuela-de-negocios-en-el-eje-de-las-politicas-oficiales\/#breadcrumb","itemListElement":[{"@type":"ListItem","position":1,"name":"Portada","item":"https:\/\/www.noticiasradioreflejos.com.ar\/2021\/"},{"@type":"ListItem","position":2,"name":"Turismo: la instrumentaci\u00f3n de una escuela de negocios en el eje de las pol\u00edticas oficiales"}]},{"@type":"WebSite","@id":"https:\/\/www.noticiasradioreflejos.com.ar\/2021\/#website","url":"https:\/\/www.noticiasradioreflejos.com.ar\/2021\/","name":"Noticias Radio Reflejos","description":"Las noticias de mi comarca","potentialAction":[{"@type":"SearchAction","target":{"@type":"EntryPoint","urlTemplate":"https:\/\/www.noticiasradioreflejos.com.ar\/2021\/?s={search_term_string}"},"query-input":{"@type":"PropertyValueSpecification","valueRequired":true,"valueName":"search_term_string"}}],"inLanguage":"es"},{"@type":"Person","@id":"https:\/\/www.noticiasradioreflejos.com.ar\/2021\/#\/schema\/person\/ad82545263dcc5ec0996818884fd5fb1","name":"Arnaldo Botto","image":{"@type":"ImageObject","inLanguage":"es","@id":"https:\/\/www.noticiasradioreflejos.com.ar\/2021\/#\/schema\/person\/image\/","url":"https:\/\/secure.gravatar.com\/avatar\/55cb5e37c1efa326397366e6974cb338056df65cb50e7d64d1cf314e87504837?s=96&d=mm&r=g","contentUrl":"https:\/\/secure.gravatar.com\/avatar\/55cb5e37c1efa326397366e6974cb338056df65cb50e7d64d1cf314e87504837?s=96&d=mm&r=g","caption":"Arnaldo Botto"},"url":"https:\/\/www.noticiasradioreflejos.com.ar\/2021\/author\/arnaldo\/"}]}},"_links":{"self":[{"href":"https:\/\/www.noticiasradioreflejos.com.ar\/2021\/wp-json\/wp\/v2\/posts\/72266","targetHints":{"allow":["GET"]}}],"collection":[{"href":"https:\/\/www.noticiasradioreflejos.com.ar\/2021\/wp-json\/wp\/v2\/posts"}],"about":[{"href":"https:\/\/www.noticiasradioreflejos.com.ar\/2021\/wp-json\/wp\/v2\/types\/post"}],"author":[{"embeddable":true,"href":"https:\/\/www.noticiasradioreflejos.com.ar\/2021\/wp-json\/wp\/v2\/users\/3"}],"replies":[{"embeddable":true,"href":"https:\/\/www.noticiasradioreflejos.com.ar\/2021\/wp-json\/wp\/v2\/comments?post=72266"}],"version-history":[{"count":1,"href":"https:\/\/www.noticiasradioreflejos.com.ar\/2021\/wp-json\/wp\/v2\/posts\/72266\/revisions"}],"predecessor-version":[{"id":72268,"href":"https:\/\/www.noticiasradioreflejos.com.ar\/2021\/wp-json\/wp\/v2\/posts\/72266\/revisions\/72268"}],"wp:featuredmedia":[{"embeddable":true,"href":"https:\/\/www.noticiasradioreflejos.com.ar\/2021\/wp-json\/wp\/v2\/media\/72267"}],"wp:attachment":[{"href":"https:\/\/www.noticiasradioreflejos.com.ar\/2021\/wp-json\/wp\/v2\/media?parent=72266"}],"wp:term":[{"taxonomy":"category","embeddable":true,"href":"https:\/\/www.noticiasradioreflejos.com.ar\/2021\/wp-json\/wp\/v2\/categories?post=72266"},{"taxonomy":"post_tag","embeddable":true,"href":"https:\/\/www.noticiasradioreflejos.com.ar\/2021\/wp-json\/wp\/v2\/tags?post=72266"}],"curies":[{"name":"wp","href":"https:\/\/api.w.org\/{rel}","templated":true}]}}