{"id":72262,"date":"2022-05-20T09:57:53","date_gmt":"2022-05-20T09:57:53","guid":{"rendered":"http:\/\/www.noticiasradioreflejos.com.ar\/2021\/?p=72262"},"modified":"2022-05-20T09:57:53","modified_gmt":"2022-05-20T09:57:53","slug":"tango-d10s-el-original-proyecto-que-homenajea-a-diego-maradona-recorrera-el-pais-y-volara-al-mundial-de-qatar","status":"publish","type":"post","link":"https:\/\/www.noticiasradioreflejos.com.ar\/2021\/tango-d10s-el-original-proyecto-que-homenajea-a-diego-maradona-recorrera-el-pais-y-volara-al-mundial-de-qatar\/","title":{"rendered":"Tango D10S: el original proyecto que homenajea a Diego Maradona recorrer\u00e1 el pa\u00eds y volar\u00e1 al Mundial de Qatar"},"content":{"rendered":"<header class=\"article-header-wrapper\">\n<div class=\"article-header\">\n<p class=\"article-subheadline\">La presentaci\u00f3n del avi\u00f3n se har\u00e1 el 25 de mayo en el Aeropuerto de Mor\u00f3n y ser\u00e1 presentado por el ex defensor de la Selecci\u00f3n Juan Pablo Sor\u00edn<\/p>\n<\/div>\n<\/header>\n<p><!--more--><\/p>\n<article class=\"article\">\n<div class=\"nd-body-article\">\n<div class=\"visual__image\"><img loading=\"lazy\" decoding=\"async\" class=\"\" src=\"https:\/\/cloudfront-us-east-1.images.arcpublishing.com\/infobae\/CFVRBHJGZNHOLNU2DTEUBMOHDA.jpeg\" sizes=\"auto, (min-width: 800px) 50vw, 90vw\" srcset=\"https:\/\/www.infobae.com\/new-resizer\/kFb3OkjTIHAGhrS8zMS-h4WZJiY=\/420x315\/filters:format(webp):quality(85)\/cloudfront-us-east-1.images.arcpublishing.com\/infobae\/CFVRBHJGZNHOLNU2DTEUBMOHDA.jpeg 420w,https:\/\/www.infobae.com\/new-resizer\/4GcE_qC_LY0_obzPCdnqjhWgB4E=\/768x576\/filters:format(webp):quality(85)\/cloudfront-us-east-1.images.arcpublishing.com\/infobae\/CFVRBHJGZNHOLNU2DTEUBMOHDA.jpeg 768w,https:\/\/www.infobae.com\/new-resizer\/_l3rWn7Z7389O3mANvvdYrc_9pg=\/992x744\/filters:format(webp):quality(85)\/cloudfront-us-east-1.images.arcpublishing.com\/infobae\/CFVRBHJGZNHOLNU2DTEUBMOHDA.jpeg 992w,https:\/\/www.infobae.com\/new-resizer\/rF1vzE3A7Jaex5vRuVH-C5Camq0=\/1200x900\/filters:format(webp):quality(85)\/cloudfront-us-east-1.images.arcpublishing.com\/infobae\/CFVRBHJGZNHOLNU2DTEUBMOHDA.jpeg 1200w,https:\/\/www.infobae.com\/new-resizer\/6Vbs6onumLRlqWlm-pqpzIHMcMA=\/1440x1080\/filters:format(webp):quality(85)\/cloudfront-us-east-1.images.arcpublishing.com\/infobae\/CFVRBHJGZNHOLNU2DTEUBMOHDA.jpeg 1440w\" alt=\"La idea es que el Tango D10S vaya al mundial de Qatar con algunos de los campeones del mundo y compa\u00f1eros de Maradona del Mundial 1986\" width=\"1280\" height=\"958\" \/>La idea es que el Tango D10S vaya al mundial de Qatar con algunos de los campeones del mundo y compa\u00f1eros de Maradona del Mundial 1986<\/div>\n<p class=\"paragraph\">A m\u00e1s de un a\u00f1o de su muerte, el astro de la Selecci\u00f3n Argentina e \u00eddolo mundial\u00a0<b>Diego Armando Maradona<\/b>\u00a0sigue cosechando homenajes a lo largo y ancho del mundo. En ese contexto,\u00a0<mark class=\"hl_yellow\"><b>la semana que viene tendr\u00e1 lugar un evento m\u00e1s que original: se presentar\u00e1 el avi\u00f3n Tango D10S, un proyecto del grupo empresario\u00a0<\/b><i><b>Give and Get<\/b><\/i><b>, liderado por su CEO Gast\u00f3n Kolker.<\/b><\/mark><\/p>\n<p class=\"paragraph\"><mark class=\"hl_yellow\"><b>Se trata de un avi\u00f3n privado y tambi\u00e9n museo itinerante que recorrer\u00e1 el mundo y tendr\u00e1 como destino final el Mundial de Qatar en noviembre.<\/b><\/mark><\/p>\n<p class=\"paragraph\">La presentaci\u00f3n, de la que participar\u00e1 parte la familia de Diego, se llevar\u00e1 a cabo\u00a0<b>el 25 de mayo a las 18 horas en el Aeropuerto de Mor\u00f3n<\/b>\u00a0en un evento que ser\u00e1 conducido por el ex defensor de la Selecci\u00f3n Argentina\u00a0<b>Juan Pablo Sor\u00edn<\/b>\u00a0y la periodista\u00a0<b>Agustina Casanova<\/b>.<\/p>\n<blockquote class=\"color_figcaption\"><p>Al evento asistir\u00e1n adem\u00e1s de algunos de los campeones del Mundial 86 personalidades del mundo deportivo, art\u00edstico y empresario. En ese sentido no se descarta que participen figuran internacionales que conoci\u00f3 el ex futbolista a lo largo de su vida<\/p><\/blockquote>\n<p class=\"paragraph\">La apertura estar\u00e1 a cargo de Juanse, quien cantar\u00e1 la canci\u00f3n que le dedic\u00f3 al 10, \u201cPara siempre Diego\u201d, y actuar\u00e1n adem\u00e1s otros artistas.<\/p>\n<p class=\"paragraph\">Seg\u00fan pudo saber\u00a0<b>Infobae<\/b>, los visitantes tendr\u00e1n una experiencia \u00fanica y sorprendente donde podr\u00e1n dejar grabado en la cabina\u00a0<b>un mensaje para llevarle al cielo a Diego Armando Maradona. Tambi\u00e9n, mediante tecnolog\u00eda de inteligencia artificial, con audio y video, podr\u00e1n hablar con el Diez y hacerle preguntas teniendo la sensaci\u00f3n que estar comunic\u00e1ndose realmente con astro fallecido.<\/b><\/p>\n<div class=\"visual__image\"><img loading=\"lazy\" decoding=\"async\" class=\"\" src=\"https:\/\/cloudfront-us-east-1.images.arcpublishing.com\/infobae\/DJDNMFXT3NBPFOB2HDGNVOAFLE.jpeg\" sizes=\"auto, (min-width: 800px) 50vw, 90vw\" srcset=\"https:\/\/www.infobae.com\/new-resizer\/T1kkkeodRk2o3Fd-mHpwFA66pPw=\/992x606\/filters:format(webp):quality(85)\/cloudfront-us-east-1.images.arcpublishing.com\/infobae\/DJDNMFXT3NBPFOB2HDGNVOAFLE.jpeg 992w\" alt=\"H\u00e9ctor Enrique, Oscar Ruggeri, Sergio Batista, Julio Olarticoechea y Ricardo Bochini, todos integrantes de la Selecci\u00f3n que gan\u00f3 el Mundial con Diego en 1986\" width=\"1280\" height=\"736\" \/>H\u00e9ctor Enrique, Oscar Ruggeri, Sergio Batista, Julio Olarticoechea y Ricardo Bochini, todos integrantes de la Selecci\u00f3n que gan\u00f3 el Mundial con Diego en 1986<\/div>\n<p class=\"paragraph\">Desde la fintech que lleva a cabo el proyecto dijeron a este medio que la idea es que el Tango D10S vaya al mundial de Qatar con algunos de los campeones del mundo y compa\u00f1eros de Maradona del Mundial 1986.<\/p>\n<p class=\"paragraph\"><b>El avi\u00f3n fue intervenido por el artista pl\u00e1stico Maximiliano Bagnasco y en su interior se podr\u00e1 ver un mini museo con camisetas que us\u00f3 Diego, entre otros objetos.<\/b><\/p>\n<div class=\"visual__image\"><img loading=\"lazy\" decoding=\"async\" class=\"\" src=\"https:\/\/cloudfront-us-east-1.images.arcpublishing.com\/infobae\/LNFJPTM4YZFL5NX2LXULICSHJI.jpeg\" sizes=\"auto, (min-width: 800px) 50vw, 90vw\" srcset=\"https:\/\/www.infobae.com\/new-resizer\/z4a5tRfW1HuekUA2voJcCJKx0VM=\/420x560\/filters:format(webp):quality(85)\/cloudfront-us-east-1.images.arcpublishing.com\/infobae\/LNFJPTM4YZFL5NX2LXULICSHJI.jpeg 420w,https:\/\/www.infobae.com\/new-resizer\/dBi_RTcOgdRfE-8-HyW8HQUfTkI=\/768x1024\/filters:format(webp):quality(85)\/cloudfront-us-east-1.images.arcpublishing.com\/infobae\/LNFJPTM4YZFL5NX2LXULICSHJI.jpeg 768w,https:\/\/www.infobae.com\/new-resizer\/__9qp2vdwtaRv0k1FO-nNcE8qXU=\/992x1323\/filters:format(webp):quality(85)\/cloudfront-us-east-1.images.arcpublishing.com\/infobae\/LNFJPTM4YZFL5NX2LXULICSHJI.jpeg 992w,https:\/\/www.infobae.com\/new-resizer\/A6V8Ls6ADgy2hWMM45zWmlzKRXw=\/1200x1600\/filters:format(webp):quality(85)\/cloudfront-us-east-1.images.arcpublishing.com\/infobae\/LNFJPTM4YZFL5NX2LXULICSHJI.jpeg 1200w\" alt=\"Maximiliano Bagnasco fue el artista encargado de intervenir la aearonave\" width=\"960\" height=\"1280\" \/>Maximiliano Bagnasco fue el artista encargado de intervenir la aearonave<\/div>\n<p class=\"paragraph\">\u201c<b>Hace mucho que venimos trabajando con esto. Es un peque\u00f1o homenajes que le queremos hacer a Diego. La gente va a tener acceso a ver el avi\u00f3n que luego har\u00e1 una gira por todo el pa\u00eds en julio<\/b>\u201d, detallaron desde la empresa organizadora.<\/p>\n<p class=\"paragraph\">Al evento asistir\u00e1n adem\u00e1s de algunos de los campeones del Mundial 86 personalidades del mundo deportivo, art\u00edstico y empresario. En ese sentido no se descarta que participen figuran internacionales que conoci\u00f3 el ex futbolista a lo largo de su vida.<\/p>\n<blockquote class=\"color_figcaption\"><p>Desde la fintech que lleva a cabo el proyecto dijeron a este medio que la idea es que el Tango D10S vaya al mundial de Qatar con algunos de los campeones del mundo y compa\u00f1eros de Maradona del Mundial 1986<\/p><\/blockquote>\n<p class=\"paragraph\">En tanto, luego de su presentaci\u00f3n en el aeropuerto de Mor\u00f3n, la nave recorrer\u00e1 distintas provincias para que los argentinos puedan disfrutar del homenaje y dejarle un mensaje a Maradona antes de que el avi\u00f3n aterrice en Qatar, su destino final, para acompa\u00f1ar a la Selecci\u00f3n Nacional y a su capit\u00e1n,\u00a0<b>Lionel Messi<\/b>.<\/p>\n<\/div>\n<\/article>\n","protected":false},"excerpt":{"rendered":"<p>La presentaci\u00f3n del avi\u00f3n se har\u00e1 el 25 de mayo en el Aeropuerto de Mor\u00f3n y ser\u00e1 presentado por el ex defensor de la Selecci\u00f3n Juan Pablo Sor\u00edn<\/p>\n","protected":false},"author":3,"featured_media":0,"comment_status":"closed","ping_status":"closed","sticky":false,"template":"","format":"standard","meta":{"footnotes":""},"categories":[27,26],"tags":[],"class_list":["post-72262","post","type-post","status-publish","format-standard","hentry","category-deportes","category-sociedad"],"yoast_head":"<!-- This site is optimized with the Yoast SEO plugin v25.9 - https:\/\/yoast.com\/wordpress\/plugins\/seo\/ -->\n<title>Tango D10S: el original proyecto que homenajea a Diego Maradona recorrer\u00e1 el pa\u00eds y volar\u00e1 al Mundial de Qatar - Noticias Radio Reflejos<\/title>\n<meta name=\"robots\" content=\"index, follow, max-snippet:-1, max-image-preview:large, max-video-preview:-1\" \/>\n<link rel=\"canonical\" href=\"https:\/\/www.noticiasradioreflejos.com.ar\/2021\/tango-d10s-el-original-proyecto-que-homenajea-a-diego-maradona-recorrera-el-pais-y-volara-al-mundial-de-qatar\/\" \/>\n<meta property=\"og:locale\" content=\"es_ES\" \/>\n<meta property=\"og:type\" content=\"article\" \/>\n<meta property=\"og:title\" content=\"Tango D10S: el original proyecto que homenajea a Diego Maradona recorrer\u00e1 el pa\u00eds y volar\u00e1 al Mundial de Qatar - Noticias Radio Reflejos\" \/>\n<meta property=\"og:description\" content=\"La presentaci\u00f3n del avi\u00f3n se har\u00e1 el 25 de mayo en el Aeropuerto de Mor\u00f3n y ser\u00e1 presentado por el ex defensor de la Selecci\u00f3n Juan Pablo Sor\u00edn\" \/>\n<meta property=\"og:url\" content=\"https:\/\/www.noticiasradioreflejos.com.ar\/2021\/tango-d10s-el-original-proyecto-que-homenajea-a-diego-maradona-recorrera-el-pais-y-volara-al-mundial-de-qatar\/\" \/>\n<meta property=\"og:site_name\" content=\"Noticias Radio Reflejos\" \/>\n<meta property=\"article:published_time\" content=\"2022-05-20T09:57:53+00:00\" \/>\n<meta property=\"og:image\" content=\"https:\/\/cloudfront-us-east-1.images.arcpublishing.com\/infobae\/CFVRBHJGZNHOLNU2DTEUBMOHDA.jpeg\" \/>\n<meta name=\"author\" content=\"Arnaldo Botto\" \/>\n<meta name=\"twitter:card\" content=\"summary_large_image\" \/>\n<script type=\"application\/ld+json\" class=\"yoast-schema-graph\">{\"@context\":\"https:\/\/schema.org\",\"@graph\":[{\"@type\":\"WebPage\",\"@id\":\"https:\/\/www.noticiasradioreflejos.com.ar\/2021\/tango-d10s-el-original-proyecto-que-homenajea-a-diego-maradona-recorrera-el-pais-y-volara-al-mundial-de-qatar\/\",\"url\":\"https:\/\/www.noticiasradioreflejos.com.ar\/2021\/tango-d10s-el-original-proyecto-que-homenajea-a-diego-maradona-recorrera-el-pais-y-volara-al-mundial-de-qatar\/\",\"name\":\"Tango D10S: el original proyecto que homenajea a Diego Maradona recorrer\u00e1 el pa\u00eds y volar\u00e1 al Mundial de Qatar - Noticias Radio Reflejos\",\"isPartOf\":{\"@id\":\"https:\/\/www.noticiasradioreflejos.com.ar\/2021\/#website\"},\"primaryImageOfPage\":{\"@id\":\"https:\/\/www.noticiasradioreflejos.com.ar\/2021\/tango-d10s-el-original-proyecto-que-homenajea-a-diego-maradona-recorrera-el-pais-y-volara-al-mundial-de-qatar\/#primaryimage\"},\"image\":{\"@id\":\"https:\/\/www.noticiasradioreflejos.com.ar\/2021\/tango-d10s-el-original-proyecto-que-homenajea-a-diego-maradona-recorrera-el-pais-y-volara-al-mundial-de-qatar\/#primaryimage\"},\"thumbnailUrl\":\"https:\/\/cloudfront-us-east-1.images.arcpublishing.com\/infobae\/CFVRBHJGZNHOLNU2DTEUBMOHDA.jpeg\",\"datePublished\":\"2022-05-20T09:57:53+00:00\",\"author\":{\"@id\":\"https:\/\/www.noticiasradioreflejos.com.ar\/2021\/#\/schema\/person\/ad82545263dcc5ec0996818884fd5fb1\"},\"breadcrumb\":{\"@id\":\"https:\/\/www.noticiasradioreflejos.com.ar\/2021\/tango-d10s-el-original-proyecto-que-homenajea-a-diego-maradona-recorrera-el-pais-y-volara-al-mundial-de-qatar\/#breadcrumb\"},\"inLanguage\":\"es\",\"potentialAction\":[{\"@type\":\"ReadAction\",\"target\":[\"https:\/\/www.noticiasradioreflejos.com.ar\/2021\/tango-d10s-el-original-proyecto-que-homenajea-a-diego-maradona-recorrera-el-pais-y-volara-al-mundial-de-qatar\/\"]}]},{\"@type\":\"ImageObject\",\"inLanguage\":\"es\",\"@id\":\"https:\/\/www.noticiasradioreflejos.com.ar\/2021\/tango-d10s-el-original-proyecto-que-homenajea-a-diego-maradona-recorrera-el-pais-y-volara-al-mundial-de-qatar\/#primaryimage\",\"url\":\"https:\/\/cloudfront-us-east-1.images.arcpublishing.com\/infobae\/CFVRBHJGZNHOLNU2DTEUBMOHDA.jpeg\",\"contentUrl\":\"https:\/\/cloudfront-us-east-1.images.arcpublishing.com\/infobae\/CFVRBHJGZNHOLNU2DTEUBMOHDA.jpeg\"},{\"@type\":\"BreadcrumbList\",\"@id\":\"https:\/\/www.noticiasradioreflejos.com.ar\/2021\/tango-d10s-el-original-proyecto-que-homenajea-a-diego-maradona-recorrera-el-pais-y-volara-al-mundial-de-qatar\/#breadcrumb\",\"itemListElement\":[{\"@type\":\"ListItem\",\"position\":1,\"name\":\"Portada\",\"item\":\"https:\/\/www.noticiasradioreflejos.com.ar\/2021\/\"},{\"@type\":\"ListItem\",\"position\":2,\"name\":\"Tango D10S: el original proyecto que homenajea a Diego Maradona recorrer\u00e1 el pa\u00eds y volar\u00e1 al Mundial de Qatar\"}]},{\"@type\":\"WebSite\",\"@id\":\"https:\/\/www.noticiasradioreflejos.com.ar\/2021\/#website\",\"url\":\"https:\/\/www.noticiasradioreflejos.com.ar\/2021\/\",\"name\":\"Noticias Radio Reflejos\",\"description\":\"Las noticias de mi comarca\",\"potentialAction\":[{\"@type\":\"SearchAction\",\"target\":{\"@type\":\"EntryPoint\",\"urlTemplate\":\"https:\/\/www.noticiasradioreflejos.com.ar\/2021\/?s={search_term_string}\"},\"query-input\":{\"@type\":\"PropertyValueSpecification\",\"valueRequired\":true,\"valueName\":\"search_term_string\"}}],\"inLanguage\":\"es\"},{\"@type\":\"Person\",\"@id\":\"https:\/\/www.noticiasradioreflejos.com.ar\/2021\/#\/schema\/person\/ad82545263dcc5ec0996818884fd5fb1\",\"name\":\"Arnaldo Botto\",\"image\":{\"@type\":\"ImageObject\",\"inLanguage\":\"es\",\"@id\":\"https:\/\/www.noticiasradioreflejos.com.ar\/2021\/#\/schema\/person\/image\/\",\"url\":\"https:\/\/secure.gravatar.com\/avatar\/55cb5e37c1efa326397366e6974cb338056df65cb50e7d64d1cf314e87504837?s=96&d=mm&r=g\",\"contentUrl\":\"https:\/\/secure.gravatar.com\/avatar\/55cb5e37c1efa326397366e6974cb338056df65cb50e7d64d1cf314e87504837?s=96&d=mm&r=g\",\"caption\":\"Arnaldo Botto\"},\"url\":\"https:\/\/www.noticiasradioreflejos.com.ar\/2021\/author\/arnaldo\/\"}]}<\/script>\n<!-- \/ Yoast SEO plugin. -->","yoast_head_json":{"title":"Tango D10S: el original proyecto que homenajea a Diego Maradona recorrer\u00e1 el pa\u00eds y volar\u00e1 al Mundial de Qatar - Noticias Radio Reflejos","robots":{"index":"index","follow":"follow","max-snippet":"max-snippet:-1","max-image-preview":"max-image-preview:large","max-video-preview":"max-video-preview:-1"},"canonical":"https:\/\/www.noticiasradioreflejos.com.ar\/2021\/tango-d10s-el-original-proyecto-que-homenajea-a-diego-maradona-recorrera-el-pais-y-volara-al-mundial-de-qatar\/","og_locale":"es_ES","og_type":"article","og_title":"Tango D10S: el original proyecto que homenajea a Diego Maradona recorrer\u00e1 el pa\u00eds y volar\u00e1 al Mundial de Qatar - Noticias Radio Reflejos","og_description":"La presentaci\u00f3n del avi\u00f3n se har\u00e1 el 25 de mayo en el Aeropuerto de Mor\u00f3n y ser\u00e1 presentado por el ex defensor de la Selecci\u00f3n Juan Pablo Sor\u00edn","og_url":"https:\/\/www.noticiasradioreflejos.com.ar\/2021\/tango-d10s-el-original-proyecto-que-homenajea-a-diego-maradona-recorrera-el-pais-y-volara-al-mundial-de-qatar\/","og_site_name":"Noticias Radio Reflejos","article_published_time":"2022-05-20T09:57:53+00:00","og_image":[{"url":"https:\/\/cloudfront-us-east-1.images.arcpublishing.com\/infobae\/CFVRBHJGZNHOLNU2DTEUBMOHDA.jpeg","type":"","width":"","height":""}],"author":"Arnaldo Botto","twitter_card":"summary_large_image","schema":{"@context":"https:\/\/schema.org","@graph":[{"@type":"WebPage","@id":"https:\/\/www.noticiasradioreflejos.com.ar\/2021\/tango-d10s-el-original-proyecto-que-homenajea-a-diego-maradona-recorrera-el-pais-y-volara-al-mundial-de-qatar\/","url":"https:\/\/www.noticiasradioreflejos.com.ar\/2021\/tango-d10s-el-original-proyecto-que-homenajea-a-diego-maradona-recorrera-el-pais-y-volara-al-mundial-de-qatar\/","name":"Tango D10S: el original proyecto que homenajea a Diego Maradona recorrer\u00e1 el pa\u00eds y volar\u00e1 al Mundial de Qatar - Noticias Radio Reflejos","isPartOf":{"@id":"https:\/\/www.noticiasradioreflejos.com.ar\/2021\/#website"},"primaryImageOfPage":{"@id":"https:\/\/www.noticiasradioreflejos.com.ar\/2021\/tango-d10s-el-original-proyecto-que-homenajea-a-diego-maradona-recorrera-el-pais-y-volara-al-mundial-de-qatar\/#primaryimage"},"image":{"@id":"https:\/\/www.noticiasradioreflejos.com.ar\/2021\/tango-d10s-el-original-proyecto-que-homenajea-a-diego-maradona-recorrera-el-pais-y-volara-al-mundial-de-qatar\/#primaryimage"},"thumbnailUrl":"https:\/\/cloudfront-us-east-1.images.arcpublishing.com\/infobae\/CFVRBHJGZNHOLNU2DTEUBMOHDA.jpeg","datePublished":"2022-05-20T09:57:53+00:00","author":{"@id":"https:\/\/www.noticiasradioreflejos.com.ar\/2021\/#\/schema\/person\/ad82545263dcc5ec0996818884fd5fb1"},"breadcrumb":{"@id":"https:\/\/www.noticiasradioreflejos.com.ar\/2021\/tango-d10s-el-original-proyecto-que-homenajea-a-diego-maradona-recorrera-el-pais-y-volara-al-mundial-de-qatar\/#breadcrumb"},"inLanguage":"es","potentialAction":[{"@type":"ReadAction","target":["https:\/\/www.noticiasradioreflejos.com.ar\/2021\/tango-d10s-el-original-proyecto-que-homenajea-a-diego-maradona-recorrera-el-pais-y-volara-al-mundial-de-qatar\/"]}]},{"@type":"ImageObject","inLanguage":"es","@id":"https:\/\/www.noticiasradioreflejos.com.ar\/2021\/tango-d10s-el-original-proyecto-que-homenajea-a-diego-maradona-recorrera-el-pais-y-volara-al-mundial-de-qatar\/#primaryimage","url":"https:\/\/cloudfront-us-east-1.images.arcpublishing.com\/infobae\/CFVRBHJGZNHOLNU2DTEUBMOHDA.jpeg","contentUrl":"https:\/\/cloudfront-us-east-1.images.arcpublishing.com\/infobae\/CFVRBHJGZNHOLNU2DTEUBMOHDA.jpeg"},{"@type":"BreadcrumbList","@id":"https:\/\/www.noticiasradioreflejos.com.ar\/2021\/tango-d10s-el-original-proyecto-que-homenajea-a-diego-maradona-recorrera-el-pais-y-volara-al-mundial-de-qatar\/#breadcrumb","itemListElement":[{"@type":"ListItem","position":1,"name":"Portada","item":"https:\/\/www.noticiasradioreflejos.com.ar\/2021\/"},{"@type":"ListItem","position":2,"name":"Tango D10S: el original proyecto que homenajea a Diego Maradona recorrer\u00e1 el pa\u00eds y volar\u00e1 al Mundial de Qatar"}]},{"@type":"WebSite","@id":"https:\/\/www.noticiasradioreflejos.com.ar\/2021\/#website","url":"https:\/\/www.noticiasradioreflejos.com.ar\/2021\/","name":"Noticias Radio Reflejos","description":"Las noticias de mi comarca","potentialAction":[{"@type":"SearchAction","target":{"@type":"EntryPoint","urlTemplate":"https:\/\/www.noticiasradioreflejos.com.ar\/2021\/?s={search_term_string}"},"query-input":{"@type":"PropertyValueSpecification","valueRequired":true,"valueName":"search_term_string"}}],"inLanguage":"es"},{"@type":"Person","@id":"https:\/\/www.noticiasradioreflejos.com.ar\/2021\/#\/schema\/person\/ad82545263dcc5ec0996818884fd5fb1","name":"Arnaldo Botto","image":{"@type":"ImageObject","inLanguage":"es","@id":"https:\/\/www.noticiasradioreflejos.com.ar\/2021\/#\/schema\/person\/image\/","url":"https:\/\/secure.gravatar.com\/avatar\/55cb5e37c1efa326397366e6974cb338056df65cb50e7d64d1cf314e87504837?s=96&d=mm&r=g","contentUrl":"https:\/\/secure.gravatar.com\/avatar\/55cb5e37c1efa326397366e6974cb338056df65cb50e7d64d1cf314e87504837?s=96&d=mm&r=g","caption":"Arnaldo Botto"},"url":"https:\/\/www.noticiasradioreflejos.com.ar\/2021\/author\/arnaldo\/"}]}},"_links":{"self":[{"href":"https:\/\/www.noticiasradioreflejos.com.ar\/2021\/wp-json\/wp\/v2\/posts\/72262","targetHints":{"allow":["GET"]}}],"collection":[{"href":"https:\/\/www.noticiasradioreflejos.com.ar\/2021\/wp-json\/wp\/v2\/posts"}],"about":[{"href":"https:\/\/www.noticiasradioreflejos.com.ar\/2021\/wp-json\/wp\/v2\/types\/post"}],"author":[{"embeddable":true,"href":"https:\/\/www.noticiasradioreflejos.com.ar\/2021\/wp-json\/wp\/v2\/users\/3"}],"replies":[{"embeddable":true,"href":"https:\/\/www.noticiasradioreflejos.com.ar\/2021\/wp-json\/wp\/v2\/comments?post=72262"}],"version-history":[{"count":1,"href":"https:\/\/www.noticiasradioreflejos.com.ar\/2021\/wp-json\/wp\/v2\/posts\/72262\/revisions"}],"predecessor-version":[{"id":72265,"href":"https:\/\/www.noticiasradioreflejos.com.ar\/2021\/wp-json\/wp\/v2\/posts\/72262\/revisions\/72265"}],"wp:attachment":[{"href":"https:\/\/www.noticiasradioreflejos.com.ar\/2021\/wp-json\/wp\/v2\/media?parent=72262"}],"wp:term":[{"taxonomy":"category","embeddable":true,"href":"https:\/\/www.noticiasradioreflejos.com.ar\/2021\/wp-json\/wp\/v2\/categories?post=72262"},{"taxonomy":"post_tag","embeddable":true,"href":"https:\/\/www.noticiasradioreflejos.com.ar\/2021\/wp-json\/wp\/v2\/tags?post=72262"}],"curies":[{"name":"wp","href":"https:\/\/api.w.org\/{rel}","templated":true}]}}