{"id":72253,"date":"2022-05-20T09:43:29","date_gmt":"2022-05-20T09:43:29","guid":{"rendered":"http:\/\/www.noticiasradioreflejos.com.ar\/2021\/?p=72253"},"modified":"2022-05-20T09:43:42","modified_gmt":"2022-05-20T09:43:42","slug":"alerta-por-un-frente-frio-con-lluvias-y-nevadas-en-la-zona-cordillerana","status":"publish","type":"post","link":"https:\/\/www.noticiasradioreflejos.com.ar\/2021\/alerta-por-un-frente-frio-con-lluvias-y-nevadas-en-la-zona-cordillerana\/","title":{"rendered":"Alerta por un frente fr\u00edo con lluvias y nevadas en la zona cordillerana"},"content":{"rendered":"<p><span style=\"vertical-align: inherit;\"><span style=\"vertical-align: inherit;\">El anuncio sobre las condiciones meteorol\u00f3gicas extremas en la zona rige para las provincias de Neuqu\u00e9n, R\u00edo Negro, Chubut y Mendoza. <\/span><span style=\"vertical-align: inherit;\">Recomendaron a los ciudadanos evitar circular por la v\u00eda p\u00fablica.<\/span><\/span><!--more--><\/p>\n<figure class=\"mb-3\"><img decoding=\"async\" src=\"https:\/\/www.telam.com.ar\/thumbs\/bluesteel\/advf\/imagenes\/2018\/10\/5bd703b1257a3_900.jpg\" alt=\"Recomendar a los habitantes de la zona evitar circular por la v\u00eda p\u00fablica Foto Archivo\" width=\"100%\" height=\"100%\" \/><\/p>\n<div class=\"media-icons\"><\/div><figcaption><span style=\"vertical-align: inherit;\"><span style=\"vertical-align: inherit;\">Recomendar a los habitantes de la zona evitar circular por la v\u00eda p\u00fablica \/ Foto: Archivo.<\/span><\/span><\/figcaption><\/figure>\n<p><span style=\"vertical-align: inherit;\"><span style=\"vertical-align: inherit;\">La Autoridad Interjurisdiccional de Cuencas (AIC) inform\u00f3 que durante el transcurso de la jornada se registrar\u00e1 el ingreso de un sistema frontal desde el Oc\u00e9ano Pac\u00edfico sobre la zona cordillerana de las provincias de Neuqu\u00e9n, R\u00edo Negro, Chubut y el sur de Mendoza que provocar\u00e1 lluvias y nevadas en localidades cordilleranas.<\/span><\/span><\/p>\n<p><strong><span style=\"vertical-align: inherit;\"><span style=\"vertical-align: inherit;\">El ingreso de aire fr\u00edo y h\u00famedo provocar\u00e1 lluvias y vientos moderados del sudoeste en la zona cordillerana con temperaturas en descenso; <\/span><span style=\"vertical-align: inherit;\">mientras que para el fin de semana se esperan chaparrones, nevadas fuertes y viento blanco, detall\u00f3 el comunicado de la AIC.<\/span><\/span><\/strong><\/p>\n<p><span style=\"vertical-align: inherit;\"><span style=\"vertical-align: inherit;\">En tanto, en la zona de valles y meseta, el cielo se encuentra mayormente cubierto, viento d\u00e9bil del noroeste con ascenso de la temperatura; <\/span><span style=\"vertical-align: inherit;\">y ma\u00f1ana se registrar\u00e1n per\u00edodos de viento moderado a fuerte con inestabilidad durante todo el fin de semana.<\/span><\/span><\/p>\n<p><span style=\"vertical-align: inherit;\"><span style=\"vertical-align: inherit;\">Ante la presencia de viento y lluvia en las rutas provinciales, desde la Subsecretar\u00eda de Defensa Civil y Protecci\u00f3n Ciudadana de Neuqu\u00e9n, solicitaron a los conductores respetar las indicaciones de agentes de ruta, y consultar el\u00a0 <\/span><\/span><a href=\"http:\/\/www.dpvneuquen.gov.ar\/\" target=\"_blank\" rel=\"noopener\"><span style=\"vertical-align: inherit;\"><span style=\"vertical-align: inherit;\">estado de las rutas<\/span><\/span><\/a><span style=\"vertical-align: inherit;\"><span style=\"vertical-align: inherit;\"> \u00a0en y del\u00a0 <\/span><\/span><a href=\"http:\/\/www.aic.gov.ar\/\" target=\"_blank\" rel=\"noopener\"><span style=\"vertical-align: inherit;\"><span style=\"vertical-align: inherit;\">clima.<\/span><\/span><\/a><\/p>\n<p><span style=\"vertical-align: inherit;\"><span style=\"vertical-align: inherit;\">Adem\u00e1s,\u00a0 <\/span><\/span><strong><span style=\"vertical-align: inherit;\"><span style=\"vertical-align: inherit;\">recomendamos a los ciudadanos evitar circular por la v\u00eda p\u00fablica; <\/span><span style=\"vertical-align: inherit;\">mantener cerradas y aseguradas puertas, ventanas y toldos; <\/span><span style=\"vertical-align: inherit;\">retirar macetas y todos aquellos objetos que puedan caer a la calle y provocar accidentes<\/span><\/span><\/strong><span style=\"vertical-align: inherit;\"><span style=\"vertical-align: inherit;\"> .<\/span><\/span><\/p>\n<p><span style=\"vertical-align: inherit;\"><span style=\"vertical-align: inherit;\">Por \u00faltimo, recuerden los n\u00fameros de emergencia en la provincia de Neuqu\u00e9n: 107 para emergencias m\u00e9dicas; <\/span><span style=\"vertical-align: inherit;\">local 103 de Defensa Civil; <\/span><span style=\"vertical-align: inherit;\">105 Defensa Civil provincial; <\/span><span style=\"vertical-align: inherit;\">100 Bomberos; <\/span><span style=\"vertical-align: inherit;\">y 101 Polic\u00eda.<\/span><\/span><\/p>\n","protected":false},"excerpt":{"rendered":"<p>El anuncio sobre las condiciones meteorol\u00f3gicas extremas en la zona rige para las provincias de Neuqu\u00e9n, R\u00edo Negro, Chubut y Mendoza. Recomendaron a los ciudadanos evitar circular por la v\u00eda p\u00fablica.<\/p>\n","protected":false},"author":3,"featured_media":0,"comment_status":"closed","ping_status":"closed","sticky":false,"template":"","format":"standard","meta":{"footnotes":""},"categories":[46,26],"tags":[],"class_list":["post-72253","post","type-post","status-publish","format-standard","hentry","category-ciencia-y-tecnologia","category-sociedad"],"yoast_head":"<!-- This site is optimized with the Yoast SEO plugin v25.9 - https:\/\/yoast.com\/wordpress\/plugins\/seo\/ -->\n<title>Alerta por un frente fr\u00edo con lluvias y nevadas en la zona cordillerana - Noticias Radio Reflejos<\/title>\n<meta name=\"robots\" content=\"index, follow, max-snippet:-1, max-image-preview:large, max-video-preview:-1\" \/>\n<link rel=\"canonical\" href=\"https:\/\/www.noticiasradioreflejos.com.ar\/2021\/alerta-por-un-frente-frio-con-lluvias-y-nevadas-en-la-zona-cordillerana\/\" \/>\n<meta property=\"og:locale\" content=\"es_ES\" \/>\n<meta property=\"og:type\" content=\"article\" \/>\n<meta property=\"og:title\" content=\"Alerta por un frente fr\u00edo con lluvias y nevadas en la zona cordillerana - Noticias Radio Reflejos\" \/>\n<meta property=\"og:description\" content=\"El anuncio sobre las condiciones meteorol\u00f3gicas extremas en la zona rige para las provincias de Neuqu\u00e9n, R\u00edo Negro, Chubut y Mendoza. Recomendaron a los ciudadanos evitar circular por la v\u00eda p\u00fablica.\" \/>\n<meta property=\"og:url\" content=\"https:\/\/www.noticiasradioreflejos.com.ar\/2021\/alerta-por-un-frente-frio-con-lluvias-y-nevadas-en-la-zona-cordillerana\/\" \/>\n<meta property=\"og:site_name\" content=\"Noticias Radio Reflejos\" \/>\n<meta property=\"article:published_time\" content=\"2022-05-20T09:43:29+00:00\" \/>\n<meta property=\"article:modified_time\" content=\"2022-05-20T09:43:42+00:00\" \/>\n<meta property=\"og:image\" content=\"https:\/\/www.telam.com.ar\/thumbs\/bluesteel\/advf\/imagenes\/2018\/10\/5bd703b1257a3_900.jpg\" \/>\n<meta name=\"author\" content=\"Arnaldo Botto\" \/>\n<meta name=\"twitter:card\" content=\"summary_large_image\" \/>\n<script type=\"application\/ld+json\" class=\"yoast-schema-graph\">{\"@context\":\"https:\/\/schema.org\",\"@graph\":[{\"@type\":\"WebPage\",\"@id\":\"https:\/\/www.noticiasradioreflejos.com.ar\/2021\/alerta-por-un-frente-frio-con-lluvias-y-nevadas-en-la-zona-cordillerana\/\",\"url\":\"https:\/\/www.noticiasradioreflejos.com.ar\/2021\/alerta-por-un-frente-frio-con-lluvias-y-nevadas-en-la-zona-cordillerana\/\",\"name\":\"Alerta por un frente fr\u00edo con lluvias y nevadas en la zona cordillerana - Noticias Radio Reflejos\",\"isPartOf\":{\"@id\":\"https:\/\/www.noticiasradioreflejos.com.ar\/2021\/#website\"},\"primaryImageOfPage\":{\"@id\":\"https:\/\/www.noticiasradioreflejos.com.ar\/2021\/alerta-por-un-frente-frio-con-lluvias-y-nevadas-en-la-zona-cordillerana\/#primaryimage\"},\"image\":{\"@id\":\"https:\/\/www.noticiasradioreflejos.com.ar\/2021\/alerta-por-un-frente-frio-con-lluvias-y-nevadas-en-la-zona-cordillerana\/#primaryimage\"},\"thumbnailUrl\":\"https:\/\/www.telam.com.ar\/thumbs\/bluesteel\/advf\/imagenes\/2018\/10\/5bd703b1257a3_900.jpg\",\"datePublished\":\"2022-05-20T09:43:29+00:00\",\"dateModified\":\"2022-05-20T09:43:42+00:00\",\"author\":{\"@id\":\"https:\/\/www.noticiasradioreflejos.com.ar\/2021\/#\/schema\/person\/ad82545263dcc5ec0996818884fd5fb1\"},\"breadcrumb\":{\"@id\":\"https:\/\/www.noticiasradioreflejos.com.ar\/2021\/alerta-por-un-frente-frio-con-lluvias-y-nevadas-en-la-zona-cordillerana\/#breadcrumb\"},\"inLanguage\":\"es\",\"potentialAction\":[{\"@type\":\"ReadAction\",\"target\":[\"https:\/\/www.noticiasradioreflejos.com.ar\/2021\/alerta-por-un-frente-frio-con-lluvias-y-nevadas-en-la-zona-cordillerana\/\"]}]},{\"@type\":\"ImageObject\",\"inLanguage\":\"es\",\"@id\":\"https:\/\/www.noticiasradioreflejos.com.ar\/2021\/alerta-por-un-frente-frio-con-lluvias-y-nevadas-en-la-zona-cordillerana\/#primaryimage\",\"url\":\"https:\/\/www.telam.com.ar\/thumbs\/bluesteel\/advf\/imagenes\/2018\/10\/5bd703b1257a3_900.jpg\",\"contentUrl\":\"https:\/\/www.telam.com.ar\/thumbs\/bluesteel\/advf\/imagenes\/2018\/10\/5bd703b1257a3_900.jpg\"},{\"@type\":\"BreadcrumbList\",\"@id\":\"https:\/\/www.noticiasradioreflejos.com.ar\/2021\/alerta-por-un-frente-frio-con-lluvias-y-nevadas-en-la-zona-cordillerana\/#breadcrumb\",\"itemListElement\":[{\"@type\":\"ListItem\",\"position\":1,\"name\":\"Portada\",\"item\":\"https:\/\/www.noticiasradioreflejos.com.ar\/2021\/\"},{\"@type\":\"ListItem\",\"position\":2,\"name\":\"Alerta por un frente fr\u00edo con lluvias y nevadas en la zona cordillerana\"}]},{\"@type\":\"WebSite\",\"@id\":\"https:\/\/www.noticiasradioreflejos.com.ar\/2021\/#website\",\"url\":\"https:\/\/www.noticiasradioreflejos.com.ar\/2021\/\",\"name\":\"Noticias Radio Reflejos\",\"description\":\"Las noticias de mi comarca\",\"potentialAction\":[{\"@type\":\"SearchAction\",\"target\":{\"@type\":\"EntryPoint\",\"urlTemplate\":\"https:\/\/www.noticiasradioreflejos.com.ar\/2021\/?s={search_term_string}\"},\"query-input\":{\"@type\":\"PropertyValueSpecification\",\"valueRequired\":true,\"valueName\":\"search_term_string\"}}],\"inLanguage\":\"es\"},{\"@type\":\"Person\",\"@id\":\"https:\/\/www.noticiasradioreflejos.com.ar\/2021\/#\/schema\/person\/ad82545263dcc5ec0996818884fd5fb1\",\"name\":\"Arnaldo Botto\",\"image\":{\"@type\":\"ImageObject\",\"inLanguage\":\"es\",\"@id\":\"https:\/\/www.noticiasradioreflejos.com.ar\/2021\/#\/schema\/person\/image\/\",\"url\":\"https:\/\/secure.gravatar.com\/avatar\/55cb5e37c1efa326397366e6974cb338056df65cb50e7d64d1cf314e87504837?s=96&d=mm&r=g\",\"contentUrl\":\"https:\/\/secure.gravatar.com\/avatar\/55cb5e37c1efa326397366e6974cb338056df65cb50e7d64d1cf314e87504837?s=96&d=mm&r=g\",\"caption\":\"Arnaldo Botto\"},\"url\":\"https:\/\/www.noticiasradioreflejos.com.ar\/2021\/author\/arnaldo\/\"}]}<\/script>\n<!-- \/ Yoast SEO plugin. -->","yoast_head_json":{"title":"Alerta por un frente fr\u00edo con lluvias y nevadas en la zona cordillerana - Noticias Radio Reflejos","robots":{"index":"index","follow":"follow","max-snippet":"max-snippet:-1","max-image-preview":"max-image-preview:large","max-video-preview":"max-video-preview:-1"},"canonical":"https:\/\/www.noticiasradioreflejos.com.ar\/2021\/alerta-por-un-frente-frio-con-lluvias-y-nevadas-en-la-zona-cordillerana\/","og_locale":"es_ES","og_type":"article","og_title":"Alerta por un frente fr\u00edo con lluvias y nevadas en la zona cordillerana - Noticias Radio Reflejos","og_description":"El anuncio sobre las condiciones meteorol\u00f3gicas extremas en la zona rige para las provincias de Neuqu\u00e9n, R\u00edo Negro, Chubut y Mendoza. Recomendaron a los ciudadanos evitar circular por la v\u00eda p\u00fablica.","og_url":"https:\/\/www.noticiasradioreflejos.com.ar\/2021\/alerta-por-un-frente-frio-con-lluvias-y-nevadas-en-la-zona-cordillerana\/","og_site_name":"Noticias Radio Reflejos","article_published_time":"2022-05-20T09:43:29+00:00","article_modified_time":"2022-05-20T09:43:42+00:00","og_image":[{"url":"https:\/\/www.telam.com.ar\/thumbs\/bluesteel\/advf\/imagenes\/2018\/10\/5bd703b1257a3_900.jpg","type":"","width":"","height":""}],"author":"Arnaldo Botto","twitter_card":"summary_large_image","schema":{"@context":"https:\/\/schema.org","@graph":[{"@type":"WebPage","@id":"https:\/\/www.noticiasradioreflejos.com.ar\/2021\/alerta-por-un-frente-frio-con-lluvias-y-nevadas-en-la-zona-cordillerana\/","url":"https:\/\/www.noticiasradioreflejos.com.ar\/2021\/alerta-por-un-frente-frio-con-lluvias-y-nevadas-en-la-zona-cordillerana\/","name":"Alerta por un frente fr\u00edo con lluvias y nevadas en la zona cordillerana - Noticias Radio Reflejos","isPartOf":{"@id":"https:\/\/www.noticiasradioreflejos.com.ar\/2021\/#website"},"primaryImageOfPage":{"@id":"https:\/\/www.noticiasradioreflejos.com.ar\/2021\/alerta-por-un-frente-frio-con-lluvias-y-nevadas-en-la-zona-cordillerana\/#primaryimage"},"image":{"@id":"https:\/\/www.noticiasradioreflejos.com.ar\/2021\/alerta-por-un-frente-frio-con-lluvias-y-nevadas-en-la-zona-cordillerana\/#primaryimage"},"thumbnailUrl":"https:\/\/www.telam.com.ar\/thumbs\/bluesteel\/advf\/imagenes\/2018\/10\/5bd703b1257a3_900.jpg","datePublished":"2022-05-20T09:43:29+00:00","dateModified":"2022-05-20T09:43:42+00:00","author":{"@id":"https:\/\/www.noticiasradioreflejos.com.ar\/2021\/#\/schema\/person\/ad82545263dcc5ec0996818884fd5fb1"},"breadcrumb":{"@id":"https:\/\/www.noticiasradioreflejos.com.ar\/2021\/alerta-por-un-frente-frio-con-lluvias-y-nevadas-en-la-zona-cordillerana\/#breadcrumb"},"inLanguage":"es","potentialAction":[{"@type":"ReadAction","target":["https:\/\/www.noticiasradioreflejos.com.ar\/2021\/alerta-por-un-frente-frio-con-lluvias-y-nevadas-en-la-zona-cordillerana\/"]}]},{"@type":"ImageObject","inLanguage":"es","@id":"https:\/\/www.noticiasradioreflejos.com.ar\/2021\/alerta-por-un-frente-frio-con-lluvias-y-nevadas-en-la-zona-cordillerana\/#primaryimage","url":"https:\/\/www.telam.com.ar\/thumbs\/bluesteel\/advf\/imagenes\/2018\/10\/5bd703b1257a3_900.jpg","contentUrl":"https:\/\/www.telam.com.ar\/thumbs\/bluesteel\/advf\/imagenes\/2018\/10\/5bd703b1257a3_900.jpg"},{"@type":"BreadcrumbList","@id":"https:\/\/www.noticiasradioreflejos.com.ar\/2021\/alerta-por-un-frente-frio-con-lluvias-y-nevadas-en-la-zona-cordillerana\/#breadcrumb","itemListElement":[{"@type":"ListItem","position":1,"name":"Portada","item":"https:\/\/www.noticiasradioreflejos.com.ar\/2021\/"},{"@type":"ListItem","position":2,"name":"Alerta por un frente fr\u00edo con lluvias y nevadas en la zona cordillerana"}]},{"@type":"WebSite","@id":"https:\/\/www.noticiasradioreflejos.com.ar\/2021\/#website","url":"https:\/\/www.noticiasradioreflejos.com.ar\/2021\/","name":"Noticias Radio Reflejos","description":"Las noticias de mi comarca","potentialAction":[{"@type":"SearchAction","target":{"@type":"EntryPoint","urlTemplate":"https:\/\/www.noticiasradioreflejos.com.ar\/2021\/?s={search_term_string}"},"query-input":{"@type":"PropertyValueSpecification","valueRequired":true,"valueName":"search_term_string"}}],"inLanguage":"es"},{"@type":"Person","@id":"https:\/\/www.noticiasradioreflejos.com.ar\/2021\/#\/schema\/person\/ad82545263dcc5ec0996818884fd5fb1","name":"Arnaldo Botto","image":{"@type":"ImageObject","inLanguage":"es","@id":"https:\/\/www.noticiasradioreflejos.com.ar\/2021\/#\/schema\/person\/image\/","url":"https:\/\/secure.gravatar.com\/avatar\/55cb5e37c1efa326397366e6974cb338056df65cb50e7d64d1cf314e87504837?s=96&d=mm&r=g","contentUrl":"https:\/\/secure.gravatar.com\/avatar\/55cb5e37c1efa326397366e6974cb338056df65cb50e7d64d1cf314e87504837?s=96&d=mm&r=g","caption":"Arnaldo Botto"},"url":"https:\/\/www.noticiasradioreflejos.com.ar\/2021\/author\/arnaldo\/"}]}},"_links":{"self":[{"href":"https:\/\/www.noticiasradioreflejos.com.ar\/2021\/wp-json\/wp\/v2\/posts\/72253","targetHints":{"allow":["GET"]}}],"collection":[{"href":"https:\/\/www.noticiasradioreflejos.com.ar\/2021\/wp-json\/wp\/v2\/posts"}],"about":[{"href":"https:\/\/www.noticiasradioreflejos.com.ar\/2021\/wp-json\/wp\/v2\/types\/post"}],"author":[{"embeddable":true,"href":"https:\/\/www.noticiasradioreflejos.com.ar\/2021\/wp-json\/wp\/v2\/users\/3"}],"replies":[{"embeddable":true,"href":"https:\/\/www.noticiasradioreflejos.com.ar\/2021\/wp-json\/wp\/v2\/comments?post=72253"}],"version-history":[{"count":2,"href":"https:\/\/www.noticiasradioreflejos.com.ar\/2021\/wp-json\/wp\/v2\/posts\/72253\/revisions"}],"predecessor-version":[{"id":72256,"href":"https:\/\/www.noticiasradioreflejos.com.ar\/2021\/wp-json\/wp\/v2\/posts\/72253\/revisions\/72256"}],"wp:attachment":[{"href":"https:\/\/www.noticiasradioreflejos.com.ar\/2021\/wp-json\/wp\/v2\/media?parent=72253"}],"wp:term":[{"taxonomy":"category","embeddable":true,"href":"https:\/\/www.noticiasradioreflejos.com.ar\/2021\/wp-json\/wp\/v2\/categories?post=72253"},{"taxonomy":"post_tag","embeddable":true,"href":"https:\/\/www.noticiasradioreflejos.com.ar\/2021\/wp-json\/wp\/v2\/tags?post=72253"}],"curies":[{"name":"wp","href":"https:\/\/api.w.org\/{rel}","templated":true}]}}