{"id":72239,"date":"2022-05-19T20:20:56","date_gmt":"2022-05-19T20:20:56","guid":{"rendered":"http:\/\/www.noticiasradioreflejos.com.ar\/2021\/?p=72239"},"modified":"2022-05-19T20:51:22","modified_gmt":"2022-05-19T20:51:22","slug":"funcionarios-del-ministerio-de-seguridad-visitaron-el-distrito","status":"publish","type":"post","link":"https:\/\/www.noticiasradioreflejos.com.ar\/2021\/funcionarios-del-ministerio-de-seguridad-visitaron-el-distrito\/","title":{"rendered":"Funcionarios del Ministerio de Seguridad visitaron el distrito"},"content":{"rendered":"<p>El intendente municipal Sergio Bordoni, junto al Secretario de Gobierno y Seguridad Ezequiel Gabella, recibieron hoy por la ma\u00f1ana al Director de Cooperaci\u00f3n para el Fortalecimiento de la Seguridad, Adri\u00e1n Pereyra y al Director de la Subsecretar\u00eda de Articulaci\u00f3n Institucional del Ministerio de Seguridad de la Provincia de Buenos Aires, para conversar y coordinar temas relacionados con los viajes de egresados que se est\u00e1n llevando a cabo en nuestro distrito.<!--more--><br \/>\nTornquist fue elegido como uno de los destinos para el programa \u2018Viaje de Fin de Curso\u2019, una iniciativa financiada por la Provincia de Buenos Aires que apunta a impulsar el turismo, extender la temporada, reactivar la econom\u00eda y potenciar la inclusi\u00f3n de estudiantes del \u00faltimo a\u00f1o de escuelas secundarias bonaerenses. En tal sentido, los funcionarios provinciales visitaron la ciudad con el objetivo de conversar y coordinar las acciones pertinentes del \u00e1rea, para garantizar la seguridad no solo de los j\u00f3venes que visitan nuestra comarca, sino de los prestadores y vecinos de cada localidad.<br \/>\nDurante el encuentro, el jefe comunal expres\u00f3 su contento por el desarrollo de este programa, y aprovech\u00f3 la ocasi\u00f3n para analizar la situaci\u00f3n del distrito, resaltando la necesidad de contar con mayor personal policial, y solicitar el reacondicionamiento de los destacamentos policiales.<\/p>\n<p><a title=\"minseguridad2\" href=\"https:\/\/www.flickr.com\/photos\/182279889@N02\/52085639070\/in\/dateposted-public\/\" data-flickr-embed=\"true\"><img loading=\"lazy\" decoding=\"async\" src=\"https:\/\/live.staticflickr.com\/65535\/52085639070_3cf1ff6de8_c.jpg\" alt=\"minseguridad2\" width=\"800\" height=\"600\" \/><\/a><script async src=\"\/\/embedr.flickr.com\/assets\/client-code.js\" charset=\"utf-8\"><\/script><\/p>\n","protected":false},"excerpt":{"rendered":"<p>El intendente municipal Sergio Bordoni, junto al Secretario de Gobierno y Seguridad Ezequiel Gabella, recibieron hoy por la ma\u00f1ana al Director de Cooperaci\u00f3n para el Fortalecimiento de la Seguridad, Adri\u00e1n Pereyra y al Director de la Subsecretar\u00eda de Articulaci\u00f3n Institucional del Ministerio de Seguridad de la Provincia de Buenos Aires, para conversar y coordinar temas [&hellip;]<\/p>\n","protected":false},"author":3,"featured_media":0,"comment_status":"closed","ping_status":"closed","sticky":false,"template":"","format":"standard","meta":{"footnotes":""},"categories":[28],"tags":[],"class_list":["post-72239","post","type-post","status-publish","format-standard","hentry","category-municipales"],"yoast_head":"<!-- This site is optimized with the Yoast SEO plugin v25.9 - https:\/\/yoast.com\/wordpress\/plugins\/seo\/ -->\n<title>Funcionarios del Ministerio de Seguridad visitaron el distrito - Noticias Radio Reflejos<\/title>\n<meta name=\"robots\" content=\"index, follow, max-snippet:-1, max-image-preview:large, max-video-preview:-1\" \/>\n<link rel=\"canonical\" href=\"https:\/\/www.noticiasradioreflejos.com.ar\/2021\/funcionarios-del-ministerio-de-seguridad-visitaron-el-distrito\/\" \/>\n<meta property=\"og:locale\" content=\"es_ES\" \/>\n<meta property=\"og:type\" content=\"article\" \/>\n<meta property=\"og:title\" content=\"Funcionarios del Ministerio de Seguridad visitaron el distrito - Noticias Radio Reflejos\" \/>\n<meta property=\"og:description\" content=\"El intendente municipal Sergio Bordoni, junto al Secretario de Gobierno y Seguridad Ezequiel Gabella, recibieron hoy por la ma\u00f1ana al Director de Cooperaci\u00f3n para el Fortalecimiento de la Seguridad, Adri\u00e1n Pereyra y al Director de la Subsecretar\u00eda de Articulaci\u00f3n Institucional del Ministerio de Seguridad de la Provincia de Buenos Aires, para conversar y coordinar temas [&hellip;]\" \/>\n<meta property=\"og:url\" content=\"https:\/\/www.noticiasradioreflejos.com.ar\/2021\/funcionarios-del-ministerio-de-seguridad-visitaron-el-distrito\/\" \/>\n<meta property=\"og:site_name\" content=\"Noticias Radio Reflejos\" \/>\n<meta property=\"article:published_time\" content=\"2022-05-19T20:20:56+00:00\" \/>\n<meta property=\"article:modified_time\" content=\"2022-05-19T20:51:22+00:00\" \/>\n<meta property=\"og:image\" content=\"https:\/\/live.staticflickr.com\/65535\/52085639070_3cf1ff6de8_c.jpg\" \/>\n<meta name=\"author\" content=\"Arnaldo Botto\" \/>\n<meta name=\"twitter:card\" content=\"summary_large_image\" \/>\n<script type=\"application\/ld+json\" class=\"yoast-schema-graph\">{\"@context\":\"https:\/\/schema.org\",\"@graph\":[{\"@type\":\"WebPage\",\"@id\":\"https:\/\/www.noticiasradioreflejos.com.ar\/2021\/funcionarios-del-ministerio-de-seguridad-visitaron-el-distrito\/\",\"url\":\"https:\/\/www.noticiasradioreflejos.com.ar\/2021\/funcionarios-del-ministerio-de-seguridad-visitaron-el-distrito\/\",\"name\":\"Funcionarios del Ministerio de Seguridad visitaron el distrito - Noticias Radio Reflejos\",\"isPartOf\":{\"@id\":\"https:\/\/www.noticiasradioreflejos.com.ar\/2021\/#website\"},\"primaryImageOfPage\":{\"@id\":\"https:\/\/www.noticiasradioreflejos.com.ar\/2021\/funcionarios-del-ministerio-de-seguridad-visitaron-el-distrito\/#primaryimage\"},\"image\":{\"@id\":\"https:\/\/www.noticiasradioreflejos.com.ar\/2021\/funcionarios-del-ministerio-de-seguridad-visitaron-el-distrito\/#primaryimage\"},\"thumbnailUrl\":\"https:\/\/live.staticflickr.com\/65535\/52085639070_3cf1ff6de8_c.jpg\",\"datePublished\":\"2022-05-19T20:20:56+00:00\",\"dateModified\":\"2022-05-19T20:51:22+00:00\",\"author\":{\"@id\":\"https:\/\/www.noticiasradioreflejos.com.ar\/2021\/#\/schema\/person\/ad82545263dcc5ec0996818884fd5fb1\"},\"breadcrumb\":{\"@id\":\"https:\/\/www.noticiasradioreflejos.com.ar\/2021\/funcionarios-del-ministerio-de-seguridad-visitaron-el-distrito\/#breadcrumb\"},\"inLanguage\":\"es\",\"potentialAction\":[{\"@type\":\"ReadAction\",\"target\":[\"https:\/\/www.noticiasradioreflejos.com.ar\/2021\/funcionarios-del-ministerio-de-seguridad-visitaron-el-distrito\/\"]}]},{\"@type\":\"ImageObject\",\"inLanguage\":\"es\",\"@id\":\"https:\/\/www.noticiasradioreflejos.com.ar\/2021\/funcionarios-del-ministerio-de-seguridad-visitaron-el-distrito\/#primaryimage\",\"url\":\"https:\/\/live.staticflickr.com\/65535\/52085639070_3cf1ff6de8_c.jpg\",\"contentUrl\":\"https:\/\/live.staticflickr.com\/65535\/52085639070_3cf1ff6de8_c.jpg\"},{\"@type\":\"BreadcrumbList\",\"@id\":\"https:\/\/www.noticiasradioreflejos.com.ar\/2021\/funcionarios-del-ministerio-de-seguridad-visitaron-el-distrito\/#breadcrumb\",\"itemListElement\":[{\"@type\":\"ListItem\",\"position\":1,\"name\":\"Portada\",\"item\":\"https:\/\/www.noticiasradioreflejos.com.ar\/2021\/\"},{\"@type\":\"ListItem\",\"position\":2,\"name\":\"Funcionarios del Ministerio de Seguridad visitaron el distrito\"}]},{\"@type\":\"WebSite\",\"@id\":\"https:\/\/www.noticiasradioreflejos.com.ar\/2021\/#website\",\"url\":\"https:\/\/www.noticiasradioreflejos.com.ar\/2021\/\",\"name\":\"Noticias Radio Reflejos\",\"description\":\"Las noticias de mi comarca\",\"potentialAction\":[{\"@type\":\"SearchAction\",\"target\":{\"@type\":\"EntryPoint\",\"urlTemplate\":\"https:\/\/www.noticiasradioreflejos.com.ar\/2021\/?s={search_term_string}\"},\"query-input\":{\"@type\":\"PropertyValueSpecification\",\"valueRequired\":true,\"valueName\":\"search_term_string\"}}],\"inLanguage\":\"es\"},{\"@type\":\"Person\",\"@id\":\"https:\/\/www.noticiasradioreflejos.com.ar\/2021\/#\/schema\/person\/ad82545263dcc5ec0996818884fd5fb1\",\"name\":\"Arnaldo Botto\",\"image\":{\"@type\":\"ImageObject\",\"inLanguage\":\"es\",\"@id\":\"https:\/\/www.noticiasradioreflejos.com.ar\/2021\/#\/schema\/person\/image\/\",\"url\":\"https:\/\/secure.gravatar.com\/avatar\/55cb5e37c1efa326397366e6974cb338056df65cb50e7d64d1cf314e87504837?s=96&d=mm&r=g\",\"contentUrl\":\"https:\/\/secure.gravatar.com\/avatar\/55cb5e37c1efa326397366e6974cb338056df65cb50e7d64d1cf314e87504837?s=96&d=mm&r=g\",\"caption\":\"Arnaldo Botto\"},\"url\":\"https:\/\/www.noticiasradioreflejos.com.ar\/2021\/author\/arnaldo\/\"}]}<\/script>\n<!-- \/ Yoast SEO plugin. -->","yoast_head_json":{"title":"Funcionarios del Ministerio de Seguridad visitaron el distrito - Noticias Radio Reflejos","robots":{"index":"index","follow":"follow","max-snippet":"max-snippet:-1","max-image-preview":"max-image-preview:large","max-video-preview":"max-video-preview:-1"},"canonical":"https:\/\/www.noticiasradioreflejos.com.ar\/2021\/funcionarios-del-ministerio-de-seguridad-visitaron-el-distrito\/","og_locale":"es_ES","og_type":"article","og_title":"Funcionarios del Ministerio de Seguridad visitaron el distrito - Noticias Radio Reflejos","og_description":"El intendente municipal Sergio Bordoni, junto al Secretario de Gobierno y Seguridad Ezequiel Gabella, recibieron hoy por la ma\u00f1ana al Director de Cooperaci\u00f3n para el Fortalecimiento de la Seguridad, Adri\u00e1n Pereyra y al Director de la Subsecretar\u00eda de Articulaci\u00f3n Institucional del Ministerio de Seguridad de la Provincia de Buenos Aires, para conversar y coordinar temas [&hellip;]","og_url":"https:\/\/www.noticiasradioreflejos.com.ar\/2021\/funcionarios-del-ministerio-de-seguridad-visitaron-el-distrito\/","og_site_name":"Noticias Radio Reflejos","article_published_time":"2022-05-19T20:20:56+00:00","article_modified_time":"2022-05-19T20:51:22+00:00","og_image":[{"url":"https:\/\/live.staticflickr.com\/65535\/52085639070_3cf1ff6de8_c.jpg","type":"","width":"","height":""}],"author":"Arnaldo Botto","twitter_card":"summary_large_image","schema":{"@context":"https:\/\/schema.org","@graph":[{"@type":"WebPage","@id":"https:\/\/www.noticiasradioreflejos.com.ar\/2021\/funcionarios-del-ministerio-de-seguridad-visitaron-el-distrito\/","url":"https:\/\/www.noticiasradioreflejos.com.ar\/2021\/funcionarios-del-ministerio-de-seguridad-visitaron-el-distrito\/","name":"Funcionarios del Ministerio de Seguridad visitaron el distrito - Noticias Radio Reflejos","isPartOf":{"@id":"https:\/\/www.noticiasradioreflejos.com.ar\/2021\/#website"},"primaryImageOfPage":{"@id":"https:\/\/www.noticiasradioreflejos.com.ar\/2021\/funcionarios-del-ministerio-de-seguridad-visitaron-el-distrito\/#primaryimage"},"image":{"@id":"https:\/\/www.noticiasradioreflejos.com.ar\/2021\/funcionarios-del-ministerio-de-seguridad-visitaron-el-distrito\/#primaryimage"},"thumbnailUrl":"https:\/\/live.staticflickr.com\/65535\/52085639070_3cf1ff6de8_c.jpg","datePublished":"2022-05-19T20:20:56+00:00","dateModified":"2022-05-19T20:51:22+00:00","author":{"@id":"https:\/\/www.noticiasradioreflejos.com.ar\/2021\/#\/schema\/person\/ad82545263dcc5ec0996818884fd5fb1"},"breadcrumb":{"@id":"https:\/\/www.noticiasradioreflejos.com.ar\/2021\/funcionarios-del-ministerio-de-seguridad-visitaron-el-distrito\/#breadcrumb"},"inLanguage":"es","potentialAction":[{"@type":"ReadAction","target":["https:\/\/www.noticiasradioreflejos.com.ar\/2021\/funcionarios-del-ministerio-de-seguridad-visitaron-el-distrito\/"]}]},{"@type":"ImageObject","inLanguage":"es","@id":"https:\/\/www.noticiasradioreflejos.com.ar\/2021\/funcionarios-del-ministerio-de-seguridad-visitaron-el-distrito\/#primaryimage","url":"https:\/\/live.staticflickr.com\/65535\/52085639070_3cf1ff6de8_c.jpg","contentUrl":"https:\/\/live.staticflickr.com\/65535\/52085639070_3cf1ff6de8_c.jpg"},{"@type":"BreadcrumbList","@id":"https:\/\/www.noticiasradioreflejos.com.ar\/2021\/funcionarios-del-ministerio-de-seguridad-visitaron-el-distrito\/#breadcrumb","itemListElement":[{"@type":"ListItem","position":1,"name":"Portada","item":"https:\/\/www.noticiasradioreflejos.com.ar\/2021\/"},{"@type":"ListItem","position":2,"name":"Funcionarios del Ministerio de Seguridad visitaron el distrito"}]},{"@type":"WebSite","@id":"https:\/\/www.noticiasradioreflejos.com.ar\/2021\/#website","url":"https:\/\/www.noticiasradioreflejos.com.ar\/2021\/","name":"Noticias Radio Reflejos","description":"Las noticias de mi comarca","potentialAction":[{"@type":"SearchAction","target":{"@type":"EntryPoint","urlTemplate":"https:\/\/www.noticiasradioreflejos.com.ar\/2021\/?s={search_term_string}"},"query-input":{"@type":"PropertyValueSpecification","valueRequired":true,"valueName":"search_term_string"}}],"inLanguage":"es"},{"@type":"Person","@id":"https:\/\/www.noticiasradioreflejos.com.ar\/2021\/#\/schema\/person\/ad82545263dcc5ec0996818884fd5fb1","name":"Arnaldo Botto","image":{"@type":"ImageObject","inLanguage":"es","@id":"https:\/\/www.noticiasradioreflejos.com.ar\/2021\/#\/schema\/person\/image\/","url":"https:\/\/secure.gravatar.com\/avatar\/55cb5e37c1efa326397366e6974cb338056df65cb50e7d64d1cf314e87504837?s=96&d=mm&r=g","contentUrl":"https:\/\/secure.gravatar.com\/avatar\/55cb5e37c1efa326397366e6974cb338056df65cb50e7d64d1cf314e87504837?s=96&d=mm&r=g","caption":"Arnaldo Botto"},"url":"https:\/\/www.noticiasradioreflejos.com.ar\/2021\/author\/arnaldo\/"}]}},"_links":{"self":[{"href":"https:\/\/www.noticiasradioreflejos.com.ar\/2021\/wp-json\/wp\/v2\/posts\/72239","targetHints":{"allow":["GET"]}}],"collection":[{"href":"https:\/\/www.noticiasradioreflejos.com.ar\/2021\/wp-json\/wp\/v2\/posts"}],"about":[{"href":"https:\/\/www.noticiasradioreflejos.com.ar\/2021\/wp-json\/wp\/v2\/types\/post"}],"author":[{"embeddable":true,"href":"https:\/\/www.noticiasradioreflejos.com.ar\/2021\/wp-json\/wp\/v2\/users\/3"}],"replies":[{"embeddable":true,"href":"https:\/\/www.noticiasradioreflejos.com.ar\/2021\/wp-json\/wp\/v2\/comments?post=72239"}],"version-history":[{"count":3,"href":"https:\/\/www.noticiasradioreflejos.com.ar\/2021\/wp-json\/wp\/v2\/posts\/72239\/revisions"}],"predecessor-version":[{"id":72243,"href":"https:\/\/www.noticiasradioreflejos.com.ar\/2021\/wp-json\/wp\/v2\/posts\/72239\/revisions\/72243"}],"wp:attachment":[{"href":"https:\/\/www.noticiasradioreflejos.com.ar\/2021\/wp-json\/wp\/v2\/media?parent=72239"}],"wp:term":[{"taxonomy":"category","embeddable":true,"href":"https:\/\/www.noticiasradioreflejos.com.ar\/2021\/wp-json\/wp\/v2\/categories?post=72239"},{"taxonomy":"post_tag","embeddable":true,"href":"https:\/\/www.noticiasradioreflejos.com.ar\/2021\/wp-json\/wp\/v2\/tags?post=72239"}],"curies":[{"name":"wp","href":"https:\/\/api.w.org\/{rel}","templated":true}]}}