{"id":72236,"date":"2022-05-19T19:29:42","date_gmt":"2022-05-19T19:29:42","guid":{"rendered":"http:\/\/www.noticiasradioreflejos.com.ar\/2021\/?p=72236"},"modified":"2022-05-19T19:29:42","modified_gmt":"2022-05-19T19:29:42","slug":"incidente-de-transito-entre-un-renault-megane-y-una-gilera-en-bahia-blanca","status":"publish","type":"post","link":"https:\/\/www.noticiasradioreflejos.com.ar\/2021\/incidente-de-transito-entre-un-renault-megane-y-una-gilera-en-bahia-blanca\/","title":{"rendered":"Incidente de tr\u00e1nsito entre un Renault Megane y una Gilera en Bah\u00eda Blanca"},"content":{"rendered":"<p>Siendo las 13:35 hs aproximadamente, se produjo un incidente de tr\u00e1nsito en Avda. Colon 1470. <!--more--><\/p>\n<p><a data-flickr-embed=\"true\" href=\"https:\/\/www.flickr.com\/photos\/182279889@N02\/52085044971\/in\/dateposted-public\/\" title=\"WhatsApp Image 2022-05-19 at 4.04.03 PM (1)\"><img loading=\"lazy\" decoding=\"async\" src=\"https:\/\/live.staticflickr.com\/65535\/52085044971_798f411970_c.jpg\" width=\"800\" height=\"450\" alt=\"WhatsApp Image 2022-05-19 at 4.04.03 PM (1)\"><\/a><script async src=\"\/\/embedr.flickr.com\/assets\/client-code.js\" charset=\"utf-8\"><\/script><\/p>\n<p>En el lugar colisionaron un autom\u00f3vil marca Renault Megane conducido por una Sra. de 51 a\u00f1os y una moto marca Gilera 110 cc que llevaba un carro enganchado conducida por un Sr. de 30 a\u00f1os que era acompa\u00f1ado por otro Sr. de 33 a\u00f1os. <\/p>\n<p><a data-flickr-embed=\"true\" href=\"https:\/\/www.flickr.com\/photos\/182279889@N02\/52085044961\/in\/dateposted-public\/\" title=\"WhatsApp Image 2022-05-19 at 4.04.03 PM\"><img loading=\"lazy\" decoding=\"async\" src=\"https:\/\/live.staticflickr.com\/65535\/52085044961_212455a3ca_c.jpg\" width=\"800\" height=\"450\" alt=\"WhatsApp Image 2022-05-19 at 4.04.03 PM\"><\/a><script async src=\"\/\/embedr.flickr.com\/assets\/client-code.js\" charset=\"utf-8\"><\/script><\/p>\n<p>Producto del impacto la moto termina su marcha contra un autom\u00f3vil marca Fiat Siena que se encontraba estacionado. Los ocupantes de la moto fueron atendidos en el lugar por una ambulancia del servicio SIEMPRE sin necesidad de traslado.  Personal de Transito Urbano realiz\u00f3 los controles de alcoholemia con resultados negativos. <\/p>\n<p>Trabaj\u00f3 Polic\u00eda del Comando de Patrulla y guardia de Defensa Civil.<\/p>\n<p><a data-flickr-embed=\"true\" href=\"https:\/\/www.flickr.com\/photos\/182279889@N02\/52084010907\/in\/dateposted-public\/\" title=\"WhatsApp Image 2022-05-19 at 4.04.01 PM\"><img loading=\"lazy\" decoding=\"async\" src=\"https:\/\/live.staticflickr.com\/65535\/52084010907_364158ecba_c.jpg\" width=\"800\" height=\"450\" alt=\"WhatsApp Image 2022-05-19 at 4.04.01 PM\"><\/a><script async src=\"\/\/embedr.flickr.com\/assets\/client-code.js\" charset=\"utf-8\"><\/script><\/p>\n","protected":false},"excerpt":{"rendered":"<p>Siendo las 13:35 hs aproximadamente, se produjo un incidente de tr\u00e1nsito en Avda. Colon 1470.<\/p>\n","protected":false},"author":3,"featured_media":0,"comment_status":"closed","ping_status":"closed","sticky":false,"template":"","format":"standard","meta":{"footnotes":""},"categories":[29],"tags":[],"class_list":["post-72236","post","type-post","status-publish","format-standard","hentry","category-policiales"],"yoast_head":"<!-- This site is optimized with the Yoast SEO plugin v25.9 - https:\/\/yoast.com\/wordpress\/plugins\/seo\/ -->\n<title>Incidente de tr\u00e1nsito entre un Renault Megane y una Gilera en Bah\u00eda Blanca - Noticias Radio Reflejos<\/title>\n<meta name=\"robots\" content=\"index, follow, max-snippet:-1, max-image-preview:large, max-video-preview:-1\" \/>\n<link rel=\"canonical\" href=\"https:\/\/www.noticiasradioreflejos.com.ar\/2021\/incidente-de-transito-entre-un-renault-megane-y-una-gilera-en-bahia-blanca\/\" \/>\n<meta property=\"og:locale\" content=\"es_ES\" \/>\n<meta property=\"og:type\" content=\"article\" \/>\n<meta property=\"og:title\" content=\"Incidente de tr\u00e1nsito entre un Renault Megane y una Gilera en Bah\u00eda Blanca - Noticias Radio Reflejos\" \/>\n<meta property=\"og:description\" content=\"Siendo las 13:35 hs aproximadamente, se produjo un incidente de tr\u00e1nsito en Avda. Colon 1470.\" \/>\n<meta property=\"og:url\" content=\"https:\/\/www.noticiasradioreflejos.com.ar\/2021\/incidente-de-transito-entre-un-renault-megane-y-una-gilera-en-bahia-blanca\/\" \/>\n<meta property=\"og:site_name\" content=\"Noticias Radio Reflejos\" \/>\n<meta property=\"article:published_time\" content=\"2022-05-19T19:29:42+00:00\" \/>\n<meta property=\"og:image\" content=\"https:\/\/live.staticflickr.com\/65535\/52085044971_798f411970_c.jpg\" \/>\n<meta name=\"author\" content=\"Arnaldo Botto\" \/>\n<meta name=\"twitter:card\" content=\"summary_large_image\" \/>\n<script type=\"application\/ld+json\" class=\"yoast-schema-graph\">{\"@context\":\"https:\/\/schema.org\",\"@graph\":[{\"@type\":\"WebPage\",\"@id\":\"https:\/\/www.noticiasradioreflejos.com.ar\/2021\/incidente-de-transito-entre-un-renault-megane-y-una-gilera-en-bahia-blanca\/\",\"url\":\"https:\/\/www.noticiasradioreflejos.com.ar\/2021\/incidente-de-transito-entre-un-renault-megane-y-una-gilera-en-bahia-blanca\/\",\"name\":\"Incidente de tr\u00e1nsito entre un Renault Megane y una Gilera en Bah\u00eda Blanca - Noticias Radio Reflejos\",\"isPartOf\":{\"@id\":\"https:\/\/www.noticiasradioreflejos.com.ar\/2021\/#website\"},\"primaryImageOfPage\":{\"@id\":\"https:\/\/www.noticiasradioreflejos.com.ar\/2021\/incidente-de-transito-entre-un-renault-megane-y-una-gilera-en-bahia-blanca\/#primaryimage\"},\"image\":{\"@id\":\"https:\/\/www.noticiasradioreflejos.com.ar\/2021\/incidente-de-transito-entre-un-renault-megane-y-una-gilera-en-bahia-blanca\/#primaryimage\"},\"thumbnailUrl\":\"https:\/\/live.staticflickr.com\/65535\/52085044971_798f411970_c.jpg\",\"datePublished\":\"2022-05-19T19:29:42+00:00\",\"author\":{\"@id\":\"https:\/\/www.noticiasradioreflejos.com.ar\/2021\/#\/schema\/person\/ad82545263dcc5ec0996818884fd5fb1\"},\"breadcrumb\":{\"@id\":\"https:\/\/www.noticiasradioreflejos.com.ar\/2021\/incidente-de-transito-entre-un-renault-megane-y-una-gilera-en-bahia-blanca\/#breadcrumb\"},\"inLanguage\":\"es\",\"potentialAction\":[{\"@type\":\"ReadAction\",\"target\":[\"https:\/\/www.noticiasradioreflejos.com.ar\/2021\/incidente-de-transito-entre-un-renault-megane-y-una-gilera-en-bahia-blanca\/\"]}]},{\"@type\":\"ImageObject\",\"inLanguage\":\"es\",\"@id\":\"https:\/\/www.noticiasradioreflejos.com.ar\/2021\/incidente-de-transito-entre-un-renault-megane-y-una-gilera-en-bahia-blanca\/#primaryimage\",\"url\":\"https:\/\/live.staticflickr.com\/65535\/52085044971_798f411970_c.jpg\",\"contentUrl\":\"https:\/\/live.staticflickr.com\/65535\/52085044971_798f411970_c.jpg\"},{\"@type\":\"BreadcrumbList\",\"@id\":\"https:\/\/www.noticiasradioreflejos.com.ar\/2021\/incidente-de-transito-entre-un-renault-megane-y-una-gilera-en-bahia-blanca\/#breadcrumb\",\"itemListElement\":[{\"@type\":\"ListItem\",\"position\":1,\"name\":\"Portada\",\"item\":\"https:\/\/www.noticiasradioreflejos.com.ar\/2021\/\"},{\"@type\":\"ListItem\",\"position\":2,\"name\":\"Incidente de tr\u00e1nsito entre un Renault Megane y una Gilera en Bah\u00eda Blanca\"}]},{\"@type\":\"WebSite\",\"@id\":\"https:\/\/www.noticiasradioreflejos.com.ar\/2021\/#website\",\"url\":\"https:\/\/www.noticiasradioreflejos.com.ar\/2021\/\",\"name\":\"Noticias Radio Reflejos\",\"description\":\"Las noticias de mi comarca\",\"potentialAction\":[{\"@type\":\"SearchAction\",\"target\":{\"@type\":\"EntryPoint\",\"urlTemplate\":\"https:\/\/www.noticiasradioreflejos.com.ar\/2021\/?s={search_term_string}\"},\"query-input\":{\"@type\":\"PropertyValueSpecification\",\"valueRequired\":true,\"valueName\":\"search_term_string\"}}],\"inLanguage\":\"es\"},{\"@type\":\"Person\",\"@id\":\"https:\/\/www.noticiasradioreflejos.com.ar\/2021\/#\/schema\/person\/ad82545263dcc5ec0996818884fd5fb1\",\"name\":\"Arnaldo Botto\",\"image\":{\"@type\":\"ImageObject\",\"inLanguage\":\"es\",\"@id\":\"https:\/\/www.noticiasradioreflejos.com.ar\/2021\/#\/schema\/person\/image\/\",\"url\":\"https:\/\/secure.gravatar.com\/avatar\/55cb5e37c1efa326397366e6974cb338056df65cb50e7d64d1cf314e87504837?s=96&d=mm&r=g\",\"contentUrl\":\"https:\/\/secure.gravatar.com\/avatar\/55cb5e37c1efa326397366e6974cb338056df65cb50e7d64d1cf314e87504837?s=96&d=mm&r=g\",\"caption\":\"Arnaldo Botto\"},\"url\":\"https:\/\/www.noticiasradioreflejos.com.ar\/2021\/author\/arnaldo\/\"}]}<\/script>\n<!-- \/ Yoast SEO plugin. -->","yoast_head_json":{"title":"Incidente de tr\u00e1nsito entre un Renault Megane y una Gilera en Bah\u00eda Blanca - Noticias Radio Reflejos","robots":{"index":"index","follow":"follow","max-snippet":"max-snippet:-1","max-image-preview":"max-image-preview:large","max-video-preview":"max-video-preview:-1"},"canonical":"https:\/\/www.noticiasradioreflejos.com.ar\/2021\/incidente-de-transito-entre-un-renault-megane-y-una-gilera-en-bahia-blanca\/","og_locale":"es_ES","og_type":"article","og_title":"Incidente de tr\u00e1nsito entre un Renault Megane y una Gilera en Bah\u00eda Blanca - Noticias Radio Reflejos","og_description":"Siendo las 13:35 hs aproximadamente, se produjo un incidente de tr\u00e1nsito en Avda. Colon 1470.","og_url":"https:\/\/www.noticiasradioreflejos.com.ar\/2021\/incidente-de-transito-entre-un-renault-megane-y-una-gilera-en-bahia-blanca\/","og_site_name":"Noticias Radio Reflejos","article_published_time":"2022-05-19T19:29:42+00:00","og_image":[{"url":"https:\/\/live.staticflickr.com\/65535\/52085044971_798f411970_c.jpg","type":"","width":"","height":""}],"author":"Arnaldo Botto","twitter_card":"summary_large_image","schema":{"@context":"https:\/\/schema.org","@graph":[{"@type":"WebPage","@id":"https:\/\/www.noticiasradioreflejos.com.ar\/2021\/incidente-de-transito-entre-un-renault-megane-y-una-gilera-en-bahia-blanca\/","url":"https:\/\/www.noticiasradioreflejos.com.ar\/2021\/incidente-de-transito-entre-un-renault-megane-y-una-gilera-en-bahia-blanca\/","name":"Incidente de tr\u00e1nsito entre un Renault Megane y una Gilera en Bah\u00eda Blanca - Noticias Radio Reflejos","isPartOf":{"@id":"https:\/\/www.noticiasradioreflejos.com.ar\/2021\/#website"},"primaryImageOfPage":{"@id":"https:\/\/www.noticiasradioreflejos.com.ar\/2021\/incidente-de-transito-entre-un-renault-megane-y-una-gilera-en-bahia-blanca\/#primaryimage"},"image":{"@id":"https:\/\/www.noticiasradioreflejos.com.ar\/2021\/incidente-de-transito-entre-un-renault-megane-y-una-gilera-en-bahia-blanca\/#primaryimage"},"thumbnailUrl":"https:\/\/live.staticflickr.com\/65535\/52085044971_798f411970_c.jpg","datePublished":"2022-05-19T19:29:42+00:00","author":{"@id":"https:\/\/www.noticiasradioreflejos.com.ar\/2021\/#\/schema\/person\/ad82545263dcc5ec0996818884fd5fb1"},"breadcrumb":{"@id":"https:\/\/www.noticiasradioreflejos.com.ar\/2021\/incidente-de-transito-entre-un-renault-megane-y-una-gilera-en-bahia-blanca\/#breadcrumb"},"inLanguage":"es","potentialAction":[{"@type":"ReadAction","target":["https:\/\/www.noticiasradioreflejos.com.ar\/2021\/incidente-de-transito-entre-un-renault-megane-y-una-gilera-en-bahia-blanca\/"]}]},{"@type":"ImageObject","inLanguage":"es","@id":"https:\/\/www.noticiasradioreflejos.com.ar\/2021\/incidente-de-transito-entre-un-renault-megane-y-una-gilera-en-bahia-blanca\/#primaryimage","url":"https:\/\/live.staticflickr.com\/65535\/52085044971_798f411970_c.jpg","contentUrl":"https:\/\/live.staticflickr.com\/65535\/52085044971_798f411970_c.jpg"},{"@type":"BreadcrumbList","@id":"https:\/\/www.noticiasradioreflejos.com.ar\/2021\/incidente-de-transito-entre-un-renault-megane-y-una-gilera-en-bahia-blanca\/#breadcrumb","itemListElement":[{"@type":"ListItem","position":1,"name":"Portada","item":"https:\/\/www.noticiasradioreflejos.com.ar\/2021\/"},{"@type":"ListItem","position":2,"name":"Incidente de tr\u00e1nsito entre un Renault Megane y una Gilera en Bah\u00eda Blanca"}]},{"@type":"WebSite","@id":"https:\/\/www.noticiasradioreflejos.com.ar\/2021\/#website","url":"https:\/\/www.noticiasradioreflejos.com.ar\/2021\/","name":"Noticias Radio Reflejos","description":"Las noticias de mi comarca","potentialAction":[{"@type":"SearchAction","target":{"@type":"EntryPoint","urlTemplate":"https:\/\/www.noticiasradioreflejos.com.ar\/2021\/?s={search_term_string}"},"query-input":{"@type":"PropertyValueSpecification","valueRequired":true,"valueName":"search_term_string"}}],"inLanguage":"es"},{"@type":"Person","@id":"https:\/\/www.noticiasradioreflejos.com.ar\/2021\/#\/schema\/person\/ad82545263dcc5ec0996818884fd5fb1","name":"Arnaldo Botto","image":{"@type":"ImageObject","inLanguage":"es","@id":"https:\/\/www.noticiasradioreflejos.com.ar\/2021\/#\/schema\/person\/image\/","url":"https:\/\/secure.gravatar.com\/avatar\/55cb5e37c1efa326397366e6974cb338056df65cb50e7d64d1cf314e87504837?s=96&d=mm&r=g","contentUrl":"https:\/\/secure.gravatar.com\/avatar\/55cb5e37c1efa326397366e6974cb338056df65cb50e7d64d1cf314e87504837?s=96&d=mm&r=g","caption":"Arnaldo Botto"},"url":"https:\/\/www.noticiasradioreflejos.com.ar\/2021\/author\/arnaldo\/"}]}},"_links":{"self":[{"href":"https:\/\/www.noticiasradioreflejos.com.ar\/2021\/wp-json\/wp\/v2\/posts\/72236","targetHints":{"allow":["GET"]}}],"collection":[{"href":"https:\/\/www.noticiasradioreflejos.com.ar\/2021\/wp-json\/wp\/v2\/posts"}],"about":[{"href":"https:\/\/www.noticiasradioreflejos.com.ar\/2021\/wp-json\/wp\/v2\/types\/post"}],"author":[{"embeddable":true,"href":"https:\/\/www.noticiasradioreflejos.com.ar\/2021\/wp-json\/wp\/v2\/users\/3"}],"replies":[{"embeddable":true,"href":"https:\/\/www.noticiasradioreflejos.com.ar\/2021\/wp-json\/wp\/v2\/comments?post=72236"}],"version-history":[{"count":1,"href":"https:\/\/www.noticiasradioreflejos.com.ar\/2021\/wp-json\/wp\/v2\/posts\/72236\/revisions"}],"predecessor-version":[{"id":72238,"href":"https:\/\/www.noticiasradioreflejos.com.ar\/2021\/wp-json\/wp\/v2\/posts\/72236\/revisions\/72238"}],"wp:attachment":[{"href":"https:\/\/www.noticiasradioreflejos.com.ar\/2021\/wp-json\/wp\/v2\/media?parent=72236"}],"wp:term":[{"taxonomy":"category","embeddable":true,"href":"https:\/\/www.noticiasradioreflejos.com.ar\/2021\/wp-json\/wp\/v2\/categories?post=72236"},{"taxonomy":"post_tag","embeddable":true,"href":"https:\/\/www.noticiasradioreflejos.com.ar\/2021\/wp-json\/wp\/v2\/tags?post=72236"}],"curies":[{"name":"wp","href":"https:\/\/api.w.org\/{rel}","templated":true}]}}