{"id":72232,"date":"2022-05-19T19:14:22","date_gmt":"2022-05-19T19:14:22","guid":{"rendered":"http:\/\/www.noticiasradioreflejos.com.ar\/2021\/?p=72232"},"modified":"2022-05-19T19:14:22","modified_gmt":"2022-05-19T19:14:22","slug":"volvieron-a-habilitarse-los-puntos-digitales-en-el-distrito-para-completar-el-censo-2022","status":"publish","type":"post","link":"https:\/\/www.noticiasradioreflejos.com.ar\/2021\/volvieron-a-habilitarse-los-puntos-digitales-en-el-distrito-para-completar-el-censo-2022\/","title":{"rendered":"Volvieron a habilitarse los Puntos Digitales en el distrito para completar el Censo 2022"},"content":{"rendered":"<p>Tornquist Municipio informa que, en el marco de la disposici\u00f3n del INDEC de mantener disponible el Censo Digital 2022 para aquellos que a\u00fan no fueron censados, volvieron a ser habilitados los puntos digitales en el distrito:<!--more--><\/p>\n<p>-Tornquist: Oficina de Turismo de 14 a 18hs, de lunes a viernes. <\/p>\n<p>-Chasic\u00f3: Delegaci\u00f3n Municipal de 7 a 13hs, de lunes a viernes. <\/p>\n<p>-Saldungaray: Delegaci\u00f3n Municipal de 10 a 13hs, de lunes a viernes <\/p>\n<p>-Villa Ventana: Delegaci\u00f3n Municipal de 15 a 17hs, los martes y de 12 a 14hs los d\u00edas s\u00e1bados. <\/p>\n<p>-Sierra de la Ventana: Centro Cultural de 14 a 18hs, de lunes a viernes. <\/p>\n<p>Deber\u00e1n acercarse con DNI propio y llevar la siguiente informaci\u00f3n de quienes viven en su domicilio: nombre y apellido, n\u00famero de DNI y fecha de nacimiento <\/p>\n<p><a data-flickr-embed=\"true\" href=\"https:\/\/www.flickr.com\/photos\/182279889@N02\/52083981942\/in\/dateposted-public\/\" title=\"Puntos censo digital\"><img loading=\"lazy\" decoding=\"async\" src=\"https:\/\/live.staticflickr.com\/65535\/52083981942_aa4110465e_c.jpg\" width=\"800\" height=\"800\" alt=\"Puntos censo digital\"><\/a><script async src=\"\/\/embedr.flickr.com\/assets\/client-code.js\" charset=\"utf-8\"><\/script><\/p>\n","protected":false},"excerpt":{"rendered":"<p>Tornquist Municipio informa que, en el marco de la disposici\u00f3n del INDEC de mantener disponible el Censo Digital 2022 para aquellos que a\u00fan no fueron censados, volvieron a ser habilitados los puntos digitales en el distrito:<\/p>\n","protected":false},"author":3,"featured_media":0,"comment_status":"closed","ping_status":"closed","sticky":false,"template":"","format":"standard","meta":{"footnotes":""},"categories":[28],"tags":[],"class_list":["post-72232","post","type-post","status-publish","format-standard","hentry","category-municipales"],"yoast_head":"<!-- This site is optimized with the Yoast SEO plugin v25.9 - https:\/\/yoast.com\/wordpress\/plugins\/seo\/ -->\n<title>Volvieron a habilitarse los Puntos Digitales en el distrito para completar el Censo 2022 - Noticias Radio Reflejos<\/title>\n<meta name=\"robots\" content=\"index, follow, max-snippet:-1, max-image-preview:large, max-video-preview:-1\" \/>\n<link rel=\"canonical\" href=\"https:\/\/www.noticiasradioreflejos.com.ar\/2021\/volvieron-a-habilitarse-los-puntos-digitales-en-el-distrito-para-completar-el-censo-2022\/\" \/>\n<meta property=\"og:locale\" content=\"es_ES\" \/>\n<meta property=\"og:type\" content=\"article\" \/>\n<meta property=\"og:title\" content=\"Volvieron a habilitarse los Puntos Digitales en el distrito para completar el Censo 2022 - Noticias Radio Reflejos\" \/>\n<meta property=\"og:description\" content=\"Tornquist Municipio informa que, en el marco de la disposici\u00f3n del INDEC de mantener disponible el Censo Digital 2022 para aquellos que a\u00fan no fueron censados, volvieron a ser habilitados los puntos digitales en el distrito:\" \/>\n<meta property=\"og:url\" content=\"https:\/\/www.noticiasradioreflejos.com.ar\/2021\/volvieron-a-habilitarse-los-puntos-digitales-en-el-distrito-para-completar-el-censo-2022\/\" \/>\n<meta property=\"og:site_name\" content=\"Noticias Radio Reflejos\" \/>\n<meta property=\"article:published_time\" content=\"2022-05-19T19:14:22+00:00\" \/>\n<meta property=\"og:image\" content=\"https:\/\/live.staticflickr.com\/65535\/52083981942_aa4110465e_c.jpg\" \/>\n<meta name=\"author\" content=\"Arnaldo Botto\" \/>\n<meta name=\"twitter:card\" content=\"summary_large_image\" \/>\n<script type=\"application\/ld+json\" class=\"yoast-schema-graph\">{\"@context\":\"https:\/\/schema.org\",\"@graph\":[{\"@type\":\"WebPage\",\"@id\":\"https:\/\/www.noticiasradioreflejos.com.ar\/2021\/volvieron-a-habilitarse-los-puntos-digitales-en-el-distrito-para-completar-el-censo-2022\/\",\"url\":\"https:\/\/www.noticiasradioreflejos.com.ar\/2021\/volvieron-a-habilitarse-los-puntos-digitales-en-el-distrito-para-completar-el-censo-2022\/\",\"name\":\"Volvieron a habilitarse los Puntos Digitales en el distrito para completar el Censo 2022 - Noticias Radio Reflejos\",\"isPartOf\":{\"@id\":\"https:\/\/www.noticiasradioreflejos.com.ar\/2021\/#website\"},\"primaryImageOfPage\":{\"@id\":\"https:\/\/www.noticiasradioreflejos.com.ar\/2021\/volvieron-a-habilitarse-los-puntos-digitales-en-el-distrito-para-completar-el-censo-2022\/#primaryimage\"},\"image\":{\"@id\":\"https:\/\/www.noticiasradioreflejos.com.ar\/2021\/volvieron-a-habilitarse-los-puntos-digitales-en-el-distrito-para-completar-el-censo-2022\/#primaryimage\"},\"thumbnailUrl\":\"https:\/\/live.staticflickr.com\/65535\/52083981942_aa4110465e_c.jpg\",\"datePublished\":\"2022-05-19T19:14:22+00:00\",\"author\":{\"@id\":\"https:\/\/www.noticiasradioreflejos.com.ar\/2021\/#\/schema\/person\/ad82545263dcc5ec0996818884fd5fb1\"},\"breadcrumb\":{\"@id\":\"https:\/\/www.noticiasradioreflejos.com.ar\/2021\/volvieron-a-habilitarse-los-puntos-digitales-en-el-distrito-para-completar-el-censo-2022\/#breadcrumb\"},\"inLanguage\":\"es\",\"potentialAction\":[{\"@type\":\"ReadAction\",\"target\":[\"https:\/\/www.noticiasradioreflejos.com.ar\/2021\/volvieron-a-habilitarse-los-puntos-digitales-en-el-distrito-para-completar-el-censo-2022\/\"]}]},{\"@type\":\"ImageObject\",\"inLanguage\":\"es\",\"@id\":\"https:\/\/www.noticiasradioreflejos.com.ar\/2021\/volvieron-a-habilitarse-los-puntos-digitales-en-el-distrito-para-completar-el-censo-2022\/#primaryimage\",\"url\":\"https:\/\/live.staticflickr.com\/65535\/52083981942_aa4110465e_c.jpg\",\"contentUrl\":\"https:\/\/live.staticflickr.com\/65535\/52083981942_aa4110465e_c.jpg\"},{\"@type\":\"BreadcrumbList\",\"@id\":\"https:\/\/www.noticiasradioreflejos.com.ar\/2021\/volvieron-a-habilitarse-los-puntos-digitales-en-el-distrito-para-completar-el-censo-2022\/#breadcrumb\",\"itemListElement\":[{\"@type\":\"ListItem\",\"position\":1,\"name\":\"Portada\",\"item\":\"https:\/\/www.noticiasradioreflejos.com.ar\/2021\/\"},{\"@type\":\"ListItem\",\"position\":2,\"name\":\"Volvieron a habilitarse los Puntos Digitales en el distrito para completar el Censo 2022\"}]},{\"@type\":\"WebSite\",\"@id\":\"https:\/\/www.noticiasradioreflejos.com.ar\/2021\/#website\",\"url\":\"https:\/\/www.noticiasradioreflejos.com.ar\/2021\/\",\"name\":\"Noticias Radio Reflejos\",\"description\":\"Las noticias de mi comarca\",\"potentialAction\":[{\"@type\":\"SearchAction\",\"target\":{\"@type\":\"EntryPoint\",\"urlTemplate\":\"https:\/\/www.noticiasradioreflejos.com.ar\/2021\/?s={search_term_string}\"},\"query-input\":{\"@type\":\"PropertyValueSpecification\",\"valueRequired\":true,\"valueName\":\"search_term_string\"}}],\"inLanguage\":\"es\"},{\"@type\":\"Person\",\"@id\":\"https:\/\/www.noticiasradioreflejos.com.ar\/2021\/#\/schema\/person\/ad82545263dcc5ec0996818884fd5fb1\",\"name\":\"Arnaldo Botto\",\"image\":{\"@type\":\"ImageObject\",\"inLanguage\":\"es\",\"@id\":\"https:\/\/www.noticiasradioreflejos.com.ar\/2021\/#\/schema\/person\/image\/\",\"url\":\"https:\/\/secure.gravatar.com\/avatar\/55cb5e37c1efa326397366e6974cb338056df65cb50e7d64d1cf314e87504837?s=96&d=mm&r=g\",\"contentUrl\":\"https:\/\/secure.gravatar.com\/avatar\/55cb5e37c1efa326397366e6974cb338056df65cb50e7d64d1cf314e87504837?s=96&d=mm&r=g\",\"caption\":\"Arnaldo Botto\"},\"url\":\"https:\/\/www.noticiasradioreflejos.com.ar\/2021\/author\/arnaldo\/\"}]}<\/script>\n<!-- \/ Yoast SEO plugin. -->","yoast_head_json":{"title":"Volvieron a habilitarse los Puntos Digitales en el distrito para completar el Censo 2022 - Noticias Radio Reflejos","robots":{"index":"index","follow":"follow","max-snippet":"max-snippet:-1","max-image-preview":"max-image-preview:large","max-video-preview":"max-video-preview:-1"},"canonical":"https:\/\/www.noticiasradioreflejos.com.ar\/2021\/volvieron-a-habilitarse-los-puntos-digitales-en-el-distrito-para-completar-el-censo-2022\/","og_locale":"es_ES","og_type":"article","og_title":"Volvieron a habilitarse los Puntos Digitales en el distrito para completar el Censo 2022 - Noticias Radio Reflejos","og_description":"Tornquist Municipio informa que, en el marco de la disposici\u00f3n del INDEC de mantener disponible el Censo Digital 2022 para aquellos que a\u00fan no fueron censados, volvieron a ser habilitados los puntos digitales en el distrito:","og_url":"https:\/\/www.noticiasradioreflejos.com.ar\/2021\/volvieron-a-habilitarse-los-puntos-digitales-en-el-distrito-para-completar-el-censo-2022\/","og_site_name":"Noticias Radio Reflejos","article_published_time":"2022-05-19T19:14:22+00:00","og_image":[{"url":"https:\/\/live.staticflickr.com\/65535\/52083981942_aa4110465e_c.jpg","type":"","width":"","height":""}],"author":"Arnaldo Botto","twitter_card":"summary_large_image","schema":{"@context":"https:\/\/schema.org","@graph":[{"@type":"WebPage","@id":"https:\/\/www.noticiasradioreflejos.com.ar\/2021\/volvieron-a-habilitarse-los-puntos-digitales-en-el-distrito-para-completar-el-censo-2022\/","url":"https:\/\/www.noticiasradioreflejos.com.ar\/2021\/volvieron-a-habilitarse-los-puntos-digitales-en-el-distrito-para-completar-el-censo-2022\/","name":"Volvieron a habilitarse los Puntos Digitales en el distrito para completar el Censo 2022 - Noticias Radio Reflejos","isPartOf":{"@id":"https:\/\/www.noticiasradioreflejos.com.ar\/2021\/#website"},"primaryImageOfPage":{"@id":"https:\/\/www.noticiasradioreflejos.com.ar\/2021\/volvieron-a-habilitarse-los-puntos-digitales-en-el-distrito-para-completar-el-censo-2022\/#primaryimage"},"image":{"@id":"https:\/\/www.noticiasradioreflejos.com.ar\/2021\/volvieron-a-habilitarse-los-puntos-digitales-en-el-distrito-para-completar-el-censo-2022\/#primaryimage"},"thumbnailUrl":"https:\/\/live.staticflickr.com\/65535\/52083981942_aa4110465e_c.jpg","datePublished":"2022-05-19T19:14:22+00:00","author":{"@id":"https:\/\/www.noticiasradioreflejos.com.ar\/2021\/#\/schema\/person\/ad82545263dcc5ec0996818884fd5fb1"},"breadcrumb":{"@id":"https:\/\/www.noticiasradioreflejos.com.ar\/2021\/volvieron-a-habilitarse-los-puntos-digitales-en-el-distrito-para-completar-el-censo-2022\/#breadcrumb"},"inLanguage":"es","potentialAction":[{"@type":"ReadAction","target":["https:\/\/www.noticiasradioreflejos.com.ar\/2021\/volvieron-a-habilitarse-los-puntos-digitales-en-el-distrito-para-completar-el-censo-2022\/"]}]},{"@type":"ImageObject","inLanguage":"es","@id":"https:\/\/www.noticiasradioreflejos.com.ar\/2021\/volvieron-a-habilitarse-los-puntos-digitales-en-el-distrito-para-completar-el-censo-2022\/#primaryimage","url":"https:\/\/live.staticflickr.com\/65535\/52083981942_aa4110465e_c.jpg","contentUrl":"https:\/\/live.staticflickr.com\/65535\/52083981942_aa4110465e_c.jpg"},{"@type":"BreadcrumbList","@id":"https:\/\/www.noticiasradioreflejos.com.ar\/2021\/volvieron-a-habilitarse-los-puntos-digitales-en-el-distrito-para-completar-el-censo-2022\/#breadcrumb","itemListElement":[{"@type":"ListItem","position":1,"name":"Portada","item":"https:\/\/www.noticiasradioreflejos.com.ar\/2021\/"},{"@type":"ListItem","position":2,"name":"Volvieron a habilitarse los Puntos Digitales en el distrito para completar el Censo 2022"}]},{"@type":"WebSite","@id":"https:\/\/www.noticiasradioreflejos.com.ar\/2021\/#website","url":"https:\/\/www.noticiasradioreflejos.com.ar\/2021\/","name":"Noticias Radio Reflejos","description":"Las noticias de mi comarca","potentialAction":[{"@type":"SearchAction","target":{"@type":"EntryPoint","urlTemplate":"https:\/\/www.noticiasradioreflejos.com.ar\/2021\/?s={search_term_string}"},"query-input":{"@type":"PropertyValueSpecification","valueRequired":true,"valueName":"search_term_string"}}],"inLanguage":"es"},{"@type":"Person","@id":"https:\/\/www.noticiasradioreflejos.com.ar\/2021\/#\/schema\/person\/ad82545263dcc5ec0996818884fd5fb1","name":"Arnaldo Botto","image":{"@type":"ImageObject","inLanguage":"es","@id":"https:\/\/www.noticiasradioreflejos.com.ar\/2021\/#\/schema\/person\/image\/","url":"https:\/\/secure.gravatar.com\/avatar\/55cb5e37c1efa326397366e6974cb338056df65cb50e7d64d1cf314e87504837?s=96&d=mm&r=g","contentUrl":"https:\/\/secure.gravatar.com\/avatar\/55cb5e37c1efa326397366e6974cb338056df65cb50e7d64d1cf314e87504837?s=96&d=mm&r=g","caption":"Arnaldo Botto"},"url":"https:\/\/www.noticiasradioreflejos.com.ar\/2021\/author\/arnaldo\/"}]}},"_links":{"self":[{"href":"https:\/\/www.noticiasradioreflejos.com.ar\/2021\/wp-json\/wp\/v2\/posts\/72232","targetHints":{"allow":["GET"]}}],"collection":[{"href":"https:\/\/www.noticiasradioreflejos.com.ar\/2021\/wp-json\/wp\/v2\/posts"}],"about":[{"href":"https:\/\/www.noticiasradioreflejos.com.ar\/2021\/wp-json\/wp\/v2\/types\/post"}],"author":[{"embeddable":true,"href":"https:\/\/www.noticiasradioreflejos.com.ar\/2021\/wp-json\/wp\/v2\/users\/3"}],"replies":[{"embeddable":true,"href":"https:\/\/www.noticiasradioreflejos.com.ar\/2021\/wp-json\/wp\/v2\/comments?post=72232"}],"version-history":[{"count":1,"href":"https:\/\/www.noticiasradioreflejos.com.ar\/2021\/wp-json\/wp\/v2\/posts\/72232\/revisions"}],"predecessor-version":[{"id":72233,"href":"https:\/\/www.noticiasradioreflejos.com.ar\/2021\/wp-json\/wp\/v2\/posts\/72232\/revisions\/72233"}],"wp:attachment":[{"href":"https:\/\/www.noticiasradioreflejos.com.ar\/2021\/wp-json\/wp\/v2\/media?parent=72232"}],"wp:term":[{"taxonomy":"category","embeddable":true,"href":"https:\/\/www.noticiasradioreflejos.com.ar\/2021\/wp-json\/wp\/v2\/categories?post=72232"},{"taxonomy":"post_tag","embeddable":true,"href":"https:\/\/www.noticiasradioreflejos.com.ar\/2021\/wp-json\/wp\/v2\/tags?post=72232"}],"curies":[{"name":"wp","href":"https:\/\/api.w.org\/{rel}","templated":true}]}}