{"id":72217,"date":"2022-05-19T17:39:02","date_gmt":"2022-05-19T17:39:02","guid":{"rendered":"http:\/\/www.noticiasradioreflejos.com.ar\/2021\/?p=72217"},"modified":"2022-05-19T17:39:02","modified_gmt":"2022-05-19T17:39:02","slug":"martin-donate-y-roxana-reyes-juraron-como-nuevos-miembros-del-consejo-de-la-magistratura","status":"publish","type":"post","link":"https:\/\/www.noticiasradioreflejos.com.ar\/2021\/martin-donate-y-roxana-reyes-juraron-como-nuevos-miembros-del-consejo-de-la-magistratura\/","title":{"rendered":"Mart\u00edn Do\u00f1ate y Roxana Reyes juraron como\u00a0nuevos miembros del Consejo de la Magistratura"},"content":{"rendered":"<div class=\"section-2-col article-header\">\n<div class=\"col 2-col\">\n<p>El ingreso de ambos como consejeros se concreta luego del rechazo del m\u00e1ximo tribunal a las objeciones a su designaci\u00f3n planteadas por el macrista Luis Juez y el oficialista Germ\u00e1n Mart\u00ednez. Los jueces desestimaron sus presentaciones por considerar sus nombramientos son incumbencia de las C\u00e1maras legislativas<\/p>\n<\/div>\n<\/div>\n<p><!--more--><\/p>\n<div class=\"section-2-col article-main-image\">\n<div class=\"col 1-col\">\n<div class=\"article-info\">\n<div class=\"social-media\">\n<p>&nbsp;<\/p>\n<\/div>\n<\/div>\n<\/div>\n<div class=\"col 2-col\">\n<div class=\"article-main-media-image__container\">\n<div class=\"image-wrapper\">\n<figure>\n<figure class=\"object-fit-block--contain intrinsic-container intrinsic-container-3x2\"><img decoding=\"async\" class=\" \" src=\"https:\/\/images.pagina12.com.ar\/styles\/focal_3_2_960x640\/public\/2022-05\/527811-g0088173.jpg?itok=RVqicrrF\" alt=\"\" \/><\/figure>\n<\/figure>\n<\/div>\n<\/div>\n<\/div>\n<\/div>\n<div class=\"section-2-col article-main-content\">\n<div class=\"col 1-col\"><\/div>\n<div class=\"col 2-col\">\n<div class=\"article-main-content article-text \">\n<p>El senador de Unidad Ciudadana\u00a0<b>Mart\u00edn Do\u00f1ate<\/b>\u00a0y la diputada nacional por la UCR\u00a0<b>Roxana Reyes<\/b>\u00a0juraron este jueves como\u00a0<b>nuevos miembros del Consejo de la Magistratura\u00a0<\/b>en representaci\u00f3n del Congreso, luego de que este martes<a href=\"https:\/\/www.pagina12.com.ar\/422260-consejo-de-la-magistratura-la-corte-suprema-acepto-la-design\">\u00a0la Corte Suprema de Justicia de la Naci\u00f3n resolviera, mediante la acordada 11\/2022, aceptar sus designaciones<\/a>, cuestionadas judicialmente.<\/p>\n<p>El presidente de la Corte Suprema de Justicia y titular del Consejo de la Magistratura, Horacio Rosatti, les tom\u00f3 juramento este jueves en el sal\u00f3n Bermejo del cuarto piso del Palacio de Justicia.\u00a0De esta manera, se formaliz\u00f3 el ingreso de los dos representantes pol\u00edticos, cuyas\u00a0<b>designaciones\u00a0<\/b>hab\u00edan sido\u00a0<b>objetadas judicialmente<\/b>\u00a0por el senador\u00a0<b>Luis Juez\u00a0<\/b>y el presidente del bloque oficialista en Diputados,<b>\u00a0Germ\u00e1n Mart\u00ednez<\/b>.<\/p>\n<div id=\"talkFireEvent\"><\/div>\n<p>En el caso de\u00a0<b>Juez<\/b>, el senador hab\u00eda presentado un per saltum para obtener la nulidad del decreto por el cual la Presidencia del Senado design\u00f3 a Do\u00f1ate como titular y a Guillermo Snopek como miembro suplente. Ocurri\u00f3 que el legislador hab\u00eda sido nominado por el bloque del PRO para ingresar al Consejo como representante de la segunda minor\u00eda de la C\u00e1mara alta pero luego<a href=\"https:\/\/www.pagina12.com.ar\/416331-movida-inesperada-por-el-consejo-de-la-magistratura\">\u00a0<b>el oficialismo dividi\u00f3 en dos a su bloque en el Senado<\/b>\u00a0<\/a>y as\u00ed uno de ellos pas\u00f3 a ser la nueva segunda minor\u00eda. Debido a esta modificaci\u00f3n, la vicepresidenta\u00a0<b>Cristina Fern\u00e1ndez de Kirchner design\u00f3 a Do\u00f1ate para ocupar ese puesto.<\/b><\/p>\n<p>Por otro lado,\u00a0<b>Mart\u00ednez\u00a0<\/b>hab\u00eda presentado un amparo para que se declarara nula la designaci\u00f3n de la diputada de la UCR, al considerar que dicha resoluci\u00f3n<b><a href=\"https:\/\/www.pagina12.com.ar\/416512-consejo-de-la-magistratura-german-martinez-le-pidio-a-sergio\">\u00a0\u201cdeja subrepresentado a mi bloque\u00bb<\/a><\/b>, en referencia a que a partir del ingreso de Reyes, Juntos por el Cambio tendr\u00e1 a dos de los cuatro representantes de Diputados ante el Consejo y el Frente de Todos s\u00f3lo uno.<\/p>\n<p>Do\u00f1ate y Reyes fueron oficializados por las autoridades de ambas C\u00e1maras legislativas hace casi un mes, el 20 de abril, d\u00eda en que juraron como consejeras las nuevas representantes<b>\u00a0Jimena de la Torre, Agustina D\u00edaz Cordero, Carina Pamela Tolosa y Mar\u00eda Fernanda V\u00e1zquez<\/b>, en representaci\u00f3n de los jueces, abogados y el sector acad\u00e9mico.<\/p>\n<p>Sin embargo,\u00a0<b>reci\u00e9n este martes los jueces de la Corte firmaron la acordada que los acepta como miembros plenos en el organismo constitucional.\u00a0<\/b>En los \u00faltimos d\u00edas, la Justicia federal en lo Contencioso Administrativo rechaz\u00f3 los recursos presentados tanto por Juez como por Mart\u00ednez para que se anularan las designaciones y si bien queda un pedido de \u00abper saltum\u00bb en la Corte presentado por el senador cordob\u00e9s, la acordada resuelve por anticipado esa pretensi\u00f3n y deja firme la decisi\u00f3n de sumar a los consejeros.<\/p>\n<p>En ambos casos, la Justicia estim\u00f3 que<b>\u00a0no eran temas pasibles de intervenci\u00f3n judicial porque pertenecen a la din\u00e1mica propia del Poder Legislativo<\/b>\u00a0y que no se daban las condiciones objetivas para conceder los recursos que se solicitaban.<\/p>\n<p>Con la jura de estos dos miembros,<b>\u00a0el Consejo quedar\u00e1 integrado como defini\u00f3 la Corte en su\u00a0<a href=\"https:\/\/www.pagina12.com.ar\/389732-la-corte-suprema-declaro-inconstitucional-la-actual-composic\">fallo de diciembre pasado<\/a><\/b>, que declar\u00f3 inconstitucional la integraci\u00f3n del organismo por un desbalance entre el sector t\u00e9cnico de jueces, abogados y acad\u00e9micos y el pol\u00edtico, integrado por legisladores y el representante del Poder Ejecutivo.<\/p>\n<\/div>\n<\/div>\n<\/div>\n","protected":false},"excerpt":{"rendered":"<p>El ingreso de ambos como consejeros se concreta luego del rechazo del m\u00e1ximo tribunal a las objeciones a su designaci\u00f3n planteadas por el macrista Luis Juez y el oficialista Germ\u00e1n Mart\u00ednez. Los jueces desestimaron sus presentaciones por considerar sus nombramientos son incumbencia de las C\u00e1maras legislativas<\/p>\n","protected":false},"author":3,"featured_media":0,"comment_status":"closed","ping_status":"closed","sticky":false,"template":"","format":"standard","meta":{"footnotes":""},"categories":[58,57],"tags":[],"class_list":["post-72217","post","type-post","status-publish","format-standard","hentry","category-gobierno","category-judiciales"],"yoast_head":"<!-- This site is optimized with the Yoast SEO plugin v25.9 - https:\/\/yoast.com\/wordpress\/plugins\/seo\/ -->\n<title>Mart\u00edn Do\u00f1ate y Roxana Reyes juraron como\u00a0nuevos miembros del Consejo de la Magistratura - Noticias Radio Reflejos<\/title>\n<meta name=\"robots\" content=\"index, follow, max-snippet:-1, max-image-preview:large, max-video-preview:-1\" \/>\n<link rel=\"canonical\" href=\"https:\/\/www.noticiasradioreflejos.com.ar\/2021\/martin-donate-y-roxana-reyes-juraron-como-nuevos-miembros-del-consejo-de-la-magistratura\/\" \/>\n<meta property=\"og:locale\" content=\"es_ES\" \/>\n<meta property=\"og:type\" content=\"article\" \/>\n<meta property=\"og:title\" content=\"Mart\u00edn Do\u00f1ate y Roxana Reyes juraron como\u00a0nuevos miembros del Consejo de la Magistratura - Noticias Radio Reflejos\" \/>\n<meta property=\"og:description\" content=\"El ingreso de ambos como consejeros se concreta luego del rechazo del m\u00e1ximo tribunal a las objeciones a su designaci\u00f3n planteadas por el macrista Luis Juez y el oficialista Germ\u00e1n Mart\u00ednez. Los jueces desestimaron sus presentaciones por considerar sus nombramientos son incumbencia de las C\u00e1maras legislativas\" \/>\n<meta property=\"og:url\" content=\"https:\/\/www.noticiasradioreflejos.com.ar\/2021\/martin-donate-y-roxana-reyes-juraron-como-nuevos-miembros-del-consejo-de-la-magistratura\/\" \/>\n<meta property=\"og:site_name\" content=\"Noticias Radio Reflejos\" \/>\n<meta property=\"article:published_time\" content=\"2022-05-19T17:39:02+00:00\" \/>\n<meta property=\"og:image\" content=\"https:\/\/images.pagina12.com.ar\/styles\/focal_3_2_960x640\/public\/2022-05\/527811-g0088173.jpg?itok=RVqicrrF\" \/>\n<meta name=\"author\" content=\"Arnaldo Botto\" \/>\n<meta name=\"twitter:card\" content=\"summary_large_image\" \/>\n<script type=\"application\/ld+json\" class=\"yoast-schema-graph\">{\"@context\":\"https:\/\/schema.org\",\"@graph\":[{\"@type\":\"WebPage\",\"@id\":\"https:\/\/www.noticiasradioreflejos.com.ar\/2021\/martin-donate-y-roxana-reyes-juraron-como-nuevos-miembros-del-consejo-de-la-magistratura\/\",\"url\":\"https:\/\/www.noticiasradioreflejos.com.ar\/2021\/martin-donate-y-roxana-reyes-juraron-como-nuevos-miembros-del-consejo-de-la-magistratura\/\",\"name\":\"Mart\u00edn Do\u00f1ate y Roxana Reyes juraron como\u00a0nuevos miembros del Consejo de la Magistratura - Noticias Radio Reflejos\",\"isPartOf\":{\"@id\":\"https:\/\/www.noticiasradioreflejos.com.ar\/2021\/#website\"},\"primaryImageOfPage\":{\"@id\":\"https:\/\/www.noticiasradioreflejos.com.ar\/2021\/martin-donate-y-roxana-reyes-juraron-como-nuevos-miembros-del-consejo-de-la-magistratura\/#primaryimage\"},\"image\":{\"@id\":\"https:\/\/www.noticiasradioreflejos.com.ar\/2021\/martin-donate-y-roxana-reyes-juraron-como-nuevos-miembros-del-consejo-de-la-magistratura\/#primaryimage\"},\"thumbnailUrl\":\"https:\/\/images.pagina12.com.ar\/styles\/focal_3_2_960x640\/public\/2022-05\/527811-g0088173.jpg?itok=RVqicrrF\",\"datePublished\":\"2022-05-19T17:39:02+00:00\",\"author\":{\"@id\":\"https:\/\/www.noticiasradioreflejos.com.ar\/2021\/#\/schema\/person\/ad82545263dcc5ec0996818884fd5fb1\"},\"breadcrumb\":{\"@id\":\"https:\/\/www.noticiasradioreflejos.com.ar\/2021\/martin-donate-y-roxana-reyes-juraron-como-nuevos-miembros-del-consejo-de-la-magistratura\/#breadcrumb\"},\"inLanguage\":\"es\",\"potentialAction\":[{\"@type\":\"ReadAction\",\"target\":[\"https:\/\/www.noticiasradioreflejos.com.ar\/2021\/martin-donate-y-roxana-reyes-juraron-como-nuevos-miembros-del-consejo-de-la-magistratura\/\"]}]},{\"@type\":\"ImageObject\",\"inLanguage\":\"es\",\"@id\":\"https:\/\/www.noticiasradioreflejos.com.ar\/2021\/martin-donate-y-roxana-reyes-juraron-como-nuevos-miembros-del-consejo-de-la-magistratura\/#primaryimage\",\"url\":\"https:\/\/images.pagina12.com.ar\/styles\/focal_3_2_960x640\/public\/2022-05\/527811-g0088173.jpg?itok=RVqicrrF\",\"contentUrl\":\"https:\/\/images.pagina12.com.ar\/styles\/focal_3_2_960x640\/public\/2022-05\/527811-g0088173.jpg?itok=RVqicrrF\"},{\"@type\":\"BreadcrumbList\",\"@id\":\"https:\/\/www.noticiasradioreflejos.com.ar\/2021\/martin-donate-y-roxana-reyes-juraron-como-nuevos-miembros-del-consejo-de-la-magistratura\/#breadcrumb\",\"itemListElement\":[{\"@type\":\"ListItem\",\"position\":1,\"name\":\"Portada\",\"item\":\"https:\/\/www.noticiasradioreflejos.com.ar\/2021\/\"},{\"@type\":\"ListItem\",\"position\":2,\"name\":\"Mart\u00edn Do\u00f1ate y Roxana Reyes juraron como\u00a0nuevos miembros del Consejo de la Magistratura\"}]},{\"@type\":\"WebSite\",\"@id\":\"https:\/\/www.noticiasradioreflejos.com.ar\/2021\/#website\",\"url\":\"https:\/\/www.noticiasradioreflejos.com.ar\/2021\/\",\"name\":\"Noticias Radio Reflejos\",\"description\":\"Las noticias de mi comarca\",\"potentialAction\":[{\"@type\":\"SearchAction\",\"target\":{\"@type\":\"EntryPoint\",\"urlTemplate\":\"https:\/\/www.noticiasradioreflejos.com.ar\/2021\/?s={search_term_string}\"},\"query-input\":{\"@type\":\"PropertyValueSpecification\",\"valueRequired\":true,\"valueName\":\"search_term_string\"}}],\"inLanguage\":\"es\"},{\"@type\":\"Person\",\"@id\":\"https:\/\/www.noticiasradioreflejos.com.ar\/2021\/#\/schema\/person\/ad82545263dcc5ec0996818884fd5fb1\",\"name\":\"Arnaldo Botto\",\"image\":{\"@type\":\"ImageObject\",\"inLanguage\":\"es\",\"@id\":\"https:\/\/www.noticiasradioreflejos.com.ar\/2021\/#\/schema\/person\/image\/\",\"url\":\"https:\/\/secure.gravatar.com\/avatar\/55cb5e37c1efa326397366e6974cb338056df65cb50e7d64d1cf314e87504837?s=96&d=mm&r=g\",\"contentUrl\":\"https:\/\/secure.gravatar.com\/avatar\/55cb5e37c1efa326397366e6974cb338056df65cb50e7d64d1cf314e87504837?s=96&d=mm&r=g\",\"caption\":\"Arnaldo Botto\"},\"url\":\"https:\/\/www.noticiasradioreflejos.com.ar\/2021\/author\/arnaldo\/\"}]}<\/script>\n<!-- \/ Yoast SEO plugin. -->","yoast_head_json":{"title":"Mart\u00edn Do\u00f1ate y Roxana Reyes juraron como\u00a0nuevos miembros del Consejo de la Magistratura - Noticias Radio Reflejos","robots":{"index":"index","follow":"follow","max-snippet":"max-snippet:-1","max-image-preview":"max-image-preview:large","max-video-preview":"max-video-preview:-1"},"canonical":"https:\/\/www.noticiasradioreflejos.com.ar\/2021\/martin-donate-y-roxana-reyes-juraron-como-nuevos-miembros-del-consejo-de-la-magistratura\/","og_locale":"es_ES","og_type":"article","og_title":"Mart\u00edn Do\u00f1ate y Roxana Reyes juraron como\u00a0nuevos miembros del Consejo de la Magistratura - Noticias Radio Reflejos","og_description":"El ingreso de ambos como consejeros se concreta luego del rechazo del m\u00e1ximo tribunal a las objeciones a su designaci\u00f3n planteadas por el macrista Luis Juez y el oficialista Germ\u00e1n Mart\u00ednez. Los jueces desestimaron sus presentaciones por considerar sus nombramientos son incumbencia de las C\u00e1maras legislativas","og_url":"https:\/\/www.noticiasradioreflejos.com.ar\/2021\/martin-donate-y-roxana-reyes-juraron-como-nuevos-miembros-del-consejo-de-la-magistratura\/","og_site_name":"Noticias Radio Reflejos","article_published_time":"2022-05-19T17:39:02+00:00","og_image":[{"url":"https:\/\/images.pagina12.com.ar\/styles\/focal_3_2_960x640\/public\/2022-05\/527811-g0088173.jpg?itok=RVqicrrF","type":"","width":"","height":""}],"author":"Arnaldo Botto","twitter_card":"summary_large_image","schema":{"@context":"https:\/\/schema.org","@graph":[{"@type":"WebPage","@id":"https:\/\/www.noticiasradioreflejos.com.ar\/2021\/martin-donate-y-roxana-reyes-juraron-como-nuevos-miembros-del-consejo-de-la-magistratura\/","url":"https:\/\/www.noticiasradioreflejos.com.ar\/2021\/martin-donate-y-roxana-reyes-juraron-como-nuevos-miembros-del-consejo-de-la-magistratura\/","name":"Mart\u00edn Do\u00f1ate y Roxana Reyes juraron como\u00a0nuevos miembros del Consejo de la Magistratura - Noticias Radio Reflejos","isPartOf":{"@id":"https:\/\/www.noticiasradioreflejos.com.ar\/2021\/#website"},"primaryImageOfPage":{"@id":"https:\/\/www.noticiasradioreflejos.com.ar\/2021\/martin-donate-y-roxana-reyes-juraron-como-nuevos-miembros-del-consejo-de-la-magistratura\/#primaryimage"},"image":{"@id":"https:\/\/www.noticiasradioreflejos.com.ar\/2021\/martin-donate-y-roxana-reyes-juraron-como-nuevos-miembros-del-consejo-de-la-magistratura\/#primaryimage"},"thumbnailUrl":"https:\/\/images.pagina12.com.ar\/styles\/focal_3_2_960x640\/public\/2022-05\/527811-g0088173.jpg?itok=RVqicrrF","datePublished":"2022-05-19T17:39:02+00:00","author":{"@id":"https:\/\/www.noticiasradioreflejos.com.ar\/2021\/#\/schema\/person\/ad82545263dcc5ec0996818884fd5fb1"},"breadcrumb":{"@id":"https:\/\/www.noticiasradioreflejos.com.ar\/2021\/martin-donate-y-roxana-reyes-juraron-como-nuevos-miembros-del-consejo-de-la-magistratura\/#breadcrumb"},"inLanguage":"es","potentialAction":[{"@type":"ReadAction","target":["https:\/\/www.noticiasradioreflejos.com.ar\/2021\/martin-donate-y-roxana-reyes-juraron-como-nuevos-miembros-del-consejo-de-la-magistratura\/"]}]},{"@type":"ImageObject","inLanguage":"es","@id":"https:\/\/www.noticiasradioreflejos.com.ar\/2021\/martin-donate-y-roxana-reyes-juraron-como-nuevos-miembros-del-consejo-de-la-magistratura\/#primaryimage","url":"https:\/\/images.pagina12.com.ar\/styles\/focal_3_2_960x640\/public\/2022-05\/527811-g0088173.jpg?itok=RVqicrrF","contentUrl":"https:\/\/images.pagina12.com.ar\/styles\/focal_3_2_960x640\/public\/2022-05\/527811-g0088173.jpg?itok=RVqicrrF"},{"@type":"BreadcrumbList","@id":"https:\/\/www.noticiasradioreflejos.com.ar\/2021\/martin-donate-y-roxana-reyes-juraron-como-nuevos-miembros-del-consejo-de-la-magistratura\/#breadcrumb","itemListElement":[{"@type":"ListItem","position":1,"name":"Portada","item":"https:\/\/www.noticiasradioreflejos.com.ar\/2021\/"},{"@type":"ListItem","position":2,"name":"Mart\u00edn Do\u00f1ate y Roxana Reyes juraron como\u00a0nuevos miembros del Consejo de la Magistratura"}]},{"@type":"WebSite","@id":"https:\/\/www.noticiasradioreflejos.com.ar\/2021\/#website","url":"https:\/\/www.noticiasradioreflejos.com.ar\/2021\/","name":"Noticias Radio Reflejos","description":"Las noticias de mi comarca","potentialAction":[{"@type":"SearchAction","target":{"@type":"EntryPoint","urlTemplate":"https:\/\/www.noticiasradioreflejos.com.ar\/2021\/?s={search_term_string}"},"query-input":{"@type":"PropertyValueSpecification","valueRequired":true,"valueName":"search_term_string"}}],"inLanguage":"es"},{"@type":"Person","@id":"https:\/\/www.noticiasradioreflejos.com.ar\/2021\/#\/schema\/person\/ad82545263dcc5ec0996818884fd5fb1","name":"Arnaldo Botto","image":{"@type":"ImageObject","inLanguage":"es","@id":"https:\/\/www.noticiasradioreflejos.com.ar\/2021\/#\/schema\/person\/image\/","url":"https:\/\/secure.gravatar.com\/avatar\/55cb5e37c1efa326397366e6974cb338056df65cb50e7d64d1cf314e87504837?s=96&d=mm&r=g","contentUrl":"https:\/\/secure.gravatar.com\/avatar\/55cb5e37c1efa326397366e6974cb338056df65cb50e7d64d1cf314e87504837?s=96&d=mm&r=g","caption":"Arnaldo Botto"},"url":"https:\/\/www.noticiasradioreflejos.com.ar\/2021\/author\/arnaldo\/"}]}},"_links":{"self":[{"href":"https:\/\/www.noticiasradioreflejos.com.ar\/2021\/wp-json\/wp\/v2\/posts\/72217","targetHints":{"allow":["GET"]}}],"collection":[{"href":"https:\/\/www.noticiasradioreflejos.com.ar\/2021\/wp-json\/wp\/v2\/posts"}],"about":[{"href":"https:\/\/www.noticiasradioreflejos.com.ar\/2021\/wp-json\/wp\/v2\/types\/post"}],"author":[{"embeddable":true,"href":"https:\/\/www.noticiasradioreflejos.com.ar\/2021\/wp-json\/wp\/v2\/users\/3"}],"replies":[{"embeddable":true,"href":"https:\/\/www.noticiasradioreflejos.com.ar\/2021\/wp-json\/wp\/v2\/comments?post=72217"}],"version-history":[{"count":1,"href":"https:\/\/www.noticiasradioreflejos.com.ar\/2021\/wp-json\/wp\/v2\/posts\/72217\/revisions"}],"predecessor-version":[{"id":72221,"href":"https:\/\/www.noticiasradioreflejos.com.ar\/2021\/wp-json\/wp\/v2\/posts\/72217\/revisions\/72221"}],"wp:attachment":[{"href":"https:\/\/www.noticiasradioreflejos.com.ar\/2021\/wp-json\/wp\/v2\/media?parent=72217"}],"wp:term":[{"taxonomy":"category","embeddable":true,"href":"https:\/\/www.noticiasradioreflejos.com.ar\/2021\/wp-json\/wp\/v2\/categories?post=72217"},{"taxonomy":"post_tag","embeddable":true,"href":"https:\/\/www.noticiasradioreflejos.com.ar\/2021\/wp-json\/wp\/v2\/tags?post=72217"}],"curies":[{"name":"wp","href":"https:\/\/api.w.org\/{rel}","templated":true}]}}