{"id":72207,"date":"2022-05-20T11:40:06","date_gmt":"2022-05-20T11:40:06","guid":{"rendered":"http:\/\/www.noticiasradioreflejos.com.ar\/2021\/?p=72207"},"modified":"2022-05-20T13:30:42","modified_gmt":"2022-05-20T13:30:42","slug":"reflexion-en-primera-persona-por-los-haters-del-censo","status":"publish","type":"post","link":"https:\/\/www.noticiasradioreflejos.com.ar\/2021\/reflexion-en-primera-persona-por-los-haters-del-censo\/","title":{"rendered":"Reflexi\u00f3n en primera persona por los haters del Censo"},"content":{"rendered":"<p><span style=\"vertical-align: inherit;\"><span style=\"vertical-align: inherit;\"><strong>Denis Pascal, Jefa de radio del barrio \u00abla Cumbre y Valle Hermoso\u00bb<\/strong>\u00a0del Censo en Sierra de la Ventana, sac\u00f3 su cuenta de Facebook para dejar una reflexi\u00f3n acerca de lo vivido, y de lo contaminadas que est\u00e1n las redes sociales con gente que solo se dedica a denostar.<\/span><\/span><!--more--><\/p>\n<p><span style=\"vertical-align: inherit;\"><span style=\"vertical-align: inherit;\">\u201cHay que estar para saber, hay que conocer para hablar y hay que empatizar para entender\u201d. <\/span><span style=\"vertical-align: inherit;\">Con esa frase inici\u00f3 su catarsis Denis Pascal. <\/span><span style=\"vertical-align: inherit;\">Despu\u00e9s de tantas horas en la calle, buscando coordinar de la mejor manera posible el Censo en Sierra de la Ventana, el cansancio y el mal humor de las redes sociales la llevaron a redactar unas l\u00edneas en su Facebook.<\/span><\/span><\/p>\n<p><span style=\"vertical-align: inherit;\"><span style=\"vertical-align: inherit;\">El reconocimiento hacia sus compa\u00f1eros de trabajo se mecll\u00f3 con un llamado de atenci\u00f3n para un sector de la sociedad que lo \u00fanico que hace es denostar. <\/span><span style=\"vertical-align: inherit;\">Haters como se los conoce ahora. <\/span><span style=\"vertical-align: inherit;\">Odiadores en su traducci\u00f3n. <\/span><span style=\"vertical-align: inherit;\">Personas que se retroalimentan de su propio veneno creyendo que el mundo entero es esa pantalla que ven; <\/span><span style=\"vertical-align: inherit;\">podr\u00eda ser la definici\u00f3n para tal fin.<\/span><\/span><\/p>\n<p><span style=\"vertical-align: inherit;\"><span style=\"vertical-align: inherit;\">Lo cierto es que la publicaci\u00f3n de Denis recibi\u00f3 cientos de reacciones positivas, adem\u00e1s de comentarios y acciones de compartir, buscando replicar lo bueno y reconocerles el esfuerzo a quienes trabajaron el mi\u00e9rcoles.<\/span><\/span><\/p>\n<p><span style=\"vertical-align: inherit;\"><span style=\"vertical-align: inherit;\">A continuaci\u00f3n su posteo:<\/span><\/span><\/p>\n<p><iframe loading=\"lazy\" style=\"border: none; overflow: hidden;\" src=\"https:\/\/www.facebook.com\/plugins\/post.php?href=https%3A%2F%2Fwww.facebook.com%2Fdenis.pascal.90%2Fposts%2F5272619499426403&amp;show_text=true&amp;width=500\" width=\"500\" height=\"497\" frameborder=\"0\" scrolling=\"no\" allowfullscreen=\"allowfullscreen\"><\/iframe><\/p>\n","protected":false},"excerpt":{"rendered":"<p>Denis Pascal, Jefa de radio del barrio \u00abla Cumbre y Valle Hermoso\u00bb\u00a0del Censo en Sierra de la Ventana, sac\u00f3 su cuenta de Facebook para dejar una reflexi\u00f3n acerca de lo vivido, y de lo contaminadas que est\u00e1n las redes sociales con gente que solo se dedica a denostar.<\/p>\n","protected":false},"author":3,"featured_media":0,"comment_status":"closed","ping_status":"closed","sticky":false,"template":"","format":"standard","meta":{"footnotes":""},"categories":[34,26],"tags":[48],"class_list":["post-72207","post","type-post","status-publish","format-standard","hentry","category-educacion","category-sociedad","tag-destacada"],"yoast_head":"<!-- This site is optimized with the Yoast SEO plugin v25.9 - https:\/\/yoast.com\/wordpress\/plugins\/seo\/ -->\n<title>Reflexi\u00f3n en primera persona por los haters del Censo - Noticias Radio Reflejos<\/title>\n<meta name=\"robots\" content=\"index, follow, max-snippet:-1, max-image-preview:large, max-video-preview:-1\" \/>\n<link rel=\"canonical\" href=\"https:\/\/www.noticiasradioreflejos.com.ar\/2021\/reflexion-en-primera-persona-por-los-haters-del-censo\/\" \/>\n<meta property=\"og:locale\" content=\"es_ES\" \/>\n<meta property=\"og:type\" content=\"article\" \/>\n<meta property=\"og:title\" content=\"Reflexi\u00f3n en primera persona por los haters del Censo - Noticias Radio Reflejos\" \/>\n<meta property=\"og:description\" content=\"Denis Pascal, Jefa de radio del barrio \u00abla Cumbre y Valle Hermoso\u00bb\u00a0del Censo en Sierra de la Ventana, sac\u00f3 su cuenta de Facebook para dejar una reflexi\u00f3n acerca de lo vivido, y de lo contaminadas que est\u00e1n las redes sociales con gente que solo se dedica a denostar.\" \/>\n<meta property=\"og:url\" content=\"https:\/\/www.noticiasradioreflejos.com.ar\/2021\/reflexion-en-primera-persona-por-los-haters-del-censo\/\" \/>\n<meta property=\"og:site_name\" content=\"Noticias Radio Reflejos\" \/>\n<meta property=\"article:published_time\" content=\"2022-05-20T11:40:06+00:00\" \/>\n<meta property=\"article:modified_time\" content=\"2022-05-20T13:30:42+00:00\" \/>\n<meta property=\"og:image\" content=\"https:\/\/www.noticiasradioreflejos.com.ar\/2021\/wp-content\/uploads\/2021\/07\/logosol300x200.png\" \/>\n\t<meta property=\"og:image:width\" content=\"300\" \/>\n\t<meta property=\"og:image:height\" content=\"200\" \/>\n\t<meta property=\"og:image:type\" content=\"image\/png\" \/>\n<meta name=\"author\" content=\"Arnaldo Botto\" \/>\n<meta name=\"twitter:card\" content=\"summary_large_image\" \/>\n<script type=\"application\/ld+json\" class=\"yoast-schema-graph\">{\"@context\":\"https:\/\/schema.org\",\"@graph\":[{\"@type\":\"WebPage\",\"@id\":\"https:\/\/www.noticiasradioreflejos.com.ar\/2021\/reflexion-en-primera-persona-por-los-haters-del-censo\/\",\"url\":\"https:\/\/www.noticiasradioreflejos.com.ar\/2021\/reflexion-en-primera-persona-por-los-haters-del-censo\/\",\"name\":\"Reflexi\u00f3n en primera persona por los haters del Censo - Noticias Radio Reflejos\",\"isPartOf\":{\"@id\":\"https:\/\/www.noticiasradioreflejos.com.ar\/2021\/#website\"},\"datePublished\":\"2022-05-20T11:40:06+00:00\",\"dateModified\":\"2022-05-20T13:30:42+00:00\",\"author\":{\"@id\":\"https:\/\/www.noticiasradioreflejos.com.ar\/2021\/#\/schema\/person\/ad82545263dcc5ec0996818884fd5fb1\"},\"breadcrumb\":{\"@id\":\"https:\/\/www.noticiasradioreflejos.com.ar\/2021\/reflexion-en-primera-persona-por-los-haters-del-censo\/#breadcrumb\"},\"inLanguage\":\"es\",\"potentialAction\":[{\"@type\":\"ReadAction\",\"target\":[\"https:\/\/www.noticiasradioreflejos.com.ar\/2021\/reflexion-en-primera-persona-por-los-haters-del-censo\/\"]}]},{\"@type\":\"BreadcrumbList\",\"@id\":\"https:\/\/www.noticiasradioreflejos.com.ar\/2021\/reflexion-en-primera-persona-por-los-haters-del-censo\/#breadcrumb\",\"itemListElement\":[{\"@type\":\"ListItem\",\"position\":1,\"name\":\"Portada\",\"item\":\"https:\/\/www.noticiasradioreflejos.com.ar\/2021\/\"},{\"@type\":\"ListItem\",\"position\":2,\"name\":\"Reflexi\u00f3n en primera persona por los haters del Censo\"}]},{\"@type\":\"WebSite\",\"@id\":\"https:\/\/www.noticiasradioreflejos.com.ar\/2021\/#website\",\"url\":\"https:\/\/www.noticiasradioreflejos.com.ar\/2021\/\",\"name\":\"Noticias Radio Reflejos\",\"description\":\"Las noticias de mi comarca\",\"potentialAction\":[{\"@type\":\"SearchAction\",\"target\":{\"@type\":\"EntryPoint\",\"urlTemplate\":\"https:\/\/www.noticiasradioreflejos.com.ar\/2021\/?s={search_term_string}\"},\"query-input\":{\"@type\":\"PropertyValueSpecification\",\"valueRequired\":true,\"valueName\":\"search_term_string\"}}],\"inLanguage\":\"es\"},{\"@type\":\"Person\",\"@id\":\"https:\/\/www.noticiasradioreflejos.com.ar\/2021\/#\/schema\/person\/ad82545263dcc5ec0996818884fd5fb1\",\"name\":\"Arnaldo Botto\",\"image\":{\"@type\":\"ImageObject\",\"inLanguage\":\"es\",\"@id\":\"https:\/\/www.noticiasradioreflejos.com.ar\/2021\/#\/schema\/person\/image\/\",\"url\":\"https:\/\/secure.gravatar.com\/avatar\/55cb5e37c1efa326397366e6974cb338056df65cb50e7d64d1cf314e87504837?s=96&d=mm&r=g\",\"contentUrl\":\"https:\/\/secure.gravatar.com\/avatar\/55cb5e37c1efa326397366e6974cb338056df65cb50e7d64d1cf314e87504837?s=96&d=mm&r=g\",\"caption\":\"Arnaldo Botto\"},\"url\":\"https:\/\/www.noticiasradioreflejos.com.ar\/2021\/author\/arnaldo\/\"}]}<\/script>\n<!-- \/ Yoast SEO plugin. -->","yoast_head_json":{"title":"Reflexi\u00f3n en primera persona por los haters del Censo - Noticias Radio Reflejos","robots":{"index":"index","follow":"follow","max-snippet":"max-snippet:-1","max-image-preview":"max-image-preview:large","max-video-preview":"max-video-preview:-1"},"canonical":"https:\/\/www.noticiasradioreflejos.com.ar\/2021\/reflexion-en-primera-persona-por-los-haters-del-censo\/","og_locale":"es_ES","og_type":"article","og_title":"Reflexi\u00f3n en primera persona por los haters del Censo - Noticias Radio Reflejos","og_description":"Denis Pascal, Jefa de radio del barrio \u00abla Cumbre y Valle Hermoso\u00bb\u00a0del Censo en Sierra de la Ventana, sac\u00f3 su cuenta de Facebook para dejar una reflexi\u00f3n acerca de lo vivido, y de lo contaminadas que est\u00e1n las redes sociales con gente que solo se dedica a denostar.","og_url":"https:\/\/www.noticiasradioreflejos.com.ar\/2021\/reflexion-en-primera-persona-por-los-haters-del-censo\/","og_site_name":"Noticias Radio Reflejos","article_published_time":"2022-05-20T11:40:06+00:00","article_modified_time":"2022-05-20T13:30:42+00:00","og_image":[{"width":300,"height":200,"url":"https:\/\/www.noticiasradioreflejos.com.ar\/2021\/wp-content\/uploads\/2021\/07\/logosol300x200.png","type":"image\/png"}],"author":"Arnaldo Botto","twitter_card":"summary_large_image","schema":{"@context":"https:\/\/schema.org","@graph":[{"@type":"WebPage","@id":"https:\/\/www.noticiasradioreflejos.com.ar\/2021\/reflexion-en-primera-persona-por-los-haters-del-censo\/","url":"https:\/\/www.noticiasradioreflejos.com.ar\/2021\/reflexion-en-primera-persona-por-los-haters-del-censo\/","name":"Reflexi\u00f3n en primera persona por los haters del Censo - Noticias Radio Reflejos","isPartOf":{"@id":"https:\/\/www.noticiasradioreflejos.com.ar\/2021\/#website"},"datePublished":"2022-05-20T11:40:06+00:00","dateModified":"2022-05-20T13:30:42+00:00","author":{"@id":"https:\/\/www.noticiasradioreflejos.com.ar\/2021\/#\/schema\/person\/ad82545263dcc5ec0996818884fd5fb1"},"breadcrumb":{"@id":"https:\/\/www.noticiasradioreflejos.com.ar\/2021\/reflexion-en-primera-persona-por-los-haters-del-censo\/#breadcrumb"},"inLanguage":"es","potentialAction":[{"@type":"ReadAction","target":["https:\/\/www.noticiasradioreflejos.com.ar\/2021\/reflexion-en-primera-persona-por-los-haters-del-censo\/"]}]},{"@type":"BreadcrumbList","@id":"https:\/\/www.noticiasradioreflejos.com.ar\/2021\/reflexion-en-primera-persona-por-los-haters-del-censo\/#breadcrumb","itemListElement":[{"@type":"ListItem","position":1,"name":"Portada","item":"https:\/\/www.noticiasradioreflejos.com.ar\/2021\/"},{"@type":"ListItem","position":2,"name":"Reflexi\u00f3n en primera persona por los haters del Censo"}]},{"@type":"WebSite","@id":"https:\/\/www.noticiasradioreflejos.com.ar\/2021\/#website","url":"https:\/\/www.noticiasradioreflejos.com.ar\/2021\/","name":"Noticias Radio Reflejos","description":"Las noticias de mi comarca","potentialAction":[{"@type":"SearchAction","target":{"@type":"EntryPoint","urlTemplate":"https:\/\/www.noticiasradioreflejos.com.ar\/2021\/?s={search_term_string}"},"query-input":{"@type":"PropertyValueSpecification","valueRequired":true,"valueName":"search_term_string"}}],"inLanguage":"es"},{"@type":"Person","@id":"https:\/\/www.noticiasradioreflejos.com.ar\/2021\/#\/schema\/person\/ad82545263dcc5ec0996818884fd5fb1","name":"Arnaldo Botto","image":{"@type":"ImageObject","inLanguage":"es","@id":"https:\/\/www.noticiasradioreflejos.com.ar\/2021\/#\/schema\/person\/image\/","url":"https:\/\/secure.gravatar.com\/avatar\/55cb5e37c1efa326397366e6974cb338056df65cb50e7d64d1cf314e87504837?s=96&d=mm&r=g","contentUrl":"https:\/\/secure.gravatar.com\/avatar\/55cb5e37c1efa326397366e6974cb338056df65cb50e7d64d1cf314e87504837?s=96&d=mm&r=g","caption":"Arnaldo Botto"},"url":"https:\/\/www.noticiasradioreflejos.com.ar\/2021\/author\/arnaldo\/"}]}},"_links":{"self":[{"href":"https:\/\/www.noticiasradioreflejos.com.ar\/2021\/wp-json\/wp\/v2\/posts\/72207","targetHints":{"allow":["GET"]}}],"collection":[{"href":"https:\/\/www.noticiasradioreflejos.com.ar\/2021\/wp-json\/wp\/v2\/posts"}],"about":[{"href":"https:\/\/www.noticiasradioreflejos.com.ar\/2021\/wp-json\/wp\/v2\/types\/post"}],"author":[{"embeddable":true,"href":"https:\/\/www.noticiasradioreflejos.com.ar\/2021\/wp-json\/wp\/v2\/users\/3"}],"replies":[{"embeddable":true,"href":"https:\/\/www.noticiasradioreflejos.com.ar\/2021\/wp-json\/wp\/v2\/comments?post=72207"}],"version-history":[{"count":5,"href":"https:\/\/www.noticiasradioreflejos.com.ar\/2021\/wp-json\/wp\/v2\/posts\/72207\/revisions"}],"predecessor-version":[{"id":72281,"href":"https:\/\/www.noticiasradioreflejos.com.ar\/2021\/wp-json\/wp\/v2\/posts\/72207\/revisions\/72281"}],"wp:attachment":[{"href":"https:\/\/www.noticiasradioreflejos.com.ar\/2021\/wp-json\/wp\/v2\/media?parent=72207"}],"wp:term":[{"taxonomy":"category","embeddable":true,"href":"https:\/\/www.noticiasradioreflejos.com.ar\/2021\/wp-json\/wp\/v2\/categories?post=72207"},{"taxonomy":"post_tag","embeddable":true,"href":"https:\/\/www.noticiasradioreflejos.com.ar\/2021\/wp-json\/wp\/v2\/tags?post=72207"}],"curies":[{"name":"wp","href":"https:\/\/api.w.org\/{rel}","templated":true}]}}