{"id":72194,"date":"2022-05-19T14:21:54","date_gmt":"2022-05-19T14:21:54","guid":{"rendered":"http:\/\/www.noticiasradioreflejos.com.ar\/2021\/?p=72194"},"modified":"2022-05-19T14:22:08","modified_gmt":"2022-05-19T14:22:08","slug":"todo-lo-que-hay-que-saber-sobre-la-viruela-del-mono-que-es-la-rara-enfermedad-que-preocupa-a-europa-y-eeuu","status":"publish","type":"post","link":"https:\/\/www.noticiasradioreflejos.com.ar\/2021\/todo-lo-que-hay-que-saber-sobre-la-viruela-del-mono-que-es-la-rara-enfermedad-que-preocupa-a-europa-y-eeuu\/","title":{"rendered":"Todo lo que hay que saber sobre la viruela del mono: qu\u00e9 es la rara enfermedad que preocupa a Europa y EEUU"},"content":{"rendered":"<header class=\"article-header-wrapper\">\n<div class=\"article-header\">\n<p class=\"article-subheadline\">\u00bfHay peligro de muerte? \u00bfSe puede extender sin control? \u00bfPor qu\u00e9 es importante estar vacunado contra la viruela para no contraer la enfermedad? \u00bfQu\u00e9 s\u00edntomas y reacciones produce en el cuerpo?<\/p>\n<\/div>\n<\/header>\n<p><!--more--><\/p>\n<article class=\"article\">\n<div class=\"nd-body-article\">\n<div class=\"visual__image\"><img loading=\"lazy\" decoding=\"async\" class=\"\" src=\"https:\/\/cloudfront-us-east-1.images.arcpublishing.com\/infobae\/HXC2N7AQWBHGRAISFEUL3ARCC4.jpg\" sizes=\"auto, (min-width: 800px) 50vw, 90vw\" srcset=\"https:\/\/www.infobae.com\/new-resizer\/EQudkWa6uR3j7WkzR6gHHmnfcig=\/420x236\/filters:format(webp):quality(85)\/cloudfront-us-east-1.images.arcpublishing.com\/infobae\/HXC2N7AQWBHGRAISFEUL3ARCC4.jpg 420w,https:\/\/www.infobae.com\/new-resizer\/kDXfhcFyjRyzz-1IwskmqDlnaCs=\/768x432\/filters:format(webp):quality(85)\/cloudfront-us-east-1.images.arcpublishing.com\/infobae\/HXC2N7AQWBHGRAISFEUL3ARCC4.jpg 768w,https:\/\/www.infobae.com\/new-resizer\/s8By7stcaIxWsab1fCmUb4VW9IY=\/992x558\/filters:format(webp):quality(85)\/cloudfront-us-east-1.images.arcpublishing.com\/infobae\/HXC2N7AQWBHGRAISFEUL3ARCC4.jpg 992w,https:\/\/www.infobae.com\/new-resizer\/t0NEhib1-ibzlu1My0ycBIisHmk=\/1200x675\/filters:format(webp):quality(85)\/cloudfront-us-east-1.images.arcpublishing.com\/infobae\/HXC2N7AQWBHGRAISFEUL3ARCC4.jpg 1200w,https:\/\/www.infobae.com\/new-resizer\/4M2HtKXNDTutP3RfPs8niqFdTP4=\/1440x810\/filters:format(webp):quality(85)\/cloudfront-us-east-1.images.arcpublishing.com\/infobae\/HXC2N7AQWBHGRAISFEUL3ARCC4.jpg 1440w\" alt=\"La aparici\u00f3n de un caso de la viruela del mono en Reino Unido el 7 de mayo encendi\u00f3 las alarmas en el mundo (Getty Images)\" width=\"1920\" height=\"1080\" \/><span style=\"color: #ff9900;\"><em>La aparici\u00f3n de un caso de la viruela del mono en Reino Unido el 7 de mayo encendi\u00f3 las alarmas en el mundo (Getty Images)<\/em><\/span><\/div>\n<div><\/div>\n<p class=\"paragraph\"><mark class=\"hl_yellow\"><b>Reino Unido, Espa\u00f1a, Portugal y hasta Estados Unidos ya cuentan casos de una extra\u00f1a enfermedad llamada viruela del mono<\/b><\/mark>\u00a0producida por un raro virus que parece estar en expansi\u00f3n.<\/p>\n<p class=\"paragraph\">La aparici\u00f3n de un caso de la viruela del mono en Reino Unido el 7 de mayo encendi\u00f3 las alarmas. Con el correr de los d\u00edas,\u00a0<b>la enfermedad comenz\u00f3 a propagarse y ya se identificaron nueve infectados en ese pa\u00eds,<\/b>\u00a0con una particularidad:\u00a0<mark class=\"hl_yellow\"><b>las relaciones sexuales parecen tener un rol importante en el contagio<\/b>.<\/mark><\/p>\n<p class=\"paragraph\"><b>Estados Unidos inform\u00f3 ayer de un caso confirmado en Massachusetts:<\/b>\u00a0un hombre que recientemente hab\u00eda viajado a Canad\u00e1 y que fue hospitalizado, aunque se encontraba en buen estado. Y Espa\u00f1a y Portugal tambi\u00e9n cuentan j\u00f3venes pacientes infectados.\u00a0<b>Las autoridades sanitarias de Espa\u00f1a han emitido una alerta sobre un posible brote de viruela del mono despu\u00e9s de que ocho hombres\u00a0<\/b>presentaran s\u00edntomas compatibles con la infecci\u00f3n viral.\u00a0<b>Las autoridades portuguesas han confirmado cinco casos y est\u00e1n investigando otros 20 sospechosos<\/b>. En un comunicado reciente, el Ministerio de Salud de Portugal dijo que los casos que hab\u00eda detectado, todos en la regi\u00f3n de Lisboa y el Valle del Tajo, involucraban a hombres cuyos s\u00edntomas inclu\u00edan lesiones ulcerosas.<\/p>\n<div class=\"visual__image\"><img loading=\"lazy\" decoding=\"async\" class=\"\" src=\"https:\/\/cloudfront-us-east-1.images.arcpublishing.com\/infobae\/HNLXU6K3QZGWHOWSQ2DFJFGCD4.JPG\" sizes=\"auto, (min-width: 800px) 50vw, 90vw\" srcset=\"https:\/\/www.infobae.com\/new-resizer\/8pO0xIsuCNYYQ8D7z5gfD86jD4Q=\/420x236\/filters:format(webp):quality(85)\/cloudfront-us-east-1.images.arcpublishing.com\/infobae\/HNLXU6K3QZGWHOWSQ2DFJFGCD4.JPG 420w,https:\/\/www.infobae.com\/new-resizer\/RdFyTAKY3N8DSneomoDOjuamPzw=\/768x432\/filters:format(webp):quality(85)\/cloudfront-us-east-1.images.arcpublishing.com\/infobae\/HNLXU6K3QZGWHOWSQ2DFJFGCD4.JPG 768w,https:\/\/www.infobae.com\/new-resizer\/Tgr8lny3zLwZQcAFIggOm_3BFvQ=\/992x558\/filters:format(webp):quality(85)\/cloudfront-us-east-1.images.arcpublishing.com\/infobae\/HNLXU6K3QZGWHOWSQ2DFJFGCD4.JPG 992w,https:\/\/www.infobae.com\/new-resizer\/jMA8W389hCb5iRY_Q1l4YQnrk-c=\/1200x675\/filters:format(webp):quality(85)\/cloudfront-us-east-1.images.arcpublishing.com\/infobae\/HNLXU6K3QZGWHOWSQ2DFJFGCD4.JPG 1200w,https:\/\/www.infobae.com\/new-resizer\/N_P4AygJCGJSmwhNcsAfiFv5kUM=\/1440x810\/filters:format(webp):quality(85)\/cloudfront-us-east-1.images.arcpublishing.com\/infobae\/HNLXU6K3QZGWHOWSQ2DFJFGCD4.JPG 1440w\" alt=\"La viruela del mono es causada por el virus ortopoxvirus similar al virus Variola\" width=\"602\" height=\"337\" \/>La viruela del mono es causada por el virus ortopoxvirus similar al virus Variola<\/div>\n<p class=\"paragraph\">Pero,\u00a0<b>\u00bfqu\u00e9 es esta nueva enfermedad y qu\u00e9 peligro conlleva?<\/b><mark class=\"hl_yellow\">Se trata de una infecci\u00f3n zoon\u00f3tica rara emergente, potencialmente mortal, que puede propagarse a los humanos y tienen su origen en \u00c1frica occidental y central, donde ahora es end\u00e9mica.\u00a0<\/mark><b>La enfermedad fue descubierta en 1958,<\/b>\u00a0cuando ocurrieron dos brotes similares a la viruela en colonias de monos mantenidos para labores de investigaci\u00f3n. Por esta raz\u00f3n recibi\u00f3 el nombre de \u201cviruela del mono\u201d o \u201cviruela del simio\u201d.<\/p>\n<p class=\"paragraph\"><b>El primer caso humano de viruela del simio fue notificado en agosto de 1970 en Bokenda<\/b>, una aldea remota en la provincia ecuatorial de la Rep\u00fablica Democr\u00e1tica del Congo cuando un ni\u00f1o de 9 meses ingres\u00f3 en el Hospital Basankusu con sospecha de haber contra\u00eddo viruela. Una muestra, enviada al Centro de Referencia de Viruela de la Organizaci\u00f3n Mundial de la Salud (OMS) en Mosc\u00fa, revel\u00f3 que los s\u00edntomas eran causados por el virus de la viruela del mono. La familia del paciente dijo que en ocasiones com\u00edan monos como un manjar. La investigaci\u00f3n revel\u00f3 que el ni\u00f1o era el \u00fanico de la familia que no hab\u00eda sido vacunado contra la\u00a0<a href=\"https:\/\/pubmed.ncbi.nlm.nih.gov\/4340218\/\">viruela humana<\/a>.<\/p>\n<div class=\"visual__image\"><img loading=\"lazy\" decoding=\"async\" class=\"\" src=\"https:\/\/cloudfront-us-east-1.images.arcpublishing.com\/infobae\/SFTWK56G7NEJHNCEBLNK4N24FM.jpg\" sizes=\"auto, (min-width: 800px) 50vw, 90vw\" srcset=\"https:\/\/www.infobae.com\/new-resizer\/3GbS5Dc2oIO2xXu38Qv3HbknL-I=\/420x236\/filters:format(webp):quality(85)\/cloudfront-us-east-1.images.arcpublishing.com\/infobae\/SFTWK56G7NEJHNCEBLNK4N24FM.jpg 420w,https:\/\/www.infobae.com\/new-resizer\/5c459PgoHVz8654Vi8XF7JR43Bo=\/768x432\/filters:format(webp):quality(85)\/cloudfront-us-east-1.images.arcpublishing.com\/infobae\/SFTWK56G7NEJHNCEBLNK4N24FM.jpg 768w,https:\/\/www.infobae.com\/new-resizer\/AQLNkxFgxo_czBsY-pLxr5kFSe8=\/992x558\/filters:format(webp):quality(85)\/cloudfront-us-east-1.images.arcpublishing.com\/infobae\/SFTWK56G7NEJHNCEBLNK4N24FM.jpg 992w,https:\/\/www.infobae.com\/new-resizer\/xKEClqA8l98iHNxWlluZzsFNcMU=\/1200x675\/filters:format(webp):quality(85)\/cloudfront-us-east-1.images.arcpublishing.com\/infobae\/SFTWK56G7NEJHNCEBLNK4N24FM.jpg 1200w,https:\/\/www.infobae.com\/new-resizer\/Bj3uUpl9YNXagJoOFmo8oIYwVcg=\/1440x810\/filters:format(webp):quality(85)\/cloudfront-us-east-1.images.arcpublishing.com\/infobae\/SFTWK56G7NEJHNCEBLNK4N24FM.jpg 1440w\" alt=\"Cient\u00edficos estudian el origen de la viruela del mono en laboratorios (Photo by Mladen ANTONOV \/ AFP)\" width=\"1920\" height=\"1080\" \/>Cient\u00edficos estudian el origen de la viruela del mono en laboratorios (Photo by Mladen ANTONOV \/ AFP)<\/div>\n<p class=\"paragraph\"><b>La viruela ha sido erradicada, la viruela del simio no<\/b><\/p>\n<p class=\"paragraph\"><b>La viruela del mono es causada por el virus ortopoxvirus similar al virus Variola\u00a0<\/b>(el agente causante de la viruela), al virus de la viruela bovina y al virus Vaccinia. Desde la erradicaci\u00f3n de la viruela, la viruela del simio ha asumido el papel del ortopoxvirus m\u00e1s destacado que\u00a0<a href=\"https:\/\/pubmed.ncbi.nlm.nih.gov\/30981594\/\">afecta a las comunidades humanas<\/a>.<\/p>\n<p class=\"paragraph\">De los casos confirmados estos d\u00edas por la Agencia de Seguridad Sanitaria del Reino Unido (UKHSA), el primero con\u00a0<a href=\"https:\/\/www.gov.uk\/government\/news\/monkeypox-cases-confirmed-in-england\">viruela del simio en Londres<\/a>\u00a0fue anunciado el 7 de mayo.\u00a0<b>El paciente ten\u00eda antecedentes de viajes recientes desde Nigeria, que es donde se cree que contrajo la infecci\u00f3n, antes de viajar al Reino Unido. Los casos de viruela del simio son frecuentes en Nigeria.<\/b>\u00a0En\u00a0<a href=\"https:\/\/ncdc.gov.ng\/diseases\/sitreps\/?cat=8&amp;name=An%20Update%20of%20Monkeypox%20Outbreak%20in%20Nigeria\">su \u00faltimo informe<\/a>\u00a0, el Centro para el Control de Enfermedades de Nigeria (NCDC) dijo que el pa\u00eds tuvo 558 casos de viruela del simio y ocho muertes en 32 estados de la federaci\u00f3n y el Territorio de la Capital Federal entre los\u00a0<a href=\"https:\/\/wwwnc.cdc.gov\/travel\/notices\/watch\/monkeypox-nigeria\">a\u00f1os 2017 y 2022<\/a>.\u00a0<b>En Portugal, todos los casos informados el 16 de mayo fueron hombres que se identificaron a s\u00ed mismos como hombres que tienen sexo con hombres (HSH).<\/b><\/p>\n<p class=\"paragraph\"><b>La vacunaci\u00f3n masiva contra la viruela \u201cpresuntamente\u201d fren\u00f3 las infecciones de viruela del simio durante un tiempo entre los humanos,\u00a0<\/b><a href=\"https:\/\/scholar.google.com\/citations?view_op=view_citation&amp;hl=en&amp;user=jTtp6hAAAAAJ&amp;citation_for_view=jTtp6hAAAAAJ:_xSYboBqXhAC\"><b>escribieron investigadores<\/b><\/a><b>\u00a0en un art\u00edculo de 2005.\u00a0<\/b>Pero los casos resurgieron, gracias en parte a la falta de inmunidad en las generaciones posteriores, dicen. Se han reportado m\u00e1s de 450 casos en Nigeria desde 2017, seg\u00fan los CDC de Estados Unidos.\u00a0<mark class=\"hl_yellow\"><b>Y por ello, ahora, distintos pa\u00edses europeos estudian reforzar la vacunaci\u00f3n contra la viruela.<\/b><\/mark><\/p>\n<div class=\"visual__image\"><img loading=\"lazy\" decoding=\"async\" class=\"\" src=\"https:\/\/cloudfront-us-east-1.images.arcpublishing.com\/infobae\/BH2WAKCUIBHOVOJE6U34IGAJMY.jpg\" sizes=\"auto, (min-width: 800px) 50vw, 90vw\" srcset=\"https:\/\/www.infobae.com\/new-resizer\/MYU5dfk_mXMr6ghTgfQa8kwlePg=\/420x280\/filters:format(webp):quality(85)\/cloudfront-us-east-1.images.arcpublishing.com\/infobae\/BH2WAKCUIBHOVOJE6U34IGAJMY.jpg 420w,https:\/\/www.infobae.com\/new-resizer\/-tGeu5ggszsNlwxDDqjQKfWzYkE=\/768x512\/filters:format(webp):quality(85)\/cloudfront-us-east-1.images.arcpublishing.com\/infobae\/BH2WAKCUIBHOVOJE6U34IGAJMY.jpg 768w,https:\/\/www.infobae.com\/new-resizer\/JgmKm5bsZTDZK0741VNvUeOjqGM=\/992x661\/filters:format(webp):quality(85)\/cloudfront-us-east-1.images.arcpublishing.com\/infobae\/BH2WAKCUIBHOVOJE6U34IGAJMY.jpg 992w,https:\/\/www.infobae.com\/new-resizer\/qK29hc2aJpJzzZntH729Z8RF5p8=\/1200x800\/filters:format(webp):quality(85)\/cloudfront-us-east-1.images.arcpublishing.com\/infobae\/BH2WAKCUIBHOVOJE6U34IGAJMY.jpg 1200w,https:\/\/www.infobae.com\/new-resizer\/QiT-ErqpY2TjpoBXgzFdXin1Vm0=\/1440x960\/filters:format(webp):quality(85)\/cloudfront-us-east-1.images.arcpublishing.com\/infobae\/BH2WAKCUIBHOVOJE6U34IGAJMY.jpg 1440w\" alt=\"En este momento, el mundo carece de tratamientos espec\u00edficos disponibles para combatir la infecci\u00f3n por viruela del simio (Getty Images)\" width=\"1920\" height=\"1280\" \/>En este momento, el mundo carece de tratamientos espec\u00edficos disponibles para combatir la infecci\u00f3n por viruela del simio (Getty Images)<\/div>\n<p class=\"paragraph\"><b>Transmisi\u00f3n y s\u00edntomas<\/b><\/p>\n<p class=\"paragraph\"><b>El Centro Europeo para la Prevenci\u00f3n y el Control de Enfermedades (ECDC, por su siglas en ingl\u00e9s) explica que la viruela del mono es una enfermedad viral.<\/b>\u00a0La transmisi\u00f3n a humanos puede ocurrir a trav\u00e9s del contacto con un animal o humano infectado, o con material corporal humano que contenga el virus. La transmisi\u00f3n entre humanos ocurre principalmente<mark class=\"hl_yellow\"><b>\u00a0a trav\u00e9s de gotitas respiratorias grandes.<\/b><\/mark>\u00a0Como las gotas no pueden viajar muy lejos, se necesita un contacto cara a cara prolongado. El virus tambi\u00e9n puede ingresar al cuerpo a trav\u00e9s de fluidos corporales, material lesionado o contacto indirecto con material lesionado.<\/p>\n<p class=\"paragraph\">En los seres humanos,<b>\u00a0los s\u00edntomas de la viruela del simio son similares a los s\u00edntomas de la viruela<\/b>, aunque algo m\u00e1s leves. Comienzan con fiebre, dolor de cabeza, dolores musculares, dolor de espalda, escalofr\u00edos y agotamiento. La principal diferencia entre los s\u00edntomas de la viruela humana y la viruela del simio es que<b>\u00a0la segunda hace que los ganglios linf\u00e1ticos se inflaman (linfadenopat\u00eda), mientras que la primera no.<\/b><\/p>\n<p class=\"paragraph\"><b>Es normal desarrollar una erupci\u00f3n, que a menudo comienza en la cara y luego se extiende a otras partes del cuerpo, particularmente a las manos y los pies,\u00a0<\/b>incluidos los genitales.Al poco tiempo, la erupci\u00f3n cambia y pasa por diferentes etapas antes de formar una costa y caer finalmente. La enfermedad suele durar de 2 a 4 semanas. Se cree que la transmisi\u00f3n es producida a trav\u00e9s de la saliva o excreciones respiratorias, o por contacto con el exudado de la lesi\u00f3n o el material de la costra. La excreci\u00f3n viral a trav\u00e9s de las heces tambi\u00e9n puede representar otra fuente de exposici\u00f3n.<\/p>\n<p class=\"paragraph\">Es de destacar que los casos detectados recientemente entre HSH han informado una preponderancia de lesiones en el \u00e1rea genital.<b>\u00a0La erupci\u00f3n pasa por diferentes etapas y puede parecerse a la varicela o la s\u00edfilis, antes de finalmente formar una costra, que luego se cae.\u00a0<\/b>La diferencia en apariencia de la varicela o la s\u00edfilis es la evoluci\u00f3n uniforme de las lesiones. El per\u00edodo de incubaci\u00f3n suele ser de 6 a 16 d\u00edas, pero puede ser de hasta 21. Cuando la costra se cae, la persona ya no es infecciosa.<\/p>\n<div class=\"visual__image\"><img loading=\"lazy\" decoding=\"async\" class=\"\" src=\"https:\/\/cloudfront-us-east-1.images.arcpublishing.com\/infobae\/ZDKSOY4NVNFFRGI7P4HI6B7PMY.jpg\" sizes=\"auto, (min-width: 800px) 50vw, 90vw\" srcset=\"https:\/\/www.infobae.com\/new-resizer\/Tu5nB4aIfFaCPoRooc56-DYNtcM=\/992x614\/filters:format(webp):quality(85)\/cloudfront-us-east-1.images.arcpublishing.com\/infobae\/ZDKSOY4NVNFFRGI7P4HI6B7PMY.jpg 992w\" alt=\"El primer caso ocurri\u00f3 en \u00c1frica en 1970, en un ni\u00f1o sin vacunar (OMS)\" width=\"1080\" height=\"702\" \/>El primer caso ocurri\u00f3 en \u00c1frica en 1970, en un ni\u00f1o sin vacunar (OMS)<\/div>\n<p class=\"paragraph\"><b>Resurgimiento en \u00c1frica<\/b><\/p>\n<p class=\"paragraph\"><b>El continente africano se enfrenta en esta \u00faltima d\u00e9cada a un resurgimiento de la viruela del simio. Han sido diagnosticados m\u00e1s casos confirmados de viruela s\u00edmica desde el a\u00f1o 2016 que en los 40 a\u00f1os anteriores<\/b>. Los datos disponibles muestran que los roedores africanos act\u00faan como reservorio natural. El virus de la viruela del simio es capaz de infectar ardillas, ratas, ratones, monos, perritos de las praderas y por supuesto\u00a0<a href=\"https:\/\/www.frontiersin.org\/articles\/10.3389\/fpubh.2018.00241\/full#:%7E:text=Emergence%20of%20Monkeypox%20as%20the%20Most%20Important%20Orthopoxvirus%20Infection%20in%20Humans,-Nikola%20Sklenovsk%C3%A1*%20and&amp;text=Monkeypox%20is%20an%20emerging%20zoonotic,to%20the%20one%20of%20smallpox\">humanos<\/a>.<\/p>\n<p class=\"paragraph\">Para esclarecer la situaci\u00f3n, se plantean cuatro problemas, posiblemente simult\u00e1neamente, que dan respuesta al aumento de la incidencia de la viruela del mono:<\/p>\n<p class=\"paragraph\">1- La primera es el cese, en 1980, de la vacunaci\u00f3n contra la viruela. Y la\u00a0<a href=\"https:\/\/pubmed.ncbi.nlm.nih.gov\/22239910\/\">ca\u00edda resultante de la inmunidad frente a los ortopoxvirus<\/a>\u00a0.<\/p>\n<p class=\"paragraph\">2- La segunda es la mayor o m\u00e1s frecuente\u00a0<a href=\"https:\/\/pubmed.ncbi.nlm.nih.gov\/20805472\/\">exposici\u00f3n a las especies animales que act\u00faan como reservorio de la enfermedad<\/a>.<\/p>\n<p class=\"paragraph\">3- La tercera es el aumento de la tasa de transmisi\u00f3n de persona a persona, particularmente en anfitriones\u00a0<a href=\"https:\/\/pubmed.ncbi.nlm.nih.gov\/16023693\/#:%7E:text=Virulence%20differences%20between%20West%20African,observed%20outside%20of%20this%20region\">inmunocomprometidos<\/a>\u00a0.<\/p>\n<p class=\"paragraph\">4- La cuarta es el\u00a0<a href=\"https:\/\/pubmed.ncbi.nlm.nih.gov\/22981983\/\">avance en la capacidad diagn\u00f3stica<\/a>\u00a0y el desarrollo de programas de educaci\u00f3n sanitaria.<\/p>\n<div class=\"visual__image\"><img loading=\"lazy\" decoding=\"async\" class=\"\" src=\"https:\/\/cloudfront-us-east-1.images.arcpublishing.com\/infobae\/LXJYB37WGZFFNFCDO5RF6YM5HA.jpg\" sizes=\"auto, (min-width: 800px) 50vw, 90vw\" srcset=\"https:\/\/www.infobae.com\/new-resizer\/_bd5ySZMPxucwwLy5y4lpCbj2nw=\/420x280\/filters:format(webp):quality(85)\/cloudfront-us-east-1.images.arcpublishing.com\/infobae\/LXJYB37WGZFFNFCDO5RF6YM5HA.jpg 420w,https:\/\/www.infobae.com\/new-resizer\/RBb6QZCp2qvCQKl5FeaR0e5UwYk=\/768x512\/filters:format(webp):quality(85)\/cloudfront-us-east-1.images.arcpublishing.com\/infobae\/LXJYB37WGZFFNFCDO5RF6YM5HA.jpg 768w,https:\/\/www.infobae.com\/new-resizer\/xICMD1hs_qT4aEYcUj94Z_5DyeQ=\/992x661\/filters:format(webp):quality(85)\/cloudfront-us-east-1.images.arcpublishing.com\/infobae\/LXJYB37WGZFFNFCDO5RF6YM5HA.jpg 992w,https:\/\/www.infobae.com\/new-resizer\/SEkUz6XM7qehaNYBn4CnkVO3dek=\/1200x800\/filters:format(webp):quality(85)\/cloudfront-us-east-1.images.arcpublishing.com\/infobae\/LXJYB37WGZFFNFCDO5RF6YM5HA.jpg 1200w,https:\/\/www.infobae.com\/new-resizer\/hiX5yYY8PWT6zpyuSDyu92jeQ98=\/1440x960\/filters:format(webp):quality(85)\/cloudfront-us-east-1.images.arcpublishing.com\/infobae\/LXJYB37WGZFFNFCDO5RF6YM5HA.jpg 1440w\" alt=\"La vacunaci\u00f3n masiva contra la viruela \u201cpresuntamente\u201d fren\u00f3 las infecciones de viruela del simio durante un tiempo entre los humanos, pero la falta de aplicaci\u00f3n de vacunas hizo incrementar los casos (Foto: Guido Bergmann\/dpa)\" width=\"2048\" height=\"1405\" \/>La vacunaci\u00f3n masiva contra la viruela \u201cpresuntamente\u201d fren\u00f3 las infecciones de viruela del simio durante un tiempo entre los humanos, pero la falta de aplicaci\u00f3n de vacunas hizo incrementar los casos (Foto: Guido Bergmann\/dpa)<\/div>\n<p class=\"paragraph\"><mark class=\"hl_yellow\"><b>Sin tratamiento pero con vacuna<\/b><\/mark><\/p>\n<p class=\"paragraph\"><mark class=\"hl_yellow\"><b>En este momento, el mundo carece de tratamientos espec\u00edficos disponibles para combatir la infecci\u00f3n por viruela del simio,\u00a0<\/b><\/mark>pero los brotes de la enfermedad pueden controlarse. Algunos datos indican que<mark class=\"hl_yellow\"><b>\u00a0la vacuna antivari\u00f3lica tiene al menos un 85% de eficacia en la prevenci\u00f3n de la viruela del mono.<\/b><\/mark>\u00a0Tambi\u00e9n los antivirales cidofovir y ST-246, as\u00ed como inmunoglobulinas espec\u00edficas, pueden ser utilizados para\u00a0<a href=\"https:\/\/www.ncbi.nlm.nih.gov\/pmc\/articles\/PMC3151656\/\">controlar un brote de viruela del simio<\/a>.<\/p>\n<p class=\"paragraph\"><b>En \u00c1frica, la tasa de letalidad oscila entre el 4 y el 22%.\u00a0<\/b>La mayor\u00eda de los pacientes son ni\u00f1os. Adem\u00e1s, la enfermedad tambi\u00e9n es un problema de seguridad sanitaria mundial, como surgi\u00f3 el brote en EEUU del a\u00f1o 2003. Los investigadores determinaron que un cargamento de animales provenientes de Ghana, importado a Texas en abril de 2003, introdujo el virus de la viruela s\u00edmica en los Estados Unidos.<\/p>\n<p class=\"paragraph\">El env\u00edo conten\u00eda aproximadamente 800 peque\u00f1os mam\u00edferos que representaban nueve especies diferentes, incluidos seis tipos de roedores. Las pruebas de laboratorio de los Centros para el Control y Prevenci\u00f3n de Enfermedades (CDC) demostraron que dos ratas gigantes africanas, nueve lirones y tres ardillas se establecieron con el virus de la viruela del mono.<\/p>\n<div class=\"visual__image\"><img loading=\"lazy\" decoding=\"async\" class=\"\" src=\"https:\/\/cloudfront-us-east-1.images.arcpublishing.com\/infobae\/SJDAIMUCPVBWLI3DYKXLIJ5RQU.jpg\" sizes=\"auto, (min-width: 800px) 50vw, 90vw\" srcset=\"https:\/\/www.infobae.com\/new-resizer\/VP0xcWeskx68s_XOp3gsUfFqKPQ=\/420x280\/filters:format(webp):quality(85)\/cloudfront-us-east-1.images.arcpublishing.com\/infobae\/SJDAIMUCPVBWLI3DYKXLIJ5RQU.jpg 420w,https:\/\/www.infobae.com\/new-resizer\/nPjAvLTGFoWIAF2PhEVBYgpFLBk=\/768x512\/filters:format(webp):quality(85)\/cloudfront-us-east-1.images.arcpublishing.com\/infobae\/SJDAIMUCPVBWLI3DYKXLIJ5RQU.jpg 768w,https:\/\/www.infobae.com\/new-resizer\/QSkH6IQHU5Le-ZCqvOO_Q7u4YY0=\/992x661\/filters:format(webp):quality(85)\/cloudfront-us-east-1.images.arcpublishing.com\/infobae\/SJDAIMUCPVBWLI3DYKXLIJ5RQU.jpg 992w,https:\/\/www.infobae.com\/new-resizer\/Rmn7YIG_BGiWxFrfkuFXHZ8B0VM=\/1200x800\/filters:format(webp):quality(85)\/cloudfront-us-east-1.images.arcpublishing.com\/infobae\/SJDAIMUCPVBWLI3DYKXLIJ5RQU.jpg 1200w,https:\/\/www.infobae.com\/new-resizer\/95rJRDyYQtSQ6jIMH8k_UrZc3Uw=\/1440x960\/filters:format(webp):quality(85)\/cloudfront-us-east-1.images.arcpublishing.com\/infobae\/SJDAIMUCPVBWLI3DYKXLIJ5RQU.jpg 1440w\" alt=\"La manifestaci\u00f3n cl\u00ednica de la viruela del simio suele ser leve. Tiene una tasa de letalidad del 3,6 % en estudios realizados en pa\u00edses africanos. \" width=\"3000\" height=\"1977\" \/>La manifestaci\u00f3n cl\u00ednica de la viruela del simio suele ser leve. Tiene una tasa de letalidad del 3,6 % en estudios realizados en pa\u00edses africanos.<\/div>\n<p class=\"paragraph\"><b>Recomendaciones inmediatas<\/b><\/p>\n<p class=\"paragraph\">Los profesionales de la salud deben considerar la infecci\u00f3n por viruela del simio como un diagn\u00f3stico diferencial para las personas que presentan s\u00edntomas cl\u00ednicos compatibles y deben comunicarse con los servicios especializados.\u00a0<mark class=\"hl_yellow\"><b>La manifestaci\u00f3n cl\u00ednica de la viruela del simio suele ser leve. Tiene una tasa de letalidad del 3,6 % en estudios realizados en pa\u00edses africanos.\u00a0<\/b><\/mark>La mortalidad es m\u00e1s alta entre los ni\u00f1os y los adultos j\u00f3venes, y las personas inmunodeprimidas tienen un riesgo especial de enfermedad grave. La mayor\u00eda de las personas se recuperan en semanas.<\/p>\n<p class=\"paragraph\"><b>Las organizaciones de salud p\u00fablica y las organizaciones comunitarias deben tomar medidas para crear conciencia sobre la posible propagaci\u00f3n de la viruela del simio en las comunidades de personas<\/b>\u00a0<b>que se identifican como HSH o que tienen relaciones sexuales ocasionales o que tienen m\u00faltiples parejas sexuales.\u00a0<\/b>Las personas que presentan tales s\u00edntomas deben buscar atenci\u00f3n especializada, y las personas que se relacionan con m\u00faltiples parejas sexuales o tienen relaciones sexuales ocasionales deben estar particularmente atentas.<\/p>\n<p class=\"paragraph\">Los expertos de los ECDC recomiendan que\u00a0<b>los casos sospechosos deben ser aislados y examinados y notificados con prontitud.<\/b>\u00a0Se debe iniciar el rastreo de contactos hacia atr\u00e1s y hacia adelante para los casos positivos. Y si las vacunas contra la viruela est\u00e1n disponibles en el pa\u00eds, se debe considerar la vacunaci\u00f3n de contactos cercanos de alto riesgo despu\u00e9s de una evaluaci\u00f3n de riesgo-beneficio. Para casos severos, se puede considerar el tratamiento con un antiviral registrado, si est\u00e1 disponible en el pa\u00eds.<\/p>\n<\/div>\n<\/article>\n<p>&nbsp;<\/p>\n<p><span style=\"color: #ff6600;\"><strong>Fuente: Infobae<\/strong><\/span><\/p>\n","protected":false},"excerpt":{"rendered":"<p>\u00bfHay peligro de muerte? \u00bfSe puede extender sin control? \u00bfPor qu\u00e9 es importante estar vacunado contra la viruela para no contraer la enfermedad? \u00bfQu\u00e9 s\u00edntomas y reacciones produce en el cuerpo?<\/p>\n","protected":false},"author":3,"featured_media":0,"comment_status":"closed","ping_status":"closed","sticky":false,"template":"","format":"standard","meta":{"footnotes":""},"categories":[46,30],"tags":[],"class_list":["post-72194","post","type-post","status-publish","format-standard","hentry","category-ciencia-y-tecnologia","category-salud"],"yoast_head":"<!-- This site is optimized with the Yoast SEO plugin v25.9 - https:\/\/yoast.com\/wordpress\/plugins\/seo\/ -->\n<title>Todo lo que hay que saber sobre la viruela del mono: qu\u00e9 es la rara enfermedad que preocupa a Europa y EEUU - Noticias Radio Reflejos<\/title>\n<meta name=\"robots\" content=\"index, follow, max-snippet:-1, max-image-preview:large, max-video-preview:-1\" \/>\n<link rel=\"canonical\" href=\"https:\/\/www.noticiasradioreflejos.com.ar\/2021\/todo-lo-que-hay-que-saber-sobre-la-viruela-del-mono-que-es-la-rara-enfermedad-que-preocupa-a-europa-y-eeuu\/\" \/>\n<meta property=\"og:locale\" content=\"es_ES\" \/>\n<meta property=\"og:type\" content=\"article\" \/>\n<meta property=\"og:title\" content=\"Todo lo que hay que saber sobre la viruela del mono: qu\u00e9 es la rara enfermedad que preocupa a Europa y EEUU - Noticias Radio Reflejos\" \/>\n<meta property=\"og:description\" content=\"\u00bfHay peligro de muerte? \u00bfSe puede extender sin control? \u00bfPor qu\u00e9 es importante estar vacunado contra la viruela para no contraer la enfermedad? \u00bfQu\u00e9 s\u00edntomas y reacciones produce en el cuerpo?\" \/>\n<meta property=\"og:url\" content=\"https:\/\/www.noticiasradioreflejos.com.ar\/2021\/todo-lo-que-hay-que-saber-sobre-la-viruela-del-mono-que-es-la-rara-enfermedad-que-preocupa-a-europa-y-eeuu\/\" \/>\n<meta property=\"og:site_name\" content=\"Noticias Radio Reflejos\" \/>\n<meta property=\"article:published_time\" content=\"2022-05-19T14:21:54+00:00\" \/>\n<meta property=\"article:modified_time\" content=\"2022-05-19T14:22:08+00:00\" \/>\n<meta property=\"og:image\" content=\"https:\/\/cloudfront-us-east-1.images.arcpublishing.com\/infobae\/HXC2N7AQWBHGRAISFEUL3ARCC4.jpg\" \/>\n<meta name=\"author\" content=\"Arnaldo Botto\" \/>\n<meta name=\"twitter:card\" content=\"summary_large_image\" \/>\n<script type=\"application\/ld+json\" class=\"yoast-schema-graph\">{\"@context\":\"https:\/\/schema.org\",\"@graph\":[{\"@type\":\"WebPage\",\"@id\":\"https:\/\/www.noticiasradioreflejos.com.ar\/2021\/todo-lo-que-hay-que-saber-sobre-la-viruela-del-mono-que-es-la-rara-enfermedad-que-preocupa-a-europa-y-eeuu\/\",\"url\":\"https:\/\/www.noticiasradioreflejos.com.ar\/2021\/todo-lo-que-hay-que-saber-sobre-la-viruela-del-mono-que-es-la-rara-enfermedad-que-preocupa-a-europa-y-eeuu\/\",\"name\":\"Todo lo que hay que saber sobre la viruela del mono: qu\u00e9 es la rara enfermedad que preocupa a Europa y EEUU - Noticias Radio Reflejos\",\"isPartOf\":{\"@id\":\"https:\/\/www.noticiasradioreflejos.com.ar\/2021\/#website\"},\"primaryImageOfPage\":{\"@id\":\"https:\/\/www.noticiasradioreflejos.com.ar\/2021\/todo-lo-que-hay-que-saber-sobre-la-viruela-del-mono-que-es-la-rara-enfermedad-que-preocupa-a-europa-y-eeuu\/#primaryimage\"},\"image\":{\"@id\":\"https:\/\/www.noticiasradioreflejos.com.ar\/2021\/todo-lo-que-hay-que-saber-sobre-la-viruela-del-mono-que-es-la-rara-enfermedad-que-preocupa-a-europa-y-eeuu\/#primaryimage\"},\"thumbnailUrl\":\"https:\/\/cloudfront-us-east-1.images.arcpublishing.com\/infobae\/HXC2N7AQWBHGRAISFEUL3ARCC4.jpg\",\"datePublished\":\"2022-05-19T14:21:54+00:00\",\"dateModified\":\"2022-05-19T14:22:08+00:00\",\"author\":{\"@id\":\"https:\/\/www.noticiasradioreflejos.com.ar\/2021\/#\/schema\/person\/ad82545263dcc5ec0996818884fd5fb1\"},\"breadcrumb\":{\"@id\":\"https:\/\/www.noticiasradioreflejos.com.ar\/2021\/todo-lo-que-hay-que-saber-sobre-la-viruela-del-mono-que-es-la-rara-enfermedad-que-preocupa-a-europa-y-eeuu\/#breadcrumb\"},\"inLanguage\":\"es\",\"potentialAction\":[{\"@type\":\"ReadAction\",\"target\":[\"https:\/\/www.noticiasradioreflejos.com.ar\/2021\/todo-lo-que-hay-que-saber-sobre-la-viruela-del-mono-que-es-la-rara-enfermedad-que-preocupa-a-europa-y-eeuu\/\"]}]},{\"@type\":\"ImageObject\",\"inLanguage\":\"es\",\"@id\":\"https:\/\/www.noticiasradioreflejos.com.ar\/2021\/todo-lo-que-hay-que-saber-sobre-la-viruela-del-mono-que-es-la-rara-enfermedad-que-preocupa-a-europa-y-eeuu\/#primaryimage\",\"url\":\"https:\/\/cloudfront-us-east-1.images.arcpublishing.com\/infobae\/HXC2N7AQWBHGRAISFEUL3ARCC4.jpg\",\"contentUrl\":\"https:\/\/cloudfront-us-east-1.images.arcpublishing.com\/infobae\/HXC2N7AQWBHGRAISFEUL3ARCC4.jpg\"},{\"@type\":\"BreadcrumbList\",\"@id\":\"https:\/\/www.noticiasradioreflejos.com.ar\/2021\/todo-lo-que-hay-que-saber-sobre-la-viruela-del-mono-que-es-la-rara-enfermedad-que-preocupa-a-europa-y-eeuu\/#breadcrumb\",\"itemListElement\":[{\"@type\":\"ListItem\",\"position\":1,\"name\":\"Portada\",\"item\":\"https:\/\/www.noticiasradioreflejos.com.ar\/2021\/\"},{\"@type\":\"ListItem\",\"position\":2,\"name\":\"Todo lo que hay que saber sobre la viruela del mono: qu\u00e9 es la rara enfermedad que preocupa a Europa y EEUU\"}]},{\"@type\":\"WebSite\",\"@id\":\"https:\/\/www.noticiasradioreflejos.com.ar\/2021\/#website\",\"url\":\"https:\/\/www.noticiasradioreflejos.com.ar\/2021\/\",\"name\":\"Noticias Radio Reflejos\",\"description\":\"Las noticias de mi comarca\",\"potentialAction\":[{\"@type\":\"SearchAction\",\"target\":{\"@type\":\"EntryPoint\",\"urlTemplate\":\"https:\/\/www.noticiasradioreflejos.com.ar\/2021\/?s={search_term_string}\"},\"query-input\":{\"@type\":\"PropertyValueSpecification\",\"valueRequired\":true,\"valueName\":\"search_term_string\"}}],\"inLanguage\":\"es\"},{\"@type\":\"Person\",\"@id\":\"https:\/\/www.noticiasradioreflejos.com.ar\/2021\/#\/schema\/person\/ad82545263dcc5ec0996818884fd5fb1\",\"name\":\"Arnaldo Botto\",\"image\":{\"@type\":\"ImageObject\",\"inLanguage\":\"es\",\"@id\":\"https:\/\/www.noticiasradioreflejos.com.ar\/2021\/#\/schema\/person\/image\/\",\"url\":\"https:\/\/secure.gravatar.com\/avatar\/55cb5e37c1efa326397366e6974cb338056df65cb50e7d64d1cf314e87504837?s=96&d=mm&r=g\",\"contentUrl\":\"https:\/\/secure.gravatar.com\/avatar\/55cb5e37c1efa326397366e6974cb338056df65cb50e7d64d1cf314e87504837?s=96&d=mm&r=g\",\"caption\":\"Arnaldo Botto\"},\"url\":\"https:\/\/www.noticiasradioreflejos.com.ar\/2021\/author\/arnaldo\/\"}]}<\/script>\n<!-- \/ Yoast SEO plugin. -->","yoast_head_json":{"title":"Todo lo que hay que saber sobre la viruela del mono: qu\u00e9 es la rara enfermedad que preocupa a Europa y EEUU - Noticias Radio Reflejos","robots":{"index":"index","follow":"follow","max-snippet":"max-snippet:-1","max-image-preview":"max-image-preview:large","max-video-preview":"max-video-preview:-1"},"canonical":"https:\/\/www.noticiasradioreflejos.com.ar\/2021\/todo-lo-que-hay-que-saber-sobre-la-viruela-del-mono-que-es-la-rara-enfermedad-que-preocupa-a-europa-y-eeuu\/","og_locale":"es_ES","og_type":"article","og_title":"Todo lo que hay que saber sobre la viruela del mono: qu\u00e9 es la rara enfermedad que preocupa a Europa y EEUU - Noticias Radio Reflejos","og_description":"\u00bfHay peligro de muerte? \u00bfSe puede extender sin control? \u00bfPor qu\u00e9 es importante estar vacunado contra la viruela para no contraer la enfermedad? \u00bfQu\u00e9 s\u00edntomas y reacciones produce en el cuerpo?","og_url":"https:\/\/www.noticiasradioreflejos.com.ar\/2021\/todo-lo-que-hay-que-saber-sobre-la-viruela-del-mono-que-es-la-rara-enfermedad-que-preocupa-a-europa-y-eeuu\/","og_site_name":"Noticias Radio Reflejos","article_published_time":"2022-05-19T14:21:54+00:00","article_modified_time":"2022-05-19T14:22:08+00:00","og_image":[{"url":"https:\/\/cloudfront-us-east-1.images.arcpublishing.com\/infobae\/HXC2N7AQWBHGRAISFEUL3ARCC4.jpg","type":"","width":"","height":""}],"author":"Arnaldo Botto","twitter_card":"summary_large_image","schema":{"@context":"https:\/\/schema.org","@graph":[{"@type":"WebPage","@id":"https:\/\/www.noticiasradioreflejos.com.ar\/2021\/todo-lo-que-hay-que-saber-sobre-la-viruela-del-mono-que-es-la-rara-enfermedad-que-preocupa-a-europa-y-eeuu\/","url":"https:\/\/www.noticiasradioreflejos.com.ar\/2021\/todo-lo-que-hay-que-saber-sobre-la-viruela-del-mono-que-es-la-rara-enfermedad-que-preocupa-a-europa-y-eeuu\/","name":"Todo lo que hay que saber sobre la viruela del mono: qu\u00e9 es la rara enfermedad que preocupa a Europa y EEUU - Noticias Radio Reflejos","isPartOf":{"@id":"https:\/\/www.noticiasradioreflejos.com.ar\/2021\/#website"},"primaryImageOfPage":{"@id":"https:\/\/www.noticiasradioreflejos.com.ar\/2021\/todo-lo-que-hay-que-saber-sobre-la-viruela-del-mono-que-es-la-rara-enfermedad-que-preocupa-a-europa-y-eeuu\/#primaryimage"},"image":{"@id":"https:\/\/www.noticiasradioreflejos.com.ar\/2021\/todo-lo-que-hay-que-saber-sobre-la-viruela-del-mono-que-es-la-rara-enfermedad-que-preocupa-a-europa-y-eeuu\/#primaryimage"},"thumbnailUrl":"https:\/\/cloudfront-us-east-1.images.arcpublishing.com\/infobae\/HXC2N7AQWBHGRAISFEUL3ARCC4.jpg","datePublished":"2022-05-19T14:21:54+00:00","dateModified":"2022-05-19T14:22:08+00:00","author":{"@id":"https:\/\/www.noticiasradioreflejos.com.ar\/2021\/#\/schema\/person\/ad82545263dcc5ec0996818884fd5fb1"},"breadcrumb":{"@id":"https:\/\/www.noticiasradioreflejos.com.ar\/2021\/todo-lo-que-hay-que-saber-sobre-la-viruela-del-mono-que-es-la-rara-enfermedad-que-preocupa-a-europa-y-eeuu\/#breadcrumb"},"inLanguage":"es","potentialAction":[{"@type":"ReadAction","target":["https:\/\/www.noticiasradioreflejos.com.ar\/2021\/todo-lo-que-hay-que-saber-sobre-la-viruela-del-mono-que-es-la-rara-enfermedad-que-preocupa-a-europa-y-eeuu\/"]}]},{"@type":"ImageObject","inLanguage":"es","@id":"https:\/\/www.noticiasradioreflejos.com.ar\/2021\/todo-lo-que-hay-que-saber-sobre-la-viruela-del-mono-que-es-la-rara-enfermedad-que-preocupa-a-europa-y-eeuu\/#primaryimage","url":"https:\/\/cloudfront-us-east-1.images.arcpublishing.com\/infobae\/HXC2N7AQWBHGRAISFEUL3ARCC4.jpg","contentUrl":"https:\/\/cloudfront-us-east-1.images.arcpublishing.com\/infobae\/HXC2N7AQWBHGRAISFEUL3ARCC4.jpg"},{"@type":"BreadcrumbList","@id":"https:\/\/www.noticiasradioreflejos.com.ar\/2021\/todo-lo-que-hay-que-saber-sobre-la-viruela-del-mono-que-es-la-rara-enfermedad-que-preocupa-a-europa-y-eeuu\/#breadcrumb","itemListElement":[{"@type":"ListItem","position":1,"name":"Portada","item":"https:\/\/www.noticiasradioreflejos.com.ar\/2021\/"},{"@type":"ListItem","position":2,"name":"Todo lo que hay que saber sobre la viruela del mono: qu\u00e9 es la rara enfermedad que preocupa a Europa y EEUU"}]},{"@type":"WebSite","@id":"https:\/\/www.noticiasradioreflejos.com.ar\/2021\/#website","url":"https:\/\/www.noticiasradioreflejos.com.ar\/2021\/","name":"Noticias Radio Reflejos","description":"Las noticias de mi comarca","potentialAction":[{"@type":"SearchAction","target":{"@type":"EntryPoint","urlTemplate":"https:\/\/www.noticiasradioreflejos.com.ar\/2021\/?s={search_term_string}"},"query-input":{"@type":"PropertyValueSpecification","valueRequired":true,"valueName":"search_term_string"}}],"inLanguage":"es"},{"@type":"Person","@id":"https:\/\/www.noticiasradioreflejos.com.ar\/2021\/#\/schema\/person\/ad82545263dcc5ec0996818884fd5fb1","name":"Arnaldo Botto","image":{"@type":"ImageObject","inLanguage":"es","@id":"https:\/\/www.noticiasradioreflejos.com.ar\/2021\/#\/schema\/person\/image\/","url":"https:\/\/secure.gravatar.com\/avatar\/55cb5e37c1efa326397366e6974cb338056df65cb50e7d64d1cf314e87504837?s=96&d=mm&r=g","contentUrl":"https:\/\/secure.gravatar.com\/avatar\/55cb5e37c1efa326397366e6974cb338056df65cb50e7d64d1cf314e87504837?s=96&d=mm&r=g","caption":"Arnaldo Botto"},"url":"https:\/\/www.noticiasradioreflejos.com.ar\/2021\/author\/arnaldo\/"}]}},"_links":{"self":[{"href":"https:\/\/www.noticiasradioreflejos.com.ar\/2021\/wp-json\/wp\/v2\/posts\/72194","targetHints":{"allow":["GET"]}}],"collection":[{"href":"https:\/\/www.noticiasradioreflejos.com.ar\/2021\/wp-json\/wp\/v2\/posts"}],"about":[{"href":"https:\/\/www.noticiasradioreflejos.com.ar\/2021\/wp-json\/wp\/v2\/types\/post"}],"author":[{"embeddable":true,"href":"https:\/\/www.noticiasradioreflejos.com.ar\/2021\/wp-json\/wp\/v2\/users\/3"}],"replies":[{"embeddable":true,"href":"https:\/\/www.noticiasradioreflejos.com.ar\/2021\/wp-json\/wp\/v2\/comments?post=72194"}],"version-history":[{"count":1,"href":"https:\/\/www.noticiasradioreflejos.com.ar\/2021\/wp-json\/wp\/v2\/posts\/72194\/revisions"}],"predecessor-version":[{"id":72196,"href":"https:\/\/www.noticiasradioreflejos.com.ar\/2021\/wp-json\/wp\/v2\/posts\/72194\/revisions\/72196"}],"wp:attachment":[{"href":"https:\/\/www.noticiasradioreflejos.com.ar\/2021\/wp-json\/wp\/v2\/media?parent=72194"}],"wp:term":[{"taxonomy":"category","embeddable":true,"href":"https:\/\/www.noticiasradioreflejos.com.ar\/2021\/wp-json\/wp\/v2\/categories?post=72194"},{"taxonomy":"post_tag","embeddable":true,"href":"https:\/\/www.noticiasradioreflejos.com.ar\/2021\/wp-json\/wp\/v2\/tags?post=72194"}],"curies":[{"name":"wp","href":"https:\/\/api.w.org\/{rel}","templated":true}]}}