{"id":72183,"date":"2022-05-19T11:17:02","date_gmt":"2022-05-19T11:17:02","guid":{"rendered":"http:\/\/www.noticiasradioreflejos.com.ar\/2021\/?p=72183"},"modified":"2022-05-19T11:17:35","modified_gmt":"2022-05-19T11:17:35","slug":"se-reabre-la-opcion-digital-para-las-personas-que-no-fueron-censadas","status":"publish","type":"post","link":"https:\/\/www.noticiasradioreflejos.com.ar\/2021\/se-reabre-la-opcion-digital-para-las-personas-que-no-fueron-censadas\/","title":{"rendered":"Se reabre la opci\u00f3n digital para las personas que no fueron censadas"},"content":{"rendered":"<div class=\"section-2-col article-header\">\n<div class=\"col 2-col\">\n<p>Desde las 8 se realiz\u00f3 el Censo 2022 que involucr\u00f3 a m\u00e1s de 600 mil personas, entre censistas urbanos y rurales y coordinadores nacionales y provinciales. Relevaron 15 millones de viviendas en todo el pa\u00eds.<\/p>\n<\/div>\n<\/div>\n<p><!--more--><\/p>\n<div class=\"section-2-col article-main-image\">\n<div class=\"col 2-col\">\n<div class=\"article-main-media-image__container\">\n<div class=\"image-wrapper\">\n<figure>\n<figure class=\"object-fit-block--contain intrinsic-container intrinsic-container-3x2\"><img decoding=\"async\" class=\" \" src=\"https:\/\/images.pagina12.com.ar\/styles\/focal_3_2_960x640\/public\/2022-05\/526165-censo-b-20avila.jpg?itok=nhQ11f5_\" alt=\"El Censo Nacional en vivo (Fuente: Bernardino Avila)\" \/><\/figure><figcaption>El Censo Nacional en vivo. Imagen: Bernardino Avila<\/figcaption><\/figure>\n<\/div>\n<\/div>\n<\/div>\n<\/div>\n<div class=\"section-2-col article-main-content\">\n<div class=\"col 1-col\"><\/div>\n<div class=\"col 2-col\">\n<div class=\"article-main-content article-text \">\n<p>El\u00a0<b><\/b><b><a href=\"https:\/\/www.pagina12.com.ar\/421126-guia-completa-del-censo-2022-todo-lo-que-tenes-que-saber\">Censo 2022<\/a><\/b><a href=\"https:\/\/www.pagina12.com.ar\/tags\/57556-censo-2022\">\u00a0<\/a>es un relevamiento nacional para obtener\u00a0<b>datos claves acerca de la demograf\u00eda<\/b>. Esta edici\u00f3n cuenta con novedades: por primera vez que se incorpora el\u00a0<b><a href=\"https:\/\/www.pagina12.com.ar\/422069-censo-digital-2022-cuales-son-los-errores-mas-comunes-y-que-\">Censo digital<\/a><\/b>\u00a0para completar online. \u00bfQu\u00e9 pasa si no se present\u00f3 el censista?<\/p>\n<ul>\n<li><b><u><a href=\"https:\/\/www.pagina12.com.ar\/422602-censo-2022-que-pasa-si-el-censista-no-paso-por-mi-casa\">Censo 2022: \u00bfQu\u00e9 hago si el censista no pas\u00f3 por mi casa?<\/a><\/u><\/b><\/li>\n<\/ul>\n<div class=\"live-blog-post-wrapper\">\n<article id=\"post-0136\" class=\"live-blog-post section-2-col\">\n<div class=\"col 2-col\">\n<h2>SE REABRE LA OPCI\u00d3N DIGITAL PARA LAS PERSONAS QUE NO FUERON CENSADAS<\/h2>\n<p>El titular del Indec, Marco Lavagna, anunci\u00f3 esta noche que se vuelve a abrir la p\u00e1gina www.censo.gob.ar para que las personas que no fueron censadas puedan hacerlo v\u00eda digital, mientras que tambi\u00e9n estar\u00e1n habilitados el correo electr\u00f3nico\u00a0censo@indec.gob.ar\u00a0y el tel\u00e9fono gratuito nacional 0800-345-2022 para que vuelvan a ser visitadas.<\/p>\n<p>\u00abDe acuerdo a la planificaci\u00f3n acordada en el Sistema Estad\u00edstico Nacional, desde 19 y hasta el 22 de mayo pr\u00f3ximo se realizar\u00e1 la etapa de recuperaci\u00f3n para que toda la poblaci\u00f3n quede correctamente contabilizada\u00bb, inform\u00f3 esta tarde el Indec.<\/p>\n<p>Luego de una jornada censal con amplia participaci\u00f3n de la poblaci\u00f3n, que comenz\u00f3 a las 8 y concluy\u00f3 a las 18, el Indec inform\u00f3 cu\u00e1l ser\u00e1 el procedimiento que deber\u00e1 ser cumplimentado en aquellos casos en que no se recibi\u00f3 la visita domiciliaria de un censista y no se hab\u00eda completado el relevamiento de modo digital.<\/p>\n<p>Quienes env\u00eden un e-mail a\u00a0censo@indec.gob.ar\u00a0tendr\u00e1n que colocar el asunto \u00abNo fui censado\/a\u00bb. Y en el cuerpo del correo deber\u00e1n consignar:<\/p>\n<p>&#8211; Nombre y apellido<\/p>\n<p>&#8211; Provincia<\/p>\n<p>&#8211; Partido\/Departamento<\/p>\n<p>&#8211; Localidad<\/p>\n<p>&#8211; Calle<\/p>\n<p>&#8211; N\u00famero<\/p>\n<p>&#8211; Piso y departamento (si es propiedad horizontal)<\/p>\n<p>&#8211; Correo electr\u00f3nico<\/p>\n<p>&#8211; Tel\u00e9fono de contacto (incluir c\u00f3digo de \u00e1rea, y si es fijo o celular)<\/p>\n<\/div>\n<\/article>\n<article id=\"post-2128\" class=\"live-blog-post section-2-col\">\n<div class=\"col 2-col\">\n<h2>ALBERTO FERN\u00c1NDEZ VISIT\u00d3 EL INDEC<\/h2>\n<p>El presidente Alberto Fern\u00e1ndez lleg\u00f3 en la noche del mi\u00e9rcoles hasta la sede del INDEC para reunirse con el titular de ese organismo, Marco Lavagna, para interiorizarse del operativo del censo 2022 que se llev\u00f3 a cabo este mi\u00e9rcoles en todo el pa\u00eds.<\/p>\n<p>El jefe de Estado arrib\u00f3 al organismo junto con el ministro de Econom\u00eda, Mart\u00edn Guzm\u00e1n.<\/p>\n<\/div>\n<\/article>\n<article id=\"post-1906\" class=\"live-blog-post section-2-col\">\n<div class=\"col 2-col\">\n<h2>MARCO LAVAGNA:\u00bbEL CENSO 2022 FUE MUY EXITOSO\u00bb<\/h2>\n<p>El director del Instituto Nacional de Estad\u00edsticas y Censos (INDEC), Marco Lavagna, brind\u00f3 una conferencia de prensa tras finalizar el operativo del Censo Nacional de Poblaci\u00f3n, Hogares y Viviendas 2022, y destac\u00f3 que \u201cfue muy exitoso\u201d.<\/p>\n<p>\u201cHa sido un operativo muy ordenado, muy puntual. Estamos muy contentos\u201d, asegur\u00f3 Lavagna, al tiempo que recalc\u00f3 que el censo digital facilit\u00f3 ampliamente la tarea y se\u00f1al\u00f3 que marc\u00f3 un \u201ccambio de paradigma\u201d.<\/p>\n<p>\u201cHemos podido hacer un censo digital por primera vez y los resultados est\u00e1n a la vista. Es un salto cualitativo muy grande. Es un punto de inflexi\u00f3n y seguiremos mejorando\u201d, sostuvo.<\/p>\n<p>Consultado sobre algunas versiones que circularon en redes por un posible \u201cfraude\u201d en algunas provincias por la utilizaci\u00f3n de l\u00e1piz para completar los formularios, el directivo del organismo explic\u00f3:\u00a0<b>\u201cSiempre se trabaja con l\u00e1piz porque esto despu\u00e9s se tiene que digitalizar. Adem\u00e1s, la personas que est\u00e1 haciendo el censo se pueden equivocar y tienen una goma para poder borrar. En todos los censos se us\u00f3 l\u00e1piz. Es el operativo normal\u201d.<\/b><\/p>\n<p>Por otra parte, Lavagna se refiri\u00f3 a la situaci\u00f3n de aquellos hogares que no recibieron la visita del censista y se\u00f1al\u00f3 que \u201cquienes hayan realizado el censo digital, ya tienen sus datos registrados\u201d por lo que \u201cse pueden quedar tranquilos\u201d. En tanto, para aquellos que no completaron esa instancia,\u00a0<b>\u201cvamos a habilitar otras alternativas, como contacto por tel\u00e9fono, mail o herramientas digitales, para que se puedan completar todas las viviendas\u201d<\/b>.<\/p>\n<p>Finalmente, el funcionario subray\u00f3 que \u201clos censos son muy importantes para todos y para la planificaci\u00f3n\u201d. \u201cEs muy importante tener datos de calidad sobre los que poder proyectar y ver hacia d\u00f3nde queremos ir como pa\u00eds\u201d, ampli\u00f3.<\/p>\n<p>&nbsp;<\/p>\n<p>Asimismo, aclar\u00f3 que \u201centre hoy y ma\u00f1ana se dar\u00e1 a conocer el boca de urna\u201d, pero los resultados finales \u00abestar\u00e1n disponibles en un a\u00f1o y medio\u201d, que es el plazo m\u00e1ximo establecido por ley.<\/p>\n<\/div>\n<\/article>\n<article id=\"post-1801\" class=\"live-blog-post section-2-col\">\n<div class=\"col 1-col\">\n<div class=\"timestamp\">18:01<\/div>\n<ul class=\"social-media-list\">\n<li class=\"facebook\"><\/li>\n<li class=\"twitter\"><\/li>\n<\/ul>\n<\/div>\n<div class=\"col 2-col\">\n<h2>TERMIN\u00d3 EL CENSO Y LAS RESTRICCIONES SE EXTIENDEN DOS HORAS M\u00c1S<\/h2>\n<p><b>El XI Censo de la historia argentina\u00a0<a href=\"https:\/\/www.pagina12.com.ar\/422608-censo-2022-ya-finalizo-el-operativo-y-se-esperan-los-datos-p\"><u>finaliz\u00f3 hace instantes<\/u><\/a><\/b>. Se estima que en horas de la noche habr\u00e1 datos estimativos sobre la cantidad de habitantes de la Argentina,<b>\u00a0si bien el procesamiento de datos llevar\u00e1 varios meses<\/b>.<\/p>\n<p>Pese que la actividad de los censistas ha finalizado, perdurar\u00e1n hasta las 20 las restricciones previstas para esta jornada. De acuerdo a la normativa, por dos horas m\u00e1s\u00a0<b>no podr\u00e1 haber\u00a0 \u00abfunciones teatrales, exhibiciones cinematogr\u00e1ficas, competencias deportivas y en general toda clase de espect\u00e1culos y reuniones p\u00fablicas al aire libre o en recintos cubiertos\u00bb<\/b>.<\/p>\n<p>A su vez,\u00a0\u00ablos restaurantes, confiter\u00edas, casas de expendio de bebidas y similares, rotiser\u00edas, panader\u00edas, y en general todo comercio de venta de art\u00edculos alimenticios y de bebidas y clubes,\u00a0<b>permanecer\u00e1n cerrados hasta la hora indicada\u00bb<\/b>.<\/p>\n<p><b>Hospitales, centros de salud, farmacias y estaciones de servicios son las \u00fanicas actividades\u00a0<\/b>que quedaron exceptuadas durante el feriado del Censo.<\/p>\n<\/div>\n<\/article>\n<article id=\"post-1800\" class=\"live-blog-post section-2-col\">\n<div class=\"col 1-col\">\n<div class=\"timestamp\">18:00<\/div>\n<ul class=\"social-media-list\">\n<li class=\"facebook\"><\/li>\n<li class=\"twitter\"><\/li>\n<\/ul>\n<\/div>\n<div class=\"col 2-col\">\n<h2>\u00bfQU\u00c9 PASA SI NO SE PRESENT\u00d3 EL CENSISTA?<\/h2>\n<p>Desde el Indec informaron que si bien no existe una l\u00ednea espec\u00edfica para reportar la ausencia del censista\u00a0<a href=\"https:\/\/www.pagina12.com.ar\/422602-censo-2022-que-pasa-si-el-censista-no-paso-por-mi-casa\"><strong>se puede acudir al tel\u00e9fono gratuito de la Mesa de Ayuda del Censo: la l\u00ednea 0800-345-2022<\/strong>.<\/a>\u00a0Durante todo el mi\u00e9rcoles, la recomendaci\u00f3n del Indec fue aguardar en la vivienda hasta las 18.<\/p>\n<p>Adem\u00e1s de la l\u00ednea telef\u00f3nica,\u00a0<strong>se habilitar\u00e1 el correo electr\u00f3nico\u00a0<\/strong>censo@indec.gob.ar<strong>\u00a0al que recurrir<\/strong>\u00a0en caso de no haber recibido la visita del censista. En el asunto deber\u00e1 decir\u00a0<strong>\u201cNo fui censado\/a\u201d<\/strong>\u00a0y se deber\u00e1n completar los siguientes datos: nombre, provincia, partido\/departamento, localidad, calle, n\u00famero, piso y departamento, c\u00f3digo de finalizaci\u00f3n de seis d\u00edgitos (si complet\u00f3 el censo digital), mail de contacto y n\u00famero de tel\u00e9fono.<\/p>\n<\/div>\n<\/article>\n<article id=\"post-1742\" class=\"live-blog-post section-2-col\">\n<div class=\"col 1-col\">\n<div class=\"timestamp\">17:42<\/div>\n<ul class=\"social-media-list\">\n<li class=\"facebook\"><\/li>\n<li class=\"twitter\"><\/li>\n<\/ul>\n<\/div>\n<div class=\"col 2-col\">\n<h2>VEEDORES INTERNACIONALES ELOGIARON LA AGILIDAD Y LA TRANSPARENCIA DEL CENSO 2022<\/h2>\n<p><b>Representantes del Instituto Nacional de Estad\u00edstica de Paraguay y Uruguay<\/b>, y representantes del Fondo de Poblaci\u00f3n de las Naciones Unidas (Unfpa) destacaron este mi\u00e9rcoles la \u00abtransparencia\u00bb y la recepci\u00f3n positiva de la poblaci\u00f3n hacia el operativo del\u00a0<a href=\"https:\/\/www.pagina12.com.ar\/tags\/57556-censo-2022\"><b><u>Censo Nacional 2022<\/u><\/b><\/a>, y\u00a0<b>afirmaron que ser\u00e1 un \u00abantes y un despu\u00e9s\u00bb para los futuros relevamientos que pr\u00f3ximamente se realizar\u00e1n en la regi\u00f3n<\/b>.<br \/>\n<b><br \/>\n\u00abEn primer lugar, destaco la palabra transparencia, y en segundo, creo que fue un operativo muy exitoso en lo que tuvo que ver con el censo digital\u00bb<\/b>, se\u00f1al\u00f3 Diego Aboal, director del Instituto Nacional de Estad\u00edstica de Uruguay.\u00a0<b>\u00abTenemos tasas muy altas de respuestas mediante el canal digital\u00bb<\/b>, agreg\u00f3, y destac\u00f3 que este es el primer caso en Am\u00e9rica Latina en el que se trabaja de forma digital el censo.<\/p>\n<p><b>Aboal recorri\u00f3 la zona bonaerense de Olivos junto a autoridades y censistas<\/b>, y explic\u00f3 que hace dos d\u00edas se encuentra en nuestro pa\u00eds trabajando con los equipos t\u00e9cnicos del Instituto Nacional de Estad\u00edstica y Censos (Indec) que le informaron sobre el operativo censal.<\/p>\n<p>Por su parte,\u00a0<b>el director del Instituto Nacional de Estad\u00edstica de Paraguay, Iv\u00e1n Ojeda, acompa\u00f1\u00f3 el operativo que se realiz\u00f3 en el Municipio de Tigre<\/b>, y destac\u00f3 la coordinaci\u00f3n entre el Indec, los municipios, las gobernaciones y todo el sistema p\u00fablico en general.<\/p>\n<p><b>\u00abLa Argentina ha hecho una gran apuesta al censo digital, esta metodolog\u00eda no est\u00e1 muy probada, sin embargo, vemos que los primeros resultados arrojan un \u00e9xito importante\u00bb<\/b>, dijo, y agreg\u00f3 que de las zonas que recorri\u00f3 pudo apreciar que el 50 por ciento ya hab\u00eda realizado el censo digital. Paraguay se est\u00e1 preparando para su octavo censo nacional de poblaci\u00f3n, a realizarse dentro de los meses de octubre y noviembre.<\/p>\n<\/div>\n<\/article>\n<article id=\"post-1642\" class=\"live-blog-post section-2-col\">\n<div class=\"col 1-col\">\n<div class=\"timestamp\">16:42<\/div>\n<ul class=\"social-media-list\">\n<li class=\"facebook\"><\/li>\n<li class=\"twitter\"><\/li>\n<\/ul>\n<\/div>\n<div class=\"col 2-col\">\n<h2>LAVAGNA CONFIRM\u00d3 QUE HABR\u00c1 UN BOCA DE URNA DEL CENSO \u00abENTRE HOY A LA NOCHE Y MA\u00d1ANA\u00bb<\/h2>\n<p>\u00abEstamos previendo que\u00a0<b>entre hoy a la noche y ma\u00f1ana, depende de c\u00f3mo avance el operativo, vamos a tener un boca de urna de cu\u00e1ntos somos<\/b>. Esto va a ser m\u00e1s para quitarnos las ansiedades que todos tenemos de saber cu\u00e1ntos somos\u00bb. Con estas palabras, el titular del Indec,\u00a0<b><a href=\"https:\/\/www.pagina12.com.ar\/422454-censo-2022-cuando-se-van-a-saber-los-resultados\">Marco Lavagna<\/a><\/b>, se refiri\u00f3 al momento en que se conocer\u00e1n los datos preliminares del Censo Nacional.<\/p>\n<p>Lavagna estim\u00f3 que\u00a0<b>\u00abel n\u00famero efectivamente lo vamos a tener a los tres meses o quiz\u00e1s un poquito antes\u00bb<\/b>. En tal sentido, destac\u00f3 que \u00aba los tres meses\u00bb habr\u00e1\u00a0<b>\u00abun primer dato preliminar de cu\u00e1ntos somos por por sexo, lugar de residencia\u00bb<\/b>. Y que\u00a0<b>\u00aba los ocho meses vamos a tener los primeros datos definitivos y al a\u00f1o y medio vamos a tener la totalidad del censo procesado\u00bb<\/b>.<\/p>\n<p>El responsables del Instituto de Estad\u00edsticas manifest\u00f3 a su vez que<b>\u00a0\u201ccasi el 50 por ciento de las personas complet\u00f3 el Censo Digital\u00bb<\/b>, lo cual \u00absuper\u00f3 todas las expectativas que ten\u00edamos y permitir\u00e1 que el operativo de campo se haga mucho m\u00e1s r\u00e1pido\u201d.<\/p>\n<\/div>\n<\/article>\n<article id=\"post-1555\" class=\"live-blog-post section-2-col\">\n<div class=\"col 1-col\">\n<div class=\"timestamp\">15:55<\/div>\n<ul class=\"social-media-list\">\n<li class=\"facebook\"><\/li>\n<li class=\"twitter\"><\/li>\n<\/ul>\n<\/div>\n<div class=\"col 2-col\">\n<h2>FABIANA DEL POPOLO, VEEDORA INTERNACIONAL, DESTAC\u00d3 EL CENSO ARGENTINO<\/h2>\n<p><b>\u00abLa experiencia de Argentina deja muchas lecciones aprendidas para muchos pa\u00edses que no han preparado su censo o que lo est\u00e1n preparando\u00bb,\u00a0<\/b>se\u00f1al\u00f3 Fabiana del Popolo, jefa del \u00e1rea de Demograf\u00eda e Informaci\u00f3n sobre poblaci\u00f3n de la CELADE, divisi\u00f3n de poblaci\u00f3n de CEPAL, y veedora internacional de la jornada.<\/p>\n<p>En este sentido, la especialista consider\u00f3 que \u00abesto es de una enorme riqueza para la regi\u00f3n\u00bb ya que \u00abla crisis derivada de la pandemia posterg\u00f3 los<a href=\"https:\/\/www.pagina12.com.ar\/422461-los-curiosos-datos-del-primer-censo-de-la-historia-argentina\"><b><u>\u00a0censos<\/u><\/b><\/a>\u00a0de 2020&#8243; y \u00abtodos los pa\u00edses tuvieron que postergar sus censos, excepto M\u00e9xico porque lo inici\u00f3 en marzo de 2020\u00bb, por lo cual indic\u00f3 que\u00a0<b>\u00abArgentina es el primer pa\u00eds que superada la crisis logra salir a campo y realizar el censo\u00bb.<\/b><\/p>\n<p>\u00abEl censo de la Argentina tuvo 3 desaf\u00edos: primero prepararlo en pandemia; segundo, pasar de censo de hecho a derecho, un cambio metodol\u00f3gico bien importante; y, adem\u00e1s, implementar el censo digital\u00bb, remarc\u00f3.<\/p>\n<p>Y agreg\u00f3: \u00abLa experiencia en la regi\u00f3n era muy escasa y realmente los resultados que estamos viendo y la aceptaci\u00f3n de la ciudadan\u00eda argentina y de todas las personas, m\u00e1s all\u00e1 de su nacionalidad, que habitan en Argentina es algo para celebrar\u00bb.<\/p>\n<p>\u00abNosotros los veedores hoy salimos a campo, nos dividimos, fuimos a tres lugares. A m\u00ed me toc\u00f3 en La Plata. Vamos acompa\u00f1ando a los censistas para ver c\u00f3mo se manejan. Y quisiera destacar que lo que presenciamos en nuestra observaci\u00f3n ha sido una excelente predisposici\u00f3n de la ciudadan\u00eda y eso da mucha alegr\u00eda\u00bb, detall\u00f3 sobre su tarea.<\/p>\n<p>Por \u00faltimo, Del Popolo sostuvo que \u00abcon este censo nos vamos a beneficiar todos y todas\u00bb, dado que\u00a0 \u00abse observ\u00f3 una excelente predisposici\u00f3n\u00bb y \u00abhubo mucha cordialidad, mucha apertura\u00bb.<\/p>\n<\/div>\n<\/article>\n<article id=\"post-1535\" class=\"live-blog-post section-2-col\">\n<div class=\"col 1-col\">\n<div class=\"timestamp\">15:35<\/div>\n<ul class=\"social-media-list\">\n<li class=\"facebook\"><\/li>\n<li class=\"twitter\"><\/li>\n<\/ul>\n<\/div>\n<div class=\"col 2-col\">\n<h2>EL 50% DE LOS BONAERENSES COMPLET\u00d3 EL CENSO DE MANERA DIGITAL<\/h2>\n<p>El\u00a0<b>50% de los habitantes de la provincia de Buenos Aires<\/b>\u00a0complet\u00f3 el\u00a0<b>censo de manera digital<\/b>\u00a0mientras que el 50% restante es censado desde las 8 de manera presencial en un operativo coordinado por el Instituto Nacional de Estad\u00edstica y Censos (Indec), confirm\u00f3\u00a0el ministro de Hacienda bonaerense, Pablo L\u00f3pez.<\/p>\n<p>\u00abEl censo se viene desarrollando muy bien.\u00a0<b>El hecho de haber tenido un censo online facilit\u00f3 mucho las cosas y agiliza el procedimiento<\/b>. El 50% de las viviendas hizo el censo digital, eso hace que avancen muy r\u00e1pido las visitas de los censistas. Incluso, muchos ya terminaron hace una hora sus recorridos\u00bb, asegur\u00f3 L\u00f3pez.<\/p>\n<p>Seg\u00fan detall\u00f3 el funcionario, un total de<b>\u00a08.054.387 domicilios<\/b>\u00a0de los 135 municipios de la provincia de Buenos Aires son censados entre las 8 y las 18 de este mi\u00e9rcoles, de los cuales el 98,5% se encuentra en zonas urbanas.<\/p>\n<p>A primera hora de la ma\u00f1ana, los censistas recibieron en las escuelas una bolsa con las planillas que deben completar a lo largo de la jornada y luego salieron, con sus\u00a0<b>pecheras\u00a0<\/b>puestas y las\u00a0<b>credenciales\u00a0<\/b>identificatorias colgadas, a hacer las recorridas por las viviendas. Cada encuestador de la provincia tiene asignado entre\u00a0<b>26 y 36 domicilios.<\/b><\/p>\n<p>En el operativo trabajan alrededor de<b>\u00a0300 mil personas<\/b>: 2 coordinadoras provinciales, 6 coordinadores zonales, 25 subcoordinadores regionales, 25 subcoordinadores regionales de gesti\u00f3n, 139 jefes de partido distritales, 139 jefes de partido municipales, 2.853 jefes de fracci\u00f3n, 6.800 asistentes de jefe de fracci\u00f3n, 23.901 jefes de radio y 242.500 censistas de viviendas particulares.<\/p>\n<p>Adem\u00e1s, ya trabajaron 2.000 censistas de viviendas colectivas, 17 jefes de equipo del operativo de personas en situaci\u00f3n de calle, 68 censistas de personas en situaci\u00f3n de calle y hay un total de 23.600 censistas suplentes.<\/p>\n<\/div>\n<\/article>\n<article id=\"post-1520\" class=\"live-blog-post section-2-col\">\n<div class=\"col 1-col\">\n<div class=\"timestamp\">15:20<\/div>\n<ul class=\"social-media-list\">\n<li class=\"facebook\"><\/li>\n<li class=\"twitter\"><\/li>\n<\/ul>\n<\/div>\n<div class=\"col 2-col\">\n<h2>DETUVIERON A TRES FALSOS CENSISTAS EN LA QUIACA<\/h2>\n<p>Dos mujeres y un hombre oriundos de la ciudad de Villaz\u00f3n, Bolivia, fueron\u00a0<a href=\"https:\/\/www.pagina12.com.ar\/422470-censo-2022-detuvieron-a-tres-falsos-censistas-en-la-quiaca-j\">detenidos este mi\u00e9rcoles cuando<b>\u00a0simulaban ser censistas en un barrio de La Quiaca<\/b><\/a><b><\/b>, sin contar con la correspondiente acreditaci\u00f3n para trabajar en el operativo.<\/p>\n<p>Seg\u00fan inform\u00f3 la polic\u00eda, el hecho ocurri\u00f3 este mediod\u00eda en la calle Jujuy al 400 del barrio Belgrano, cuando las tres personas se presentaron como \u00abcensistas\u00bb en un domicilio y\u00a0<b>los vecinos del lugar les solicitaron las credenciales que los identifiquen<\/b>, documentaci\u00f3n que no pudieron exhibir.<\/p>\n<p>Ante esto, uno de los vecinos puso en alerta a personal de la seccional 17 que realizaba recorridos de prevenci\u00f3n por la zona. Cuando arrib\u00f3 la polic\u00eda, las tres personas estaban pidiendo datos al due\u00f1o de una casa de ese sector barrial, por lo que fueron detenidos de inmediato, indic\u00f3 una fuente policial a T\u00e9lam.<\/p>\n<p>\u00ab<b>No pudieron mostrar la documentaciones ni la ropa que los identificara como personal afectado al Censo<\/b>, por lo que no pudieron justificar su presencia en el lugar\u00bb, apunt\u00f3 la fuente. Posteriormente, se estableci\u00f3 que se trataba de tres personas mayores de edad, todos con domicilio en Villaz\u00f3n, Bolivia, por lo que fueron trasladadas a la seccional 17, donde quedaron arrestadas a disposici\u00f3n de la justicia.<\/p>\n<p>El Instituto Nacional de Estad\u00edsticas y Censo (Indec) inform\u00f3 que<b>\u00a0cada censista lleva una pechera<\/b>\u00a0con el n\u00famero 0800-345-2022, donde durante todo el d\u00eda se podr\u00e1n realizar consultas y denuncias; adem\u00e1s de una<b>\u00a0credencial identificatoria con su nombre, apellido y n\u00famero documento, un c\u00f3digo QR y una bolsa con el logo oficial del Censo 2022.<\/b><\/p>\n<\/div>\n<\/article>\n<article id=\"post-1505\" class=\"live-blog-post section-2-col\">\n<div class=\"col 1-col\">\n<div class=\"timestamp\">15:05<\/div>\n<ul class=\"social-media-list\">\n<li class=\"facebook\"><\/li>\n<li class=\"twitter\"><\/li>\n<\/ul>\n<\/div>\n<div class=\"col 2-col\">\n<h2>EL CENSO TRANSCURRI\u00d3 CON NORMALIDAD EN LA ANT\u00c1RTIDA<\/h2>\n<p>El Ministerio de Defensa inform\u00f3 que el Censo 2022 al personal argentino desplegado en las<b>\u00a0siete\u00a0<\/b>bases permanentes del<b>\u00a0continente ant\u00e1rtico<\/b>\u00a0transcurri\u00f3 \u00abcon normalidad\u00bb y alcanz\u00f3 a un total<b>\u00a0<\/b>251 personas.<\/p>\n<p>\u00ab<b>Se desarroll\u00f3 con normalidad el Censo 2022 al personal desplegado en las siete bases permanentes en la Ant\u00e1rtida\u00bb<\/b>, tuite\u00f3 el titular de la cartera de Defensa, Jorge Taiana, quien destac\u00f3 que el procedimiento result\u00f3 de un trabajo conjunto entre Defensa, el Indec, la Direcci\u00f3n Nacional Ant\u00e1rtica y el Gobierno de la Provincia de Tierra del Fuego, Ant\u00e1rtida e Islas del Atl\u00e1ntico Sur.<\/p>\n<p>Seg\u00fan detall\u00f3 el ministerio, fueron relevadas 64 personas en la Base Ant\u00e1rtica Conjunta Esperanza, 26 en la Base Ant\u00e1rtica Conjunta San Mart\u00edn, 17 en la Base Ant\u00e1rtica Conjunta Belgrano 2, 21 en la Base Ant\u00e1rtica Conjunta Orcadas, 77 en la Base Ant\u00e1rtica Conjunta Marambio, 25 en la Base Ant\u00e1rtica Conjunta Carlini y 21 en la Base Ant\u00e1rtica Conjunta Petrel.<\/p>\n<p>Respecto a esta \u00faltima, el Ministerio de Defensa indic\u00f3 que \u00abse contin\u00faa trabajando para transformarla de base transitoria a permanente\u00bb. El personal apostado es el primero es el primero en la historia que invernar\u00e1 all\u00ed.<\/p>\n<p>Para facilitar el procesamiento de datos,<b>\u00a0cada base fue considerada como una \u00fanica vivienda.<\/b>\u00a0Algo similar ocurre en el caso del censo al personal militar desplegado alrededor del pa\u00eds: cada vivienda militar colectiva (cuarteles, bases, hospitales) es visitada por un responsable militar por jurisdicci\u00f3n en contacto con cada organismo estad\u00edstico provincial y se acompa\u00f1a al personal de censistas para su ingreso en cada barrio militar.<\/p>\n<\/div>\n<\/article>\n<article id=\"post-1445\" class=\"live-blog-post section-2-col\">\n<div class=\"col 1-col\">\n<div class=\"timestamp\">14:45<\/div>\n<ul class=\"social-media-list\">\n<li class=\"facebook\"><\/li>\n<li class=\"twitter\"><\/li>\n<\/ul>\n<\/div>\n<div class=\"col 2-col\">\n<h2>EL OFICIALISMO DIJO QUE EL CENSO ES \u00abUNA GRAN HERRAMIENTA PARA DISE\u00d1AR LAS POL\u00cdTICAS P\u00daBLICAS\u00bb<\/h2>\n<p>El presidente\u00a0<b>Alberto Fern\u00e1ndez<\/b>\u00a0y varios dirigentes del\u00a0<b>Frente de Todos\u00a0<\/b>resaltaron este mi\u00e9rcoles la importancia del Censo 2022, dado que permite \u201cconocer el presente\u201d de la poblaci\u00f3n, transform\u00e1ndose as\u00ed en \u00abuna\u00a0<b>gran herramienta<\/b>\u00a0para luego dise\u00f1ar las pol\u00edticas p\u00fablicas que mejoren la realidad de los argentinos\u201d.<\/p>\n<p>El objetivo del censo, explic\u00f3 el presidente en su cuenta de Twitter,\u00a0es \u201cpoder conocer nuestro presente\u00bb. \u00abEs crucial que participemos todas y todos.\u00a0<b>El censo nacional nos permite pensar c\u00f3mo podemos construir un mejor futuro<\/b>\u201d, escribi\u00f3 el mandatario.<\/p>\n<p>Tambi\u00e9n en Twitter, el ministro del Interior,\u00a0<b>Eduardo \u2018Wado\u2019 de Pedro<\/b>, record\u00f3 que \u201ceste 18 de mayo se hace el censo nacional en Argentina para saber cu\u00e1ntos somos, d\u00f3nde estamos y c\u00f3mo vivimos. Y para que con datos actuales podamos planificar las pol\u00edticas p\u00fablicas de los pr\u00f3ximos diez a\u00f1os\u201d. En una l\u00ednea similar, el ministro de Ambiente,\u00a0<b>Juan Cabandi\u00e9<\/b>, afirm\u00f3 que la estad\u00edstica poblacional es \u201cclave para saber cu\u00e1ntos somos, d\u00f3nde estamos y c\u00f3mo vivimos\u201d.<\/p>\n<p>El ministro de Obras P\u00fablicas,\u00a0<b>Gabriel Katopodis<\/b>, en tanto, cont\u00f3 su experiencia en el censo y se\u00f1al\u00f3 que \u201chaber hecho antes el censo digital facilit\u00f3 much\u00edsimo la tarea. Esperemos a las y los censistas en nuestras casas. Hoy es un d\u00eda para reconocernos en todo el territorio argentino\u201d.<\/p>\n<p>Tambi\u00e9n se expresaron sobre la importancia de la jornada los gobernadores de Buenos Aires,\u00a0<b>Axel Kicillof<\/b>, de Tucum\u00e1n,\u00a0<b>Osvaldo Jaldo<\/b>, y de Catamarca,\u00a0<b>Ra\u00fal Jalil<\/b>. \u201cHoy es un d\u00eda muy importante\u201d porque se realiza el censo 2022 y \u201caunque hayas hecho el censo digital deber\u00e1s esperar igual al censista para entregarle el c\u00f3digo\u201d, escribi\u00f3 el mandatario bonaerense. Jaldo, por su parte, indic\u00f3 que \u201cestamos siendo parte de este relevamiento que sirve para construir una Argentina mejor\u201d, mientras que Jalil destac\u00f3 que \u201cel censo nos permite conocernos m\u00e1s, saber cu\u00e1ntos somos, c\u00f3mo somos y d\u00f3nde vivimos\u201d.<\/p>\n<\/div>\n<\/article>\n<article id=\"post-1423\" class=\"live-blog-post section-2-col\">\n<div class=\"col 1-col\">\n<div class=\"timestamp\">14:23<\/div>\n<ul class=\"social-media-list\">\n<li class=\"facebook\"><\/li>\n<li class=\"twitter\"><\/li>\n<\/ul>\n<\/div>\n<div class=\"col 2-col\">\n<h2>EN ALGUNAS LOCALIDADES YA HAY CENSISTAS\u00a0QUE TERMINARON SU RECORRIDO<\/h2>\n<p>El director del Indec, Marco Lavagna, asegur\u00f3 pasadas las 14 de este mi\u00e9rcoles que en algunas localidades\u00a0<b>hay censistas que \u00abya han terminado su recorrido\u00bb<\/b>, lo que indica que el operativo se viene desarrollando de forma veloz y sin inconvenientes.<\/p>\n<p>El Censo 2022 \u00abest\u00e1 funcionando muy bien.\u00a0<b>No estamos teniendo inconvenientes. En t\u00e9rminos generales viene muy r\u00e1pido<\/b>. Hay mucha carga que se est\u00e1 dando r\u00e1pido debido al censo digital. Se est\u00e1 viendo en muchos lados que se termin\u00f3 algunos recorridos. Esto nos pone muy contentos\u00bb, dijo el funcionario en conferencia de prensa.<\/p>\n<p>\u00abEstuve recorriendo algunas jefaturas, estuve en\u00a0<b>Ramos Mej\u00eda,<\/b>\u00a0en\u00a0<b>La Matanza<\/b>, donde a las 2 horas ya ten\u00edamos censistas que ya hab\u00edan terminado el recorrido. Esto habla primero de lo que ve\u00edamos en los n\u00fameros hoy a la ma\u00f1ana, que yo les mostraba la cantidad de gente que hab\u00eda hecho el censo digital, y tambi\u00e9n\u00a0<b>en la pr\u00e1ctica se est\u00e1 viendo que el operativo est\u00e1 siendo muy r\u00e1pido<\/b>\u00a0y casi les dir\u00eda hay un clima muy festivo en t\u00e9rminos del censo y eso nos pone muy contentos\u00bb.<\/p>\n<p>En ese marco, le solicit\u00f3 a las personas que a\u00fan no han recibido la visita del censista que \u00abtengan paciencia. Acuerdens\u00e9 que si bien va muy r\u00e1pido, todav\u00eda hay lugares donde no se pudo recorrer todo. Hay tiempo hasta las 18 horas, esperenl\u00f3, no se vayan, ya seguramente est\u00e9 por llegar a esos lugares\u00bb.<\/p>\n<\/div>\n<\/article>\n<article id=\"post-1415\" class=\"live-blog-post section-2-col\">\n<div class=\"col 1-col\">\n<div class=\"timestamp\">14:15<\/div>\n<ul class=\"social-media-list\">\n<li class=\"facebook\"><\/li>\n<li class=\"twitter\"><\/li>\n<\/ul>\n<\/div>\n<div class=\"col 2-col\">\n<h2>WADO DE PEDRO RECORD\u00d3 LA MUERTE DE N\u00c9STOR KIRCHNER<\/h2>\n<p>El ministro del Interior,\u00a0<b>Wado de Pedro<\/b>, record\u00f3 este mi\u00e9rcoles la muerte del expresidente\u00a0<b>N\u00e9stor Kirchner<\/b>, quien falleci\u00f3 durante el \u00faltimo censo nacional, realizado el 27 de octubre de 2010.<\/p>\n<p>\u00abHoy, con un nuevo censo, no puedo dejar de recordar la partida de N\u00e9stor el d\u00eda del censo del 2010. N\u00e9stor, que con sus palabras y acciones\u00a0<b>nos motiv\u00f3 a miles de j\u00f3venes a abrazar la pol\u00edtica como una herramienta de transformaci\u00f3n en beneficio del pueblo<\/b>. N\u00e9stor, siempre presente\u00bb, escribi\u00f3 el funcionario.<\/p>\n<div class=\"iframely-embed medium-embedded-content\" data-html=\"Jmx0O2Jsb2NrcXVvdGUgY2xhc3M9InR3aXR0ZXItdHdlZXQiIGRhdGEtZG50PSJ0cnVlIiBhbGlnbj0iY2VudGVyIiZndDsmbHQ7cCBsYW5nPSJlcyIgZGlyPSJsdHIiJmd0O0hveSwgY29uIHVuIG51ZXZvIGNlbnNvLCBubyBwdWVkbyBkZWphciBkZSByZWNvcmRhciBsYSBwYXJ0aWRhIGRlIE7DqXN0b3IgZWwgZMOtYSBkZWwgY2Vuc28gZGVsIDIwMTAuICZsdDticiZndDtOw6lzdG9yLCBxdWUgY29uIHN1cyBwYWxhYnJhcyB5IGFjY2lvbmVzIG5vcyBtb3RpdsOzIGEgbWlsZXMgZGUgasOzdmVuZXMgYSBhYnJhemFyIGxhIHBvbMOtdGljYSBjb21vIHVuYSBoZXJyYW1pZW50YSBkZSB0cmFuc2Zvcm1hY2nDs24gZW4gYmVuZWZpY2lvIGRlbCBwdWVibG8mbHQ7YnImZ3Q7TsOpc3Rvciwgc2llbXByZSBwcmVzZW50ZSAmbHQ7YSBocmVmPSJodHRwczovL3QuY28vemtyWHVaVWRaSSImZ3Q7cGljLnR3aXR0ZXIuY29tL3prclh1WlVkWkkmbHQ7L2EmZ3Q7Jmx0Oy9wJmd0OyZhbXA7bWRhc2g7IFdhZG8gZGUgUGVkcm8g8J+HpvCfh7cgKEB3YWRvZGVjb3JyaWRvKSAmbHQ7YSBocmVmPSJodHRwczovL3R3aXR0ZXIuY29tL3dhZG9kZWNvcnJpZG8vc3RhdHVzLzE1MjY5NDE5NzQ5OTcxMjcxNjg\/cmVmX3NyYz10d3NyYyU1RXRmdyImZ3Q7TWF5IDE4LCAyMDIyJmx0Oy9hJmd0OyZsdDsvYmxvY2txdW90ZSZndDsKJmx0O3NjcmlwdCBhc3luYyBzcmM9Imh0dHBzOi8vcGxhdGZvcm0udHdpdHRlci5jb20vd2lkZ2V0cy5qcyIgY2hhcnNldD0idXRmLTgiJmd0OyZsdDsvc2NyaXB0Jmd0OwombHQ7ZGl2IGNsYXNzPSJtZWRpdW0taW5zZXJ0LWVtYmVkcy1tZXRhIiZndDsmbHQ7c2NyaXB0IHR5cGU9InRleHQvanNvbiImZ3Q7eyJ1cmwiOiJodHRwczovL3R3aXR0ZXIuY29tL3dhZG9kZWNvcnJpZG8vc3RhdHVzLzE1MjY5NDE5NzQ5OTcxMjcxNjgiLCJ0eXBlIjoicmljaCIsInZlcnNpb24iOiIxLjAiLCJ0aXRsZSI6IldhZG8gZGUgUGVkcm8g8J+HpvCfh7cgb24gVHdpdHRlciIsImF1dGhvciI6IldhZG8gZGUgUGVkcm8g8J+HpvCfh7ciLCJhdXRob3JfdXJsIjoiaHR0cHM6Ly90d2l0dGVyLmNvbS93YWRvZGVjb3JyaWRvIiwicHJvdmlkZXJfbmFtZSI6IlR3aXR0ZXIiLCJkZXNjcmlwdGlvbiI6IkhveSwgY29uIHVuIG51ZXZvIGNlbnNvLCBubyBwdWVkbyBkZWphciBkZSByZWNvcmRhciBsYSBwYXJ0aWRhIGRlIE7DqXN0b3IgZWwgZMOtYSBkZWwgY2Vuc28gZGVsIDIwMTAuIE7DqXN0b3IsIHF1ZSBjb24gc3VzIHBhbGFicmFzIHkgYWNjaW9uZXMgbm9zIG1vdGl2w7MgYSBtaWxlcyBkZSBqw7N2ZW5lcyBhIGFicmF6YXIgbGEgcG9sw610aWNhIGNvbW8gdW5hIGhlcnJhbWllbnRhIGRlIHRyYW5zZm9ybWFjacOzbiBlbiBiZW5lZmljaW8gZGVsIHB1ZWJsb07DqXN0b3IsIHNpZW1wcmUgcHJlc2VudGUgcGljLnR3aXR0ZXIuY29tL3prclh1WlVkWknigJQgV2FkbyBkZSBQZWRybyDwn4em8J+HtyAoQHdhZG9kZWNvcnJpZG8pIE1heSAxOCwgMjAyMlxuXG4iLCJ0aHVtYm5haWxfdXJsIjoiaHR0cHM6Ly9wYnMudHdpbWcuY29tL21lZGlhL0ZUREpvWlpYc0FFcmFoay5qcGc6bGFyZ2UiLCJ0aHVtYm5haWxfd2lkdGgiOjgwMCwidGh1bWJuYWlsX2hlaWdodCI6NTI3LCJjYWNoZV9hZ2UiOjg2NDAwLCJvcHRpb25zIjp7Il9oaWRlX21lZGlhIjp7ImxhYmVsIjoiSGlkZSBwaG90b3MsIHZpZGVvcywgYW5kIGNhcmRzIiwidmFsdWUiOmZhbHNlfSwiX3RoZW1lIjp7InZhbHVlIjoiIiwidmFsdWVzIjp7ImRhcmsiOiJVc2UgZGFyayB0aGVtZSJ9fSwiX21heHdpZHRoIjp7InZhbHVlIjoiIiwibGFiZWwiOiJBZGp1c3Qgd2lkdGgiLCJwbGFjZWhvbGRlciI6IjIyMC01NTAsIGluIHB4In0sInF1ZXJ5IjpbImFwaV9rZXkiLCJ1cmwiXX19Jmx0Oy9zY3JpcHQmZ3Q7Jmx0Oy9kaXYmZ3Q7\">\n<div class=\"iframely-embed\">\n<div class=\"iframely-responsive\"><iframe src=\"https:\/\/iframely.pagina12.com.ar\/api\/iframe?url=https%3A%2F%2Ftwitter.com%2Fwadodecorrido%2Fstatus%2F1526941974997127168&amp;v=1&amp;app=1&amp;key=68ad19d170f26a7756ad0a90caf18fc1&amp;playerjs=1\" allowfullscreen=\"allowfullscreen\" data-mce-fragment=\"1\"><\/iframe><\/div>\n<\/div>\n<\/div>\n<\/div>\n<\/article>\n<article id=\"post-1356\" class=\"live-blog-post section-2-col\">\n<div class=\"col 1-col\">\n<div class=\"timestamp\">13:56<\/div>\n<ul class=\"social-media-list\">\n<li class=\"facebook\"><\/li>\n<li class=\"twitter\"><\/li>\n<\/ul>\n<\/div>\n<div class=\"col 2-col\">\n<h2>FABIOLA Y\u00c1\u00d1EZ COMPARTI\u00d3 UNA FOTO DEL PRIMER CENSO DE FRANCISCO<\/h2>\n<p>La primera dama,\u00a0<b>Fabiola Y\u00e1\u00f1ez<\/b>, comparti\u00f3 en su cuenta de Instagram una fotograf\u00eda de\u00a0<b>Francisco<\/b>, el hijo que tuvo con el presidente Alberto Fern\u00e1ndez, en su primer censo nacional.<\/p>\n<p><b>\u00abHoy fue mi primer censo<\/b>\u00ab, escribi\u00f3 Y\u00e1\u00f1ez junto a la fotograf\u00eda del beb\u00e9, vestido con una remera blanca, un tejido azul y un chupete celeste.<\/p>\n<div class=\"iframely-embed medium-embedded-content\" data-html=\"Jmx0O2Jsb2NrcXVvdGUgY2xhc3M9Imluc3RhZ3JhbS1tZWRpYSIgZGF0YS1pbnN0Z3JtLXBlcm1hbGluaz0iaHR0cHM6Ly93d3cuaW5zdGFncmFtLmNvbS9wL0NkdEdBMEl1MWp1Lz91dG1fc291cmNlPWlnX2VtYmVkJmFtcDthbXA7dXRtX2NhbXBhaWduPWxvYWRpbmciIGRhdGEtaW5zdGdybS12ZXJzaW9uPSIxNCIgc3R5bGU9IiBiYWNrZ3JvdW5kOiNGRkY7IGJvcmRlcjowOyBib3JkZXItcmFkaXVzOjNweDsgYm94LXNoYWRvdzowIDAgMXB4IDAgcmdiYSgwLDAsMCwwLjUpLDAgMXB4IDEwcHggMCByZ2JhKDAsMCwwLDAuMTUpOyBtYXJnaW46IDFweDsgbWF4LXdpZHRoOjY1OHB4OyBtaW4td2lkdGg6MzI2cHg7IHBhZGRpbmc6MDsgd2lkdGg6OTkuMzc1JTsgd2lkdGg6LXdlYmtpdC1jYWxjKDEwMCUgLSAycHgpOyB3aWR0aDpjYWxjKDEwMCUgLSAycHgpOyImZ3Q7Jmx0O2RpdiBzdHlsZT0icGFkZGluZzoxNnB4OyImZ3Q7ICZsdDthIGhyZWY9Imh0dHBzOi8vd3d3Lmluc3RhZ3JhbS5jb20vcC9DZHRHQTBJdTFqdS8\/dXRtX3NvdXJjZT1pZ19lbWJlZCZhbXA7YW1wO3V0bV9jYW1wYWlnbj1sb2FkaW5nIiBzdHlsZT0iIGJhY2tncm91bmQ6I0ZGRkZGRjsgbGluZS1oZWlnaHQ6MDsgcGFkZGluZzowIDA7IHRleHQtYWxpZ246Y2VudGVyOyB0ZXh0LWRlY29yYXRpb246bm9uZTsgd2lkdGg6MTAwJTsiIHRhcmdldD0iX2JsYW5rIiZndDsgJmx0O2RpdiBzdHlsZT0iIGRpc3BsYXk6IGZsZXg7IGZsZXgtZGlyZWN0aW9uOiByb3c7IGFsaWduLWl0ZW1zOiBjZW50ZXI7IiZndDsgJmx0O2RpdiBzdHlsZT0iYmFja2dyb3VuZC1jb2xvcjogI0Y0RjRGNDsgYm9yZGVyLXJhZGl1czogNTAlOyBmbGV4LWdyb3c6IDA7IGhlaWdodDogNDBweDsgbWFyZ2luLXJpZ2h0OiAxNHB4OyB3aWR0aDogNDBweDsiJmd0OyZsdDsvZGl2Jmd0OyAmbHQ7ZGl2IHN0eWxlPSJkaXNwbGF5OiBmbGV4OyBmbGV4LWRpcmVjdGlvbjogY29sdW1uOyBmbGV4LWdyb3c6IDE7IGp1c3RpZnktY29udGVudDogY2VudGVyOyImZ3Q7ICZsdDtkaXYgc3R5bGU9IiBiYWNrZ3JvdW5kLWNvbG9yOiAjRjRGNEY0OyBib3JkZXItcmFkaXVzOiA0cHg7IGZsZXgtZ3JvdzogMDsgaGVpZ2h0OiAxNHB4OyBtYXJnaW4tYm90dG9tOiA2cHg7IHdpZHRoOiAxMDBweDsiJmd0OyZsdDsvZGl2Jmd0OyAmbHQ7ZGl2IHN0eWxlPSIgYmFja2dyb3VuZC1jb2xvcjogI0Y0RjRGNDsgYm9yZGVyLXJhZGl1czogNHB4OyBmbGV4LWdyb3c6IDA7IGhlaWdodDogMTRweDsgd2lkdGg6IDYwcHg7IiZndDsmbHQ7L2RpdiZndDsmbHQ7L2RpdiZndDsmbHQ7L2RpdiZndDsmbHQ7ZGl2IHN0eWxlPSJwYWRkaW5nOiAxOSUgMDsiJmd0OyZsdDsvZGl2Jmd0OyAmbHQ7ZGl2IHN0eWxlPSJkaXNwbGF5OmJsb2NrOyBoZWlnaHQ6NTBweDsgbWFyZ2luOjAgYXV0byAxMnB4OyB3aWR0aDo1MHB4OyImZ3Q7Jmx0O3N2ZyB3aWR0aD0iNTBweCIgaGVpZ2h0PSI1MHB4IiB2aWV3Qm94PSIwIDAgNjAgNjAiIHZlcnNpb249IjEuMSIgeG1sbnM9Imh0dHBzOi8vd3d3LnczLm9yZy8yMDAwL3N2ZyIgeG1sbnM6eGxpbms9Imh0dHBzOi8vd3d3LnczLm9yZy8xOTk5L3hsaW5rIiZndDsmbHQ7ZyBzdHJva2U9Im5vbmUiIHN0cm9rZS13aWR0aD0iMSIgZmlsbD0ibm9uZSIgZmlsbC1ydWxlPSJldmVub2RkIiZndDsmbHQ7ZyB0cmFuc2Zvcm09InRyYW5zbGF0ZSgtNTExLjAwMDAwMCwgLTIwLjAwMDAwMCkiIGZpbGw9IiMwMDAwMDAiJmd0OyZsdDtnJmd0OyZsdDtwYXRoIGQ9Ik01NTYuODY5LDMwLjQxIEM1NTQuODE0LDMwLjQxIDU1My4xNDgsMzIuMDc2IDU1My4xNDgsMzQuMTMxIEM1NTMuMTQ4LDM2LjE4NiA1NTQuODE0LDM3Ljg1MiA1NTYuODY5LDM3Ljg1MiBDNTU4LjkyNCwzNy44NTIgNTYwLjU5LDM2LjE4NiA1NjAuNTksMzQuMTMxIEM1NjAuNTksMzIuMDc2IDU1OC45MjQsMzAuNDEgNTU2Ljg2OSwzMC40MSBNNTQxLDYwLjY1NyBDNTM1LjExNCw2MC42NTcgNTMwLjM0Miw1NS44ODcgNTMwLjM0Miw1MCBDNTMwLjM0Miw0NC4xMTQgNTM1LjExNCwzOS4zNDIgNTQxLDM5LjM0MiBDNTQ2Ljg4NywzOS4zNDIgNTUxLjY1OCw0NC4xMTQgNTUxLjY1OCw1MCBDNTUxLjY1OCw1NS44ODcgNTQ2Ljg4Nyw2MC42NTcgNTQxLDYwLjY1NyBNNTQxLDMzLjg4NiBDNTMyLjEsMzMuODg2IDUyNC44ODYsNDEuMSA1MjQuODg2LDUwIEM1MjQuODg2LDU4Ljg5OSA1MzIuMSw2Ni4xMTMgNTQxLDY2LjExMyBDNTQ5LjksNjYuMTEzIDU1Ny4xMTUsNTguODk5IDU1Ny4xMTUsNTAgQzU1Ny4xMTUsNDEuMSA1NDkuOSwzMy44ODYgNTQxLDMzLjg4NiBNNTY1LjM3OCw2Mi4xMDEgQzU2NS4yNDQsNjUuMDIyIDU2NC43NTYsNjYuNjA2IDU2NC4zNDYsNjcuNjYzIEM1NjMuODAzLDY5LjA2IDU2My4xNTQsNzAuMDU3IDU2Mi4xMDYsNzEuMTA2IEM1NjEuMDU4LDcyLjE1NSA1NjAuMDYsNzIuODAzIDU1OC42NjIsNzMuMzQ3IEM1NTcuNjA3LDczLjc1NyA1NTYuMDIxLDc0LjI0NCA1NTMuMTAyLDc0LjM3OCBDNTQ5Ljk0NCw3NC41MjEgNTQ4Ljk5Nyw3NC41NTIgNTQxLDc0LjU1MiBDNTMzLjAwMyw3NC41NTIgNTMyLjA1Niw3NC41MjEgNTI4Ljg5OCw3NC4zNzggQzUyNS45NzksNzQuMjQ0IDUyNC4zOTMsNzMuNzU3IDUyMy4zMzgsNzMuMzQ3IEM1MjEuOTQsNzIuODAzIDUyMC45NDIsNzIuMTU1IDUxOS44OTQsNzEuMTA2IEM1MTguODQ2LDcwLjA1NyA1MTguMTk3LDY5LjA2IDUxNy42NTQsNjcuNjYzIEM1MTcuMjQ0LDY2LjYwNiA1MTYuNzU1LDY1LjAyMiA1MTYuNjIzLDYyLjEwMSBDNTE2LjQ3OSw1OC45NDMgNTE2LjQ0OCw1Ny45OTYgNTE2LjQ0OCw1MCBDNTE2LjQ0OCw0Mi4wMDMgNTE2LjQ3OSw0MS4wNTYgNTE2LjYyMywzNy44OTkgQzUxNi43NTUsMzQuOTc4IDUxNy4yNDQsMzMuMzkxIDUxNy42NTQsMzIuMzM4IEM1MTguMTk3LDMwLjkzOCA1MTguODQ2LDI5Ljk0MiA1MTkuODk0LDI4Ljg5NCBDNTIwLjk0MiwyNy44NDYgNTIxLjk0LDI3LjE5NiA1MjMuMzM4LDI2LjY1NCBDNTI0LjM5MywyNi4yNDQgNTI1Ljk3OSwyNS43NTYgNTI4Ljg5OCwyNS42MjMgQzUzMi4wNTcsMjUuNDc5IDUzMy4wMDQsMjUuNDQ4IDU0MSwyNS40NDggQzU0OC45OTcsMjUuNDQ4IDU0OS45NDMsMjUuNDc5IDU1My4xMDIsMjUuNjIzIEM1NTYuMDIxLDI1Ljc1NiA1NTcuNjA3LDI2LjI0NCA1NTguNjYyLDI2LjY1NCBDNTYwLjA2LDI3LjE5NiA1NjEuMDU4LDI3Ljg0NiA1NjIuMTA2LDI4Ljg5NCBDNTYzLjE1NCwyOS45NDIgNTYzLjgwMywzMC45MzggNTY0LjM0NiwzMi4zMzggQzU2NC43NTYsMzMuMzkxIDU2NS4yNDQsMzQuOTc4IDU2NS4zNzgsMzcuODk5IEM1NjUuNTIyLDQxLjA1NiA1NjUuNTUyLDQyLjAwMyA1NjUuNTUyLDUwIEM1NjUuNTUyLDU3Ljk5NiA1NjUuNTIyLDU4Ljk0MyA1NjUuMzc4LDYyLjEwMSBNNTcwLjgyLDM3LjYzMSBDNTcwLjY3NCwzNC40MzggNTcwLjE2NywzMi4yNTggNTY5LjQyNSwzMC4zNDkgQzU2OC42NTksMjguMzc3IDU2Ny42MzMsMjYuNzAyIDU2NS45NjUsMjUuMDM1IEM1NjQuMjk3LDIzLjM2OCA1NjIuNjIzLDIyLjM0MiA1NjAuNjUyLDIxLjU3NSBDNTU4Ljc0MywyMC44MzQgNTU2LjU2MiwyMC4zMjYgNTUzLjM2OSwyMC4xOCBDNTUwLjE2OSwyMC4wMzMgNTQ5LjE0OCwyMCA1NDEsMjAgQzUzMi44NTMsMjAgNTMxLjgzMSwyMC4wMzMgNTI4LjYzMSwyMC4xOCBDNTI1LjQzOCwyMC4zMjYgNTIzLjI1NywyMC44MzQgNTIxLjM0OSwyMS41NzUgQzUxOS4zNzYsMjIuMzQyIDUxNy43MDMsMjMuMzY4IDUxNi4wMzUsMjUuMDM1IEM1MTQuMzY4LDI2LjcwMiA1MTMuMzQyLDI4LjM3NyA1MTIuNTc0LDMwLjM0OSBDNTExLjgzNCwzMi4yNTggNTExLjMyNiwzNC40MzggNTExLjE4MSwzNy42MzEgQzUxMS4wMzUsNDAuODMxIDUxMSw0MS44NTEgNTExLDUwIEM1MTEsNTguMTQ3IDUxMS4wMzUsNTkuMTcgNTExLjE4MSw2Mi4zNjkgQzUxMS4zMjYsNjUuNTYyIDUxMS44MzQsNjcuNzQzIDUxMi41NzQsNjkuNjUxIEM1MTMuMzQyLDcxLjYyNSA1MTQuMzY4LDczLjI5NiA1MTYuMDM1LDc0Ljk2NSBDNTE3LjcwMyw3Ni42MzQgNTE5LjM3Niw3Ny42NTggNTIxLjM0OSw3OC40MjUgQzUyMy4yNTcsNzkuMTY3IDUyNS40MzgsNzkuNjczIDUyOC42MzEsNzkuODIgQzUzMS44MzEsNzkuOTY1IDUzMi44NTMsODAuMDAxIDU0MSw4MC4wMDEgQzU0OS4xNDgsODAuMDAxIDU1MC4xNjksNzkuOTY1IDU1My4zNjksNzkuODIgQzU1Ni41NjIsNzkuNjczIDU1OC43NDMsNzkuMTY3IDU2MC42NTIsNzguNDI1IEM1NjIuNjIzLDc3LjY1OCA1NjQuMjk3LDc2LjYzNCA1NjUuOTY1LDc0Ljk2NSBDNTY3LjYzMyw3My4yOTYgNTY4LjY1OSw3MS42MjUgNTY5LjQyNSw2OS42NTEgQzU3MC4xNjcsNjcuNzQzIDU3MC42NzQsNjUuNTYyIDU3MC44Miw2Mi4zNjkgQzU3MC45NjYsNTkuMTcgNTcxLDU4LjE0NyA1NzEsNTAgQzU3MSw0MS44NTEgNTcwLjk2Niw0MC44MzEgNTcwLjgyLDM3LjYzMSImZ3Q7Jmx0Oy9wYXRoJmd0OyZsdDsvZyZndDsmbHQ7L2cmZ3Q7Jmx0Oy9nJmd0OyZsdDsvc3ZnJmd0OyZsdDsvZGl2Jmd0OyZsdDtkaXYgc3R5bGU9InBhZGRpbmctdG9wOiA4cHg7IiZndDsgJmx0O2RpdiBzdHlsZT0iIGNvbG9yOiMzODk3ZjA7IGZvbnQtZmFtaWx5OkFyaWFsLHNhbnMtc2VyaWY7IGZvbnQtc2l6ZToxNHB4OyBmb250LXN0eWxlOm5vcm1hbDsgZm9udC13ZWlnaHQ6NTUwOyBsaW5lLWhlaWdodDoxOHB4OyImZ3Q7VmlldyB0aGlzIHBvc3Qgb24gSW5zdGFncmFtJmx0Oy9kaXYmZ3Q7Jmx0Oy9kaXYmZ3Q7Jmx0O2RpdiBzdHlsZT0icGFkZGluZzogMTIuNSUgMDsiJmd0OyZsdDsvZGl2Jmd0OyAmbHQ7ZGl2IHN0eWxlPSJkaXNwbGF5OiBmbGV4OyBmbGV4LWRpcmVjdGlvbjogcm93OyBtYXJnaW4tYm90dG9tOiAxNHB4OyBhbGlnbi1pdGVtczogY2VudGVyOyImZ3Q7Jmx0O2RpdiZndDsgJmx0O2RpdiBzdHlsZT0iYmFja2dyb3VuZC1jb2xvcjogI0Y0RjRGNDsgYm9yZGVyLXJhZGl1czogNTAlOyBoZWlnaHQ6IDEyLjVweDsgd2lkdGg6IDEyLjVweDsgdHJhbnNmb3JtOiB0cmFuc2xhdGVYKDBweCkgdHJhbnNsYXRlWSg3cHgpOyImZ3Q7Jmx0Oy9kaXYmZ3Q7ICZsdDtkaXYgc3R5bGU9ImJhY2tncm91bmQtY29sb3I6ICNGNEY0RjQ7IGhlaWdodDogMTIuNXB4OyB0cmFuc2Zvcm06IHJvdGF0ZSgtNDVkZWcpIHRyYW5zbGF0ZVgoM3B4KSB0cmFuc2xhdGVZKDFweCk7IHdpZHRoOiAxMi41cHg7IGZsZXgtZ3JvdzogMDsgbWFyZ2luLXJpZ2h0OiAxNHB4OyBtYXJnaW4tbGVmdDogMnB4OyImZ3Q7Jmx0Oy9kaXYmZ3Q7ICZsdDtkaXYgc3R5bGU9ImJhY2tncm91bmQtY29sb3I6ICNGNEY0RjQ7IGJvcmRlci1yYWRpdXM6IDUwJTsgaGVpZ2h0OiAxMi41cHg7IHdpZHRoOiAxMi41cHg7IHRyYW5zZm9ybTogdHJhbnNsYXRlWCg5cHgpIHRyYW5zbGF0ZVkoLTE4cHgpOyImZ3Q7Jmx0Oy9kaXYmZ3Q7Jmx0Oy9kaXYmZ3Q7Jmx0O2RpdiBzdHlsZT0ibWFyZ2luLWxlZnQ6IDhweDsiJmd0OyAmbHQ7ZGl2IHN0eWxlPSIgYmFja2dyb3VuZC1jb2xvcjogI0Y0RjRGNDsgYm9yZGVyLXJhZGl1czogNTAlOyBmbGV4LWdyb3c6IDA7IGhlaWdodDogMjBweDsgd2lkdGg6IDIwcHg7IiZndDsmbHQ7L2RpdiZndDsgJmx0O2RpdiBzdHlsZT0iIHdpZHRoOiAwOyBoZWlnaHQ6IDA7IGJvcmRlci10b3A6IDJweCBzb2xpZCB0cmFuc3BhcmVudDsgYm9yZGVyLWxlZnQ6IDZweCBzb2xpZCAjZjRmNGY0OyBib3JkZXItYm90dG9tOiAycHggc29saWQgdHJhbnNwYXJlbnQ7IHRyYW5zZm9ybTogdHJhbnNsYXRlWCgxNnB4KSB0cmFuc2xhdGVZKC00cHgpIHJvdGF0ZSgzMGRlZykiJmd0OyZsdDsvZGl2Jmd0OyZsdDsvZGl2Jmd0OyZsdDtkaXYgc3R5bGU9Im1hcmdpbi1sZWZ0OiBhdXRvOyImZ3Q7ICZsdDtkaXYgc3R5bGU9IiB3aWR0aDogMHB4OyBib3JkZXItdG9wOiA4cHggc29saWQgI0Y0RjRGNDsgYm9yZGVyLXJpZ2h0OiA4cHggc29saWQgdHJhbnNwYXJlbnQ7IHRyYW5zZm9ybTogdHJhbnNsYXRlWSgxNnB4KTsiJmd0OyZsdDsvZGl2Jmd0OyAmbHQ7ZGl2IHN0eWxlPSIgYmFja2dyb3VuZC1jb2xvcjogI0Y0RjRGNDsgZmxleC1ncm93OiAwOyBoZWlnaHQ6IDEycHg7IHdpZHRoOiAxNnB4OyB0cmFuc2Zvcm06IHRyYW5zbGF0ZVkoLTRweCk7IiZndDsmbHQ7L2RpdiZndDsgJmx0O2RpdiBzdHlsZT0iIHdpZHRoOiAwOyBoZWlnaHQ6IDA7IGJvcmRlci10b3A6IDhweCBzb2xpZCAjRjRGNEY0OyBib3JkZXItbGVmdDogOHB4IHNvbGlkIHRyYW5zcGFyZW50OyB0cmFuc2Zvcm06IHRyYW5zbGF0ZVkoLTRweCkgdHJhbnNsYXRlWCg4cHgpOyImZ3Q7Jmx0Oy9kaXYmZ3Q7Jmx0Oy9kaXYmZ3Q7Jmx0Oy9kaXYmZ3Q7ICZsdDtkaXYgc3R5bGU9ImRpc3BsYXk6IGZsZXg7IGZsZXgtZGlyZWN0aW9uOiBjb2x1bW47IGZsZXgtZ3JvdzogMTsganVzdGlmeS1jb250ZW50OiBjZW50ZXI7IG1hcmdpbi1ib3R0b206IDI0cHg7IiZndDsgJmx0O2RpdiBzdHlsZT0iIGJhY2tncm91bmQtY29sb3I6ICNGNEY0RjQ7IGJvcmRlci1yYWRpdXM6IDRweDsgZmxleC1ncm93OiAwOyBoZWlnaHQ6IDE0cHg7IG1hcmdpbi1ib3R0b206IDZweDsgd2lkdGg6IDIyNHB4OyImZ3Q7Jmx0Oy9kaXYmZ3Q7ICZsdDtkaXYgc3R5bGU9IiBiYWNrZ3JvdW5kLWNvbG9yOiAjRjRGNEY0OyBib3JkZXItcmFkaXVzOiA0cHg7IGZsZXgtZ3JvdzogMDsgaGVpZ2h0OiAxNHB4OyB3aWR0aDogMTQ0cHg7IiZndDsmbHQ7L2RpdiZndDsmbHQ7L2RpdiZndDsmbHQ7L2EmZ3Q7Jmx0O3Agc3R5bGU9IiBjb2xvcjojYzljOGNkOyBmb250LWZhbWlseTpBcmlhbCxzYW5zLXNlcmlmOyBmb250LXNpemU6MTRweDsgbGluZS1oZWlnaHQ6MTdweDsgbWFyZ2luLWJvdHRvbTowOyBtYXJnaW4tdG9wOjhweDsgb3ZlcmZsb3c6aGlkZGVuOyBwYWRkaW5nOjhweCAwIDdweDsgdGV4dC1hbGlnbjpjZW50ZXI7IHRleHQtb3ZlcmZsb3c6ZWxsaXBzaXM7IHdoaXRlLXNwYWNlOm5vd3JhcDsiJmd0OyZsdDthIGhyZWY9Imh0dHBzOi8vd3d3Lmluc3RhZ3JhbS5jb20vcC9DZHRHQTBJdTFqdS8\/dXRtX3NvdXJjZT1pZ19lbWJlZCZhbXA7YW1wO3V0bV9jYW1wYWlnbj1sb2FkaW5nIiBzdHlsZT0iIGNvbG9yOiNjOWM4Y2Q7IGZvbnQtZmFtaWx5OkFyaWFsLHNhbnMtc2VyaWY7IGZvbnQtc2l6ZToxNHB4OyBmb250LXN0eWxlOm5vcm1hbDsgZm9udC13ZWlnaHQ6bm9ybWFsOyBsaW5lLWhlaWdodDoxN3B4OyB0ZXh0LWRlY29yYXRpb246bm9uZTsiIHRhcmdldD0iX2JsYW5rIiZndDtBIHBvc3Qgc2hhcmVkIGJ5IEZhYmlvbGEgWcOhw7FleiAoQGZhYmlvbGFvZmljaWFsb2spJmx0Oy9hJmd0OyZsdDsvcCZndDsmbHQ7L2RpdiZndDsmbHQ7L2Jsb2NrcXVvdGUmZ3Q7CiZsdDtzY3JpcHQgYXN5bmMgc3JjPSIvL3BsYXRmb3JtLmluc3RhZ3JhbS5jb20vZW5fVVMvZW1iZWRzLmpzIiZndDsmbHQ7L3NjcmlwdCZndDsmbHQ7ZGl2IGNsYXNzPSJtZWRpdW0taW5zZXJ0LWVtYmVkcy1tZXRhIiZndDsmbHQ7c2NyaXB0IHR5cGU9InRleHQvanNvbiImZ3Q7eyJ1cmwiOiJodHRwczovL3d3dy5pbnN0YWdyYW0uY29tL3AvQ2R0R0EwSXUxanUvIiwidHlwZSI6InJpY2giLCJ2ZXJzaW9uIjoiMS4wIiwidGl0bGUiOiJBIHBvc3Qgc2hhcmVkIGJ5IEZhYmlvbGEgWcOhw7FleiAoQGZhYmlvbGFvZmljaWFsb2spIiwiYXV0aG9yIjoiZmFiaW9sYW9maWNpYWxvayIsInByb3ZpZGVyX25hbWUiOiJJbnN0YWdyYW0iLCJ0aHVtYm5haWxfdXJsIjoiaHR0cHM6Ly9zY29udGVudC5jZG5pbnN0YWdyYW0uY29tL3YvdDUxLjI4ODUtMTUvMjgxMzY3OTY4XzEwNjMxMjgyODEyNDk3ODFfMjM1ODA2NzE3NjIwMDMwMDI2N19uLmpwZz9zdHA9ZHN0LWpwZ19lMzVfczY0MHg2NDBfc2gwLjA4JmFtcDtfbmNfaHQ9c2NvbnRlbnQuY2RuaW5zdGFncmFtLmNvbSZhbXA7X25jX2NhdD0xMDkmYW1wO19uY19vaGM9UmdYLTgyR3BmdllBWC1KN3hQcCZhbXA7ZWRtPUFNTzktSlFBQUFBQSZhbXA7Y2NiPTctNCZhbXA7b2g9MDBfQVQtN2JPVVBfXzN3VVV3d0FHaWhWbzQtZXRJaGpYS25WM3dwSllVVXR3d24yQSZhbXA7b2U9NjI4NUE5RjkmYW1wO19uY19zaWQ9YjlmMmVlIiwidGh1bWJuYWlsX3dpZHRoIjo2NDAsInRodW1ibmFpbF9oZWlnaHQiOjU4OCwiY2FjaGVfYWdlIjo4NjQwMCwib3B0aW9ucyI6eyJfc2hvd2NhcHRpb24iOnsibGFiZWwiOiJTaG93IGF1dGhvcidzIHRleHQgY2FwdGlvbiIsInZhbHVlIjpmYWxzZX0sInF1ZXJ5IjpbImFwaV9rZXkiLCJ1cmwiXX19Jmx0Oy9zY3JpcHQmZ3Q7Jmx0Oy9kaXYmZ3Q7\">\n<div class=\"iframely-embed\">\n<div class=\"iframely-responsive\"><iframe src=\"https:\/\/iframely.pagina12.com.ar\/api\/iframe?url=https%3A%2F%2Fwww.instagram.com%2Fp%2FCdtGA0Iu1ju%2F&amp;v=1&amp;app=1&amp;key=68ad19d170f26a7756ad0a90caf18fc1&amp;playerjs=1\" allowfullscreen=\"allowfullscreen\" data-mce-fragment=\"1\"><\/iframe><\/div>\n<\/div>\n<\/div>\n<p>M\u00e1s temprano,\u00a0el presidente\u00a0<b>Alberto Fern\u00e1ndez<\/b>\u00a0comparti\u00f3 im\u00e1genes en sus redes sociales en las que se lo ve junto a su familia, respondiendo a las censistas y pegando la estampilla identificatoria en la puerta de la casa principal de la Quinta de Olivos. \u00abYa recibimos a Camila y Marisol e hicimos el Censo Nacional 2022. Es el primero de Francisco, que miraba todo con mucha curiosidad\u00bb, se\u00f1al\u00f3.<\/p>\n<\/div>\n<\/article>\n<article id=\"post-1335\" class=\"live-blog-post section-2-col\">\n<div class=\"col 1-col\">\n<div class=\"timestamp\">13:35<\/div>\n<ul class=\"social-media-list\">\n<li class=\"facebook\"><\/li>\n<li class=\"twitter\"><\/li>\n<\/ul>\n<\/div>\n<div class=\"col 2-col\">\n<h2>HERRERA AHUAD, UN GOBERNADOR QUE SE PUSO LA PECHERA Y SALI\u00d3 A CENSAR<\/h2>\n<p>El gobernador de Misiones,\u00a0<b>Oscar Herrera Ahuad<\/b>, se calz\u00f3 la pechera de censista y sali\u00f3 a relevar los datos poblacionales de esa provincia. El mandatario se registr\u00f3 entre los voluntarios reclutados por el Indec en territorio misionero.<\/p>\n<p>Durante el primer tramo de la ma\u00f1ana Herrera Ahuad visit\u00f3 distintas casas. \u00abEl trabajo de esta jornada ser\u00e1 fundamental para conocer los avances que hemos logrado y lo que todav\u00eda nos falta\u00bb, remarc\u00f3.<\/p>\n<p>&nbsp;<\/p>\n<p>El Gobierno misionero consign\u00f3 tambi\u00e9n que la participaci\u00f3n de Herrera Ahuad en el Censo 2022 \u00abes una muestra de apoyo a la tan necesaria actividad para la distribuci\u00f3n de recursos, proyectos, planes de trabajo territorial y conocer la realidad de la poblaci\u00f3n argentina\u00bb.<\/p>\n<\/div>\n<\/article>\n<article id=\"post-1303\" class=\"live-blog-post section-2-col\">\n<div class=\"col 1-col\">\n<div class=\"timestamp\">13:03<\/div>\n<ul class=\"social-media-list\">\n<li class=\"facebook\"><\/li>\n<li class=\"twitter\"><\/li>\n<\/ul>\n<\/div>\n<div class=\"col 2-col\">\n<h2>\u00abAC\u00c1 TENDR\u00cdA QUE VIVIR UN HOMBRE\u00bb: LA NOTA QUE EL HIJO DE JULIO L\u00d3PEZ PEG\u00d3 EN LA PUERTA DE SU CASA<\/h2>\n<p>Rub\u00e9n L\u00f3pez, el hijo del alba\u00f1il y militante peronista Jorge Julio L\u00f3pez, que desapareci\u00f3 en 2006 en el marco del juicio al represor Miguel Etchecolatz, dej\u00f3 una nota al censista en la puerta de su vivienda de Los Hornos con la leyenda: \u00abAc\u00e1 tendr\u00eda que vivir un hombre\u00bb.<\/p>\n<p>\u00abCenso digital cumplido, Los Hornos, calle 140 y 69. No sab\u00eda c\u00f3mo explicar la situaci\u00f3n, as\u00ed que dej\u00e9 en la puerta el papel pegado. Espero se entienda\u00bb, poste\u00f3 en sus redes sociales junto a un emoji que representa al llanto.<\/p>\n<div align=\"center\">\n<article class=\"embedded-entity\">\n<article class=\"media media--type-image media--view-mode-single-media-image-460\">\n<div class=\"field field--name-field-media-image field--type-image field--label-hidden field__item\"><\/div>\n<\/article>\n<\/article>\n<\/div>\n<p>En la nota, puede leerse: \u00abSeg\u00fan la car\u00e1tula de la causa, &#8216;Presunta desaparici\u00f3n forzada&#8217;. \u00a1Ac\u00e1 tendr\u00eda que vivir un hombre!\u00bb.<\/p>\n<p>El alba\u00f1il Jorge Julio L\u00f3pez desapareci\u00f3 el 18 de septiembre de 2006, cuando estaba previsto que se presentara en el Sal\u00f3n Dorado del Palacio Municipal de La Plata para escuchar los alegatos del juicio contra el represor Etchecolatz, donde \u00e9l hab\u00eda testificado a fines de junio de ese a\u00f1o, en uno de los testimonios m\u00e1s relevantes para lograr condenar al exjefe policial, quien recibi\u00f3 cadena perpetua.<\/p>\n<\/div>\n<\/article>\n<article id=\"post-1247\" class=\"live-blog-post section-2-col\">\n<div class=\"col 1-col\">\n<div class=\"timestamp\">12:47<\/div>\n<ul class=\"social-media-list\">\n<li class=\"facebook\"><\/li>\n<li class=\"twitter\"><\/li>\n<\/ul>\n<\/div>\n<div class=\"col 2-col\">\n<h2>ALBERTO FERN\u00c1NDEZ Y SU FAMILIA YA FUERON CENSADOS EN LA QUINTA DE OLIVOS<\/h2>\n<p>El presidente Alberto Fern\u00e1ndez, su esposa Fabiola Ya\u00f1ez y su hijo Francisco fueron censados esta ma\u00f1ana en la Quinta de Olivos y se manifestaron \u00abfelices de pasar este d\u00eda en familia contribuyendo con un horizonte m\u00e1s certero\u00bb.<\/p>\n<p>A trav\u00e9s de su cuenta en la red social Instagram, el mandatario comparti\u00f3 im\u00e1genes en las que se lo ve junto a su familia, respondiendo a las censistas y pegando la estampilla identificatoria en la puerta de la casa principal de la Quinta.<\/p>\n<div class=\"iframely-embed medium-embedded-content\" data-html=\"Jmx0O2Jsb2NrcXVvdGUgY2xhc3M9Imluc3RhZ3JhbS1tZWRpYSIgZGF0YS1pbnN0Z3JtLXBlcm1hbGluaz0iaHR0cHM6Ly93d3cuaW5zdGFncmFtLmNvbS9wL0NkdENRd3JnclczLz91dG1fc291cmNlPWlnX2VtYmVkJmFtcDthbXA7dXRtX2NhbXBhaWduPWxvYWRpbmciIGRhdGEtaW5zdGdybS12ZXJzaW9uPSIxNCIgc3R5bGU9IiBiYWNrZ3JvdW5kOiNGRkY7IGJvcmRlcjowOyBib3JkZXItcmFkaXVzOjNweDsgYm94LXNoYWRvdzowIDAgMXB4IDAgcmdiYSgwLDAsMCwwLjUpLDAgMXB4IDEwcHggMCByZ2JhKDAsMCwwLDAuMTUpOyBtYXJnaW46IDFweDsgbWF4LXdpZHRoOjY1OHB4OyBtaW4td2lkdGg6MzI2cHg7IHBhZGRpbmc6MDsgd2lkdGg6OTkuMzc1JTsgd2lkdGg6LXdlYmtpdC1jYWxjKDEwMCUgLSAycHgpOyB3aWR0aDpjYWxjKDEwMCUgLSAycHgpOyImZ3Q7Jmx0O2RpdiBzdHlsZT0icGFkZGluZzoxNnB4OyImZ3Q7ICZsdDthIGhyZWY9Imh0dHBzOi8vd3d3Lmluc3RhZ3JhbS5jb20vcC9DZHRDUXdyZ3JXMy8\/dXRtX3NvdXJjZT1pZ19lbWJlZCZhbXA7YW1wO3V0bV9jYW1wYWlnbj1sb2FkaW5nIiBzdHlsZT0iIGJhY2tncm91bmQ6I0ZGRkZGRjsgbGluZS1oZWlnaHQ6MDsgcGFkZGluZzowIDA7IHRleHQtYWxpZ246Y2VudGVyOyB0ZXh0LWRlY29yYXRpb246bm9uZTsgd2lkdGg6MTAwJTsiIHRhcmdldD0iX2JsYW5rIiZndDsgJmx0O2RpdiBzdHlsZT0iIGRpc3BsYXk6IGZsZXg7IGZsZXgtZGlyZWN0aW9uOiByb3c7IGFsaWduLWl0ZW1zOiBjZW50ZXI7IiZndDsgJmx0O2RpdiBzdHlsZT0iYmFja2dyb3VuZC1jb2xvcjogI0Y0RjRGNDsgYm9yZGVyLXJhZGl1czogNTAlOyBmbGV4LWdyb3c6IDA7IGhlaWdodDogNDBweDsgbWFyZ2luLXJpZ2h0OiAxNHB4OyB3aWR0aDogNDBweDsiJmd0OyZsdDsvZGl2Jmd0OyAmbHQ7ZGl2IHN0eWxlPSJkaXNwbGF5OiBmbGV4OyBmbGV4LWRpcmVjdGlvbjogY29sdW1uOyBmbGV4LWdyb3c6IDE7IGp1c3RpZnktY29udGVudDogY2VudGVyOyImZ3Q7ICZsdDtkaXYgc3R5bGU9IiBiYWNrZ3JvdW5kLWNvbG9yOiAjRjRGNEY0OyBib3JkZXItcmFkaXVzOiA0cHg7IGZsZXgtZ3JvdzogMDsgaGVpZ2h0OiAxNHB4OyBtYXJnaW4tYm90dG9tOiA2cHg7IHdpZHRoOiAxMDBweDsiJmd0OyZsdDsvZGl2Jmd0OyAmbHQ7ZGl2IHN0eWxlPSIgYmFja2dyb3VuZC1jb2xvcjogI0Y0RjRGNDsgYm9yZGVyLXJhZGl1czogNHB4OyBmbGV4LWdyb3c6IDA7IGhlaWdodDogMTRweDsgd2lkdGg6IDYwcHg7IiZndDsmbHQ7L2RpdiZndDsmbHQ7L2RpdiZndDsmbHQ7L2RpdiZndDsmbHQ7ZGl2IHN0eWxlPSJwYWRkaW5nOiAxOSUgMDsiJmd0OyZsdDsvZGl2Jmd0OyAmbHQ7ZGl2IHN0eWxlPSJkaXNwbGF5OmJsb2NrOyBoZWlnaHQ6NTBweDsgbWFyZ2luOjAgYXV0byAxMnB4OyB3aWR0aDo1MHB4OyImZ3Q7Jmx0O3N2ZyB3aWR0aD0iNTBweCIgaGVpZ2h0PSI1MHB4IiB2aWV3Qm94PSIwIDAgNjAgNjAiIHZlcnNpb249IjEuMSIgeG1sbnM9Imh0dHBzOi8vd3d3LnczLm9yZy8yMDAwL3N2ZyIgeG1sbnM6eGxpbms9Imh0dHBzOi8vd3d3LnczLm9yZy8xOTk5L3hsaW5rIiZndDsmbHQ7ZyBzdHJva2U9Im5vbmUiIHN0cm9rZS13aWR0aD0iMSIgZmlsbD0ibm9uZSIgZmlsbC1ydWxlPSJldmVub2RkIiZndDsmbHQ7ZyB0cmFuc2Zvcm09InRyYW5zbGF0ZSgtNTExLjAwMDAwMCwgLTIwLjAwMDAwMCkiIGZpbGw9IiMwMDAwMDAiJmd0OyZsdDtnJmd0OyZsdDtwYXRoIGQ9Ik01NTYuODY5LDMwLjQxIEM1NTQuODE0LDMwLjQxIDU1My4xNDgsMzIuMDc2IDU1My4xNDgsMzQuMTMxIEM1NTMuMTQ4LDM2LjE4NiA1NTQuODE0LDM3Ljg1MiA1NTYuODY5LDM3Ljg1MiBDNTU4LjkyNCwzNy44NTIgNTYwLjU5LDM2LjE4NiA1NjAuNTksMzQuMTMxIEM1NjAuNTksMzIuMDc2IDU1OC45MjQsMzAuNDEgNTU2Ljg2OSwzMC40MSBNNTQxLDYwLjY1NyBDNTM1LjExNCw2MC42NTcgNTMwLjM0Miw1NS44ODcgNTMwLjM0Miw1MCBDNTMwLjM0Miw0NC4xMTQgNTM1LjExNCwzOS4zNDIgNTQxLDM5LjM0MiBDNTQ2Ljg4NywzOS4zNDIgNTUxLjY1OCw0NC4xMTQgNTUxLjY1OCw1MCBDNTUxLjY1OCw1NS44ODcgNTQ2Ljg4Nyw2MC42NTcgNTQxLDYwLjY1NyBNNTQxLDMzLjg4NiBDNTMyLjEsMzMuODg2IDUyNC44ODYsNDEuMSA1MjQuODg2LDUwIEM1MjQuODg2LDU4Ljg5OSA1MzIuMSw2Ni4xMTMgNTQxLDY2LjExMyBDNTQ5LjksNjYuMTEzIDU1Ny4xMTUsNTguODk5IDU1Ny4xMTUsNTAgQzU1Ny4xMTUsNDEuMSA1NDkuOSwzMy44ODYgNTQxLDMzLjg4NiBNNTY1LjM3OCw2Mi4xMDEgQzU2NS4yNDQsNjUuMDIyIDU2NC43NTYsNjYuNjA2IDU2NC4zNDYsNjcuNjYzIEM1NjMuODAzLDY5LjA2IDU2My4xNTQsNzAuMDU3IDU2Mi4xMDYsNzEuMTA2IEM1NjEuMDU4LDcyLjE1NSA1NjAuMDYsNzIuODAzIDU1OC42NjIsNzMuMzQ3IEM1NTcuNjA3LDczLjc1NyA1NTYuMDIxLDc0LjI0NCA1NTMuMTAyLDc0LjM3OCBDNTQ5Ljk0NCw3NC41MjEgNTQ4Ljk5Nyw3NC41NTIgNTQxLDc0LjU1MiBDNTMzLjAwMyw3NC41NTIgNTMyLjA1Niw3NC41MjEgNTI4Ljg5OCw3NC4zNzggQzUyNS45NzksNzQuMjQ0IDUyNC4zOTMsNzMuNzU3IDUyMy4zMzgsNzMuMzQ3IEM1MjEuOTQsNzIuODAzIDUyMC45NDIsNzIuMTU1IDUxOS44OTQsNzEuMTA2IEM1MTguODQ2LDcwLjA1NyA1MTguMTk3LDY5LjA2IDUxNy42NTQsNjcuNjYzIEM1MTcuMjQ0LDY2LjYwNiA1MTYuNzU1LDY1LjAyMiA1MTYuNjIzLDYyLjEwMSBDNTE2LjQ3OSw1OC45NDMgNTE2LjQ0OCw1Ny45OTYgNTE2LjQ0OCw1MCBDNTE2LjQ0OCw0Mi4wMDMgNTE2LjQ3OSw0MS4wNTYgNTE2LjYyMywzNy44OTkgQzUxNi43NTUsMzQuOTc4IDUxNy4yNDQsMzMuMzkxIDUxNy42NTQsMzIuMzM4IEM1MTguMTk3LDMwLjkzOCA1MTguODQ2LDI5Ljk0MiA1MTkuODk0LDI4Ljg5NCBDNTIwLjk0MiwyNy44NDYgNTIxLjk0LDI3LjE5NiA1MjMuMzM4LDI2LjY1NCBDNTI0LjM5MywyNi4yNDQgNTI1Ljk3OSwyNS43NTYgNTI4Ljg5OCwyNS42MjMgQzUzMi4wNTcsMjUuNDc5IDUzMy4wMDQsMjUuNDQ4IDU0MSwyNS40NDggQzU0OC45OTcsMjUuNDQ4IDU0OS45NDMsMjUuNDc5IDU1My4xMDIsMjUuNjIzIEM1NTYuMDIxLDI1Ljc1NiA1NTcuNjA3LDI2LjI0NCA1NTguNjYyLDI2LjY1NCBDNTYwLjA2LDI3LjE5NiA1NjEuMDU4LDI3Ljg0NiA1NjIuMTA2LDI4Ljg5NCBDNTYzLjE1NCwyOS45NDIgNTYzLjgwMywzMC45MzggNTY0LjM0NiwzMi4zMzggQzU2NC43NTYsMzMuMzkxIDU2NS4yNDQsMzQuOTc4IDU2NS4zNzgsMzcuODk5IEM1NjUuNTIyLDQxLjA1NiA1NjUuNTUyLDQyLjAwMyA1NjUuNTUyLDUwIEM1NjUuNTUyLDU3Ljk5NiA1NjUuNTIyLDU4Ljk0MyA1NjUuMzc4LDYyLjEwMSBNNTcwLjgyLDM3LjYzMSBDNTcwLjY3NCwzNC40MzggNTcwLjE2NywzMi4yNTggNTY5LjQyNSwzMC4zNDkgQzU2OC42NTksMjguMzc3IDU2Ny42MzMsMjYuNzAyIDU2NS45NjUsMjUuMDM1IEM1NjQuMjk3LDIzLjM2OCA1NjIuNjIzLDIyLjM0MiA1NjAuNjUyLDIxLjU3NSBDNTU4Ljc0MywyMC44MzQgNTU2LjU2MiwyMC4zMjYgNTUzLjM2OSwyMC4xOCBDNTUwLjE2OSwyMC4wMzMgNTQ5LjE0OCwyMCA1NDEsMjAgQzUzMi44NTMsMjAgNTMxLjgzMSwyMC4wMzMgNTI4LjYzMSwyMC4xOCBDNTI1LjQzOCwyMC4zMjYgNTIzLjI1NywyMC44MzQgNTIxLjM0OSwyMS41NzUgQzUxOS4zNzYsMjIuMzQyIDUxNy43MDMsMjMuMzY4IDUxNi4wMzUsMjUuMDM1IEM1MTQuMzY4LDI2LjcwMiA1MTMuMzQyLDI4LjM3NyA1MTIuNTc0LDMwLjM0OSBDNTExLjgzNCwzMi4yNTggNTExLjMyNiwzNC40MzggNTExLjE4MSwzNy42MzEgQzUxMS4wMzUsNDAuODMxIDUxMSw0MS44NTEgNTExLDUwIEM1MTEsNTguMTQ3IDUxMS4wMzUsNTkuMTcgNTExLjE4MSw2Mi4zNjkgQzUxMS4zMjYsNjUuNTYyIDUxMS44MzQsNjcuNzQzIDUxMi41NzQsNjkuNjUxIEM1MTMuMzQyLDcxLjYyNSA1MTQuMzY4LDczLjI5NiA1MTYuMDM1LDc0Ljk2NSBDNTE3LjcwMyw3Ni42MzQgNTE5LjM3Niw3Ny42NTggNTIxLjM0OSw3OC40MjUgQzUyMy4yNTcsNzkuMTY3IDUyNS40MzgsNzkuNjczIDUyOC42MzEsNzkuODIgQzUzMS44MzEsNzkuOTY1IDUzMi44NTMsODAuMDAxIDU0MSw4MC4wMDEgQzU0OS4xNDgsODAuMDAxIDU1MC4xNjksNzkuOTY1IDU1My4zNjksNzkuODIgQzU1Ni41NjIsNzkuNjczIDU1OC43NDMsNzkuMTY3IDU2MC42NTIsNzguNDI1IEM1NjIuNjIzLDc3LjY1OCA1NjQuMjk3LDc2LjYzNCA1NjUuOTY1LDc0Ljk2NSBDNTY3LjYzMyw3My4yOTYgNTY4LjY1OSw3MS42MjUgNTY5LjQyNSw2OS42NTEgQzU3MC4xNjcsNjcuNzQzIDU3MC42NzQsNjUuNTYyIDU3MC44Miw2Mi4zNjkgQzU3MC45NjYsNTkuMTcgNTcxLDU4LjE0NyA1NzEsNTAgQzU3MSw0MS44NTEgNTcwLjk2Niw0MC44MzEgNTcwLjgyLDM3LjYzMSImZ3Q7Jmx0Oy9wYXRoJmd0OyZsdDsvZyZndDsmbHQ7L2cmZ3Q7Jmx0Oy9nJmd0OyZsdDsvc3ZnJmd0OyZsdDsvZGl2Jmd0OyZsdDtkaXYgc3R5bGU9InBhZGRpbmctdG9wOiA4cHg7IiZndDsgJmx0O2RpdiBzdHlsZT0iIGNvbG9yOiMzODk3ZjA7IGZvbnQtZmFtaWx5OkFyaWFsLHNhbnMtc2VyaWY7IGZvbnQtc2l6ZToxNHB4OyBmb250LXN0eWxlOm5vcm1hbDsgZm9udC13ZWlnaHQ6NTUwOyBsaW5lLWhlaWdodDoxOHB4OyImZ3Q7VmlldyB0aGlzIHBvc3Qgb24gSW5zdGFncmFtJmx0Oy9kaXYmZ3Q7Jmx0Oy9kaXYmZ3Q7Jmx0O2RpdiBzdHlsZT0icGFkZGluZzogMTIuNSUgMDsiJmd0OyZsdDsvZGl2Jmd0OyAmbHQ7ZGl2IHN0eWxlPSJkaXNwbGF5OiBmbGV4OyBmbGV4LWRpcmVjdGlvbjogcm93OyBtYXJnaW4tYm90dG9tOiAxNHB4OyBhbGlnbi1pdGVtczogY2VudGVyOyImZ3Q7Jmx0O2RpdiZndDsgJmx0O2RpdiBzdHlsZT0iYmFja2dyb3VuZC1jb2xvcjogI0Y0RjRGNDsgYm9yZGVyLXJhZGl1czogNTAlOyBoZWlnaHQ6IDEyLjVweDsgd2lkdGg6IDEyLjVweDsgdHJhbnNmb3JtOiB0cmFuc2xhdGVYKDBweCkgdHJhbnNsYXRlWSg3cHgpOyImZ3Q7Jmx0Oy9kaXYmZ3Q7ICZsdDtkaXYgc3R5bGU9ImJhY2tncm91bmQtY29sb3I6ICNGNEY0RjQ7IGhlaWdodDogMTIuNXB4OyB0cmFuc2Zvcm06IHJvdGF0ZSgtNDVkZWcpIHRyYW5zbGF0ZVgoM3B4KSB0cmFuc2xhdGVZKDFweCk7IHdpZHRoOiAxMi41cHg7IGZsZXgtZ3JvdzogMDsgbWFyZ2luLXJpZ2h0OiAxNHB4OyBtYXJnaW4tbGVmdDogMnB4OyImZ3Q7Jmx0Oy9kaXYmZ3Q7ICZsdDtkaXYgc3R5bGU9ImJhY2tncm91bmQtY29sb3I6ICNGNEY0RjQ7IGJvcmRlci1yYWRpdXM6IDUwJTsgaGVpZ2h0OiAxMi41cHg7IHdpZHRoOiAxMi41cHg7IHRyYW5zZm9ybTogdHJhbnNsYXRlWCg5cHgpIHRyYW5zbGF0ZVkoLTE4cHgpOyImZ3Q7Jmx0Oy9kaXYmZ3Q7Jmx0Oy9kaXYmZ3Q7Jmx0O2RpdiBzdHlsZT0ibWFyZ2luLWxlZnQ6IDhweDsiJmd0OyAmbHQ7ZGl2IHN0eWxlPSIgYmFja2dyb3VuZC1jb2xvcjogI0Y0RjRGNDsgYm9yZGVyLXJhZGl1czogNTAlOyBmbGV4LWdyb3c6IDA7IGhlaWdodDogMjBweDsgd2lkdGg6IDIwcHg7IiZndDsmbHQ7L2RpdiZndDsgJmx0O2RpdiBzdHlsZT0iIHdpZHRoOiAwOyBoZWlnaHQ6IDA7IGJvcmRlci10b3A6IDJweCBzb2xpZCB0cmFuc3BhcmVudDsgYm9yZGVyLWxlZnQ6IDZweCBzb2xpZCAjZjRmNGY0OyBib3JkZXItYm90dG9tOiAycHggc29saWQgdHJhbnNwYXJlbnQ7IHRyYW5zZm9ybTogdHJhbnNsYXRlWCgxNnB4KSB0cmFuc2xhdGVZKC00cHgpIHJvdGF0ZSgzMGRlZykiJmd0OyZsdDsvZGl2Jmd0OyZsdDsvZGl2Jmd0OyZsdDtkaXYgc3R5bGU9Im1hcmdpbi1sZWZ0OiBhdXRvOyImZ3Q7ICZsdDtkaXYgc3R5bGU9IiB3aWR0aDogMHB4OyBib3JkZXItdG9wOiA4cHggc29saWQgI0Y0RjRGNDsgYm9yZGVyLXJpZ2h0OiA4cHggc29saWQgdHJhbnNwYXJlbnQ7IHRyYW5zZm9ybTogdHJhbnNsYXRlWSgxNnB4KTsiJmd0OyZsdDsvZGl2Jmd0OyAmbHQ7ZGl2IHN0eWxlPSIgYmFja2dyb3VuZC1jb2xvcjogI0Y0RjRGNDsgZmxleC1ncm93OiAwOyBoZWlnaHQ6IDEycHg7IHdpZHRoOiAxNnB4OyB0cmFuc2Zvcm06IHRyYW5zbGF0ZVkoLTRweCk7IiZndDsmbHQ7L2RpdiZndDsgJmx0O2RpdiBzdHlsZT0iIHdpZHRoOiAwOyBoZWlnaHQ6IDA7IGJvcmRlci10b3A6IDhweCBzb2xpZCAjRjRGNEY0OyBib3JkZXItbGVmdDogOHB4IHNvbGlkIHRyYW5zcGFyZW50OyB0cmFuc2Zvcm06IHRyYW5zbGF0ZVkoLTRweCkgdHJhbnNsYXRlWCg4cHgpOyImZ3Q7Jmx0Oy9kaXYmZ3Q7Jmx0Oy9kaXYmZ3Q7Jmx0Oy9kaXYmZ3Q7ICZsdDtkaXYgc3R5bGU9ImRpc3BsYXk6IGZsZXg7IGZsZXgtZGlyZWN0aW9uOiBjb2x1bW47IGZsZXgtZ3JvdzogMTsganVzdGlmeS1jb250ZW50OiBjZW50ZXI7IG1hcmdpbi1ib3R0b206IDI0cHg7IiZndDsgJmx0O2RpdiBzdHlsZT0iIGJhY2tncm91bmQtY29sb3I6ICNGNEY0RjQ7IGJvcmRlci1yYWRpdXM6IDRweDsgZmxleC1ncm93OiAwOyBoZWlnaHQ6IDE0cHg7IG1hcmdpbi1ib3R0b206IDZweDsgd2lkdGg6IDIyNHB4OyImZ3Q7Jmx0Oy9kaXYmZ3Q7ICZsdDtkaXYgc3R5bGU9IiBiYWNrZ3JvdW5kLWNvbG9yOiAjRjRGNEY0OyBib3JkZXItcmFkaXVzOiA0cHg7IGZsZXgtZ3JvdzogMDsgaGVpZ2h0OiAxNHB4OyB3aWR0aDogMTQ0cHg7IiZndDsmbHQ7L2RpdiZndDsmbHQ7L2RpdiZndDsmbHQ7L2EmZ3Q7Jmx0O3Agc3R5bGU9IiBjb2xvcjojYzljOGNkOyBmb250LWZhbWlseTpBcmlhbCxzYW5zLXNlcmlmOyBmb250LXNpemU6MTRweDsgbGluZS1oZWlnaHQ6MTdweDsgbWFyZ2luLWJvdHRvbTowOyBtYXJnaW4tdG9wOjhweDsgb3ZlcmZsb3c6aGlkZGVuOyBwYWRkaW5nOjhweCAwIDdweDsgdGV4dC1hbGlnbjpjZW50ZXI7IHRleHQtb3ZlcmZsb3c6ZWxsaXBzaXM7IHdoaXRlLXNwYWNlOm5vd3JhcDsiJmd0OyZsdDthIGhyZWY9Imh0dHBzOi8vd3d3Lmluc3RhZ3JhbS5jb20vcC9DZHRDUXdyZ3JXMy8\/dXRtX3NvdXJjZT1pZ19lbWJlZCZhbXA7YW1wO3V0bV9jYW1wYWlnbj1sb2FkaW5nIiBzdHlsZT0iIGNvbG9yOiNjOWM4Y2Q7IGZvbnQtZmFtaWx5OkFyaWFsLHNhbnMtc2VyaWY7IGZvbnQtc2l6ZToxNHB4OyBmb250LXN0eWxlOm5vcm1hbDsgZm9udC13ZWlnaHQ6bm9ybWFsOyBsaW5lLWhlaWdodDoxN3B4OyB0ZXh0LWRlY29yYXRpb246bm9uZTsiIHRhcmdldD0iX2JsYW5rIiZndDtBIHBvc3Qgc2hhcmVkIGJ5IEFsYmVydG8gRmVybmHMgW5kZXogKEBhbGZlcmRlem9rKSZsdDsvYSZndDsmbHQ7L3AmZ3Q7Jmx0Oy9kaXYmZ3Q7Jmx0Oy9ibG9ja3F1b3RlJmd0OwombHQ7c2NyaXB0IGFzeW5jIHNyYz0iLy9wbGF0Zm9ybS5pbnN0YWdyYW0uY29tL2VuX1VTL2VtYmVkcy5qcyImZ3Q7Jmx0Oy9zY3JpcHQmZ3Q7Jmx0O2RpdiBjbGFzcz0ibWVkaXVtLWluc2VydC1lbWJlZHMtbWV0YSImZ3Q7Jmx0O3NjcmlwdCB0eXBlPSJ0ZXh0L2pzb24iJmd0O3sidXJsIjoiaHR0cHM6Ly93d3cuaW5zdGFncmFtLmNvbS9wL0NkdENRd3JnclczLz91dG1fc291cmNlPWlnX3dlYl9jb3B5X2xpbmsiLCJ0eXBlIjoicmljaCIsInZlcnNpb24iOiIxLjAiLCJ0aXRsZSI6IkEgcG9zdCBzaGFyZWQgYnkgQWxiZXJ0byBGZXJuYcyBbmRleiAoQGFsZmVyZGV6b2spIiwiYXV0aG9yIjoiYWxmZXJkZXpvayIsInByb3ZpZGVyX25hbWUiOiJJbnN0YWdyYW0iLCJ0aHVtYm5haWxfdXJsIjoiaHR0cHM6Ly9zY29udGVudC5jZG5pbnN0YWdyYW0uY29tL3YvdDUxLjI4ODUtMTUvMjgxNTc2Mjc4XzczMTE4NDg0MTY1OTE1OF84NzIwMTQwNTUyMzkxMDg1NDIyX24uanBnP3N0cD1kc3QtanBnX2UzNV9wNDgweDQ4MCZhbXA7X25jX2h0PXNjb250ZW50LmNkbmluc3RhZ3JhbS5jb20mYW1wO19uY19jYXQ9MSZhbXA7X25jX29oYz1ydGZUelpnTWJ1OEFYLTFsVTZQJmFtcDtlZG09QU1POS1KUUFBQUFBJmFtcDtjY2I9Ny00JmFtcDtvaD0wMF9BVDk5czV4UEJtYzhpTXdOZXpLaThWOVF2S0Vhc1JGTFF4QnhRVjNLUlpDanpnJmFtcDtvZT02Mjg1QjBBNiZhbXA7X25jX3NpZD1iOWYyZWUiLCJ0aHVtYm5haWxfd2lkdGgiOjQ4MCwidGh1bWJuYWlsX2hlaWdodCI6NjAwLCJjYWNoZV9hZ2UiOjg2NDAwLCJvcHRpb25zIjp7Il9zaG93Y2FwdGlvbiI6eyJsYWJlbCI6IlNob3cgYXV0aG9yJ3MgdGV4dCBjYXB0aW9uIiwidmFsdWUiOmZhbHNlfSwicXVlcnkiOlsiYXBpX2tleSIsInVybCJdfX0mbHQ7L3NjcmlwdCZndDsmbHQ7L2RpdiZndDs=\">\n<div class=\"iframely-embed\">\n<div class=\"iframely-responsive\"><iframe src=\"https:\/\/iframely.pagina12.com.ar\/api\/iframe?url=https%3A%2F%2Fwww.instagram.com%2Fp%2FCdtCQwrgrW3%2F%3Futm_source%3Dig_web_copy_link&amp;v=1&amp;app=1&amp;key=68ad19d170f26a7756ad0a90caf18fc1&amp;playerjs=1\" allowfullscreen=\"allowfullscreen\" data-mce-fragment=\"1\"><\/iframe><\/div>\n<\/div>\n<\/div>\n<p>\u00abYa recibimos a Camila y Marisol e hicimos el Censo Nacional 2022. Es el primero de Francisco, que miraba todo con mucha curiosidad\u00bb, se\u00f1al\u00f3.<\/p>\n<p>Adem\u00e1s expres\u00f3 su agradecimiento a las censistas por su \u00abamabilidad y su rapidez\u00bb.<\/p>\n<p>\u00abEstamos felices de pasa ester d\u00eda en familia contribuyendo con un horizonte m\u00e1s certero. \u00bfUstedes ya recibieron a su censista?\u00bb, concluy\u00f3 el Presidente, en una publicaci\u00f3n conjunta con Ya\u00f1ez por redes sociales.<\/p>\n<\/div>\n<\/article>\n<article id=\"post-1224\" class=\"live-blog-post section-2-col\">\n<div class=\"col 1-col\">\n<div class=\"timestamp\">12:24<\/div>\n<ul class=\"social-media-list\">\n<li class=\"facebook\"><\/li>\n<li class=\"twitter\"><\/li>\n<\/ul>\n<\/div>\n<div class=\"col 2-col\">\n<h2>LAVAGNA DESTAC\u00d3 LA CELERIDAD DEL RELEVAMIENTO GRACIAS AL CENSO DIGITAL<\/h2>\n<p>Marco Lavagna visit\u00f3 esta ma\u00f1ana un centro de coordinaci\u00f3n del Censo Nacional 2022, que funciona en una escuela de la localidad de Ramos Mej\u00eda. All\u00ed destac\u00f3 que la amplia adhesi\u00f3n a la modalidad digital permitir\u00e1 \u201cacelerar los tiempos\u201d del operativo presencial que se realiza durante la jornada.<\/p>\n<p>Tras recorrer el centro montado en la escuela de educaci\u00f3n primaria 24, ubicada en Pueyrred\u00f3n 913, Lavagna dijo que \u201cproblemas en operativos tan grandes siempre surgen, pero no son grandes y vemos c\u00f3mo los vamos atendiendo a medida que se vayan dando\u201d, al tiempo que resalt\u00f3 la rapidez que se est\u00e1 verificando en la labor de los censistas.<\/p>\n<p>\u201cEl \u00e9xito del censo digital va a acelerar los tiempos del operativo presencial\u201d, subray\u00f3 el funcionario en declaraciones a la prensa, quien esta ma\u00f1ana remarc\u00f3 que m\u00e1s de 23,8 millones de personas optaron por estas modalidades para responder el cuestionario censal.<\/p>\n<p>&nbsp;<\/p>\n<p>En ese sentido, Lavagna sostuvo que \u201ceste censo es un punto de inflexi\u00f3n, queremos hacer cambios muy grandes a futuro\u201d, por lo que consider\u00f3 que el pr\u00f3ximo censo tendr\u00e1 una impronta m\u00e1s digital aun que el actual.<\/p>\n<\/div>\n<\/article>\n<article id=\"post-1205\" class=\"live-blog-post section-2-col\">\n<div class=\"col 1-col\">\n<div class=\"timestamp\">12:05<\/div>\n<ul class=\"social-media-list\">\n<li class=\"facebook\"><\/li>\n<li class=\"twitter\"><\/li>\n<\/ul>\n<\/div>\n<div class=\"col 2-col\">\n<h2>CASI 60.0000 CENSISTAS RECORREN C\u00d3RDOBA, DONDE LA MITAD DE LAS VIVIENDAS SE RELEV\u00d3 DE MANERA DIGITAL<\/h2>\n<p>Con 59.000 censistas desplegados en toda la provincia y m\u00e1s del 45% de las viviendas ya relevadas de manera digital, el operativo presencial del Censo Nacional 2022 podr\u00eda concluir mucho antes del horario previsto como cierre en gran parte de la poblaci\u00f3n de C\u00f3rdoba.<\/p>\n<p>El director general de Estad\u00edsticas y Censos de la provincia, Daniel Ortega, asegur\u00f3 a T\u00e9lam que si bien no se actualizaron los datos del censo digital que cerr\u00f3 a las 8 de hoy, hasta anoche \u201cel 45,5% del total de las viviendas de la provincia hab\u00edan completado\u00bb con esa modalidad.<\/p>\n<p>Asimismo, detall\u00f3 que en el departamento Capital el censo digital alcanz\u00f3 el 49%, por lo que estim\u00f3 que \u201cel censo presencial seguramente va a llevar menos tiempo de lo previsto\u201d.<\/p>\n<\/div>\n<\/article>\n<article id=\"post-1145\" class=\"live-blog-post section-2-col\">\n<div class=\"col 1-col\">\n<div class=\"timestamp\">11:45<\/div>\n<ul class=\"social-media-list\">\n<li class=\"facebook\"><\/li>\n<li class=\"twitter\"><\/li>\n<\/ul>\n<\/div>\n<div class=\"col 2-col\">\n<h2>KICILLOF PIDI\u00d3 QUEDARSE EN LAS CASAS PARA RECIBIR A LOS CENSISTAS<\/h2>\n<p>El gobernador de la provincia de Buenos Aires, Axel Kicillof, inst\u00f3 hoy a la poblaci\u00f3n a permanecer en sus viviendas hasta recibir a los censistas y calific\u00f3 como \u00abmuy importante\u00bb el relevamiento de hogares que desarrolla desde las 8 el Instituto Nacional de Estad\u00edstica y Censos (Indec).<\/p>\n<p>\u00abHoy es un d\u00eda muy importante, comenz\u00f3 el Censo Nacional 2022 y hasta las 18 las y los censistas pasar\u00e1n por tu casa\u00bb, poste\u00f3 el mandatario en redes sociales y record\u00f3 a la gente: \u00ab\u00a1Aunque hayas hecho el Censo digital deber\u00e1s esperar al censista para entregarle el c\u00f3digo!\u00bb.<\/p>\n<p>Hasta las 8 de hoy, el 48,2% de los ciudadanos bonaerenses optaron por completar el censo digital, seg\u00fan inform\u00f3 el ministro de Hacienda bonaerense, Pablo L\u00f3pez; por lo que el restante 51,8% de los habitantes de la provincia ser\u00e1n censados este mi\u00e9rcoles de manera presencial.<\/p>\n<\/div>\n<\/article>\n<article id=\"post-1111\" class=\"live-blog-post section-2-col\">\n<div class=\"col 1-col\">\n<div class=\"timestamp\">11:11<\/div>\n<ul class=\"social-media-list\">\n<li class=\"facebook\"><\/li>\n<li class=\"twitter\"><\/li>\n<\/ul>\n<\/div>\n<div class=\"col 2-col\">\n<h2>M\u00c1S DE 600 MIL PERSONAS INVOLUCRADAS EN EL CENSO<\/h2>\n<p>La modalidad presencial del\u00a0<a href=\"https:\/\/www.pagina12.com.ar\/422282-censo-2022-como-identificar-al-censista-oficial-para-evitar-\">Censo 2022<\/a>\u00a0se lleva adelante este mi\u00e9rcoles con el tradicional operativo en todas las viviendas del pa\u00eds con<b>\u00a0la participaci\u00f3n de m\u00e1s de 600 mil personas\u00a0<\/b>entre censistas urbanos y rurales y coordinadores nacionales y provinciales, mientras que unas 18 millones de personas ya respondieron el censo digital.<\/p>\n<p>La estructura censal est\u00e1 compuesta por\u00a0<b>458.000 censistas de viviendas particulares, 60.000 jefas o jefes de radio, 50.000 agentes de viviendas colectivas y 18.000 asistentes de jefa o jefe de fracci\u00f3n<\/b>. El objetivo es censar a m\u00e1s de 15 millones de viviendas.<\/p>\n<p>\u201cRepartimos m\u00e1s de 300 mil kits censales en todo el pa\u00eds, toda la organizaci\u00f3n e inversi\u00f3n es muy grande en torno de poder tener esta informaci\u00f3n esencial\u201d, agreg\u00f3 Lavagna en declaraciones a la prensa.<\/p>\n<\/div>\n<\/article>\n<article id=\"post-1058\" class=\"live-blog-post section-2-col\">\n<div class=\"col 1-col\">\n<div class=\"timestamp\">10:58<\/div>\n<ul class=\"social-media-list\">\n<li class=\"facebook\"><\/li>\n<li class=\"twitter\"><\/li>\n<\/ul>\n<\/div>\n<div class=\"col 2-col\">\n<h2>\u00bfQU\u00c9 NEGOCIOS ABREN EL D\u00cdA DEL CENSO?<\/h2>\n<p>Podr\u00e1n permanecer abiertos prestando servicios comercios e instituciones como:<b>\u00a0<\/b><a href=\"https:\/\/www.pagina12.com.ar\/421573-feriado-por-censo-nacional-por-que-no-puede-haber-ningun-neg\"><b>hospitales, centros de salud, estaciones de servicio y farmacias<\/b>.\u00a0<\/a><\/p>\n<p>Quedan prohibidas hasta las 20 horas las funciones teatrales, exhibiciones cinematogr\u00e1ficas, competencias deportivas y en general toda clase de espect\u00e1culos y reuniones p\u00fablicas al aire libre o en recintos cubiertos.<\/p>\n<p>Adem\u00e1s, tampoco podr\u00e1n abrir hasta las 20 los restaurantes, bares, rotiser\u00edas, panader\u00edas y todo comercio de venta de art\u00edculos alimenticios y de bebidas.<\/p>\n<\/div>\n<\/article>\n<article id=\"post-1030\" class=\"live-blog-post section-2-col\">\n<div class=\"col 1-col\">\n<div class=\"timestamp\">10:30<\/div>\n<ul class=\"social-media-list\">\n<li class=\"facebook\"><\/li>\n<li class=\"twitter\"><\/li>\n<\/ul>\n<\/div>\n<div class=\"col 2-col\">\n<h2>AS\u00cd ES EL RECORRIDO DE UN CENSISTA<\/h2>\n<p>A las 8 hs de este 18 de mayo comenz\u00f3 el\u00a0<strong>Censo Nacional 2022<\/strong>\u00a0en todo el territorio argentino. Miles de censistas\u00a0<strong>acuden a los hogares para realizar las preguntas del cuestionario<\/strong>, en caso de no haber completado el formulario de manera digital.<\/p>\n<p>Si se lo llen\u00f3 d\u00edas antes por medio del sitio web que habilit\u00f3 el\u00a0<strong>Instituto Nacional de Estad\u00edstica y Censos (INDEC)<a href=\"https:\/\/www.censo.gob.ar\/index.php\/censo-digital\/?gclid=Cj0KCQjwspKUBhCvARIsAB2IYuupfdK8Z0J5Yzz8-v0XhoN1ZmeQZRGdgFRlI65siA6xkX69Bnz_o9gaAuXIEALw_wcB\" target=\"_blank\" rel=\"noopener\">\u00a0<\/a><\/strong>simplemente se deber\u00e1 mostrar el\u00a0<strong>c\u00f3digo \u00fanico de vivienda<\/strong>.<\/p>\n<p><strong>Cada censista visitar\u00e1 alrededor de 40 y 50 hogares durante este d\u00eda.\u00a0<\/strong><a href=\"https:\/\/www.pagina12.com.ar\/422427-censo-2022-asi-es-el-recorrido-de-un-censista\"><em>Telenueve<\/em>\u00a0acompa\u00f1\u00f3 a una de las censistas en su recorrido<strong>\u00a0en el barrio porte\u00f1o de Belgrano.<\/strong><\/a><\/p>\n<div class=\"iframely-embed medium-embedded-content\" data-html=\"Jmx0O2RpdiBzdHlsZT0ibGVmdDogMDsgd2lkdGg6IDEwMCU7IGhlaWdodDogMDsgcG9zaXRpb246IHJlbGF0aXZlOyBwYWRkaW5nLWJvdHRvbTogNTYuMjUlOyImZ3Q7Jmx0O2lmcmFtZSBzcmM9Imh0dHBzOi8vd3d3LnlvdXR1YmUuY29tL2VtYmVkL2VZaGw3Q0M1MDBvP3JlbD0wJmFtcDtlbmFibGVqc2FwaT0xJmFtcDtwbGF5c2lubGluZT0xIiBzdHlsZT0idG9wOiAwOyBsZWZ0OiAwOyB3aWR0aDogMTAwJTsgaGVpZ2h0OiAxMDAlOyBwb3NpdGlvbjogYWJzb2x1dGU7IGJvcmRlcjogMDsiIGFsbG93ZnVsbHNjcmVlbiBzY3JvbGxpbmc9Im5vIiBhbGxvdz0iYXV0b3BsYXk7IGFjY2VsZXJvbWV0ZXI7IGNsaXBib2FyZC13cml0ZTsgZW5jcnlwdGVkLW1lZGlhOyBneXJvc2NvcGU7IHBpY3R1cmUtaW4tcGljdHVyZTsiJmd0OyZsdDsvaWZyYW1lJmd0OyZsdDsvZGl2Jmd0OyZsdDtkaXYgY2xhc3M9Im1lZGl1bS1pbnNlcnQtZW1iZWRzLW1ldGEiJmd0OyZsdDtzY3JpcHQgdHlwZT0idGV4dC9qc29uIiZndDt7InVybCI6Imh0dHBzOi8vd3d3LnlvdXR1YmUuY29tL3dhdGNoP3Y9ZVlobDdDQzUwMG8iLCJ0eXBlIjoidmlkZW8iLCJ2ZXJzaW9uIjoiMS4wIiwidGl0bGUiOiJDZW5zbyAyMDIyOiBjw7NtbyBlcyBlbCByZWNvcnJpZG8gZGUgdW4gY2Vuc2lzdGEgeSBxdcOpIHBhc2Egc2kgbm8gbG8gYXRlbmTDrSBjdWFuZG8gcGFzw7MiLCJhdXRob3IiOiJUZWxlbnVldmUiLCJhdXRob3JfdXJsIjoiaHR0cHM6Ly93d3cueW91dHViZS5jb20vY2hhbm5lbC9VQzJROTFweERGMEJQZjBlSzQ0cGdZTXciLCJwcm92aWRlcl9uYW1lIjoiWW91VHViZSIsImRlc2NyaXB0aW9uIjoiQXJyYW5jw7MgZWwgQ2Vuc28gTmFjaW9uYWwgMjAyMiB5IGxvcyBjZW5zaXN0YXMgdmlzaXRhbiBjYWRhIGhvZ2FyLiBUZWxlbnVldmUgYWNvbXBhw7FhIHN1IHJlY29ycmlkbyB5IGRlc3BlamEgdmFyaWFzIGR1ZGFzLlxuXG5TdXNjcmliaXRlIGEgbnVlc3RybyBjYW5hbCBwYXJhIG5vIHBlcmRlcnRlIG5pbmd1bmEgZGUgbGFzIG5vdGljaWFzIGRlICNUZWxlbnVldmUuXG5cbuKWuOKWuFNlZ3Vpbm9zIGVuIG51ZXN0cmFzIHJlZGVzIHNvY2lhbGVzOlxuVHdpdHRlcjogaHR0cHM6Ly93d3cudHdpdHRlci5jb20vdGVsZW51ZXZlQzlcbkZhY2Vib29rOiBodHRwczovL3d3dy5mYWNlYm9vay5jb20vdGVsZW51ZXZlQzlcbkluc3RhZ3JhbTogaHR0cHM6Ly93d3cuaW5zdGFncmFtLmNvbS90ZWxlbnVldmUvXG5cbuKWuOKWuFRvZGEgbGEgaW5mb3JtYWNpw7NuIGVuOiBodHRwczovL3d3dy50ZWxlbnVldmUuZWxudWV2ZS5jb20uYXIvIiwidGh1bWJuYWlsX3VybCI6Imh0dHBzOi8vaS55dGltZy5jb20vdmkvZVlobDdDQzUwMG8vbWF4cmVzZGVmYXVsdC5qcGciLCJ0aHVtYm5haWxfd2lkdGgiOjEyODAsInRodW1ibmFpbF9oZWlnaHQiOjcyMCwiY2FjaGVfYWdlIjo4NjQwMCwib3B0aW9ucyI6eyJfc3RhcnQiOnsibGFiZWwiOiJTdGFydCBmcm9tIiwidmFsdWUiOiIiLCJwbGFjZWhvbGRlciI6ImV4LjogMTEsIDFtMTBzIn0sIl9lbmQiOnsibGFiZWwiOiJFbmQgb24iLCJ2YWx1ZSI6IiIsInBsYWNlaG9sZGVyIjoiZXguOiAxMSwgMW0xMHMifSwiX2NjX2xvYWRfcG9saWN5Ijp7ImxhYmVsIjoiQ2xvc2VkIGNhcHRpb25zIiwidmFsdWUiOmZhbHNlfSwiY2xpY2tfdG9fcGxheSI6eyJsYWJlbCI6IkhvbGQgbG9hZCAmYW1wOyBwbGF5IHVudGlsIGNsaWNrZWQiLCJ2YWx1ZSI6ZmFsc2V9LCJxdWVyeSI6WyJhcGlfa2V5IiwidXJsIl19fSZsdDsvc2NyaXB0Jmd0OyZsdDsvZGl2Jmd0Ow==\">\n<div class=\"iframely-embed\">\n<div class=\"iframely-responsive\"><iframe src=\"https:\/\/iframely.pagina12.com.ar\/api\/iframe?url=https%3A%2F%2Fwww.youtube.com%2Fwatch%3Fv%3DeYhl7CC500o&amp;v=1&amp;app=1&amp;key=68ad19d170f26a7756ad0a90caf18fc1&amp;playerjs=1\" scrolling=\"no\" allowfullscreen=\"allowfullscreen\" data-mce-fragment=\"1\"><\/iframe><\/div>\n<\/div>\n<\/div>\n<\/div>\n<\/article>\n<article id=\"post-1025\" class=\"live-blog-post section-2-col\">\n<div class=\"col 1-col\">\n<div class=\"timestamp\">10:25<\/div>\n<ul class=\"social-media-list\">\n<li class=\"facebook\"><\/li>\n<li class=\"twitter\"><\/li>\n<\/ul>\n<\/div>\n<div class=\"col 2-col\">\n<h2>C\u00d3MO FUNCIONA EL TRANSPORTE DURANTE EL FERIADO POR EL CENSO<\/h2>\n<p>La legislaci\u00f3n vigente estipula que el transporte p\u00fablico<b>\u00a0<\/b><a href=\"https:\/\/www.pagina12.com.ar\/421573-feriado-por-censo-nacional-por-que-no-puede-haber-ningun-neg\"><b>funcionar\u00e1 con el cronograma especial de domingos y feriados<\/b>\u00a0y ser\u00e1 gratuito para todas las personas censistas.<\/a><\/p>\n<\/div>\n<\/article>\n<article id=\"post-0957\" class=\"live-blog-post section-2-col\">\n<div class=\"col 1-col\">\n<div class=\"timestamp\">09:57<\/div>\n<ul class=\"social-media-list\">\n<li class=\"facebook\"><\/li>\n<li class=\"twitter\"><\/li>\n<\/ul>\n<\/div>\n<div class=\"col 2-col\">\n<h2>C\u00d3MO RECIBIR AL CENSISTA: LAS INDICACIONES DEL GOBIERNO<\/h2>\n<p>El Gobierno comparti\u00f3 indicaciones sobre\u00a0<b>c\u00f3mo recibir a los censistas<\/b>\u00a0que pasar\u00e1n este mi\u00e9rcoles desde las 8 hasta las 18 horas. \u00abHoy, en todo el territorio nacional, vamos a #Reconocernos\u00bb, dice el mensaje publicado en la cuenta oficial de Casa Rosada.<\/p>\n<div class=\"iframely-embed medium-embedded-content\" data-html=\"Jmx0O2Jsb2NrcXVvdGUgY2xhc3M9InR3aXR0ZXItdHdlZXQiIGRhdGEtZG50PSJ0cnVlIiBhbGlnbj0iY2VudGVyIiZndDsmbHQ7cCBsYW5nPSJlcyIgZGlyPSJsdHIiJmd0O8KhWWEgY29tZW56w7MgZWwgJmx0O2EgaHJlZj0iaHR0cHM6Ly90d2l0dGVyLmNvbS9DZW5zbzIwMjI\/cmVmX3NyYz10d3NyYyU1RXRmdyImZ3Q7QENlbnNvMjAyMiZsdDsvYSZndDsg8J+HpvCfh7chJmx0O2JyJmd0OyZsdDticiZndDtFc3BlcsOhIGVuIHR1IGNhc2EgYWwgY2Vuc2lzdGEsIHF1ZSBwYXNhIGVudHJlIGxhcyA4IHkgbGFzIDE4IGhvcmFzLiZsdDticiZndDsmbHQ7YnImZ3Q7SG95LCBlbiB0b2RvIGVsIHRlcnJpdG9yaW8gbmFjaW9uYWwsIHZhbW9zIGEgJmx0O2EgaHJlZj0iaHR0cHM6Ly90d2l0dGVyLmNvbS9oYXNodGFnL1JlY29ub2Nlcm5vcz9zcmM9aGFzaCZhbXA7YW1wO3JlZl9zcmM9dHdzcmMlNUV0ZnciJmd0OyNSZWNvbm9jZXJub3MmbHQ7L2EmZ3Q7LiAmbHQ7YSBocmVmPSJodHRwczovL3QuY28vRHdnVnF0dHhiYSImZ3Q7cGljLnR3aXR0ZXIuY29tL0R3Z1ZxdHR4YmEmbHQ7L2EmZ3Q7Jmx0Oy9wJmd0OyZhbXA7bWRhc2g7IENhc2EgUm9zYWRhIChAQ2FzYVJvc2FkYSkgJmx0O2EgaHJlZj0iaHR0cHM6Ly90d2l0dGVyLmNvbS9DYXNhUm9zYWRhL3N0YXR1cy8xNTI2OTAzMDAyNTAxNjgxMTU0P3JlZl9zcmM9dHdzcmMlNUV0ZnciJmd0O01heSAxOCwgMjAyMiZsdDsvYSZndDsmbHQ7L2Jsb2NrcXVvdGUmZ3Q7CiZsdDtzY3JpcHQgYXN5bmMgc3JjPSJodHRwczovL3BsYXRmb3JtLnR3aXR0ZXIuY29tL3dpZGdldHMuanMiIGNoYXJzZXQ9InV0Zi04IiZndDsmbHQ7L3NjcmlwdCZndDsKJmx0O2RpdiBjbGFzcz0ibWVkaXVtLWluc2VydC1lbWJlZHMtbWV0YSImZ3Q7Jmx0O3NjcmlwdCB0eXBlPSJ0ZXh0L2pzb24iJmd0O3sidXJsIjoiaHR0cHM6Ly90d2l0dGVyLmNvbS9DYXNhUm9zYWRhL3N0YXR1cy8xNTI2OTAzMDAyNTAxNjgxMTU0IiwidHlwZSI6InJpY2giLCJ2ZXJzaW9uIjoiMS4wIiwidGl0bGUiOiJDYXNhIFJvc2FkYSBvbiBUd2l0dGVyIiwiYXV0aG9yIjoiQ2FzYSBSb3NhZGEiLCJhdXRob3JfdXJsIjoiaHR0cHM6Ly90d2l0dGVyLmNvbS9DYXNhUm9zYWRhIiwicHJvdmlkZXJfbmFtZSI6IlR3aXR0ZXIiLCJkZXNjcmlwdGlvbiI6IsKhWWEgY29tZW56w7MgZWwgQENlbnNvMjAyMiDwn4em8J+HtyFFc3BlcsOhIGVuIHR1IGNhc2EgYWwgY2Vuc2lzdGEsIHF1ZSBwYXNhIGVudHJlIGxhcyA4IHkgbGFzIDE4IGhvcmFzLkhveSwgZW4gdG9kbyBlbCB0ZXJyaXRvcmlvIG5hY2lvbmFsLCB2YW1vcyBhICNSZWNvbm9jZXJub3MuIHBpYy50d2l0dGVyLmNvbS9Ed2dWcXR0eGJh4oCUIENhc2EgUm9zYWRhIChAQ2FzYVJvc2FkYSkgTWF5IDE4LCAyMDIyXG5cbiIsInRodW1ibmFpbF91cmwiOiJodHRwczovL3Bicy50d2ltZy5jb20vbWVkaWEvRlRDallaWFdVQUFESnNTLmpwZzpsYXJnZSIsInRodW1ibmFpbF93aWR0aCI6MjA0OCwidGh1bWJuYWlsX2hlaWdodCI6MTE1MiwiY2FjaGVfYWdlIjo4NjQwMCwib3B0aW9ucyI6eyJfaGlkZV9tZWRpYSI6eyJsYWJlbCI6IkhpZGUgcGhvdG9zLCB2aWRlb3MsIGFuZCBjYXJkcyIsInZhbHVlIjpmYWxzZX0sIl90aGVtZSI6eyJ2YWx1ZSI6IiIsInZhbHVlcyI6eyJkYXJrIjoiVXNlIGRhcmsgdGhlbWUifX0sIl9tYXh3aWR0aCI6eyJ2YWx1ZSI6IiIsImxhYmVsIjoiQWRqdXN0IHdpZHRoIiwicGxhY2Vob2xkZXIiOiIyMjAtNTUwLCBpbiBweCJ9LCJxdWVyeSI6WyJhcGlfa2V5IiwidXJsIl19fSZsdDsvc2NyaXB0Jmd0OyZsdDsvZGl2Jmd0Ow==\">\n<div class=\"iframely-embed\">\n<div class=\"iframely-responsive\"><iframe src=\"https:\/\/iframely.pagina12.com.ar\/api\/iframe?url=https%3A%2F%2Ftwitter.com%2FCasaRosada%2Fstatus%2F1526903002501681154&amp;v=1&amp;app=1&amp;key=68ad19d170f26a7756ad0a90caf18fc1&amp;playerjs=1\" allowfullscreen=\"allowfullscreen\" data-mce-fragment=\"1\"><\/iframe><\/div>\n<\/div>\n<\/div>\n<p>El mensaje se\u00f1ala que las personas deben esperar al censista en sus viviendas y que hay restricciones hasta las 20 hs. Los censistas son identificables porque visten una pechera y llevan una credencial que\u00a0<a href=\"https:\/\/www.pagina12.com.ar\/422282-censo-2022-como-identificar-al-censista-oficial-para-evitar-\">se puede verificar<\/a>\u00a0en la web\u00a0<a href=\"https:\/\/registro.censo.gob.ar\/censistas\" target=\"_blank\" rel=\"noopener\">https:\/\/registro.censo.gob.ar\/censistas<\/a>.<\/p>\n<p>Asimismo, se solicita que las personas usen tapaboca al momento de recibir al censita y se aclara que no es necesario que \u00e9ste ingrese a la vivienda.<\/p>\n<\/div>\n<\/article>\n<article id=\"post-0950\" class=\"live-blog-post section-2-col\">\n<div class=\"col 1-col\">\n<div class=\"timestamp\">09:50<\/div>\n<ul class=\"social-media-list\">\n<li class=\"facebook\"><\/li>\n<li class=\"twitter\"><\/li>\n<\/ul>\n<\/div>\n<div class=\"col 2-col\">\n<h2>\u00bfQU\u00c9 PASA SI PERD\u00cd MI C\u00d3DIGO DEL CENSO DIGITAL?<\/h2>\n<p>El\u00a0<b>c\u00f3digo \u00fanico de la vivienda<\/b>\u00a0se env\u00eda al correo electr\u00f3nico con el que se inici\u00f3 el\u00a0<a href=\"https:\/\/www.pagina12.com.ar\/422069-censo-digital-2022-cuales-son-los-errores-mas-comunes-y-que-\"><b>Censo digital<\/b><\/a>.<\/p>\n<p>El c\u00f3digo ser\u00e1 necesario para reingresar al cuestionario cuantas veces se necesite. Si no lo encontr\u00e1s o lo olvidaste, podr\u00e1s presionar el bot\u00f3n \u00abRecuperar c\u00f3digo\u00bb en la p\u00e1gina de inicio del Censo Digital e indicar el correo electr\u00f3nico con el que lo generaste para recibirlo nuevamente.<\/p>\n<\/div>\n<\/article>\n<article id=\"post-0936\" class=\"live-blog-post section-2-col\">\n<div class=\"col 1-col\">\n<div class=\"timestamp\">09:36<\/div>\n<ul class=\"social-media-list\">\n<li class=\"facebook\"><\/li>\n<li class=\"twitter\"><\/li>\n<\/ul>\n<\/div>\n<div class=\"col 2-col\">\n<h2>MARCO LAVAGNA:\u00a0\u00abENTRE HOY A LA NOCHE Y MA\u00d1ANA TENDREMOS UN \u2018BOCA DE URNA\u2019 DE CU\u00c1NTOS SOMOS\u00bb<\/h2>\n<p>El director del Indec,\u00a0<b><a href=\"https:\/\/www.pagina12.com.ar\/422418-marco-lavagna-entre-hoy-a-la-noche-y-manana-tendremos-un-boc\">Marco Lavagna<\/a><\/b>, confirm\u00f3 que 23,8 millones de personas de todo el pa\u00eds optaro por realizar la versi\u00f3n digital del\u00a0<b>Censo Nacional de Poblaci\u00f3n, Hogares y Viviendas<\/b>\u00a0que se desarrolla por estas horas y adelant\u00f3 que \u201calrededor de la noche de hoy o ma\u00f1ana\u201d se conocer\u00e1 el dato aproximado de cu\u00e1l es la cantidad total de habitantes en todo el pa\u00eds.<\/p>\n<div align=\"center\">\n<article class=\"embedded-entity\">\n<article class=\"media media--type-image media--view-mode-single-media-image-460\">\n<div class=\"field field--name-field-media-image field--type-image field--label-hidden field__item\"><img loading=\"lazy\" decoding=\"async\" class=\"image-style-width960\" src=\"https:\/\/images.pagina12.com.ar\/styles\/width960\/public\/2022-05\/422416-lavagna-0.jpg?itok=sfXkJlyV\" width=\"859\" height=\"573\" \/><\/div>\n<\/article>\n<\/article>\n<\/div>\n<p>\u201cA medida que transcurra el d\u00eda vamos a ir adelantando informaci\u00f3n\u201d sobre el operativo a nivel nacional que comenz\u00f3 a las 8 de hoy y que, seg\u00fan se prev\u00e9, durar\u00e1 hasta no antes de las 18.<\/p>\n<p>Con los primeros datos recogidos una vez finalizadas las visitas de los censistas, \u201centre hoy a la noche y ma\u00f1ana tendremos un \u2018boca de urna\u2019 de cu\u00e1ntos somos, pero el n\u00famero efectivo estar\u00e1 a los tres meses o antes\u201d, indic\u00f3 el funcionario durante una conferencia de prensa en Casa de Gobierno.<\/p>\n<p>Luego,\u00a0<b>\u201cel dato definitivo por sexo y lugar estar\u00e1 aproximadamente a los ocho meses o antes, y reci\u00e9n al a\u00f1o y medio estar\u00e1n todos los datos. Creemos que los tiempos se pueden acortar por el grado de participaci\u00f3n al censo digital\u201d<\/b>, agreg\u00f3.<\/p>\n<\/div>\n<\/article>\n<article id=\"post-0919\" class=\"live-blog-post section-2-col\">\n<div class=\"col 1-col\">\n<div class=\"timestamp\">09:19<\/div>\n<ul class=\"social-media-list\">\n<li class=\"facebook\"><\/li>\n<li class=\"twitter\"><\/li>\n<\/ul>\n<\/div>\n<div class=\"col 2-col\">\n<h2>EL MENSAJE DE ALBERTO FERN\u00c1NDEZ<\/h2>\n<p>El presidente\u00a0<b><\/b><a href=\"https:\/\/www.pagina12.com.ar\/422408-alberto-fernandez-recordo-a-nestor-kirchner-en-el-dia-del-ce\"><b>Alberto Fern\u00e1ndez<\/b>\u00a0comparti\u00f3 un mensaje en su cuenta de Twitter<\/a>\u00a0en el que destac\u00f3 la importancia de participar del<b>\u00a0Censo 2022<\/b>\u00a0ya que \u00abes una herramienta fundamental\u00bb para el dise\u00f1o de pol\u00edticas p\u00fablicas. \u00abNo es una estad\u00edstica, es una pintura sobre nosotras y nosotros, que nos incluye, nos reconoce y abraza nuestra diversidad\u00bb, dijo el mandatario en un video en el que se lo ve junto a censistas que recibi\u00f3 en Casa Rosada.<\/p>\n<p>El censo, afirm\u00f3 el presidente, \u00abnos permite saber cu\u00e1ntos somos, cu\u00e1ndo y d\u00f3nde vivimos y sobre todo, a partir de eso, pensar c\u00f3mo podemos vivir mejor\u00bb.<\/p>\n<div class=\"iframely-embed medium-embedded-content\" data-html=\"Jmx0O2Jsb2NrcXVvdGUgY2xhc3M9InR3aXR0ZXItdHdlZXQiIGRhdGEtZG50PSJ0cnVlIiBhbGlnbj0iY2VudGVyIiZndDsmbHQ7cCBsYW5nPSJlcyIgZGlyPSJsdHIiJmd0O0hveSByZWFsaXphcmVtb3MgZW4gdG9kbyBlbCBwYcOtcyBlbCAmbHQ7YSBocmVmPSJodHRwczovL3R3aXR0ZXIuY29tL0NlbnNvMjAyMj9yZWZfc3JjPXR3c3JjJTVFdGZ3IiZndDtAQ2Vuc28yMDIyJmx0Oy9hJmd0Oy4gIENlbnNpc3RhcyBlc3RhcsOhbiB2aXNpdGFuZG8gYSBsYXMgYXJnZW50aW5hcyB5IGxvcyBhcmdlbnRpbm9zIHBhcmEgcG9kZXIgY29ub2NlciBudWVzdHJvIHByZXNlbnRlLiZsdDticiZndDsmbHQ7YnImZ3Q7RXMgY3J1Y2lhbCBxdWUgcGFydGljaXBlbW9zIHRvZGFzIHkgdG9kb3MuIEVsICZsdDthIGhyZWY9Imh0dHBzOi8vdHdpdHRlci5jb20vaGFzaHRhZy9DZW5zb05hY2lvbmFsP3NyYz1oYXNoJmFtcDthbXA7cmVmX3NyYz10d3NyYyU1RXRmdyImZ3Q7I0NlbnNvTmFjaW9uYWwmbHQ7L2EmZ3Q7IG5vcyBwZXJtaXRlIHBlbnNhciBjw7NtbyBwb2RlbW9zIGNvbnN0cnXDrXIgdW4gbWVqb3IgZnV0dXJvLiAmbHQ7YSBocmVmPSJodHRwczovL3QuY28vMm56alplZWNrSiImZ3Q7cGljLnR3aXR0ZXIuY29tLzJuempaZWVja0ombHQ7L2EmZ3Q7Jmx0Oy9wJmd0OyZhbXA7bWRhc2g7IEFsYmVydG8gRmVybsOhbmRleiAoQGFsZmVyZGV6KSAmbHQ7YSBocmVmPSJodHRwczovL3R3aXR0ZXIuY29tL2FsZmVyZGV6L3N0YXR1cy8xNTI2ODkxNzk1NDc2NTgyNDAxP3JlZl9zcmM9dHdzcmMlNUV0ZnciJmd0O01heSAxOCwgMjAyMiZsdDsvYSZndDsmbHQ7L2Jsb2NrcXVvdGUmZ3Q7CiZsdDtzY3JpcHQgYXN5bmMgc3JjPSJodHRwczovL3BsYXRmb3JtLnR3aXR0ZXIuY29tL3dpZGdldHMuanMiIGNoYXJzZXQ9InV0Zi04IiZndDsmbHQ7L3NjcmlwdCZndDsKJmx0O2RpdiBjbGFzcz0ibWVkaXVtLWluc2VydC1lbWJlZHMtbWV0YSImZ3Q7Jmx0O3NjcmlwdCB0eXBlPSJ0ZXh0L2pzb24iJmd0O3sidXJsIjoiaHR0cHM6Ly90d2l0dGVyLmNvbS9hbGZlcmRlei9zdGF0dXMvMTUyNjg5MTc5NTQ3NjU4MjQwMSIsInR5cGUiOiJyaWNoIiwidmVyc2lvbiI6IjEuMCIsInRpdGxlIjoiQWxiZXJ0byBGZXJuw6FuZGV6IG9uIFR3aXR0ZXIiLCJhdXRob3IiOiJBbGJlcnRvIEZlcm7DoW5kZXoiLCJhdXRob3JfdXJsIjoiaHR0cHM6Ly90d2l0dGVyLmNvbS9hbGZlcmRleiIsInByb3ZpZGVyX25hbWUiOiJUd2l0dGVyIiwiZGVzY3JpcHRpb24iOiJIb3kgcmVhbGl6YXJlbW9zIGVuIHRvZG8gZWwgcGHDrXMgZWwgQENlbnNvMjAyMi4gIENlbnNpc3RhcyBlc3RhcsOhbiB2aXNpdGFuZG8gYSBsYXMgYXJnZW50aW5hcyB5IGxvcyBhcmdlbnRpbm9zIHBhcmEgcG9kZXIgY29ub2NlciBudWVzdHJvIHByZXNlbnRlLkVzIGNydWNpYWwgcXVlIHBhcnRpY2lwZW1vcyB0b2RhcyB5IHRvZG9zLiBFbCAjQ2Vuc29OYWNpb25hbCBub3MgcGVybWl0ZSBwZW5zYXIgY8OzbW8gcG9kZW1vcyBjb25zdHJ1w61yIHVuIG1lam9yIGZ1dHVyby4gcGljLnR3aXR0ZXIuY29tLzJuempaZWVja0rigJQgQWxiZXJ0byBGZXJuw6FuZGV6IChAYWxmZXJkZXopIE1heSAxOCwgMjAyMlxuXG4iLCJ0aHVtYm5haWxfdXJsIjoiaHR0cHM6Ly9wYnMudHdpbWcuY29tL21lZGlhL0ZUQ1h5RkxYMEFFcHhKOC5qcGc6bGFyZ2UiLCJ0aHVtYm5haWxfd2lkdGgiOjEwODAsInRodW1ibmFpbF9oZWlnaHQiOjEwODAsImNhY2hlX2FnZSI6ODY0MDAsIm9wdGlvbnMiOnsiX2hpZGVfbWVkaWEiOnsibGFiZWwiOiJIaWRlIHBob3RvcywgdmlkZW9zLCBhbmQgY2FyZHMiLCJ2YWx1ZSI6ZmFsc2V9LCJfdGhlbWUiOnsidmFsdWUiOiIiLCJ2YWx1ZXMiOnsiZGFyayI6IlVzZSBkYXJrIHRoZW1lIn19LCJfbWF4d2lkdGgiOnsidmFsdWUiOiIiLCJsYWJlbCI6IkFkanVzdCB3aWR0aCIsInBsYWNlaG9sZGVyIjoiMjIwLTU1MCwgaW4gcHgifSwicXVlcnkiOlsiYXBpX2tleSIsInVybCJdfX0mbHQ7L3NjcmlwdCZndDsmbHQ7L2RpdiZndDs=\">\n<div class=\"iframely-embed\">\n<div class=\"iframely-responsive\"><iframe src=\"https:\/\/iframely.pagina12.com.ar\/api\/iframe?url=https%3A%2F%2Ftwitter.com%2Falferdez%2Fstatus%2F1526891795476582401&amp;v=1&amp;app=1&amp;key=68ad19d170f26a7756ad0a90caf18fc1&amp;playerjs=1\" allowfullscreen=\"allowfullscreen\" data-mce-fragment=\"1\"><\/iframe><\/div>\n<\/div>\n<\/div>\n<p>El presidente tambi\u00e9n\u00a0<b>destac\u00f3 que este es el primer censo en el que se registra a las personas en situaci\u00f3n de calle y que se incorporan al formulario preguntas sobre la identidad de g\u00e9nero<\/b>.<\/p>\n<p>Asimismo, record\u00f3 que el d\u00eda del Censo 2010 muri\u00f3 el expresidente\u00a0<b><a href=\"https:\/\/www.pagina12.com.ar\/418000-cristina-kirchner-recordo-a-nestor-kirchner-y-la-eleccion-pr\">N\u00e9stor Kirchner<\/a><\/b>. \u00abFue un d\u00eda de enorme tristeza que quedar\u00e1 siempre en mi memoria\u00bb, dijo.<\/p>\n<\/div>\n<\/article>\n<article id=\"post-0906\" class=\"live-blog-post section-2-col\">\n<div class=\"col 1-col\">\n<div class=\"timestamp\">09:06<\/div>\n<ul class=\"social-media-list\">\n<li class=\"facebook\"><\/li>\n<li class=\"twitter\"><\/li>\n<\/ul>\n<\/div>\n<div class=\"col 2-col\">\n<h2>HASTA QU\u00c9 HORA PUEDE PASAR EL CENSISTA POR LAS CASAS<\/h2>\n<p>Este mi\u00e9rcoles, el Censo Nacional de Poblaci\u00f3n, Hogares y Vivienda 2022\u00a0<b>se desarrolla desde las 8 hasta las 18<\/b>. Hasta ese momento, el Indec solicita a la poblaci\u00f3n no salir de sus hogares para poder recibir al censista.<\/p>\n<p>En esta ocasi\u00f3n, el censo tiene dos modalidades: la digital, que pod\u00eda completarse hasta hoy a las 8 de la ma\u00f1ana, y la presencial que se desarrolla casa por casa. En el caso de quienes hayan hecho el formulario online tendr\u00e1n que entregarle el c\u00f3digo correspondiente al censista.<\/p>\n<\/div>\n<\/article>\n<article id=\"post-0835\" class=\"live-blog-post section-2-col\">\n<div class=\"col 1-col\">\n<div class=\"timestamp\">08:35<\/div>\n<ul class=\"social-media-list\">\n<li class=\"facebook\"><\/li>\n<li class=\"twitter\"><\/li>\n<\/ul>\n<\/div>\n<div class=\"col 2-col\">\n<h2>C\u00d3MO SON LAS PREGUNTAS DEL CENSO 2022<\/h2>\n<p><b>El formulario del Censo 2022<\/b>\u00a0-que es igual tanto en su modalidad digital como presencial-\u00a0<b>est\u00e1 compuesto por\u00a0<a href=\"https:\/\/www.pagina12.com.ar\/397497-cuales-son-las-preguntas-del-censo-nacional-2022\">61 preguntas<\/a><\/b>, 24 relacionadas con las\u00a0<b>caracter\u00edsticas de las viviendas y los hogares<\/b>, y 37 sobre la\u00a0<b>estructura de la poblaci\u00f3n<\/b>. En esta edici\u00f3n el Indec incorpor\u00f3 preguntas sobre identidad de g\u00e9nero, autorreconocimiento \u00e9tnico y discapacidad.<\/p>\n<p>La primera parte del cuestionario indaga sobre la composici\u00f3n del grupo familiar y el tipo de hogar y luego sobre detalles de la vivienda, como los materiales de construcci\u00f3n, el tipo de ba\u00f1o, la cantidad de ambientes, si posee conexi\u00f3n a la red de agua potable y otros servicios b\u00e1sicos, y si la vivienda es propia, prestada o alquilada.<\/p>\n<p>En la segunda parte del cuestionario, las preguntas que hacen referencia a la poblaci\u00f3n, el censo indaga sobre el nivel de educaci\u00f3n, la identidad de g\u00e9nero, si trabaja, si ese trabajo es registrado o no y el rubro de actividad.<\/p>\n<\/div>\n<\/article>\n<article id=\"post-0800\" class=\"live-blog-post section-2-col\">\n<div class=\"col 1-col\">\n<div class=\"timestamp\">08:00<\/div>\n<ul class=\"social-media-list\">\n<li class=\"facebook\"><\/li>\n<li class=\"twitter\"><\/li>\n<\/ul>\n<\/div>\n<div class=\"col 2-col\">\n<h2>EMPEZ\u00d3 EL CENSO 2022 CASA POR CASA<\/h2>\n<p>A las 8 comenz\u00f3 la tarea de los censistas que buscar\u00e1n relevar 15 millones de viviendas en todo el pa\u00eds, en el marco de una jornada que fue declarada feriado nacional. Unas 18 millones de personas ya respondieron el censo digital.<\/p>\n<p>\u00abEstamos muy entusiasmados con el operativo ya que es un gran desaf\u00edo que involucra a 650 mil censistas que estar\u00e1n en la calle, m\u00e1s la estructura censal que implica los coordinadores\u00bb, dijo ayer el director del Indec, Marco Lavagna.<\/p>\n<p>La estructura censal, en n\u00fameros, se desdoblar\u00e1 en 458.000 censistas de viviendas particulares, 60.000 jefas o jefes de radio, 50.000 agentes de viviendas colectivas y 18.000 asistentes de jefa o jefe de fracci\u00f3n.<\/p>\n<\/div>\n<\/article>\n<article id=\"post-0746\" class=\"live-blog-post section-2-col\">\n<div class=\"col 1-col\">\n<div class=\"timestamp\">07:46<\/div>\n<ul class=\"social-media-list\">\n<li class=\"facebook\"><\/li>\n<li class=\"twitter\"><\/li>\n<\/ul>\n<\/div>\n<div class=\"col 2-col\">\n<h2>HABILITAN UN LINK PARA VERIFICAR LA IDENTIDAD DE LOS CENSISTAS<\/h2>\n<p>El Instituto Nacional de Estad\u00edstica y Censos (Indec) habilit\u00f3 la direcci\u00f3n\u00a0<a href=\"https:\/\/registro.censo.gob.ar\/censistas\" target=\"_blank\" rel=\"noopener\">https:\/\/registro.censo.gob.ar\/censistas<\/a>\u00a0para verificar la identidad del censista que tocar\u00e1 la puerta de cada domicilio en el operativo presencial tradicional que se llevar\u00e1 cabo hoy en todo el pa\u00eds, en el marco del Censo Nacional 2022.<\/p>\n<p>A trav\u00e9s del link, las y los ciudadanos podr\u00e1n corroborar la identidad de la persona censista pidiendo su n\u00famero de DNI y cotej\u00e1ndolo online.<\/p>\n<\/div>\n<\/article>\n<article id=\"post-0730\" class=\"live-blog-post section-2-col\">\n<div class=\"col 1-col\">\n<div class=\"timestamp\">07:30<\/div>\n<ul class=\"social-media-list\">\n<li class=\"facebook\"><\/li>\n<li class=\"twitter\"><\/li>\n<\/ul>\n<\/div>\n<div class=\"col 2-col\">\n<h2>ALBERTO FERN\u00c1NDEZ RECIBI\u00d3 A CENSISTAS EN LA CASA ROSADA<\/h2>\n<p>A pocas horas de que se realice el Censo 2022 en toda la Argentina, el presidente\u00a0<b><a href=\"https:\/\/www.pagina12.com.ar\/422408-alberto-fernandez-recordo-a-nestor-kirchner-en-el-dia-del-ce\">Alberto Fern\u00e1ndez<\/a><\/b>\u00a0recibi\u00f3 hoy en la Casa Rosada a un grupo de censistas para agradecerles por su tarea e interiorizarse sobre la etapa presencial que llevar\u00e1n adelante.<\/p>\n<div align=\"center\">\n<article class=\"embedded-entity\">\n<article class=\"media media--type-image media--view-mode-single-media-image-460\">\n<div class=\"field field--name-field-media-image field--type-image field--label-hidden field__item\"><img loading=\"lazy\" decoding=\"async\" class=\"image-style-width960\" src=\"https:\/\/images.pagina12.com.ar\/styles\/width960\/public\/2022-05\/422386-1024-1652830240220517683_0.jpg?itok=WH-sMfDQ\" width=\"960\" height=\"640\" \/><\/div>\n<\/article>\n<\/article>\n<\/div>\n<p>Durante el encuentro, que se realiz\u00f3 en el despacho presidencial, el mandatario se inform\u00f3 sobre los avances y preparativos del operativo que se realizar\u00e1 este mi\u00e9rcoles bajo la coordinaci\u00f3n del\u00a0<b>Indec<\/b>, ya que por primera vez se puede hacer el cuestionario de forma digital.<\/p>\n<\/div>\n<\/article>\n<article id=\"post-0716\" class=\"live-blog-post section-2-col\">\n<div class=\"col 1-col\">\n<div class=\"timestamp\">07:16<\/div>\n<ul class=\"social-media-list\">\n<li class=\"facebook\"><\/li>\n<li class=\"twitter\"><\/li>\n<\/ul>\n<\/div>\n<div class=\"col 2-col\">\n<h2>EL SENASA COLABOR\u00d3 EN EL CENSO 2022 EN DISTINTAS REGIONES RURALES DEL PA\u00cdS<\/h2>\n<p>El Servicio Nacional de Sanidad y Calidad Agroalimentaria (Senasa) colabor\u00f3 con el Censo 2022, desde el 9 de mayo hasta hoy, de manera presencial en viviendas colectivas y particulares en las \u00e1reas rurales de la Patagonia, La Pampa, Mendoza y San Juan, brindando informaci\u00f3n suministrada por los distintos sistemas de registro de productores con los que cuenta.<\/p>\n<p>El Centro Regional Patagonia Sur estuvo presente en la provincia de Chubut, en las localidades de Comodoro Rivadavia, Puerto Madryn y El Mait\u00e9n, inform\u00f3 un comunicado del Senasa.<\/p>\n<p>El acuerdo de colaboraci\u00f3n se concret\u00f3 en una reuni\u00f3n convocada por la Direcci\u00f3n General de Estad\u00edsticas y Censos de la Provincia en la localidad de Rawson, en la que participaron el coordinador regional de Sanidad Animal, Gustavo Esquercia, el supervisor de Chubut, Ram\u00f3n Barrios y la coordinadora Provincial del Censo, Paula Florencia \u00c1lvarez Ferranti.<\/p>\n<\/div>\n<\/article>\n<article id=\"post-0701\" class=\"live-blog-post section-2-col\">\n<div class=\"col 1-col\">\n<div class=\"timestamp\">07:01<\/div>\n<ul class=\"social-media-list\">\n<li class=\"facebook\"><\/li>\n<li class=\"twitter\"><\/li>\n<\/ul>\n<\/div>\n<div class=\"col 2-col\">\n<h2>EL OPERATIVO DEL CENSO CONTAR\u00c1 CON ESTRATEGIAS DE ACCESIBILIDAD PARA PERSONAS CON DISCAPACIDAD<\/h2>\n<p>El Censo Nacional 2022 contar\u00e1 con estrategias de accesibilidad para facilitar el registro de las personas con discapacidad, como un n\u00famero de WhatsApp para consultas, y la posibilidad de realizar la encuesta a trav\u00e9s de Lengua de Se\u00f1as Argentina (LSA) por videollamada, inform\u00f3 la Agencia Nacional de Discapacidad (Andis).<\/p>\n<p>Durante el operativo tradicional casa por casa, que se llevar\u00e1 a cabo hoy en todo el pa\u00eds, tanto las y los censistas como las personas a censar podr\u00e1n consultar al WhatsApp de Andis (11-2478-4746) sobre estrategias de accesibilidad, solicitar asesoramiento puntual y tambi\u00e9n apoyos.<\/p>\n<p>Adem\u00e1s, las personas usuarias de Lengua de Se\u00f1as Argentina (LSA) podr\u00e1n solicitar un servicio de interpretaci\u00f3n por videollamada.<\/p>\n<p>Asimismo, se capacit\u00f3 a censistas de todo el pa\u00eds en perspectiva de discapacidad.<\/p>\n<\/div>\n<\/article>\n<\/div>\n<\/div>\n<\/div>\n<\/div>\n","protected":false},"excerpt":{"rendered":"<p>Desde las 8 se realiz\u00f3 el Censo 2022 que involucr\u00f3 a m\u00e1s de 600 mil personas, entre censistas urbanos y rurales y coordinadores nacionales y provinciales. Relevaron 15 millones de viviendas en todo el pa\u00eds.<\/p>\n","protected":false},"author":3,"featured_media":0,"comment_status":"closed","ping_status":"closed","sticky":false,"template":"","format":"standard","meta":{"footnotes":""},"categories":[58,24,26],"tags":[],"class_list":["post-72183","post","type-post","status-publish","format-standard","hentry","category-gobierno","category-politica","category-sociedad"],"yoast_head":"<!-- This site is optimized with the Yoast SEO plugin v25.9 - https:\/\/yoast.com\/wordpress\/plugins\/seo\/ -->\n<title>Se reabre la opci\u00f3n digital para las personas que no fueron censadas - Noticias Radio Reflejos<\/title>\n<meta name=\"robots\" content=\"index, follow, max-snippet:-1, max-image-preview:large, max-video-preview:-1\" \/>\n<link rel=\"canonical\" href=\"https:\/\/www.noticiasradioreflejos.com.ar\/2021\/se-reabre-la-opcion-digital-para-las-personas-que-no-fueron-censadas\/\" \/>\n<meta property=\"og:locale\" content=\"es_ES\" \/>\n<meta property=\"og:type\" content=\"article\" \/>\n<meta property=\"og:title\" content=\"Se reabre la opci\u00f3n digital para las personas que no fueron censadas - Noticias Radio Reflejos\" \/>\n<meta property=\"og:description\" content=\"Desde las 8 se realiz\u00f3 el Censo 2022 que involucr\u00f3 a m\u00e1s de 600 mil personas, entre censistas urbanos y rurales y coordinadores nacionales y provinciales. Relevaron 15 millones de viviendas en todo el pa\u00eds.\" \/>\n<meta property=\"og:url\" content=\"https:\/\/www.noticiasradioreflejos.com.ar\/2021\/se-reabre-la-opcion-digital-para-las-personas-que-no-fueron-censadas\/\" \/>\n<meta property=\"og:site_name\" content=\"Noticias Radio Reflejos\" \/>\n<meta property=\"article:published_time\" content=\"2022-05-19T11:17:02+00:00\" \/>\n<meta property=\"article:modified_time\" content=\"2022-05-19T11:17:35+00:00\" \/>\n<meta property=\"og:image\" content=\"https:\/\/images.pagina12.com.ar\/styles\/focal_3_2_960x640\/public\/2022-05\/526165-censo-b-20avila.jpg?itok=nhQ11f5_\" \/>\n<meta name=\"author\" content=\"Arnaldo Botto\" \/>\n<meta name=\"twitter:card\" content=\"summary_large_image\" \/>\n<script type=\"application\/ld+json\" class=\"yoast-schema-graph\">{\"@context\":\"https:\/\/schema.org\",\"@graph\":[{\"@type\":\"WebPage\",\"@id\":\"https:\/\/www.noticiasradioreflejos.com.ar\/2021\/se-reabre-la-opcion-digital-para-las-personas-que-no-fueron-censadas\/\",\"url\":\"https:\/\/www.noticiasradioreflejos.com.ar\/2021\/se-reabre-la-opcion-digital-para-las-personas-que-no-fueron-censadas\/\",\"name\":\"Se reabre la opci\u00f3n digital para las personas que no fueron censadas - Noticias Radio Reflejos\",\"isPartOf\":{\"@id\":\"https:\/\/www.noticiasradioreflejos.com.ar\/2021\/#website\"},\"primaryImageOfPage\":{\"@id\":\"https:\/\/www.noticiasradioreflejos.com.ar\/2021\/se-reabre-la-opcion-digital-para-las-personas-que-no-fueron-censadas\/#primaryimage\"},\"image\":{\"@id\":\"https:\/\/www.noticiasradioreflejos.com.ar\/2021\/se-reabre-la-opcion-digital-para-las-personas-que-no-fueron-censadas\/#primaryimage\"},\"thumbnailUrl\":\"https:\/\/images.pagina12.com.ar\/styles\/focal_3_2_960x640\/public\/2022-05\/526165-censo-b-20avila.jpg?itok=nhQ11f5_\",\"datePublished\":\"2022-05-19T11:17:02+00:00\",\"dateModified\":\"2022-05-19T11:17:35+00:00\",\"author\":{\"@id\":\"https:\/\/www.noticiasradioreflejos.com.ar\/2021\/#\/schema\/person\/ad82545263dcc5ec0996818884fd5fb1\"},\"breadcrumb\":{\"@id\":\"https:\/\/www.noticiasradioreflejos.com.ar\/2021\/se-reabre-la-opcion-digital-para-las-personas-que-no-fueron-censadas\/#breadcrumb\"},\"inLanguage\":\"es\",\"potentialAction\":[{\"@type\":\"ReadAction\",\"target\":[\"https:\/\/www.noticiasradioreflejos.com.ar\/2021\/se-reabre-la-opcion-digital-para-las-personas-que-no-fueron-censadas\/\"]}]},{\"@type\":\"ImageObject\",\"inLanguage\":\"es\",\"@id\":\"https:\/\/www.noticiasradioreflejos.com.ar\/2021\/se-reabre-la-opcion-digital-para-las-personas-que-no-fueron-censadas\/#primaryimage\",\"url\":\"https:\/\/images.pagina12.com.ar\/styles\/focal_3_2_960x640\/public\/2022-05\/526165-censo-b-20avila.jpg?itok=nhQ11f5_\",\"contentUrl\":\"https:\/\/images.pagina12.com.ar\/styles\/focal_3_2_960x640\/public\/2022-05\/526165-censo-b-20avila.jpg?itok=nhQ11f5_\"},{\"@type\":\"BreadcrumbList\",\"@id\":\"https:\/\/www.noticiasradioreflejos.com.ar\/2021\/se-reabre-la-opcion-digital-para-las-personas-que-no-fueron-censadas\/#breadcrumb\",\"itemListElement\":[{\"@type\":\"ListItem\",\"position\":1,\"name\":\"Portada\",\"item\":\"https:\/\/www.noticiasradioreflejos.com.ar\/2021\/\"},{\"@type\":\"ListItem\",\"position\":2,\"name\":\"Se reabre la opci\u00f3n digital para las personas que no fueron censadas\"}]},{\"@type\":\"WebSite\",\"@id\":\"https:\/\/www.noticiasradioreflejos.com.ar\/2021\/#website\",\"url\":\"https:\/\/www.noticiasradioreflejos.com.ar\/2021\/\",\"name\":\"Noticias Radio Reflejos\",\"description\":\"Las noticias de mi comarca\",\"potentialAction\":[{\"@type\":\"SearchAction\",\"target\":{\"@type\":\"EntryPoint\",\"urlTemplate\":\"https:\/\/www.noticiasradioreflejos.com.ar\/2021\/?s={search_term_string}\"},\"query-input\":{\"@type\":\"PropertyValueSpecification\",\"valueRequired\":true,\"valueName\":\"search_term_string\"}}],\"inLanguage\":\"es\"},{\"@type\":\"Person\",\"@id\":\"https:\/\/www.noticiasradioreflejos.com.ar\/2021\/#\/schema\/person\/ad82545263dcc5ec0996818884fd5fb1\",\"name\":\"Arnaldo Botto\",\"image\":{\"@type\":\"ImageObject\",\"inLanguage\":\"es\",\"@id\":\"https:\/\/www.noticiasradioreflejos.com.ar\/2021\/#\/schema\/person\/image\/\",\"url\":\"https:\/\/secure.gravatar.com\/avatar\/55cb5e37c1efa326397366e6974cb338056df65cb50e7d64d1cf314e87504837?s=96&d=mm&r=g\",\"contentUrl\":\"https:\/\/secure.gravatar.com\/avatar\/55cb5e37c1efa326397366e6974cb338056df65cb50e7d64d1cf314e87504837?s=96&d=mm&r=g\",\"caption\":\"Arnaldo Botto\"},\"url\":\"https:\/\/www.noticiasradioreflejos.com.ar\/2021\/author\/arnaldo\/\"}]}<\/script>\n<!-- \/ Yoast SEO plugin. -->","yoast_head_json":{"title":"Se reabre la opci\u00f3n digital para las personas que no fueron censadas - Noticias Radio Reflejos","robots":{"index":"index","follow":"follow","max-snippet":"max-snippet:-1","max-image-preview":"max-image-preview:large","max-video-preview":"max-video-preview:-1"},"canonical":"https:\/\/www.noticiasradioreflejos.com.ar\/2021\/se-reabre-la-opcion-digital-para-las-personas-que-no-fueron-censadas\/","og_locale":"es_ES","og_type":"article","og_title":"Se reabre la opci\u00f3n digital para las personas que no fueron censadas - Noticias Radio Reflejos","og_description":"Desde las 8 se realiz\u00f3 el Censo 2022 que involucr\u00f3 a m\u00e1s de 600 mil personas, entre censistas urbanos y rurales y coordinadores nacionales y provinciales. Relevaron 15 millones de viviendas en todo el pa\u00eds.","og_url":"https:\/\/www.noticiasradioreflejos.com.ar\/2021\/se-reabre-la-opcion-digital-para-las-personas-que-no-fueron-censadas\/","og_site_name":"Noticias Radio Reflejos","article_published_time":"2022-05-19T11:17:02+00:00","article_modified_time":"2022-05-19T11:17:35+00:00","og_image":[{"url":"https:\/\/images.pagina12.com.ar\/styles\/focal_3_2_960x640\/public\/2022-05\/526165-censo-b-20avila.jpg?itok=nhQ11f5_","type":"","width":"","height":""}],"author":"Arnaldo Botto","twitter_card":"summary_large_image","schema":{"@context":"https:\/\/schema.org","@graph":[{"@type":"WebPage","@id":"https:\/\/www.noticiasradioreflejos.com.ar\/2021\/se-reabre-la-opcion-digital-para-las-personas-que-no-fueron-censadas\/","url":"https:\/\/www.noticiasradioreflejos.com.ar\/2021\/se-reabre-la-opcion-digital-para-las-personas-que-no-fueron-censadas\/","name":"Se reabre la opci\u00f3n digital para las personas que no fueron censadas - Noticias Radio Reflejos","isPartOf":{"@id":"https:\/\/www.noticiasradioreflejos.com.ar\/2021\/#website"},"primaryImageOfPage":{"@id":"https:\/\/www.noticiasradioreflejos.com.ar\/2021\/se-reabre-la-opcion-digital-para-las-personas-que-no-fueron-censadas\/#primaryimage"},"image":{"@id":"https:\/\/www.noticiasradioreflejos.com.ar\/2021\/se-reabre-la-opcion-digital-para-las-personas-que-no-fueron-censadas\/#primaryimage"},"thumbnailUrl":"https:\/\/images.pagina12.com.ar\/styles\/focal_3_2_960x640\/public\/2022-05\/526165-censo-b-20avila.jpg?itok=nhQ11f5_","datePublished":"2022-05-19T11:17:02+00:00","dateModified":"2022-05-19T11:17:35+00:00","author":{"@id":"https:\/\/www.noticiasradioreflejos.com.ar\/2021\/#\/schema\/person\/ad82545263dcc5ec0996818884fd5fb1"},"breadcrumb":{"@id":"https:\/\/www.noticiasradioreflejos.com.ar\/2021\/se-reabre-la-opcion-digital-para-las-personas-que-no-fueron-censadas\/#breadcrumb"},"inLanguage":"es","potentialAction":[{"@type":"ReadAction","target":["https:\/\/www.noticiasradioreflejos.com.ar\/2021\/se-reabre-la-opcion-digital-para-las-personas-que-no-fueron-censadas\/"]}]},{"@type":"ImageObject","inLanguage":"es","@id":"https:\/\/www.noticiasradioreflejos.com.ar\/2021\/se-reabre-la-opcion-digital-para-las-personas-que-no-fueron-censadas\/#primaryimage","url":"https:\/\/images.pagina12.com.ar\/styles\/focal_3_2_960x640\/public\/2022-05\/526165-censo-b-20avila.jpg?itok=nhQ11f5_","contentUrl":"https:\/\/images.pagina12.com.ar\/styles\/focal_3_2_960x640\/public\/2022-05\/526165-censo-b-20avila.jpg?itok=nhQ11f5_"},{"@type":"BreadcrumbList","@id":"https:\/\/www.noticiasradioreflejos.com.ar\/2021\/se-reabre-la-opcion-digital-para-las-personas-que-no-fueron-censadas\/#breadcrumb","itemListElement":[{"@type":"ListItem","position":1,"name":"Portada","item":"https:\/\/www.noticiasradioreflejos.com.ar\/2021\/"},{"@type":"ListItem","position":2,"name":"Se reabre la opci\u00f3n digital para las personas que no fueron censadas"}]},{"@type":"WebSite","@id":"https:\/\/www.noticiasradioreflejos.com.ar\/2021\/#website","url":"https:\/\/www.noticiasradioreflejos.com.ar\/2021\/","name":"Noticias Radio Reflejos","description":"Las noticias de mi comarca","potentialAction":[{"@type":"SearchAction","target":{"@type":"EntryPoint","urlTemplate":"https:\/\/www.noticiasradioreflejos.com.ar\/2021\/?s={search_term_string}"},"query-input":{"@type":"PropertyValueSpecification","valueRequired":true,"valueName":"search_term_string"}}],"inLanguage":"es"},{"@type":"Person","@id":"https:\/\/www.noticiasradioreflejos.com.ar\/2021\/#\/schema\/person\/ad82545263dcc5ec0996818884fd5fb1","name":"Arnaldo Botto","image":{"@type":"ImageObject","inLanguage":"es","@id":"https:\/\/www.noticiasradioreflejos.com.ar\/2021\/#\/schema\/person\/image\/","url":"https:\/\/secure.gravatar.com\/avatar\/55cb5e37c1efa326397366e6974cb338056df65cb50e7d64d1cf314e87504837?s=96&d=mm&r=g","contentUrl":"https:\/\/secure.gravatar.com\/avatar\/55cb5e37c1efa326397366e6974cb338056df65cb50e7d64d1cf314e87504837?s=96&d=mm&r=g","caption":"Arnaldo Botto"},"url":"https:\/\/www.noticiasradioreflejos.com.ar\/2021\/author\/arnaldo\/"}]}},"_links":{"self":[{"href":"https:\/\/www.noticiasradioreflejos.com.ar\/2021\/wp-json\/wp\/v2\/posts\/72183","targetHints":{"allow":["GET"]}}],"collection":[{"href":"https:\/\/www.noticiasradioreflejos.com.ar\/2021\/wp-json\/wp\/v2\/posts"}],"about":[{"href":"https:\/\/www.noticiasradioreflejos.com.ar\/2021\/wp-json\/wp\/v2\/types\/post"}],"author":[{"embeddable":true,"href":"https:\/\/www.noticiasradioreflejos.com.ar\/2021\/wp-json\/wp\/v2\/users\/3"}],"replies":[{"embeddable":true,"href":"https:\/\/www.noticiasradioreflejos.com.ar\/2021\/wp-json\/wp\/v2\/comments?post=72183"}],"version-history":[{"count":1,"href":"https:\/\/www.noticiasradioreflejos.com.ar\/2021\/wp-json\/wp\/v2\/posts\/72183\/revisions"}],"predecessor-version":[{"id":72185,"href":"https:\/\/www.noticiasradioreflejos.com.ar\/2021\/wp-json\/wp\/v2\/posts\/72183\/revisions\/72185"}],"wp:attachment":[{"href":"https:\/\/www.noticiasradioreflejos.com.ar\/2021\/wp-json\/wp\/v2\/media?parent=72183"}],"wp:term":[{"taxonomy":"category","embeddable":true,"href":"https:\/\/www.noticiasradioreflejos.com.ar\/2021\/wp-json\/wp\/v2\/categories?post=72183"},{"taxonomy":"post_tag","embeddable":true,"href":"https:\/\/www.noticiasradioreflejos.com.ar\/2021\/wp-json\/wp\/v2\/tags?post=72183"}],"curies":[{"name":"wp","href":"https:\/\/api.w.org\/{rel}","templated":true}]}}