{"id":72127,"date":"2022-05-17T20:55:51","date_gmt":"2022-05-17T20:55:51","guid":{"rendered":"http:\/\/www.noticiasradioreflejos.com.ar\/2021\/?p=72127"},"modified":"2022-05-17T20:55:51","modified_gmt":"2022-05-17T20:55:51","slug":"arbolado-urbano-el-municipio-continua-atendiendo-reclamos-en-villa-ventana","status":"publish","type":"post","link":"https:\/\/www.noticiasradioreflejos.com.ar\/2021\/arbolado-urbano-el-municipio-continua-atendiendo-reclamos-en-villa-ventana\/","title":{"rendered":"Arbolado Urbano: El municipio contin\u00faa atendiendo reclamos en Villa Ventana"},"content":{"rendered":"<p>El \u00e1rea de Arbolado Urbano de Tornquist Municipio, contin\u00faa atendiendo reclamos de vecinos de las todas las localidades del distrito, entre ellas, de Villa Ventana.<!--more--><\/p>\n<p>Entre las tareas realizadas en la Villa, se extrajeron \u00e1rboles que se tornaron peligrosos, secos, que sufrieron da\u00f1os en su estructura, que presentaban pudriciones y\/o ahuecamientos y decr\u00e9pitos por la reiteraci\u00f3n de podas inadecuadas, entre otros factores que ameritan su intervenci\u00f3n.<\/p>\n<p>En ese sentido, son escasas las oportunidades en las que se interviene de oficio un ejemplar, solo en caso de que se constate que re\u00fana alguna de las condiciones antes descritas.<\/p>\n<p>Al respecto, desde el mencionado \u00e1rea municipal subrayan que, en el arbolado urbano, se trabaja habitualmente con situaciones heredadas, motivo por el cual, muchas veces, se deben solucionar hechos no buscados, que exigen tomas de decisiones que pueden no ser las \u00f3ptimas.<\/p>\n<p>Para entender y poder responder las preguntas \u00bfPor qu\u00e9 podar? \u00bfQu\u00e9 podar? \u00bfC\u00f3mo podar? \u00bfCu\u00e1ndo podar? Y \u00bfCu\u00e1nto podar?, se debe conocer y comprender cabalmente la fisiolog\u00eda y morfolog\u00eda de la especie a intervenir.<\/p>\n<p>Entonces, \u00bfcu\u00e1ndo un \u00e1rbol es peligroso?: cuando se encuentra debilitado por alguna\/s causa\/s o defecto\/s, que podr\u00eda\/n provocar su desmoronamiento total o parcial y causar da\u00f1os a personas o a sus bienes.<\/p>\n","protected":false},"excerpt":{"rendered":"<p>El \u00e1rea de Arbolado Urbano de Tornquist Municipio, contin\u00faa atendiendo reclamos de vecinos de las todas las localidades del distrito, entre ellas, de Villa Ventana.<\/p>\n","protected":false},"author":3,"featured_media":0,"comment_status":"closed","ping_status":"closed","sticky":false,"template":"","format":"standard","meta":{"footnotes":""},"categories":[28],"tags":[],"class_list":["post-72127","post","type-post","status-publish","format-standard","hentry","category-municipales"],"yoast_head":"<!-- This site is optimized with the Yoast SEO plugin v25.9 - https:\/\/yoast.com\/wordpress\/plugins\/seo\/ -->\n<title>Arbolado Urbano: El municipio contin\u00faa atendiendo reclamos en Villa Ventana - Noticias Radio Reflejos<\/title>\n<meta name=\"robots\" content=\"index, follow, max-snippet:-1, max-image-preview:large, max-video-preview:-1\" \/>\n<link rel=\"canonical\" href=\"https:\/\/www.noticiasradioreflejos.com.ar\/2021\/arbolado-urbano-el-municipio-continua-atendiendo-reclamos-en-villa-ventana\/\" \/>\n<meta property=\"og:locale\" content=\"es_ES\" \/>\n<meta property=\"og:type\" content=\"article\" \/>\n<meta property=\"og:title\" content=\"Arbolado Urbano: El municipio contin\u00faa atendiendo reclamos en Villa Ventana - Noticias Radio Reflejos\" \/>\n<meta property=\"og:description\" content=\"El \u00e1rea de Arbolado Urbano de Tornquist Municipio, contin\u00faa atendiendo reclamos de vecinos de las todas las localidades del distrito, entre ellas, de Villa Ventana.\" \/>\n<meta property=\"og:url\" content=\"https:\/\/www.noticiasradioreflejos.com.ar\/2021\/arbolado-urbano-el-municipio-continua-atendiendo-reclamos-en-villa-ventana\/\" \/>\n<meta property=\"og:site_name\" content=\"Noticias Radio Reflejos\" \/>\n<meta property=\"article:published_time\" content=\"2022-05-17T20:55:51+00:00\" \/>\n<meta property=\"og:image\" content=\"https:\/\/www.noticiasradioreflejos.com.ar\/2021\/wp-content\/uploads\/2021\/07\/logosol300x200.png\" \/>\n\t<meta property=\"og:image:width\" content=\"300\" \/>\n\t<meta property=\"og:image:height\" content=\"200\" \/>\n\t<meta property=\"og:image:type\" content=\"image\/png\" \/>\n<meta name=\"author\" content=\"Arnaldo Botto\" \/>\n<meta name=\"twitter:card\" content=\"summary_large_image\" \/>\n<script type=\"application\/ld+json\" class=\"yoast-schema-graph\">{\"@context\":\"https:\/\/schema.org\",\"@graph\":[{\"@type\":\"WebPage\",\"@id\":\"https:\/\/www.noticiasradioreflejos.com.ar\/2021\/arbolado-urbano-el-municipio-continua-atendiendo-reclamos-en-villa-ventana\/\",\"url\":\"https:\/\/www.noticiasradioreflejos.com.ar\/2021\/arbolado-urbano-el-municipio-continua-atendiendo-reclamos-en-villa-ventana\/\",\"name\":\"Arbolado Urbano: El municipio contin\u00faa atendiendo reclamos en Villa Ventana - Noticias Radio Reflejos\",\"isPartOf\":{\"@id\":\"https:\/\/www.noticiasradioreflejos.com.ar\/2021\/#website\"},\"datePublished\":\"2022-05-17T20:55:51+00:00\",\"author\":{\"@id\":\"https:\/\/www.noticiasradioreflejos.com.ar\/2021\/#\/schema\/person\/ad82545263dcc5ec0996818884fd5fb1\"},\"breadcrumb\":{\"@id\":\"https:\/\/www.noticiasradioreflejos.com.ar\/2021\/arbolado-urbano-el-municipio-continua-atendiendo-reclamos-en-villa-ventana\/#breadcrumb\"},\"inLanguage\":\"es\",\"potentialAction\":[{\"@type\":\"ReadAction\",\"target\":[\"https:\/\/www.noticiasradioreflejos.com.ar\/2021\/arbolado-urbano-el-municipio-continua-atendiendo-reclamos-en-villa-ventana\/\"]}]},{\"@type\":\"BreadcrumbList\",\"@id\":\"https:\/\/www.noticiasradioreflejos.com.ar\/2021\/arbolado-urbano-el-municipio-continua-atendiendo-reclamos-en-villa-ventana\/#breadcrumb\",\"itemListElement\":[{\"@type\":\"ListItem\",\"position\":1,\"name\":\"Portada\",\"item\":\"https:\/\/www.noticiasradioreflejos.com.ar\/2021\/\"},{\"@type\":\"ListItem\",\"position\":2,\"name\":\"Arbolado Urbano: El municipio contin\u00faa atendiendo reclamos en Villa Ventana\"}]},{\"@type\":\"WebSite\",\"@id\":\"https:\/\/www.noticiasradioreflejos.com.ar\/2021\/#website\",\"url\":\"https:\/\/www.noticiasradioreflejos.com.ar\/2021\/\",\"name\":\"Noticias Radio Reflejos\",\"description\":\"Las noticias de mi comarca\",\"potentialAction\":[{\"@type\":\"SearchAction\",\"target\":{\"@type\":\"EntryPoint\",\"urlTemplate\":\"https:\/\/www.noticiasradioreflejos.com.ar\/2021\/?s={search_term_string}\"},\"query-input\":{\"@type\":\"PropertyValueSpecification\",\"valueRequired\":true,\"valueName\":\"search_term_string\"}}],\"inLanguage\":\"es\"},{\"@type\":\"Person\",\"@id\":\"https:\/\/www.noticiasradioreflejos.com.ar\/2021\/#\/schema\/person\/ad82545263dcc5ec0996818884fd5fb1\",\"name\":\"Arnaldo Botto\",\"image\":{\"@type\":\"ImageObject\",\"inLanguage\":\"es\",\"@id\":\"https:\/\/www.noticiasradioreflejos.com.ar\/2021\/#\/schema\/person\/image\/\",\"url\":\"https:\/\/secure.gravatar.com\/avatar\/55cb5e37c1efa326397366e6974cb338056df65cb50e7d64d1cf314e87504837?s=96&d=mm&r=g\",\"contentUrl\":\"https:\/\/secure.gravatar.com\/avatar\/55cb5e37c1efa326397366e6974cb338056df65cb50e7d64d1cf314e87504837?s=96&d=mm&r=g\",\"caption\":\"Arnaldo Botto\"},\"url\":\"https:\/\/www.noticiasradioreflejos.com.ar\/2021\/author\/arnaldo\/\"}]}<\/script>\n<!-- \/ Yoast SEO plugin. -->","yoast_head_json":{"title":"Arbolado Urbano: El municipio contin\u00faa atendiendo reclamos en Villa Ventana - Noticias Radio Reflejos","robots":{"index":"index","follow":"follow","max-snippet":"max-snippet:-1","max-image-preview":"max-image-preview:large","max-video-preview":"max-video-preview:-1"},"canonical":"https:\/\/www.noticiasradioreflejos.com.ar\/2021\/arbolado-urbano-el-municipio-continua-atendiendo-reclamos-en-villa-ventana\/","og_locale":"es_ES","og_type":"article","og_title":"Arbolado Urbano: El municipio contin\u00faa atendiendo reclamos en Villa Ventana - Noticias Radio Reflejos","og_description":"El \u00e1rea de Arbolado Urbano de Tornquist Municipio, contin\u00faa atendiendo reclamos de vecinos de las todas las localidades del distrito, entre ellas, de Villa Ventana.","og_url":"https:\/\/www.noticiasradioreflejos.com.ar\/2021\/arbolado-urbano-el-municipio-continua-atendiendo-reclamos-en-villa-ventana\/","og_site_name":"Noticias Radio Reflejos","article_published_time":"2022-05-17T20:55:51+00:00","og_image":[{"width":300,"height":200,"url":"https:\/\/www.noticiasradioreflejos.com.ar\/2021\/wp-content\/uploads\/2021\/07\/logosol300x200.png","type":"image\/png"}],"author":"Arnaldo Botto","twitter_card":"summary_large_image","schema":{"@context":"https:\/\/schema.org","@graph":[{"@type":"WebPage","@id":"https:\/\/www.noticiasradioreflejos.com.ar\/2021\/arbolado-urbano-el-municipio-continua-atendiendo-reclamos-en-villa-ventana\/","url":"https:\/\/www.noticiasradioreflejos.com.ar\/2021\/arbolado-urbano-el-municipio-continua-atendiendo-reclamos-en-villa-ventana\/","name":"Arbolado Urbano: El municipio contin\u00faa atendiendo reclamos en Villa Ventana - Noticias Radio Reflejos","isPartOf":{"@id":"https:\/\/www.noticiasradioreflejos.com.ar\/2021\/#website"},"datePublished":"2022-05-17T20:55:51+00:00","author":{"@id":"https:\/\/www.noticiasradioreflejos.com.ar\/2021\/#\/schema\/person\/ad82545263dcc5ec0996818884fd5fb1"},"breadcrumb":{"@id":"https:\/\/www.noticiasradioreflejos.com.ar\/2021\/arbolado-urbano-el-municipio-continua-atendiendo-reclamos-en-villa-ventana\/#breadcrumb"},"inLanguage":"es","potentialAction":[{"@type":"ReadAction","target":["https:\/\/www.noticiasradioreflejos.com.ar\/2021\/arbolado-urbano-el-municipio-continua-atendiendo-reclamos-en-villa-ventana\/"]}]},{"@type":"BreadcrumbList","@id":"https:\/\/www.noticiasradioreflejos.com.ar\/2021\/arbolado-urbano-el-municipio-continua-atendiendo-reclamos-en-villa-ventana\/#breadcrumb","itemListElement":[{"@type":"ListItem","position":1,"name":"Portada","item":"https:\/\/www.noticiasradioreflejos.com.ar\/2021\/"},{"@type":"ListItem","position":2,"name":"Arbolado Urbano: El municipio contin\u00faa atendiendo reclamos en Villa Ventana"}]},{"@type":"WebSite","@id":"https:\/\/www.noticiasradioreflejos.com.ar\/2021\/#website","url":"https:\/\/www.noticiasradioreflejos.com.ar\/2021\/","name":"Noticias Radio Reflejos","description":"Las noticias de mi comarca","potentialAction":[{"@type":"SearchAction","target":{"@type":"EntryPoint","urlTemplate":"https:\/\/www.noticiasradioreflejos.com.ar\/2021\/?s={search_term_string}"},"query-input":{"@type":"PropertyValueSpecification","valueRequired":true,"valueName":"search_term_string"}}],"inLanguage":"es"},{"@type":"Person","@id":"https:\/\/www.noticiasradioreflejos.com.ar\/2021\/#\/schema\/person\/ad82545263dcc5ec0996818884fd5fb1","name":"Arnaldo Botto","image":{"@type":"ImageObject","inLanguage":"es","@id":"https:\/\/www.noticiasradioreflejos.com.ar\/2021\/#\/schema\/person\/image\/","url":"https:\/\/secure.gravatar.com\/avatar\/55cb5e37c1efa326397366e6974cb338056df65cb50e7d64d1cf314e87504837?s=96&d=mm&r=g","contentUrl":"https:\/\/secure.gravatar.com\/avatar\/55cb5e37c1efa326397366e6974cb338056df65cb50e7d64d1cf314e87504837?s=96&d=mm&r=g","caption":"Arnaldo Botto"},"url":"https:\/\/www.noticiasradioreflejos.com.ar\/2021\/author\/arnaldo\/"}]}},"_links":{"self":[{"href":"https:\/\/www.noticiasradioreflejos.com.ar\/2021\/wp-json\/wp\/v2\/posts\/72127","targetHints":{"allow":["GET"]}}],"collection":[{"href":"https:\/\/www.noticiasradioreflejos.com.ar\/2021\/wp-json\/wp\/v2\/posts"}],"about":[{"href":"https:\/\/www.noticiasradioreflejos.com.ar\/2021\/wp-json\/wp\/v2\/types\/post"}],"author":[{"embeddable":true,"href":"https:\/\/www.noticiasradioreflejos.com.ar\/2021\/wp-json\/wp\/v2\/users\/3"}],"replies":[{"embeddable":true,"href":"https:\/\/www.noticiasradioreflejos.com.ar\/2021\/wp-json\/wp\/v2\/comments?post=72127"}],"version-history":[{"count":1,"href":"https:\/\/www.noticiasradioreflejos.com.ar\/2021\/wp-json\/wp\/v2\/posts\/72127\/revisions"}],"predecessor-version":[{"id":72131,"href":"https:\/\/www.noticiasradioreflejos.com.ar\/2021\/wp-json\/wp\/v2\/posts\/72127\/revisions\/72131"}],"wp:attachment":[{"href":"https:\/\/www.noticiasradioreflejos.com.ar\/2021\/wp-json\/wp\/v2\/media?parent=72127"}],"wp:term":[{"taxonomy":"category","embeddable":true,"href":"https:\/\/www.noticiasradioreflejos.com.ar\/2021\/wp-json\/wp\/v2\/categories?post=72127"},{"taxonomy":"post_tag","embeddable":true,"href":"https:\/\/www.noticiasradioreflejos.com.ar\/2021\/wp-json\/wp\/v2\/tags?post=72127"}],"curies":[{"name":"wp","href":"https:\/\/api.w.org\/{rel}","templated":true}]}}