{"id":72092,"date":"2022-05-17T17:46:01","date_gmt":"2022-05-17T17:46:01","guid":{"rendered":"http:\/\/www.noticiasradioreflejos.com.ar\/2021\/?p=72092"},"modified":"2022-05-17T17:50:23","modified_gmt":"2022-05-17T17:50:23","slug":"nunca-la-humanidad-estuvo-tan-cerca-de-cambiar-de-epoca-geologica","status":"publish","type":"post","link":"https:\/\/www.noticiasradioreflejos.com.ar\/2021\/nunca-la-humanidad-estuvo-tan-cerca-de-cambiar-de-epoca-geologica\/","title":{"rendered":"Nunca la humanidad estuvo tan cerca de cambiar de \u00e9poca geol\u00f3gica"},"content":{"rendered":"<p>Esta semana se presentar\u00e1 el estudio de un grupo de trabajo que afirma que la sociedad est\u00e1 atravesando un cambio hist\u00f3rico geol\u00f3gico, marcado por el impacto negativo de la industrializaci\u00f3n moderna y la globalizaci\u00f3n.<\/p>\n<p><!--more--><br \/>\n<a title=\"antropoceno (2)\" href=\"https:\/\/www.flickr.com\/photos\/182279889@N02\/52080524973\/in\/dateposted-public\/\" data-flickr-embed=\"true\"><img loading=\"lazy\" decoding=\"async\" src=\"https:\/\/live.staticflickr.com\/65535\/52080524973_037959c530_c.jpg\" alt=\"antropoceno (2)\" width=\"800\" height=\"450\" \/><\/a><\/p>\n<p><span style=\"color: #993300;\"><em>Grupo de Trabajo del Antropoceno. Cre\u0301dito Subcommission on Quaternary Stratigraphy.<\/em><\/span><\/p>\n<p>&nbsp;<\/p>\n<p>Entre el 18 y el 22 de mayo el Grupo de Trabajo del Antropoceno (GTA), un equipo especializado de ge\u00f3logos de catorce pa\u00edses, presentar\u00e1 en la Casa de las Culturas del Mundo de Berl\u00edn los resultados de una investigaci\u00f3n de m\u00e1s de doce a\u00f1os. Afirman que la sociedad contempor\u00e1nea transita desde mediados del siglo XX una nueva \u00e9poca geol\u00f3gica, marcada por el impacto negativo de la industrializaci\u00f3n moderna y la globalizaci\u00f3n: <strong>el antropoceno.<\/strong><\/p>\n<p>Si la evidencia reunida en los \u00faltimos dos a\u00f1os es suficiente, la carta cronoestratigr\u00e1fica internacional -base de la escala geol\u00f3gica de tiempo- ser\u00e1 modificada. El Antropoceno aparecer\u00e1 como el nombre de la \u00e9poca actual, con importantes implicaciones culturales y legales.<\/p>\n<p>La incorporaci\u00f3n no solo marcar\u00eda el fin de la actual \u00e9poca geol\u00f3gica oficial -el Holoceno, que rein\u00f3 durante 11.700 a\u00f1os-, sino tambi\u00e9n el de las condiciones ambientales globales que posibilitaron el surgimiento y desarrollo de la civilizaci\u00f3n.<\/p>\n<p>&nbsp;<\/p>\n<p><a title=\"antropoceno (3)\" href=\"https:\/\/www.flickr.com\/photos\/182279889@N02\/52081002250\/in\/dateposted-public\/\" data-flickr-embed=\"true\"><img loading=\"lazy\" decoding=\"async\" class=\"aligncenter\" src=\"https:\/\/live.staticflickr.com\/65535\/52081002250_766a1fc3ef_c.jpg\" alt=\"antropoceno (3)\" width=\"640\" height=\"800\" \/><\/a><\/p>\n<p>\u201cEl Antropoceno se origin\u00f3 y utiliz\u00f3 por primera vez en la comunidad cient\u00edfica del sistema Tierra (Earth System Science, o ESS) cuando un miembro destacado, el premio nobel Paul Crutzen, ide\u00f3 el t\u00e9rmino y el concepto\u201d, explica en di\u00e1logo con elDiarioAR Jan Zalasiewicz, presidente de la Subcomisi\u00f3n Estratigr\u00e1fica del Cuaternario y fundador del GTA.<\/p>\n<p>\u201cDentro de esa comunidad grande e influyente el t\u00e9rmino comenz\u00f3 a usarse informalmente como una unidad de tiempo geol\u00f3gico. La comunidad geol\u00f3gica empez\u00f3 a involucrarse unos a\u00f1os m\u00e1s tarde e inici\u00f3 un an\u00e1lisis formal del Antropoceno para ver si podr\u00eda convertirse en una parte aceptada y ratificada de la escala geol\u00f3gica de tiempo. Ese proceso complejo a\u00fan contin\u00faa\u201d, se\u00f1ala.<\/p>\n<p><a title=\"antropoceno (1)\" href=\"https:\/\/www.flickr.com\/photos\/182279889@N02\/52080524993\/in\/dateposted-public\/\" data-flickr-embed=\"true\"><img loading=\"lazy\" decoding=\"async\" class=\"aligncenter\" src=\"https:\/\/live.staticflickr.com\/65535\/52080524993_18d238091f_c.jpg\" alt=\"antropoceno (1)\" width=\"800\" height=\"450\" \/>Bahi\u0301a de San Francisco, uno de los puntos investigados Cre\u0301dito Copernicus \u2013 Sentinel 2<\/a><\/p>\n<h4><span style=\"color: #000080;\"><strong>Fuente: El Diario Ar.<\/strong><\/span><\/h4>\n","protected":false},"excerpt":{"rendered":"<p>Esta semana se presentar\u00e1 el estudio de un grupo de trabajo que afirma que la sociedad est\u00e1 atravesando un cambio hist\u00f3rico geol\u00f3gico, marcado por el impacto negativo de la industrializaci\u00f3n moderna y la globalizaci\u00f3n.<\/p>\n","protected":false},"author":3,"featured_media":0,"comment_status":"closed","ping_status":"closed","sticky":false,"template":"","format":"standard","meta":{"footnotes":""},"categories":[46],"tags":[48],"class_list":["post-72092","post","type-post","status-publish","format-standard","hentry","category-ciencia-y-tecnologia","tag-destacada"],"yoast_head":"<!-- This site is optimized with the Yoast SEO plugin v25.9 - https:\/\/yoast.com\/wordpress\/plugins\/seo\/ -->\n<title>Nunca la humanidad estuvo tan cerca de cambiar de \u00e9poca geol\u00f3gica - Noticias Radio Reflejos<\/title>\n<meta name=\"robots\" content=\"index, follow, max-snippet:-1, max-image-preview:large, max-video-preview:-1\" \/>\n<link rel=\"canonical\" href=\"https:\/\/www.noticiasradioreflejos.com.ar\/2021\/nunca-la-humanidad-estuvo-tan-cerca-de-cambiar-de-epoca-geologica\/\" \/>\n<meta property=\"og:locale\" content=\"es_ES\" \/>\n<meta property=\"og:type\" content=\"article\" \/>\n<meta property=\"og:title\" content=\"Nunca la humanidad estuvo tan cerca de cambiar de \u00e9poca geol\u00f3gica - Noticias Radio Reflejos\" \/>\n<meta property=\"og:description\" content=\"Esta semana se presentar\u00e1 el estudio de un grupo de trabajo que afirma que la sociedad est\u00e1 atravesando un cambio hist\u00f3rico geol\u00f3gico, marcado por el impacto negativo de la industrializaci\u00f3n moderna y la globalizaci\u00f3n.\" \/>\n<meta property=\"og:url\" content=\"https:\/\/www.noticiasradioreflejos.com.ar\/2021\/nunca-la-humanidad-estuvo-tan-cerca-de-cambiar-de-epoca-geologica\/\" \/>\n<meta property=\"og:site_name\" content=\"Noticias Radio Reflejos\" \/>\n<meta property=\"article:published_time\" content=\"2022-05-17T17:46:01+00:00\" \/>\n<meta property=\"article:modified_time\" content=\"2022-05-17T17:50:23+00:00\" \/>\n<meta property=\"og:image\" content=\"https:\/\/live.staticflickr.com\/65535\/52080524973_037959c530_c.jpg\" \/>\n<meta name=\"author\" content=\"Arnaldo Botto\" \/>\n<meta name=\"twitter:card\" content=\"summary_large_image\" \/>\n<script type=\"application\/ld+json\" class=\"yoast-schema-graph\">{\"@context\":\"https:\/\/schema.org\",\"@graph\":[{\"@type\":\"WebPage\",\"@id\":\"https:\/\/www.noticiasradioreflejos.com.ar\/2021\/nunca-la-humanidad-estuvo-tan-cerca-de-cambiar-de-epoca-geologica\/\",\"url\":\"https:\/\/www.noticiasradioreflejos.com.ar\/2021\/nunca-la-humanidad-estuvo-tan-cerca-de-cambiar-de-epoca-geologica\/\",\"name\":\"Nunca la humanidad estuvo tan cerca de cambiar de \u00e9poca geol\u00f3gica - Noticias Radio Reflejos\",\"isPartOf\":{\"@id\":\"https:\/\/www.noticiasradioreflejos.com.ar\/2021\/#website\"},\"primaryImageOfPage\":{\"@id\":\"https:\/\/www.noticiasradioreflejos.com.ar\/2021\/nunca-la-humanidad-estuvo-tan-cerca-de-cambiar-de-epoca-geologica\/#primaryimage\"},\"image\":{\"@id\":\"https:\/\/www.noticiasradioreflejos.com.ar\/2021\/nunca-la-humanidad-estuvo-tan-cerca-de-cambiar-de-epoca-geologica\/#primaryimage\"},\"thumbnailUrl\":\"https:\/\/live.staticflickr.com\/65535\/52080524973_037959c530_c.jpg\",\"datePublished\":\"2022-05-17T17:46:01+00:00\",\"dateModified\":\"2022-05-17T17:50:23+00:00\",\"author\":{\"@id\":\"https:\/\/www.noticiasradioreflejos.com.ar\/2021\/#\/schema\/person\/ad82545263dcc5ec0996818884fd5fb1\"},\"breadcrumb\":{\"@id\":\"https:\/\/www.noticiasradioreflejos.com.ar\/2021\/nunca-la-humanidad-estuvo-tan-cerca-de-cambiar-de-epoca-geologica\/#breadcrumb\"},\"inLanguage\":\"es\",\"potentialAction\":[{\"@type\":\"ReadAction\",\"target\":[\"https:\/\/www.noticiasradioreflejos.com.ar\/2021\/nunca-la-humanidad-estuvo-tan-cerca-de-cambiar-de-epoca-geologica\/\"]}]},{\"@type\":\"ImageObject\",\"inLanguage\":\"es\",\"@id\":\"https:\/\/www.noticiasradioreflejos.com.ar\/2021\/nunca-la-humanidad-estuvo-tan-cerca-de-cambiar-de-epoca-geologica\/#primaryimage\",\"url\":\"https:\/\/live.staticflickr.com\/65535\/52080524973_037959c530_c.jpg\",\"contentUrl\":\"https:\/\/live.staticflickr.com\/65535\/52080524973_037959c530_c.jpg\"},{\"@type\":\"BreadcrumbList\",\"@id\":\"https:\/\/www.noticiasradioreflejos.com.ar\/2021\/nunca-la-humanidad-estuvo-tan-cerca-de-cambiar-de-epoca-geologica\/#breadcrumb\",\"itemListElement\":[{\"@type\":\"ListItem\",\"position\":1,\"name\":\"Portada\",\"item\":\"https:\/\/www.noticiasradioreflejos.com.ar\/2021\/\"},{\"@type\":\"ListItem\",\"position\":2,\"name\":\"Nunca la humanidad estuvo tan cerca de cambiar de \u00e9poca geol\u00f3gica\"}]},{\"@type\":\"WebSite\",\"@id\":\"https:\/\/www.noticiasradioreflejos.com.ar\/2021\/#website\",\"url\":\"https:\/\/www.noticiasradioreflejos.com.ar\/2021\/\",\"name\":\"Noticias Radio Reflejos\",\"description\":\"Las noticias de mi comarca\",\"potentialAction\":[{\"@type\":\"SearchAction\",\"target\":{\"@type\":\"EntryPoint\",\"urlTemplate\":\"https:\/\/www.noticiasradioreflejos.com.ar\/2021\/?s={search_term_string}\"},\"query-input\":{\"@type\":\"PropertyValueSpecification\",\"valueRequired\":true,\"valueName\":\"search_term_string\"}}],\"inLanguage\":\"es\"},{\"@type\":\"Person\",\"@id\":\"https:\/\/www.noticiasradioreflejos.com.ar\/2021\/#\/schema\/person\/ad82545263dcc5ec0996818884fd5fb1\",\"name\":\"Arnaldo Botto\",\"image\":{\"@type\":\"ImageObject\",\"inLanguage\":\"es\",\"@id\":\"https:\/\/www.noticiasradioreflejos.com.ar\/2021\/#\/schema\/person\/image\/\",\"url\":\"https:\/\/secure.gravatar.com\/avatar\/55cb5e37c1efa326397366e6974cb338056df65cb50e7d64d1cf314e87504837?s=96&d=mm&r=g\",\"contentUrl\":\"https:\/\/secure.gravatar.com\/avatar\/55cb5e37c1efa326397366e6974cb338056df65cb50e7d64d1cf314e87504837?s=96&d=mm&r=g\",\"caption\":\"Arnaldo Botto\"},\"url\":\"https:\/\/www.noticiasradioreflejos.com.ar\/2021\/author\/arnaldo\/\"}]}<\/script>\n<!-- \/ Yoast SEO plugin. -->","yoast_head_json":{"title":"Nunca la humanidad estuvo tan cerca de cambiar de \u00e9poca geol\u00f3gica - Noticias Radio Reflejos","robots":{"index":"index","follow":"follow","max-snippet":"max-snippet:-1","max-image-preview":"max-image-preview:large","max-video-preview":"max-video-preview:-1"},"canonical":"https:\/\/www.noticiasradioreflejos.com.ar\/2021\/nunca-la-humanidad-estuvo-tan-cerca-de-cambiar-de-epoca-geologica\/","og_locale":"es_ES","og_type":"article","og_title":"Nunca la humanidad estuvo tan cerca de cambiar de \u00e9poca geol\u00f3gica - Noticias Radio Reflejos","og_description":"Esta semana se presentar\u00e1 el estudio de un grupo de trabajo que afirma que la sociedad est\u00e1 atravesando un cambio hist\u00f3rico geol\u00f3gico, marcado por el impacto negativo de la industrializaci\u00f3n moderna y la globalizaci\u00f3n.","og_url":"https:\/\/www.noticiasradioreflejos.com.ar\/2021\/nunca-la-humanidad-estuvo-tan-cerca-de-cambiar-de-epoca-geologica\/","og_site_name":"Noticias Radio Reflejos","article_published_time":"2022-05-17T17:46:01+00:00","article_modified_time":"2022-05-17T17:50:23+00:00","og_image":[{"url":"https:\/\/live.staticflickr.com\/65535\/52080524973_037959c530_c.jpg","type":"","width":"","height":""}],"author":"Arnaldo Botto","twitter_card":"summary_large_image","schema":{"@context":"https:\/\/schema.org","@graph":[{"@type":"WebPage","@id":"https:\/\/www.noticiasradioreflejos.com.ar\/2021\/nunca-la-humanidad-estuvo-tan-cerca-de-cambiar-de-epoca-geologica\/","url":"https:\/\/www.noticiasradioreflejos.com.ar\/2021\/nunca-la-humanidad-estuvo-tan-cerca-de-cambiar-de-epoca-geologica\/","name":"Nunca la humanidad estuvo tan cerca de cambiar de \u00e9poca geol\u00f3gica - Noticias Radio Reflejos","isPartOf":{"@id":"https:\/\/www.noticiasradioreflejos.com.ar\/2021\/#website"},"primaryImageOfPage":{"@id":"https:\/\/www.noticiasradioreflejos.com.ar\/2021\/nunca-la-humanidad-estuvo-tan-cerca-de-cambiar-de-epoca-geologica\/#primaryimage"},"image":{"@id":"https:\/\/www.noticiasradioreflejos.com.ar\/2021\/nunca-la-humanidad-estuvo-tan-cerca-de-cambiar-de-epoca-geologica\/#primaryimage"},"thumbnailUrl":"https:\/\/live.staticflickr.com\/65535\/52080524973_037959c530_c.jpg","datePublished":"2022-05-17T17:46:01+00:00","dateModified":"2022-05-17T17:50:23+00:00","author":{"@id":"https:\/\/www.noticiasradioreflejos.com.ar\/2021\/#\/schema\/person\/ad82545263dcc5ec0996818884fd5fb1"},"breadcrumb":{"@id":"https:\/\/www.noticiasradioreflejos.com.ar\/2021\/nunca-la-humanidad-estuvo-tan-cerca-de-cambiar-de-epoca-geologica\/#breadcrumb"},"inLanguage":"es","potentialAction":[{"@type":"ReadAction","target":["https:\/\/www.noticiasradioreflejos.com.ar\/2021\/nunca-la-humanidad-estuvo-tan-cerca-de-cambiar-de-epoca-geologica\/"]}]},{"@type":"ImageObject","inLanguage":"es","@id":"https:\/\/www.noticiasradioreflejos.com.ar\/2021\/nunca-la-humanidad-estuvo-tan-cerca-de-cambiar-de-epoca-geologica\/#primaryimage","url":"https:\/\/live.staticflickr.com\/65535\/52080524973_037959c530_c.jpg","contentUrl":"https:\/\/live.staticflickr.com\/65535\/52080524973_037959c530_c.jpg"},{"@type":"BreadcrumbList","@id":"https:\/\/www.noticiasradioreflejos.com.ar\/2021\/nunca-la-humanidad-estuvo-tan-cerca-de-cambiar-de-epoca-geologica\/#breadcrumb","itemListElement":[{"@type":"ListItem","position":1,"name":"Portada","item":"https:\/\/www.noticiasradioreflejos.com.ar\/2021\/"},{"@type":"ListItem","position":2,"name":"Nunca la humanidad estuvo tan cerca de cambiar de \u00e9poca geol\u00f3gica"}]},{"@type":"WebSite","@id":"https:\/\/www.noticiasradioreflejos.com.ar\/2021\/#website","url":"https:\/\/www.noticiasradioreflejos.com.ar\/2021\/","name":"Noticias Radio Reflejos","description":"Las noticias de mi comarca","potentialAction":[{"@type":"SearchAction","target":{"@type":"EntryPoint","urlTemplate":"https:\/\/www.noticiasradioreflejos.com.ar\/2021\/?s={search_term_string}"},"query-input":{"@type":"PropertyValueSpecification","valueRequired":true,"valueName":"search_term_string"}}],"inLanguage":"es"},{"@type":"Person","@id":"https:\/\/www.noticiasradioreflejos.com.ar\/2021\/#\/schema\/person\/ad82545263dcc5ec0996818884fd5fb1","name":"Arnaldo Botto","image":{"@type":"ImageObject","inLanguage":"es","@id":"https:\/\/www.noticiasradioreflejos.com.ar\/2021\/#\/schema\/person\/image\/","url":"https:\/\/secure.gravatar.com\/avatar\/55cb5e37c1efa326397366e6974cb338056df65cb50e7d64d1cf314e87504837?s=96&d=mm&r=g","contentUrl":"https:\/\/secure.gravatar.com\/avatar\/55cb5e37c1efa326397366e6974cb338056df65cb50e7d64d1cf314e87504837?s=96&d=mm&r=g","caption":"Arnaldo Botto"},"url":"https:\/\/www.noticiasradioreflejos.com.ar\/2021\/author\/arnaldo\/"}]}},"_links":{"self":[{"href":"https:\/\/www.noticiasradioreflejos.com.ar\/2021\/wp-json\/wp\/v2\/posts\/72092","targetHints":{"allow":["GET"]}}],"collection":[{"href":"https:\/\/www.noticiasradioreflejos.com.ar\/2021\/wp-json\/wp\/v2\/posts"}],"about":[{"href":"https:\/\/www.noticiasradioreflejos.com.ar\/2021\/wp-json\/wp\/v2\/types\/post"}],"author":[{"embeddable":true,"href":"https:\/\/www.noticiasradioreflejos.com.ar\/2021\/wp-json\/wp\/v2\/users\/3"}],"replies":[{"embeddable":true,"href":"https:\/\/www.noticiasradioreflejos.com.ar\/2021\/wp-json\/wp\/v2\/comments?post=72092"}],"version-history":[{"count":5,"href":"https:\/\/www.noticiasradioreflejos.com.ar\/2021\/wp-json\/wp\/v2\/posts\/72092\/revisions"}],"predecessor-version":[{"id":72105,"href":"https:\/\/www.noticiasradioreflejos.com.ar\/2021\/wp-json\/wp\/v2\/posts\/72092\/revisions\/72105"}],"wp:attachment":[{"href":"https:\/\/www.noticiasradioreflejos.com.ar\/2021\/wp-json\/wp\/v2\/media?parent=72092"}],"wp:term":[{"taxonomy":"category","embeddable":true,"href":"https:\/\/www.noticiasradioreflejos.com.ar\/2021\/wp-json\/wp\/v2\/categories?post=72092"},{"taxonomy":"post_tag","embeddable":true,"href":"https:\/\/www.noticiasradioreflejos.com.ar\/2021\/wp-json\/wp\/v2\/tags?post=72092"}],"curies":[{"name":"wp","href":"https:\/\/api.w.org\/{rel}","templated":true}]}}