{"id":72084,"date":"2022-05-17T13:24:22","date_gmt":"2022-05-17T13:24:22","guid":{"rendered":"http:\/\/www.noticiasradioreflejos.com.ar\/2021\/?p=72084"},"modified":"2022-05-17T13:24:22","modified_gmt":"2022-05-17T13:24:22","slug":"cuatro-atletas-del-distrito-con-grandes-logros-en-el-campeonato-provincial-de-pruebas-combinadas","status":"publish","type":"post","link":"https:\/\/www.noticiasradioreflejos.com.ar\/2021\/cuatro-atletas-del-distrito-con-grandes-logros-en-el-campeonato-provincial-de-pruebas-combinadas\/","title":{"rendered":"Cuatro atletas del distrito con grandes logros en el Campeonato Provincial de Pruebas Combinadas"},"content":{"rendered":"<p>El \u00faltimo fin de semana en San Andres de Giles, se llev\u00f3 a cabo el Campeonato Provincial de Pruebas Combinadas, que reuni\u00f3 a atletas de toda la Provincia de Buenos Aires en una disciplina que integra saltos, carreras y lanzamientos, propios del atletismo.<!--more--><\/p>\n<p><a title=\"EMAT en Giles (3)\" href=\"https:\/\/www.flickr.com\/photos\/182279889@N02\/52078958912\/in\/dateposted-public\/\" data-flickr-embed=\"true\"><img loading=\"lazy\" decoding=\"async\" src=\"https:\/\/live.staticflickr.com\/65535\/52078958912_e3ff8a23e8_c.jpg\" alt=\"EMAT en Giles (3)\" width=\"800\" height=\"465\" \/><\/a><script async src=\"\/\/embedr.flickr.com\/assets\/client-code.js\" charset=\"utf-8\"><\/script><\/p>\n<p>Del certamen fue parte la Escuela Municipal de Atletismo de Tornquist (EMAT), cuya delegaci\u00f3n, encabezada por Enrique Cabral, estuvo conformada por Tom\u00e1s Trivellini, Alejo Fredes (ambos de Villa Ventana), Ignacio Davis (Sierra de la Ventana) y Ariel Sanz (Chasic\u00f3), quienes obtuvieron importantes resultados y experiencias.<\/p>\n<p>Tom\u00e1s se consagr\u00f3 Campe\u00f3n Provincial, superando su marca personal en octatl\u00f3n; Ariel debut\u00f3 en hexatl\u00f3n y logr\u00f3 la tercera posici\u00f3n en la especialidad, prueba en la que Ignacio tambi\u00e9n hizo primera participaci\u00f3n y se coloc\u00f3 cuarto; y Alejo se ubic\u00f3 en el s\u00e9ptimo lugar en decatl\u00f3n.<\/p>\n<p>Los profesores de la EMAT felicitan al equipo por los excelentes logros, que son fruto del compromiso y entrenamiento que desarrollan d\u00eda a d\u00eda para seguir creciendo y consiguiendo destacados desempe\u00f1os en las diferentes competencias.<\/p>\n<p><a title=\"EMAT en Giles (2)\" href=\"https:\/\/www.flickr.com\/photos\/182279889@N02\/52080481395\/in\/dateposted-public\/\" data-flickr-embed=\"true\"><img loading=\"lazy\" decoding=\"async\" src=\"https:\/\/live.staticflickr.com\/65535\/52080481395_4a172f6c84_c.jpg\" alt=\"EMAT en Giles (2)\" width=\"800\" height=\"450\" \/><\/a><\/p>\n<p>&nbsp;<\/p>\n<p><a title=\"EMAT en Giles (1)\" href=\"https:\/\/www.flickr.com\/photos\/182279889@N02\/52078958892\/in\/dateposted-public\/\" data-flickr-embed=\"true\"><img loading=\"lazy\" decoding=\"async\" src=\"https:\/\/live.staticflickr.com\/65535\/52078958892_935b195c39_c.jpg\" alt=\"EMAT en Giles (1)\" width=\"800\" height=\"423\" \/><\/a><\/p>\n","protected":false},"excerpt":{"rendered":"<p>El \u00faltimo fin de semana en San Andres de Giles, se llev\u00f3 a cabo el Campeonato Provincial de Pruebas Combinadas, que reuni\u00f3 a atletas de toda la Provincia de Buenos Aires en una disciplina que integra saltos, carreras y lanzamientos, propios del atletismo.<\/p>\n","protected":false},"author":3,"featured_media":0,"comment_status":"closed","ping_status":"closed","sticky":false,"template":"","format":"standard","meta":{"footnotes":""},"categories":[27,28],"tags":[],"class_list":["post-72084","post","type-post","status-publish","format-standard","hentry","category-deportes","category-municipales"],"yoast_head":"<!-- This site is optimized with the Yoast SEO plugin v25.9 - https:\/\/yoast.com\/wordpress\/plugins\/seo\/ -->\n<title>Cuatro atletas del distrito con grandes logros en el Campeonato Provincial de Pruebas Combinadas - Noticias Radio Reflejos<\/title>\n<meta name=\"robots\" content=\"index, follow, max-snippet:-1, max-image-preview:large, max-video-preview:-1\" \/>\n<link rel=\"canonical\" href=\"https:\/\/www.noticiasradioreflejos.com.ar\/2021\/cuatro-atletas-del-distrito-con-grandes-logros-en-el-campeonato-provincial-de-pruebas-combinadas\/\" \/>\n<meta property=\"og:locale\" content=\"es_ES\" \/>\n<meta property=\"og:type\" content=\"article\" \/>\n<meta property=\"og:title\" content=\"Cuatro atletas del distrito con grandes logros en el Campeonato Provincial de Pruebas Combinadas - Noticias Radio Reflejos\" \/>\n<meta property=\"og:description\" content=\"El \u00faltimo fin de semana en San Andres de Giles, se llev\u00f3 a cabo el Campeonato Provincial de Pruebas Combinadas, que reuni\u00f3 a atletas de toda la Provincia de Buenos Aires en una disciplina que integra saltos, carreras y lanzamientos, propios del atletismo.\" \/>\n<meta property=\"og:url\" content=\"https:\/\/www.noticiasradioreflejos.com.ar\/2021\/cuatro-atletas-del-distrito-con-grandes-logros-en-el-campeonato-provincial-de-pruebas-combinadas\/\" \/>\n<meta property=\"og:site_name\" content=\"Noticias Radio Reflejos\" \/>\n<meta property=\"article:published_time\" content=\"2022-05-17T13:24:22+00:00\" \/>\n<meta property=\"og:image\" content=\"https:\/\/live.staticflickr.com\/65535\/52078958912_e3ff8a23e8_c.jpg\" \/>\n<meta name=\"author\" content=\"Arnaldo Botto\" \/>\n<meta name=\"twitter:card\" content=\"summary_large_image\" \/>\n<script type=\"application\/ld+json\" class=\"yoast-schema-graph\">{\"@context\":\"https:\/\/schema.org\",\"@graph\":[{\"@type\":\"WebPage\",\"@id\":\"https:\/\/www.noticiasradioreflejos.com.ar\/2021\/cuatro-atletas-del-distrito-con-grandes-logros-en-el-campeonato-provincial-de-pruebas-combinadas\/\",\"url\":\"https:\/\/www.noticiasradioreflejos.com.ar\/2021\/cuatro-atletas-del-distrito-con-grandes-logros-en-el-campeonato-provincial-de-pruebas-combinadas\/\",\"name\":\"Cuatro atletas del distrito con grandes logros en el Campeonato Provincial de Pruebas Combinadas - Noticias Radio Reflejos\",\"isPartOf\":{\"@id\":\"https:\/\/www.noticiasradioreflejos.com.ar\/2021\/#website\"},\"primaryImageOfPage\":{\"@id\":\"https:\/\/www.noticiasradioreflejos.com.ar\/2021\/cuatro-atletas-del-distrito-con-grandes-logros-en-el-campeonato-provincial-de-pruebas-combinadas\/#primaryimage\"},\"image\":{\"@id\":\"https:\/\/www.noticiasradioreflejos.com.ar\/2021\/cuatro-atletas-del-distrito-con-grandes-logros-en-el-campeonato-provincial-de-pruebas-combinadas\/#primaryimage\"},\"thumbnailUrl\":\"https:\/\/live.staticflickr.com\/65535\/52078958912_e3ff8a23e8_c.jpg\",\"datePublished\":\"2022-05-17T13:24:22+00:00\",\"author\":{\"@id\":\"https:\/\/www.noticiasradioreflejos.com.ar\/2021\/#\/schema\/person\/ad82545263dcc5ec0996818884fd5fb1\"},\"breadcrumb\":{\"@id\":\"https:\/\/www.noticiasradioreflejos.com.ar\/2021\/cuatro-atletas-del-distrito-con-grandes-logros-en-el-campeonato-provincial-de-pruebas-combinadas\/#breadcrumb\"},\"inLanguage\":\"es\",\"potentialAction\":[{\"@type\":\"ReadAction\",\"target\":[\"https:\/\/www.noticiasradioreflejos.com.ar\/2021\/cuatro-atletas-del-distrito-con-grandes-logros-en-el-campeonato-provincial-de-pruebas-combinadas\/\"]}]},{\"@type\":\"ImageObject\",\"inLanguage\":\"es\",\"@id\":\"https:\/\/www.noticiasradioreflejos.com.ar\/2021\/cuatro-atletas-del-distrito-con-grandes-logros-en-el-campeonato-provincial-de-pruebas-combinadas\/#primaryimage\",\"url\":\"https:\/\/live.staticflickr.com\/65535\/52078958912_e3ff8a23e8_c.jpg\",\"contentUrl\":\"https:\/\/live.staticflickr.com\/65535\/52078958912_e3ff8a23e8_c.jpg\"},{\"@type\":\"BreadcrumbList\",\"@id\":\"https:\/\/www.noticiasradioreflejos.com.ar\/2021\/cuatro-atletas-del-distrito-con-grandes-logros-en-el-campeonato-provincial-de-pruebas-combinadas\/#breadcrumb\",\"itemListElement\":[{\"@type\":\"ListItem\",\"position\":1,\"name\":\"Portada\",\"item\":\"https:\/\/www.noticiasradioreflejos.com.ar\/2021\/\"},{\"@type\":\"ListItem\",\"position\":2,\"name\":\"Cuatro atletas del distrito con grandes logros en el Campeonato Provincial de Pruebas Combinadas\"}]},{\"@type\":\"WebSite\",\"@id\":\"https:\/\/www.noticiasradioreflejos.com.ar\/2021\/#website\",\"url\":\"https:\/\/www.noticiasradioreflejos.com.ar\/2021\/\",\"name\":\"Noticias Radio Reflejos\",\"description\":\"Las noticias de mi comarca\",\"potentialAction\":[{\"@type\":\"SearchAction\",\"target\":{\"@type\":\"EntryPoint\",\"urlTemplate\":\"https:\/\/www.noticiasradioreflejos.com.ar\/2021\/?s={search_term_string}\"},\"query-input\":{\"@type\":\"PropertyValueSpecification\",\"valueRequired\":true,\"valueName\":\"search_term_string\"}}],\"inLanguage\":\"es\"},{\"@type\":\"Person\",\"@id\":\"https:\/\/www.noticiasradioreflejos.com.ar\/2021\/#\/schema\/person\/ad82545263dcc5ec0996818884fd5fb1\",\"name\":\"Arnaldo Botto\",\"image\":{\"@type\":\"ImageObject\",\"inLanguage\":\"es\",\"@id\":\"https:\/\/www.noticiasradioreflejos.com.ar\/2021\/#\/schema\/person\/image\/\",\"url\":\"https:\/\/secure.gravatar.com\/avatar\/55cb5e37c1efa326397366e6974cb338056df65cb50e7d64d1cf314e87504837?s=96&d=mm&r=g\",\"contentUrl\":\"https:\/\/secure.gravatar.com\/avatar\/55cb5e37c1efa326397366e6974cb338056df65cb50e7d64d1cf314e87504837?s=96&d=mm&r=g\",\"caption\":\"Arnaldo Botto\"},\"url\":\"https:\/\/www.noticiasradioreflejos.com.ar\/2021\/author\/arnaldo\/\"}]}<\/script>\n<!-- \/ Yoast SEO plugin. -->","yoast_head_json":{"title":"Cuatro atletas del distrito con grandes logros en el Campeonato Provincial de Pruebas Combinadas - Noticias Radio Reflejos","robots":{"index":"index","follow":"follow","max-snippet":"max-snippet:-1","max-image-preview":"max-image-preview:large","max-video-preview":"max-video-preview:-1"},"canonical":"https:\/\/www.noticiasradioreflejos.com.ar\/2021\/cuatro-atletas-del-distrito-con-grandes-logros-en-el-campeonato-provincial-de-pruebas-combinadas\/","og_locale":"es_ES","og_type":"article","og_title":"Cuatro atletas del distrito con grandes logros en el Campeonato Provincial de Pruebas Combinadas - Noticias Radio Reflejos","og_description":"El \u00faltimo fin de semana en San Andres de Giles, se llev\u00f3 a cabo el Campeonato Provincial de Pruebas Combinadas, que reuni\u00f3 a atletas de toda la Provincia de Buenos Aires en una disciplina que integra saltos, carreras y lanzamientos, propios del atletismo.","og_url":"https:\/\/www.noticiasradioreflejos.com.ar\/2021\/cuatro-atletas-del-distrito-con-grandes-logros-en-el-campeonato-provincial-de-pruebas-combinadas\/","og_site_name":"Noticias Radio Reflejos","article_published_time":"2022-05-17T13:24:22+00:00","og_image":[{"url":"https:\/\/live.staticflickr.com\/65535\/52078958912_e3ff8a23e8_c.jpg","type":"","width":"","height":""}],"author":"Arnaldo Botto","twitter_card":"summary_large_image","schema":{"@context":"https:\/\/schema.org","@graph":[{"@type":"WebPage","@id":"https:\/\/www.noticiasradioreflejos.com.ar\/2021\/cuatro-atletas-del-distrito-con-grandes-logros-en-el-campeonato-provincial-de-pruebas-combinadas\/","url":"https:\/\/www.noticiasradioreflejos.com.ar\/2021\/cuatro-atletas-del-distrito-con-grandes-logros-en-el-campeonato-provincial-de-pruebas-combinadas\/","name":"Cuatro atletas del distrito con grandes logros en el Campeonato Provincial de Pruebas Combinadas - Noticias Radio Reflejos","isPartOf":{"@id":"https:\/\/www.noticiasradioreflejos.com.ar\/2021\/#website"},"primaryImageOfPage":{"@id":"https:\/\/www.noticiasradioreflejos.com.ar\/2021\/cuatro-atletas-del-distrito-con-grandes-logros-en-el-campeonato-provincial-de-pruebas-combinadas\/#primaryimage"},"image":{"@id":"https:\/\/www.noticiasradioreflejos.com.ar\/2021\/cuatro-atletas-del-distrito-con-grandes-logros-en-el-campeonato-provincial-de-pruebas-combinadas\/#primaryimage"},"thumbnailUrl":"https:\/\/live.staticflickr.com\/65535\/52078958912_e3ff8a23e8_c.jpg","datePublished":"2022-05-17T13:24:22+00:00","author":{"@id":"https:\/\/www.noticiasradioreflejos.com.ar\/2021\/#\/schema\/person\/ad82545263dcc5ec0996818884fd5fb1"},"breadcrumb":{"@id":"https:\/\/www.noticiasradioreflejos.com.ar\/2021\/cuatro-atletas-del-distrito-con-grandes-logros-en-el-campeonato-provincial-de-pruebas-combinadas\/#breadcrumb"},"inLanguage":"es","potentialAction":[{"@type":"ReadAction","target":["https:\/\/www.noticiasradioreflejos.com.ar\/2021\/cuatro-atletas-del-distrito-con-grandes-logros-en-el-campeonato-provincial-de-pruebas-combinadas\/"]}]},{"@type":"ImageObject","inLanguage":"es","@id":"https:\/\/www.noticiasradioreflejos.com.ar\/2021\/cuatro-atletas-del-distrito-con-grandes-logros-en-el-campeonato-provincial-de-pruebas-combinadas\/#primaryimage","url":"https:\/\/live.staticflickr.com\/65535\/52078958912_e3ff8a23e8_c.jpg","contentUrl":"https:\/\/live.staticflickr.com\/65535\/52078958912_e3ff8a23e8_c.jpg"},{"@type":"BreadcrumbList","@id":"https:\/\/www.noticiasradioreflejos.com.ar\/2021\/cuatro-atletas-del-distrito-con-grandes-logros-en-el-campeonato-provincial-de-pruebas-combinadas\/#breadcrumb","itemListElement":[{"@type":"ListItem","position":1,"name":"Portada","item":"https:\/\/www.noticiasradioreflejos.com.ar\/2021\/"},{"@type":"ListItem","position":2,"name":"Cuatro atletas del distrito con grandes logros en el Campeonato Provincial de Pruebas Combinadas"}]},{"@type":"WebSite","@id":"https:\/\/www.noticiasradioreflejos.com.ar\/2021\/#website","url":"https:\/\/www.noticiasradioreflejos.com.ar\/2021\/","name":"Noticias Radio Reflejos","description":"Las noticias de mi comarca","potentialAction":[{"@type":"SearchAction","target":{"@type":"EntryPoint","urlTemplate":"https:\/\/www.noticiasradioreflejos.com.ar\/2021\/?s={search_term_string}"},"query-input":{"@type":"PropertyValueSpecification","valueRequired":true,"valueName":"search_term_string"}}],"inLanguage":"es"},{"@type":"Person","@id":"https:\/\/www.noticiasradioreflejos.com.ar\/2021\/#\/schema\/person\/ad82545263dcc5ec0996818884fd5fb1","name":"Arnaldo Botto","image":{"@type":"ImageObject","inLanguage":"es","@id":"https:\/\/www.noticiasradioreflejos.com.ar\/2021\/#\/schema\/person\/image\/","url":"https:\/\/secure.gravatar.com\/avatar\/55cb5e37c1efa326397366e6974cb338056df65cb50e7d64d1cf314e87504837?s=96&d=mm&r=g","contentUrl":"https:\/\/secure.gravatar.com\/avatar\/55cb5e37c1efa326397366e6974cb338056df65cb50e7d64d1cf314e87504837?s=96&d=mm&r=g","caption":"Arnaldo Botto"},"url":"https:\/\/www.noticiasradioreflejos.com.ar\/2021\/author\/arnaldo\/"}]}},"_links":{"self":[{"href":"https:\/\/www.noticiasradioreflejos.com.ar\/2021\/wp-json\/wp\/v2\/posts\/72084","targetHints":{"allow":["GET"]}}],"collection":[{"href":"https:\/\/www.noticiasradioreflejos.com.ar\/2021\/wp-json\/wp\/v2\/posts"}],"about":[{"href":"https:\/\/www.noticiasradioreflejos.com.ar\/2021\/wp-json\/wp\/v2\/types\/post"}],"author":[{"embeddable":true,"href":"https:\/\/www.noticiasradioreflejos.com.ar\/2021\/wp-json\/wp\/v2\/users\/3"}],"replies":[{"embeddable":true,"href":"https:\/\/www.noticiasradioreflejos.com.ar\/2021\/wp-json\/wp\/v2\/comments?post=72084"}],"version-history":[{"count":1,"href":"https:\/\/www.noticiasradioreflejos.com.ar\/2021\/wp-json\/wp\/v2\/posts\/72084\/revisions"}],"predecessor-version":[{"id":72086,"href":"https:\/\/www.noticiasradioreflejos.com.ar\/2021\/wp-json\/wp\/v2\/posts\/72084\/revisions\/72086"}],"wp:attachment":[{"href":"https:\/\/www.noticiasradioreflejos.com.ar\/2021\/wp-json\/wp\/v2\/media?parent=72084"}],"wp:term":[{"taxonomy":"category","embeddable":true,"href":"https:\/\/www.noticiasradioreflejos.com.ar\/2021\/wp-json\/wp\/v2\/categories?post=72084"},{"taxonomy":"post_tag","embeddable":true,"href":"https:\/\/www.noticiasradioreflejos.com.ar\/2021\/wp-json\/wp\/v2\/tags?post=72084"}],"curies":[{"name":"wp","href":"https:\/\/api.w.org\/{rel}","templated":true}]}}