{"id":72024,"date":"2022-05-16T18:40:45","date_gmt":"2022-05-16T18:40:45","guid":{"rendered":"http:\/\/www.noticiasradioreflejos.com.ar\/2021\/?p=72024"},"modified":"2022-05-16T18:40:45","modified_gmt":"2022-05-16T18:40:45","slug":"ultimos-dias-del-censo-digital-2022-las-claves-para-completarlo-antes-del-operativo-presencial","status":"publish","type":"post","link":"https:\/\/www.noticiasradioreflejos.com.ar\/2021\/ultimos-dias-del-censo-digital-2022-las-claves-para-completarlo-antes-del-operativo-presencial\/","title":{"rendered":"\u00daltimos d\u00edas del Censo Digital 2022: las claves para completarlo antes del operativo presencial"},"content":{"rendered":"<p>Se realizar\u00e1 este mi\u00e9rcoles 18 de mayo. Hablamos con Mariana Boland referente en Tornquist.<!--more--><\/p>\n<p>\u00bfEs obligatorio el Censo? \u00bfHasta cu\u00e1ndo tengo tiempo para responder el censo digital? \u00bfC\u00f3mo identifico a los censistas? \u00bfQu\u00e9 hago si no me puedo quedar en casa el d\u00eda del censo? Estas son algunas de las preguntas en torno al censo digital y al presencial, que se realizar\u00e1 en todo el pa\u00eds el pr\u00f3ximo mi\u00e9rcoles.<\/p>\n<p>El Censo Digital podr\u00e1 completarse hasta el mi\u00e9rcoles 18 de mayo a las 8, momento en que comenzar\u00e1 el tradicional relevamiento por todas las viviendas del pa\u00eds para realizar la encuesta en forma presencial o pedir el comprobante de finalizaci\u00f3n a quienes la hayan completado a trav\u00e9s de cualquier dispositivo electr\u00f3nico con acceso a internet.<\/p>\n<p>Hasta el pr\u00f3ximo mi\u00e9rcoles, quienes quieran censarse de modo anticipado podr\u00e1n hacerlo a trav\u00e9s del cuestionario digital del Instituto Nacional de Estad\u00edstica y Censos (Indec) en el sitio oficial www.censo.gob.ar y, al terminar, se generar\u00e1 autom\u00e1ticamente un c\u00f3digo alfanum\u00e9rico de seis d\u00edgitos que habr\u00e1 que mostrar o simplemente dictarle al censista que concurra al domicilio para garantizar que toda la poblaci\u00f3n, los hogares y las viviendas del territorio argentino hayan sido contados.<\/p>\n<p>El c\u00f3digo se puede descargar de la p\u00e1gina y desde el Indec recomendaron anotarlo o hacer una captura de pantalla.<\/p>\n<p>Adem\u00e1s, se env\u00eda al correo electr\u00f3nico que se registr\u00f3 al inicio del Censo, por lo que aconsejaron revisar la carpeta de no deseados.<\/p>\n<p>Las personas que no elijan la nueva modalidad digital podr\u00e1n responder las preguntas en la entrevista directa que se les realizar\u00e1 el 18 de mayo, decretado feriado nacional, cuando las personas censistas visitar\u00e1n m\u00e1s de 15 millones de viviendas y recoger\u00e1n informaci\u00f3n de unas 46 millones de personas en todo el pa\u00eds, de acuerdo a las estimaciones del Indec.<\/p>\n<p>El objetivo del Censo Digital es ahorrar tiempo a la poblaci\u00f3n y a los censistas, al tiempo que las innovaciones metodol\u00f3gicas y tecnol\u00f3gicas permitir\u00e1n obtener \u00abuna foto m\u00e1s exacta\u00bb de la poblaci\u00f3n, informaron desde el organismo que conduce Marco Lavagna.<\/p>\n<p>Para iniciar el formulario online del Censo Nacional de Poblaci\u00f3n, Hogares y Viviendas 2022 se debe ingresar al sitio www.censo.gob.ar y generar el c\u00f3digo \u00fanico de la vivienda de 5 d\u00edgitos. Para ello, hay que completar la direcci\u00f3n que puede no coincidir con el domicilio que figura en el DNI. Si no se encuentra alg\u00fan dato, se puede habilitar el bot\u00f3n \u00abIngreso manual\u00bb para escribir la direcci\u00f3n y ubicarla en el mapa.<\/p>\n<p>El cuestionario est\u00e1 organizado en cinco bloques: vivienda, lista de personas del hogar, caracter\u00edsticas del hogar y la vivienda, poblaci\u00f3n y comprobante de finalizaci\u00f3n.<\/p>\n<p>En primer lugar, se debe seleccionar el tipo de vivienda (casa, departamento, casilla, entre otras) e ingresar la cantidad de personas que viven all\u00ed y si conforman uno o m\u00e1s hogares.<\/p>\n<p>Para el Censo, un hogar es la persona o grupo de personas, parientes o no, que viven bajo un mismo techo y comparten sus gastos de alimentaci\u00f3n. Las personas que viven solas tambi\u00e9n constituyen un hogar.<\/p>\n<p>Luego se debe escribir el nombre del jefe, la jefa o la persona de referencia del hogar y del resto de los integrantes, aclarando el parentesco entre ellos.<\/p>\n<p>A continuaci\u00f3n, se podr\u00e1 contestar el bloque de preguntas sobre el hogar y la vivienda y responder el cuestionario para cada persona del listado, que por primera vez incorpor\u00f3 una pregunta sobre la autopercepci\u00f3n de identidad de g\u00e9nero y ampli\u00f3 el alcance de la consulta sobre autorreconocimiento \u00e9tnico (pueblos ind\u00edgenas y afrodescendientes) a toda la poblaci\u00f3n.<\/p>\n<p>Una vez que se completa el formulario con todos los integrantes del hogar, hay que presionar el bot\u00f3n de \u00abFinalizar Censo\u00bb para obtener el comprobante.<\/p>\n<p>-\u00bfSe puede completar el cuestionario digital en diferentes momentos?<\/p>\n<p>-S\u00ed. Para eso hay que conservar el c\u00f3digo \u00fanico de la vivienda que se env\u00eda por correo electr\u00f3nico al ingresar por primera vez al Censo digital. Las respuestas se guardan autom\u00e1ticamente y, una vez finalizado, no se podr\u00e1n editar. Si se cometi\u00f3 un error, no se debe entregar el comprobante el 18 de mayo y, en cambio, hay que volver a hacer la entrevista de forma presencial con la persona censista.<\/p>\n<p>-\u00bfQu\u00e9 tengo que hacer si no voy a estar en mi domicilio el d\u00eda del Censo?<\/p>\n<p>-Cualquier persona que habite tambi\u00e9n en la vivienda puede responder el cuestionario o entregarle a la persona censista el comprobante de finalizaci\u00f3n. Si no habr\u00e1 nadie y viv\u00eds en un departamento, se puede dejarle el c\u00f3digo a un vecino o al encargado para que se lo entregue al censista. Si viv\u00eds en una casa, pod\u00e9s dejarlo en la casa contigua o lindante a la tuya, aclararon en el Indec.<\/p>\n<p>-\u00bfPor qu\u00e9 se solicita el DNI para iniciar el Censo digital?<\/p>\n<p>-El cuestionario censal no solicita DNI. El n\u00famero de documento, junto con el d\u00eda y mes de nacimiento, est\u00e1n en una pantalla temporal que se utiliza para verificar que quien va a responder el Censo digital es una persona humana, y no un robot, con la edad suficiente (mayor de 14 a\u00f1os) para contestar en nombre de todos los miembros del hogar.<\/p>\n<p>-\u00bfEstar\u00e1 resguardada la informaci\u00f3n brindada durante el Censo Digital?<\/p>\n<p>-Toda la informaci\u00f3n ser\u00e1 protegida mediante \u00abun estricto protocolo de seguridad inform\u00e1tica\u00bb, y ser\u00e1 almacenada en los servidores de Arsat bajo \u00abt\u00e9cnicas de anonimizaci\u00f3n, encriptaci\u00f3n y gobernanza de los datos\u00bb, seg\u00fan la Ley 17.622, el Decreto 3.110\/70 y la Resoluci\u00f3n del Indec 181\/2020.<\/p>\n<p>El \u00fanico mecanismo por el que se solicitar\u00e1 informaci\u00f3n ser\u00e1 mediante la web oficial y posteriormente se enviar\u00e1 el c\u00f3digo de finalizaci\u00f3n al mail que brind\u00f3 la persona. Nadie del Indec se comunicar\u00e1 por tel\u00e9fono, ni por WhatsApp ni por ning\u00fan otro medio.<\/p>\n<p>-\u00bfEs obligatorio responder el censo?<\/p>\n<p>-S\u00ed. Todas las personas que habitan el territorio nacional tienen que responderlo, seg\u00fan el Decreto 726\/2020. Quienes no respondan o mientan sobre los datos, deber\u00e1n pagar una multa. Seg\u00fan la Resoluci\u00f3n 35\/2022 publicada en el Bolet\u00edn Oficial, la multa m\u00ednima es de $1.076,36, mientras que la penalidad m\u00e1xima puede alcanzar los $106.799,35.<\/p>\n<p>-\u00bfEs feriado el 18 de mayo?<\/p>\n<p>-S\u00ed. Entre las 00:00 y las 20:00 del d\u00eda del Censo no se podr\u00e1n realizar funciones teatrales, exhibiciones cinematogr\u00e1ficas, competencias deportivas, espect\u00e1culos ni reuniones p\u00fablicas. Tampoco podr\u00e1n estar abiertos los clubes y comercios de venta de art\u00edculos alimenticios (Ley 24.254).<\/p>\n<p>Adem\u00e1s, el transporte p\u00fablico funcionar\u00e1 con el cronograma especial de domingos y feriados.<\/p>\n<p>-\u00bfC\u00f3mo identificar a las personas censistas?<\/p>\n<p>-Tendr\u00e1n una pechera con la imagen del Censo y una credencial con sus datos personales (nombre, apellido y DNI). No es necesario que ingresen a tu hogar.<\/p>\n<p>-\u00bfTengo que censarme en el lugar de residencia habitual o donde pas\u00e9 la \u00faltima noche?<\/p>\n<p>-Ser\u00e1 la primera vez que se realice un \u00abcenso de derecho\u00bb, donde las personas son contabilizadas seg\u00fan su lugar de residencia habitual durante la semana. Los anteriores fueron \u00abcensos de hecho\u00bb, ya que registraban a la poblaci\u00f3n donde hab\u00eda pasado la noche previa al D\u00eda del Censo.<\/p>\n<p>-\u00bfUna persona que est\u00e1 temporalmente en la Argentina se tiene que censar?<\/p>\n<p>-Solo se tiene que censar si residi\u00f3 durante los \u00faltimos 6 meses o si piensa fijar residencia por los pr\u00f3ximos 6 meses.<\/p>\n<p>-Si tengo dudas, \u00bfad\u00f3nde puedo recurrir?<\/p>\n<p>Se habilit\u00f3 la l\u00ednea gratuita 0800-345-2022 que est\u00e1 disponible de lunes a viernes de 6 a 24, y s\u00e1bados y domingos, de 9 a 21. Tambi\u00e9n se puede solicitar asistencia a trav\u00e9s del correo electr\u00f3nico censo@indec.gob.ar. <\/p>\n<p>En el caso de Tornquist, tuvimos la oportunidad de hablar con Mariana Boland, referente local desde la Jefatura Distrital de Tornquist que brindo conceptos durante el programa La Ma\u00f1ana de la ciudad por FM 99.5. <\/p>\n<p>Telam y Noticias Tornquist<\/p>\n","protected":false},"excerpt":{"rendered":"<p>Se realizar\u00e1 este mi\u00e9rcoles 18 de mayo. Hablamos con Mariana Boland referente en Tornquist.<\/p>\n","protected":false},"author":3,"featured_media":0,"comment_status":"closed","ping_status":"closed","sticky":false,"template":"","format":"standard","meta":{"footnotes":""},"categories":[26],"tags":[],"class_list":["post-72024","post","type-post","status-publish","format-standard","hentry","category-sociedad"],"yoast_head":"<!-- This site is optimized with the Yoast SEO plugin v25.9 - https:\/\/yoast.com\/wordpress\/plugins\/seo\/ -->\n<title>\u00daltimos d\u00edas del Censo Digital 2022: las claves para completarlo antes del operativo presencial - Noticias Radio Reflejos<\/title>\n<meta name=\"robots\" content=\"index, follow, max-snippet:-1, max-image-preview:large, max-video-preview:-1\" \/>\n<link rel=\"canonical\" href=\"https:\/\/www.noticiasradioreflejos.com.ar\/2021\/ultimos-dias-del-censo-digital-2022-las-claves-para-completarlo-antes-del-operativo-presencial\/\" \/>\n<meta property=\"og:locale\" content=\"es_ES\" \/>\n<meta property=\"og:type\" content=\"article\" \/>\n<meta property=\"og:title\" content=\"\u00daltimos d\u00edas del Censo Digital 2022: las claves para completarlo antes del operativo presencial - Noticias Radio Reflejos\" \/>\n<meta property=\"og:description\" content=\"Se realizar\u00e1 este mi\u00e9rcoles 18 de mayo. Hablamos con Mariana Boland referente en Tornquist.\" \/>\n<meta property=\"og:url\" content=\"https:\/\/www.noticiasradioreflejos.com.ar\/2021\/ultimos-dias-del-censo-digital-2022-las-claves-para-completarlo-antes-del-operativo-presencial\/\" \/>\n<meta property=\"og:site_name\" content=\"Noticias Radio Reflejos\" \/>\n<meta property=\"article:published_time\" content=\"2022-05-16T18:40:45+00:00\" \/>\n<meta property=\"og:image\" content=\"https:\/\/www.noticiasradioreflejos.com.ar\/2021\/wp-content\/uploads\/2021\/07\/logosol300x200.png\" \/>\n\t<meta property=\"og:image:width\" content=\"300\" \/>\n\t<meta property=\"og:image:height\" content=\"200\" \/>\n\t<meta property=\"og:image:type\" content=\"image\/png\" \/>\n<meta name=\"author\" content=\"Arnaldo Botto\" \/>\n<meta name=\"twitter:card\" content=\"summary_large_image\" \/>\n<script type=\"application\/ld+json\" class=\"yoast-schema-graph\">{\"@context\":\"https:\/\/schema.org\",\"@graph\":[{\"@type\":\"WebPage\",\"@id\":\"https:\/\/www.noticiasradioreflejos.com.ar\/2021\/ultimos-dias-del-censo-digital-2022-las-claves-para-completarlo-antes-del-operativo-presencial\/\",\"url\":\"https:\/\/www.noticiasradioreflejos.com.ar\/2021\/ultimos-dias-del-censo-digital-2022-las-claves-para-completarlo-antes-del-operativo-presencial\/\",\"name\":\"\u00daltimos d\u00edas del Censo Digital 2022: las claves para completarlo antes del operativo presencial - Noticias Radio Reflejos\",\"isPartOf\":{\"@id\":\"https:\/\/www.noticiasradioreflejos.com.ar\/2021\/#website\"},\"datePublished\":\"2022-05-16T18:40:45+00:00\",\"author\":{\"@id\":\"https:\/\/www.noticiasradioreflejos.com.ar\/2021\/#\/schema\/person\/ad82545263dcc5ec0996818884fd5fb1\"},\"breadcrumb\":{\"@id\":\"https:\/\/www.noticiasradioreflejos.com.ar\/2021\/ultimos-dias-del-censo-digital-2022-las-claves-para-completarlo-antes-del-operativo-presencial\/#breadcrumb\"},\"inLanguage\":\"es\",\"potentialAction\":[{\"@type\":\"ReadAction\",\"target\":[\"https:\/\/www.noticiasradioreflejos.com.ar\/2021\/ultimos-dias-del-censo-digital-2022-las-claves-para-completarlo-antes-del-operativo-presencial\/\"]}]},{\"@type\":\"BreadcrumbList\",\"@id\":\"https:\/\/www.noticiasradioreflejos.com.ar\/2021\/ultimos-dias-del-censo-digital-2022-las-claves-para-completarlo-antes-del-operativo-presencial\/#breadcrumb\",\"itemListElement\":[{\"@type\":\"ListItem\",\"position\":1,\"name\":\"Portada\",\"item\":\"https:\/\/www.noticiasradioreflejos.com.ar\/2021\/\"},{\"@type\":\"ListItem\",\"position\":2,\"name\":\"\u00daltimos d\u00edas del Censo Digital 2022: las claves para completarlo antes del operativo presencial\"}]},{\"@type\":\"WebSite\",\"@id\":\"https:\/\/www.noticiasradioreflejos.com.ar\/2021\/#website\",\"url\":\"https:\/\/www.noticiasradioreflejos.com.ar\/2021\/\",\"name\":\"Noticias Radio Reflejos\",\"description\":\"Las noticias de mi comarca\",\"potentialAction\":[{\"@type\":\"SearchAction\",\"target\":{\"@type\":\"EntryPoint\",\"urlTemplate\":\"https:\/\/www.noticiasradioreflejos.com.ar\/2021\/?s={search_term_string}\"},\"query-input\":{\"@type\":\"PropertyValueSpecification\",\"valueRequired\":true,\"valueName\":\"search_term_string\"}}],\"inLanguage\":\"es\"},{\"@type\":\"Person\",\"@id\":\"https:\/\/www.noticiasradioreflejos.com.ar\/2021\/#\/schema\/person\/ad82545263dcc5ec0996818884fd5fb1\",\"name\":\"Arnaldo Botto\",\"image\":{\"@type\":\"ImageObject\",\"inLanguage\":\"es\",\"@id\":\"https:\/\/www.noticiasradioreflejos.com.ar\/2021\/#\/schema\/person\/image\/\",\"url\":\"https:\/\/secure.gravatar.com\/avatar\/55cb5e37c1efa326397366e6974cb338056df65cb50e7d64d1cf314e87504837?s=96&d=mm&r=g\",\"contentUrl\":\"https:\/\/secure.gravatar.com\/avatar\/55cb5e37c1efa326397366e6974cb338056df65cb50e7d64d1cf314e87504837?s=96&d=mm&r=g\",\"caption\":\"Arnaldo Botto\"},\"url\":\"https:\/\/www.noticiasradioreflejos.com.ar\/2021\/author\/arnaldo\/\"}]}<\/script>\n<!-- \/ Yoast SEO plugin. -->","yoast_head_json":{"title":"\u00daltimos d\u00edas del Censo Digital 2022: las claves para completarlo antes del operativo presencial - Noticias Radio Reflejos","robots":{"index":"index","follow":"follow","max-snippet":"max-snippet:-1","max-image-preview":"max-image-preview:large","max-video-preview":"max-video-preview:-1"},"canonical":"https:\/\/www.noticiasradioreflejos.com.ar\/2021\/ultimos-dias-del-censo-digital-2022-las-claves-para-completarlo-antes-del-operativo-presencial\/","og_locale":"es_ES","og_type":"article","og_title":"\u00daltimos d\u00edas del Censo Digital 2022: las claves para completarlo antes del operativo presencial - Noticias Radio Reflejos","og_description":"Se realizar\u00e1 este mi\u00e9rcoles 18 de mayo. Hablamos con Mariana Boland referente en Tornquist.","og_url":"https:\/\/www.noticiasradioreflejos.com.ar\/2021\/ultimos-dias-del-censo-digital-2022-las-claves-para-completarlo-antes-del-operativo-presencial\/","og_site_name":"Noticias Radio Reflejos","article_published_time":"2022-05-16T18:40:45+00:00","og_image":[{"width":300,"height":200,"url":"https:\/\/www.noticiasradioreflejos.com.ar\/2021\/wp-content\/uploads\/2021\/07\/logosol300x200.png","type":"image\/png"}],"author":"Arnaldo Botto","twitter_card":"summary_large_image","schema":{"@context":"https:\/\/schema.org","@graph":[{"@type":"WebPage","@id":"https:\/\/www.noticiasradioreflejos.com.ar\/2021\/ultimos-dias-del-censo-digital-2022-las-claves-para-completarlo-antes-del-operativo-presencial\/","url":"https:\/\/www.noticiasradioreflejos.com.ar\/2021\/ultimos-dias-del-censo-digital-2022-las-claves-para-completarlo-antes-del-operativo-presencial\/","name":"\u00daltimos d\u00edas del Censo Digital 2022: las claves para completarlo antes del operativo presencial - Noticias Radio Reflejos","isPartOf":{"@id":"https:\/\/www.noticiasradioreflejos.com.ar\/2021\/#website"},"datePublished":"2022-05-16T18:40:45+00:00","author":{"@id":"https:\/\/www.noticiasradioreflejos.com.ar\/2021\/#\/schema\/person\/ad82545263dcc5ec0996818884fd5fb1"},"breadcrumb":{"@id":"https:\/\/www.noticiasradioreflejos.com.ar\/2021\/ultimos-dias-del-censo-digital-2022-las-claves-para-completarlo-antes-del-operativo-presencial\/#breadcrumb"},"inLanguage":"es","potentialAction":[{"@type":"ReadAction","target":["https:\/\/www.noticiasradioreflejos.com.ar\/2021\/ultimos-dias-del-censo-digital-2022-las-claves-para-completarlo-antes-del-operativo-presencial\/"]}]},{"@type":"BreadcrumbList","@id":"https:\/\/www.noticiasradioreflejos.com.ar\/2021\/ultimos-dias-del-censo-digital-2022-las-claves-para-completarlo-antes-del-operativo-presencial\/#breadcrumb","itemListElement":[{"@type":"ListItem","position":1,"name":"Portada","item":"https:\/\/www.noticiasradioreflejos.com.ar\/2021\/"},{"@type":"ListItem","position":2,"name":"\u00daltimos d\u00edas del Censo Digital 2022: las claves para completarlo antes del operativo presencial"}]},{"@type":"WebSite","@id":"https:\/\/www.noticiasradioreflejos.com.ar\/2021\/#website","url":"https:\/\/www.noticiasradioreflejos.com.ar\/2021\/","name":"Noticias Radio Reflejos","description":"Las noticias de mi comarca","potentialAction":[{"@type":"SearchAction","target":{"@type":"EntryPoint","urlTemplate":"https:\/\/www.noticiasradioreflejos.com.ar\/2021\/?s={search_term_string}"},"query-input":{"@type":"PropertyValueSpecification","valueRequired":true,"valueName":"search_term_string"}}],"inLanguage":"es"},{"@type":"Person","@id":"https:\/\/www.noticiasradioreflejos.com.ar\/2021\/#\/schema\/person\/ad82545263dcc5ec0996818884fd5fb1","name":"Arnaldo Botto","image":{"@type":"ImageObject","inLanguage":"es","@id":"https:\/\/www.noticiasradioreflejos.com.ar\/2021\/#\/schema\/person\/image\/","url":"https:\/\/secure.gravatar.com\/avatar\/55cb5e37c1efa326397366e6974cb338056df65cb50e7d64d1cf314e87504837?s=96&d=mm&r=g","contentUrl":"https:\/\/secure.gravatar.com\/avatar\/55cb5e37c1efa326397366e6974cb338056df65cb50e7d64d1cf314e87504837?s=96&d=mm&r=g","caption":"Arnaldo Botto"},"url":"https:\/\/www.noticiasradioreflejos.com.ar\/2021\/author\/arnaldo\/"}]}},"_links":{"self":[{"href":"https:\/\/www.noticiasradioreflejos.com.ar\/2021\/wp-json\/wp\/v2\/posts\/72024","targetHints":{"allow":["GET"]}}],"collection":[{"href":"https:\/\/www.noticiasradioreflejos.com.ar\/2021\/wp-json\/wp\/v2\/posts"}],"about":[{"href":"https:\/\/www.noticiasradioreflejos.com.ar\/2021\/wp-json\/wp\/v2\/types\/post"}],"author":[{"embeddable":true,"href":"https:\/\/www.noticiasradioreflejos.com.ar\/2021\/wp-json\/wp\/v2\/users\/3"}],"replies":[{"embeddable":true,"href":"https:\/\/www.noticiasradioreflejos.com.ar\/2021\/wp-json\/wp\/v2\/comments?post=72024"}],"version-history":[{"count":1,"href":"https:\/\/www.noticiasradioreflejos.com.ar\/2021\/wp-json\/wp\/v2\/posts\/72024\/revisions"}],"predecessor-version":[{"id":72025,"href":"https:\/\/www.noticiasradioreflejos.com.ar\/2021\/wp-json\/wp\/v2\/posts\/72024\/revisions\/72025"}],"wp:attachment":[{"href":"https:\/\/www.noticiasradioreflejos.com.ar\/2021\/wp-json\/wp\/v2\/media?parent=72024"}],"wp:term":[{"taxonomy":"category","embeddable":true,"href":"https:\/\/www.noticiasradioreflejos.com.ar\/2021\/wp-json\/wp\/v2\/categories?post=72024"},{"taxonomy":"post_tag","embeddable":true,"href":"https:\/\/www.noticiasradioreflejos.com.ar\/2021\/wp-json\/wp\/v2\/tags?post=72024"}],"curies":[{"name":"wp","href":"https:\/\/api.w.org\/{rel}","templated":true}]}}