{"id":72021,"date":"2022-05-16T18:36:39","date_gmt":"2022-05-16T18:36:39","guid":{"rendered":"http:\/\/www.noticiasradioreflejos.com.ar\/2021\/?p=72021"},"modified":"2022-05-16T18:36:39","modified_gmt":"2022-05-16T18:36:39","slug":"el-ministerio-de-desarrollo-territorial-y-habitat-anuncio-la-apertura-de-inscripciones-para-lotes-con-servicios","status":"publish","type":"post","link":"https:\/\/www.noticiasradioreflejos.com.ar\/2021\/el-ministerio-de-desarrollo-territorial-y-habitat-anuncio-la-apertura-de-inscripciones-para-lotes-con-servicios\/","title":{"rendered":"El Ministerio de Desarrollo Territorial y H\u00e1bitat anunci\u00f3 la apertura de inscripciones para Lotes con Servicios"},"content":{"rendered":"<p>Los terrenos est\u00e1n disponibles en 10 provincias y cuentan con toda la infraestructura de servicios.<!--more--><\/p>\n<p>El Ministerio de Desarrollo Territorial y H\u00e1bitat que conduce Jorge Ferraresi, abri\u00f3 la inscripci\u00f3n para Lotes con Servicios de Procrear II con su respectivo cr\u00e9dito para la construcci\u00f3n de viviendas nuevas de hasta 60 m2. Los mismos cuentan con la infraestructura urbana correspondiente, en predios gestionados integralmente por el Estado Nacional en m\u00e1s de 10 provincias.<\/p>\n<p>A partir del Plan Nacional de Suelo Urbano se est\u00e1n generando m\u00e1s de 30 mil lotes con servicios en las ciudades adheridas a este programa federal, que busca vincular la pol\u00edtica de suelo con el desarrollo territorial para garantizar el acceso al h\u00e1bitat de la poblaci\u00f3n a precios accesibles. As\u00ed, el Estado Nacional contin\u00faa desplegando una pol\u00edtica habitacional integral de acceso a la vivienda y aportando en la construcci\u00f3n de ciudades m\u00e1s equitativas.<\/p>\n<p>Los municipios bonaerenses en donde se podr\u00e1 adquirir un terreno son Adolfo Alsina, Bah\u00eda Blanca, Benito Ju\u00e1rez, Berazategui, Berisso, Carmen De Areco, Chacabuco, Coronel Pringles, Coronel Su\u00e1rez, Exaltaci\u00f3n De La Cruz, General Lamadrid, General Villegas, Hurlingham, La Plata, Las Flores, Lober\u00eda, Lobos, Mar Chiquita (Coronel Vidal), Mar Del Plata (243, 244 y 244A), Moreno, Olavarr\u00eda (Pickelado), Luj\u00e1n (Open Door), Pergamino, Pila, Saladillo, San Miguel del Monte, San Nicol\u00e1s De Los Arroyos, Tandil (Garbellini), Tornquist, Trenque Lauquen, Tres Lomas y Villa Gesell.<\/p>\n<p>Mientras que en el resto de las provincias los predios se ubican en las siguientes localidades: San Fernando del Valle de Catamarca (Catamarca), Puerto Madryn DU y Puerto Madryn IPV (Chubut), Villa Mar\u00eda &#8211; Reale, Seia y Soles De Mayo-, Cintra y Sampacho (C\u00f3rdoba), Gualeguaych\u00fa (Entre R\u00edos), Ciudad De Formosa (Formosa), Centenario y San Mart\u00edn De Los Andes (Neuqu\u00e9n), R\u00edo Gallegos (Santa Cruz), Esperanza (Santa Fe) y Tolhuin (Tierra del Fuego).<\/p>\n<p>Al respecto, el ministro Ferraresi expres\u00f3: \u201cDesde el Ministerio y en coordinaci\u00f3n con los gobiernos locales trabajamos para generar suelo urbano de calidad y que todos los argentinos y las argentinas tengan la misma oportunidad de vivir dignamente y en sus lugares de origen\u201d.<\/p>\n<p>Los interesados e interesadas pueden inscribirse a trav\u00e9s de la p\u00e1gina del Ministerio de Desarrollo Territorial y H\u00e1bitat, para acceder al lote y al cr\u00e9dito a tasa cero, que se actualiza a partir de la f\u00f3rmula Casa Propia, y que tiene en cuenta el coeficiente de variaci\u00f3n salarial, brindando previsibilidad a las familias adjudicatarias.<\/p>\n","protected":false},"excerpt":{"rendered":"<p>Los terrenos est\u00e1n disponibles en 10 provincias y cuentan con toda la infraestructura de servicios.<\/p>\n","protected":false},"author":3,"featured_media":0,"comment_status":"closed","ping_status":"closed","sticky":false,"template":"","format":"standard","meta":{"footnotes":""},"categories":[25],"tags":[],"class_list":["post-72021","post","type-post","status-publish","format-standard","hentry","category-uncategorized"],"yoast_head":"<!-- This site is optimized with the Yoast SEO plugin v25.9 - https:\/\/yoast.com\/wordpress\/plugins\/seo\/ -->\n<title>El Ministerio de Desarrollo Territorial y H\u00e1bitat anunci\u00f3 la apertura de inscripciones para Lotes con Servicios - Noticias Radio Reflejos<\/title>\n<meta name=\"robots\" content=\"index, follow, max-snippet:-1, max-image-preview:large, max-video-preview:-1\" \/>\n<link rel=\"canonical\" href=\"https:\/\/www.noticiasradioreflejos.com.ar\/2021\/el-ministerio-de-desarrollo-territorial-y-habitat-anuncio-la-apertura-de-inscripciones-para-lotes-con-servicios\/\" \/>\n<meta property=\"og:locale\" content=\"es_ES\" \/>\n<meta property=\"og:type\" content=\"article\" \/>\n<meta property=\"og:title\" content=\"El Ministerio de Desarrollo Territorial y H\u00e1bitat anunci\u00f3 la apertura de inscripciones para Lotes con Servicios - Noticias Radio Reflejos\" \/>\n<meta property=\"og:description\" content=\"Los terrenos est\u00e1n disponibles en 10 provincias y cuentan con toda la infraestructura de servicios.\" \/>\n<meta property=\"og:url\" content=\"https:\/\/www.noticiasradioreflejos.com.ar\/2021\/el-ministerio-de-desarrollo-territorial-y-habitat-anuncio-la-apertura-de-inscripciones-para-lotes-con-servicios\/\" \/>\n<meta property=\"og:site_name\" content=\"Noticias Radio Reflejos\" \/>\n<meta property=\"article:published_time\" content=\"2022-05-16T18:36:39+00:00\" \/>\n<meta property=\"og:image\" content=\"https:\/\/www.noticiasradioreflejos.com.ar\/2021\/wp-content\/uploads\/2021\/07\/logosol300x200.png\" \/>\n\t<meta property=\"og:image:width\" content=\"300\" \/>\n\t<meta property=\"og:image:height\" content=\"200\" \/>\n\t<meta property=\"og:image:type\" content=\"image\/png\" \/>\n<meta name=\"author\" content=\"Arnaldo Botto\" \/>\n<meta name=\"twitter:card\" content=\"summary_large_image\" \/>\n<script type=\"application\/ld+json\" class=\"yoast-schema-graph\">{\"@context\":\"https:\/\/schema.org\",\"@graph\":[{\"@type\":\"WebPage\",\"@id\":\"https:\/\/www.noticiasradioreflejos.com.ar\/2021\/el-ministerio-de-desarrollo-territorial-y-habitat-anuncio-la-apertura-de-inscripciones-para-lotes-con-servicios\/\",\"url\":\"https:\/\/www.noticiasradioreflejos.com.ar\/2021\/el-ministerio-de-desarrollo-territorial-y-habitat-anuncio-la-apertura-de-inscripciones-para-lotes-con-servicios\/\",\"name\":\"El Ministerio de Desarrollo Territorial y H\u00e1bitat anunci\u00f3 la apertura de inscripciones para Lotes con Servicios - Noticias Radio Reflejos\",\"isPartOf\":{\"@id\":\"https:\/\/www.noticiasradioreflejos.com.ar\/2021\/#website\"},\"datePublished\":\"2022-05-16T18:36:39+00:00\",\"author\":{\"@id\":\"https:\/\/www.noticiasradioreflejos.com.ar\/2021\/#\/schema\/person\/ad82545263dcc5ec0996818884fd5fb1\"},\"breadcrumb\":{\"@id\":\"https:\/\/www.noticiasradioreflejos.com.ar\/2021\/el-ministerio-de-desarrollo-territorial-y-habitat-anuncio-la-apertura-de-inscripciones-para-lotes-con-servicios\/#breadcrumb\"},\"inLanguage\":\"es\",\"potentialAction\":[{\"@type\":\"ReadAction\",\"target\":[\"https:\/\/www.noticiasradioreflejos.com.ar\/2021\/el-ministerio-de-desarrollo-territorial-y-habitat-anuncio-la-apertura-de-inscripciones-para-lotes-con-servicios\/\"]}]},{\"@type\":\"BreadcrumbList\",\"@id\":\"https:\/\/www.noticiasradioreflejos.com.ar\/2021\/el-ministerio-de-desarrollo-territorial-y-habitat-anuncio-la-apertura-de-inscripciones-para-lotes-con-servicios\/#breadcrumb\",\"itemListElement\":[{\"@type\":\"ListItem\",\"position\":1,\"name\":\"Portada\",\"item\":\"https:\/\/www.noticiasradioreflejos.com.ar\/2021\/\"},{\"@type\":\"ListItem\",\"position\":2,\"name\":\"El Ministerio de Desarrollo Territorial y H\u00e1bitat anunci\u00f3 la apertura de inscripciones para Lotes con Servicios\"}]},{\"@type\":\"WebSite\",\"@id\":\"https:\/\/www.noticiasradioreflejos.com.ar\/2021\/#website\",\"url\":\"https:\/\/www.noticiasradioreflejos.com.ar\/2021\/\",\"name\":\"Noticias Radio Reflejos\",\"description\":\"Las noticias de mi comarca\",\"potentialAction\":[{\"@type\":\"SearchAction\",\"target\":{\"@type\":\"EntryPoint\",\"urlTemplate\":\"https:\/\/www.noticiasradioreflejos.com.ar\/2021\/?s={search_term_string}\"},\"query-input\":{\"@type\":\"PropertyValueSpecification\",\"valueRequired\":true,\"valueName\":\"search_term_string\"}}],\"inLanguage\":\"es\"},{\"@type\":\"Person\",\"@id\":\"https:\/\/www.noticiasradioreflejos.com.ar\/2021\/#\/schema\/person\/ad82545263dcc5ec0996818884fd5fb1\",\"name\":\"Arnaldo Botto\",\"image\":{\"@type\":\"ImageObject\",\"inLanguage\":\"es\",\"@id\":\"https:\/\/www.noticiasradioreflejos.com.ar\/2021\/#\/schema\/person\/image\/\",\"url\":\"https:\/\/secure.gravatar.com\/avatar\/55cb5e37c1efa326397366e6974cb338056df65cb50e7d64d1cf314e87504837?s=96&d=mm&r=g\",\"contentUrl\":\"https:\/\/secure.gravatar.com\/avatar\/55cb5e37c1efa326397366e6974cb338056df65cb50e7d64d1cf314e87504837?s=96&d=mm&r=g\",\"caption\":\"Arnaldo Botto\"},\"url\":\"https:\/\/www.noticiasradioreflejos.com.ar\/2021\/author\/arnaldo\/\"}]}<\/script>\n<!-- \/ Yoast SEO plugin. -->","yoast_head_json":{"title":"El Ministerio de Desarrollo Territorial y H\u00e1bitat anunci\u00f3 la apertura de inscripciones para Lotes con Servicios - Noticias Radio Reflejos","robots":{"index":"index","follow":"follow","max-snippet":"max-snippet:-1","max-image-preview":"max-image-preview:large","max-video-preview":"max-video-preview:-1"},"canonical":"https:\/\/www.noticiasradioreflejos.com.ar\/2021\/el-ministerio-de-desarrollo-territorial-y-habitat-anuncio-la-apertura-de-inscripciones-para-lotes-con-servicios\/","og_locale":"es_ES","og_type":"article","og_title":"El Ministerio de Desarrollo Territorial y H\u00e1bitat anunci\u00f3 la apertura de inscripciones para Lotes con Servicios - Noticias Radio Reflejos","og_description":"Los terrenos est\u00e1n disponibles en 10 provincias y cuentan con toda la infraestructura de servicios.","og_url":"https:\/\/www.noticiasradioreflejos.com.ar\/2021\/el-ministerio-de-desarrollo-territorial-y-habitat-anuncio-la-apertura-de-inscripciones-para-lotes-con-servicios\/","og_site_name":"Noticias Radio Reflejos","article_published_time":"2022-05-16T18:36:39+00:00","og_image":[{"width":300,"height":200,"url":"https:\/\/www.noticiasradioreflejos.com.ar\/2021\/wp-content\/uploads\/2021\/07\/logosol300x200.png","type":"image\/png"}],"author":"Arnaldo Botto","twitter_card":"summary_large_image","schema":{"@context":"https:\/\/schema.org","@graph":[{"@type":"WebPage","@id":"https:\/\/www.noticiasradioreflejos.com.ar\/2021\/el-ministerio-de-desarrollo-territorial-y-habitat-anuncio-la-apertura-de-inscripciones-para-lotes-con-servicios\/","url":"https:\/\/www.noticiasradioreflejos.com.ar\/2021\/el-ministerio-de-desarrollo-territorial-y-habitat-anuncio-la-apertura-de-inscripciones-para-lotes-con-servicios\/","name":"El Ministerio de Desarrollo Territorial y H\u00e1bitat anunci\u00f3 la apertura de inscripciones para Lotes con Servicios - Noticias Radio Reflejos","isPartOf":{"@id":"https:\/\/www.noticiasradioreflejos.com.ar\/2021\/#website"},"datePublished":"2022-05-16T18:36:39+00:00","author":{"@id":"https:\/\/www.noticiasradioreflejos.com.ar\/2021\/#\/schema\/person\/ad82545263dcc5ec0996818884fd5fb1"},"breadcrumb":{"@id":"https:\/\/www.noticiasradioreflejos.com.ar\/2021\/el-ministerio-de-desarrollo-territorial-y-habitat-anuncio-la-apertura-de-inscripciones-para-lotes-con-servicios\/#breadcrumb"},"inLanguage":"es","potentialAction":[{"@type":"ReadAction","target":["https:\/\/www.noticiasradioreflejos.com.ar\/2021\/el-ministerio-de-desarrollo-territorial-y-habitat-anuncio-la-apertura-de-inscripciones-para-lotes-con-servicios\/"]}]},{"@type":"BreadcrumbList","@id":"https:\/\/www.noticiasradioreflejos.com.ar\/2021\/el-ministerio-de-desarrollo-territorial-y-habitat-anuncio-la-apertura-de-inscripciones-para-lotes-con-servicios\/#breadcrumb","itemListElement":[{"@type":"ListItem","position":1,"name":"Portada","item":"https:\/\/www.noticiasradioreflejos.com.ar\/2021\/"},{"@type":"ListItem","position":2,"name":"El Ministerio de Desarrollo Territorial y H\u00e1bitat anunci\u00f3 la apertura de inscripciones para Lotes con Servicios"}]},{"@type":"WebSite","@id":"https:\/\/www.noticiasradioreflejos.com.ar\/2021\/#website","url":"https:\/\/www.noticiasradioreflejos.com.ar\/2021\/","name":"Noticias Radio Reflejos","description":"Las noticias de mi comarca","potentialAction":[{"@type":"SearchAction","target":{"@type":"EntryPoint","urlTemplate":"https:\/\/www.noticiasradioreflejos.com.ar\/2021\/?s={search_term_string}"},"query-input":{"@type":"PropertyValueSpecification","valueRequired":true,"valueName":"search_term_string"}}],"inLanguage":"es"},{"@type":"Person","@id":"https:\/\/www.noticiasradioreflejos.com.ar\/2021\/#\/schema\/person\/ad82545263dcc5ec0996818884fd5fb1","name":"Arnaldo Botto","image":{"@type":"ImageObject","inLanguage":"es","@id":"https:\/\/www.noticiasradioreflejos.com.ar\/2021\/#\/schema\/person\/image\/","url":"https:\/\/secure.gravatar.com\/avatar\/55cb5e37c1efa326397366e6974cb338056df65cb50e7d64d1cf314e87504837?s=96&d=mm&r=g","contentUrl":"https:\/\/secure.gravatar.com\/avatar\/55cb5e37c1efa326397366e6974cb338056df65cb50e7d64d1cf314e87504837?s=96&d=mm&r=g","caption":"Arnaldo Botto"},"url":"https:\/\/www.noticiasradioreflejos.com.ar\/2021\/author\/arnaldo\/"}]}},"_links":{"self":[{"href":"https:\/\/www.noticiasradioreflejos.com.ar\/2021\/wp-json\/wp\/v2\/posts\/72021","targetHints":{"allow":["GET"]}}],"collection":[{"href":"https:\/\/www.noticiasradioreflejos.com.ar\/2021\/wp-json\/wp\/v2\/posts"}],"about":[{"href":"https:\/\/www.noticiasradioreflejos.com.ar\/2021\/wp-json\/wp\/v2\/types\/post"}],"author":[{"embeddable":true,"href":"https:\/\/www.noticiasradioreflejos.com.ar\/2021\/wp-json\/wp\/v2\/users\/3"}],"replies":[{"embeddable":true,"href":"https:\/\/www.noticiasradioreflejos.com.ar\/2021\/wp-json\/wp\/v2\/comments?post=72021"}],"version-history":[{"count":1,"href":"https:\/\/www.noticiasradioreflejos.com.ar\/2021\/wp-json\/wp\/v2\/posts\/72021\/revisions"}],"predecessor-version":[{"id":72023,"href":"https:\/\/www.noticiasradioreflejos.com.ar\/2021\/wp-json\/wp\/v2\/posts\/72021\/revisions\/72023"}],"wp:attachment":[{"href":"https:\/\/www.noticiasradioreflejos.com.ar\/2021\/wp-json\/wp\/v2\/media?parent=72021"}],"wp:term":[{"taxonomy":"category","embeddable":true,"href":"https:\/\/www.noticiasradioreflejos.com.ar\/2021\/wp-json\/wp\/v2\/categories?post=72021"},{"taxonomy":"post_tag","embeddable":true,"href":"https:\/\/www.noticiasradioreflejos.com.ar\/2021\/wp-json\/wp\/v2\/tags?post=72021"}],"curies":[{"name":"wp","href":"https:\/\/api.w.org\/{rel}","templated":true}]}}