{"id":71972,"date":"2022-05-16T12:40:29","date_gmt":"2022-05-16T12:40:29","guid":{"rendered":"http:\/\/www.noticiasradioreflejos.com.ar\/2021\/?p=71972"},"modified":"2022-05-16T12:40:29","modified_gmt":"2022-05-16T12:40:29","slug":"la-escuela-municipal-de-atletismo-dijo-presente-en-un-torneo-de-olavarria","status":"publish","type":"post","link":"https:\/\/www.noticiasradioreflejos.com.ar\/2021\/la-escuela-municipal-de-atletismo-dijo-presente-en-un-torneo-de-olavarria\/","title":{"rendered":"La Escuela Municipal de Atletismo dijo presente en un torneo de Olavarr\u00eda"},"content":{"rendered":"<p>Este s\u00e1bado, la Escuela Municipal de Atletismo de Tornquist (EMAT), viaj\u00f3 a Olavarr\u00eda para participar del 1\u00b0 Torneo de Pista y Campo, que se desarroll\u00f3 en el marco de la inauguraci\u00f3n de la pista de atletismo de la ciudad.<!--more--><\/p>\n<p><a title=\"EMAT en Olavarria (3)\" href=\"https:\/\/www.flickr.com\/photos\/182279889@N02\/52077376501\/in\/dateposted-public\/\" data-flickr-embed=\"true\"><img loading=\"lazy\" decoding=\"async\" src=\"https:\/\/live.staticflickr.com\/65535\/52077376501_7c4b08d25a_c.jpg\" alt=\"EMAT en Olavarria (3)\" width=\"800\" height=\"555\" \/><\/a><script async src=\"\/\/embedr.flickr.com\/assets\/client-code.js\" charset=\"utf-8\"><\/script><\/p>\n<p>La delegaci\u00f3n de Tornquist estuvo integrada por 24 atletas, pertenecientes a las sedes de la localidad cabecera, Chasic\u00f3, Villa Ventana, Sierra de la Ventana y Saldungaray de la EMAT.<\/p>\n<p>Adem\u00e1s de los anfitriones, fueron parte tambi\u00e9n representantes de Azul, Laprida, La Madrid, Benito Ju\u00e1rez y Tandil.<\/p>\n<p>Los atletas se volvieron con la mochila llena de experiencias, amigos y vivencias que acompa\u00f1an a la gran cantidad de medallas que cosecharon. Adem\u00e1s de las pruebas individuales, el distrito particip\u00f3 con tres equipos de postas (dos masculinas y una femenina), para culminar la importante tarde deportiva.<\/p>\n<p>Desde la EMAT, perteneciente a la Subsecretar\u00eda de Deportes, felicitan a Olavarr\u00eda por la inauguraci\u00f3n de la pista, que permitir\u00e1 jerarquizar y potenciar el atletismo regional.<br \/>\n<a title=\"EMAT en Olavarria (2)\" href=\"https:\/\/www.flickr.com\/photos\/182279889@N02\/52077387533\/in\/dateposted-public\/\" data-flickr-embed=\"true\"><img loading=\"lazy\" decoding=\"async\" src=\"https:\/\/live.staticflickr.com\/65535\/52077387533_bfefa233d7_c.jpg\" alt=\"EMAT en Olavarria (2)\" width=\"800\" height=\"540\" \/><\/a><script async src=\"\/\/embedr.flickr.com\/assets\/client-code.js\" charset=\"utf-8\"><\/script><\/p>\n<p><a title=\"EMAT en Olavarria (4)\" href=\"https:\/\/www.flickr.com\/photos\/182279889@N02\/52077867655\/in\/dateposted-public\/\" data-flickr-embed=\"true\"><img loading=\"lazy\" decoding=\"async\" class=\"aligncenter\" src=\"https:\/\/live.staticflickr.com\/65535\/52077867655_c3548bbffb.jpg\" alt=\"EMAT en Olavarria (4)\" width=\"614\" height=\"559\" \/><\/a><script async src=\"\/\/embedr.flickr.com\/assets\/client-code.js\" charset=\"utf-8\"><\/script><\/p>\n","protected":false},"excerpt":{"rendered":"<p>Este s\u00e1bado, la Escuela Municipal de Atletismo de Tornquist (EMAT), viaj\u00f3 a Olavarr\u00eda para participar del 1\u00b0 Torneo de Pista y Campo, que se desarroll\u00f3 en el marco de la inauguraci\u00f3n de la pista de atletismo de la ciudad.<\/p>\n","protected":false},"author":3,"featured_media":0,"comment_status":"closed","ping_status":"closed","sticky":false,"template":"","format":"standard","meta":{"footnotes":""},"categories":[27],"tags":[],"class_list":["post-71972","post","type-post","status-publish","format-standard","hentry","category-deportes"],"yoast_head":"<!-- This site is optimized with the Yoast SEO plugin v25.9 - https:\/\/yoast.com\/wordpress\/plugins\/seo\/ -->\n<title>La Escuela Municipal de Atletismo dijo presente en un torneo de Olavarr\u00eda - Noticias Radio Reflejos<\/title>\n<meta name=\"robots\" content=\"index, follow, max-snippet:-1, max-image-preview:large, max-video-preview:-1\" \/>\n<link rel=\"canonical\" href=\"https:\/\/www.noticiasradioreflejos.com.ar\/2021\/la-escuela-municipal-de-atletismo-dijo-presente-en-un-torneo-de-olavarria\/\" \/>\n<meta property=\"og:locale\" content=\"es_ES\" \/>\n<meta property=\"og:type\" content=\"article\" \/>\n<meta property=\"og:title\" content=\"La Escuela Municipal de Atletismo dijo presente en un torneo de Olavarr\u00eda - Noticias Radio Reflejos\" \/>\n<meta property=\"og:description\" content=\"Este s\u00e1bado, la Escuela Municipal de Atletismo de Tornquist (EMAT), viaj\u00f3 a Olavarr\u00eda para participar del 1\u00b0 Torneo de Pista y Campo, que se desarroll\u00f3 en el marco de la inauguraci\u00f3n de la pista de atletismo de la ciudad.\" \/>\n<meta property=\"og:url\" content=\"https:\/\/www.noticiasradioreflejos.com.ar\/2021\/la-escuela-municipal-de-atletismo-dijo-presente-en-un-torneo-de-olavarria\/\" \/>\n<meta property=\"og:site_name\" content=\"Noticias Radio Reflejos\" \/>\n<meta property=\"article:published_time\" content=\"2022-05-16T12:40:29+00:00\" \/>\n<meta property=\"og:image\" content=\"https:\/\/live.staticflickr.com\/65535\/52077376501_7c4b08d25a_c.jpg\" \/>\n<meta name=\"author\" content=\"Arnaldo Botto\" \/>\n<meta name=\"twitter:card\" content=\"summary_large_image\" \/>\n<script type=\"application\/ld+json\" class=\"yoast-schema-graph\">{\"@context\":\"https:\/\/schema.org\",\"@graph\":[{\"@type\":\"WebPage\",\"@id\":\"https:\/\/www.noticiasradioreflejos.com.ar\/2021\/la-escuela-municipal-de-atletismo-dijo-presente-en-un-torneo-de-olavarria\/\",\"url\":\"https:\/\/www.noticiasradioreflejos.com.ar\/2021\/la-escuela-municipal-de-atletismo-dijo-presente-en-un-torneo-de-olavarria\/\",\"name\":\"La Escuela Municipal de Atletismo dijo presente en un torneo de Olavarr\u00eda - Noticias Radio Reflejos\",\"isPartOf\":{\"@id\":\"https:\/\/www.noticiasradioreflejos.com.ar\/2021\/#website\"},\"primaryImageOfPage\":{\"@id\":\"https:\/\/www.noticiasradioreflejos.com.ar\/2021\/la-escuela-municipal-de-atletismo-dijo-presente-en-un-torneo-de-olavarria\/#primaryimage\"},\"image\":{\"@id\":\"https:\/\/www.noticiasradioreflejos.com.ar\/2021\/la-escuela-municipal-de-atletismo-dijo-presente-en-un-torneo-de-olavarria\/#primaryimage\"},\"thumbnailUrl\":\"https:\/\/live.staticflickr.com\/65535\/52077376501_7c4b08d25a_c.jpg\",\"datePublished\":\"2022-05-16T12:40:29+00:00\",\"author\":{\"@id\":\"https:\/\/www.noticiasradioreflejos.com.ar\/2021\/#\/schema\/person\/ad82545263dcc5ec0996818884fd5fb1\"},\"breadcrumb\":{\"@id\":\"https:\/\/www.noticiasradioreflejos.com.ar\/2021\/la-escuela-municipal-de-atletismo-dijo-presente-en-un-torneo-de-olavarria\/#breadcrumb\"},\"inLanguage\":\"es\",\"potentialAction\":[{\"@type\":\"ReadAction\",\"target\":[\"https:\/\/www.noticiasradioreflejos.com.ar\/2021\/la-escuela-municipal-de-atletismo-dijo-presente-en-un-torneo-de-olavarria\/\"]}]},{\"@type\":\"ImageObject\",\"inLanguage\":\"es\",\"@id\":\"https:\/\/www.noticiasradioreflejos.com.ar\/2021\/la-escuela-municipal-de-atletismo-dijo-presente-en-un-torneo-de-olavarria\/#primaryimage\",\"url\":\"https:\/\/live.staticflickr.com\/65535\/52077376501_7c4b08d25a_c.jpg\",\"contentUrl\":\"https:\/\/live.staticflickr.com\/65535\/52077376501_7c4b08d25a_c.jpg\"},{\"@type\":\"BreadcrumbList\",\"@id\":\"https:\/\/www.noticiasradioreflejos.com.ar\/2021\/la-escuela-municipal-de-atletismo-dijo-presente-en-un-torneo-de-olavarria\/#breadcrumb\",\"itemListElement\":[{\"@type\":\"ListItem\",\"position\":1,\"name\":\"Portada\",\"item\":\"https:\/\/www.noticiasradioreflejos.com.ar\/2021\/\"},{\"@type\":\"ListItem\",\"position\":2,\"name\":\"La Escuela Municipal de Atletismo dijo presente en un torneo de Olavarr\u00eda\"}]},{\"@type\":\"WebSite\",\"@id\":\"https:\/\/www.noticiasradioreflejos.com.ar\/2021\/#website\",\"url\":\"https:\/\/www.noticiasradioreflejos.com.ar\/2021\/\",\"name\":\"Noticias Radio Reflejos\",\"description\":\"Las noticias de mi comarca\",\"potentialAction\":[{\"@type\":\"SearchAction\",\"target\":{\"@type\":\"EntryPoint\",\"urlTemplate\":\"https:\/\/www.noticiasradioreflejos.com.ar\/2021\/?s={search_term_string}\"},\"query-input\":{\"@type\":\"PropertyValueSpecification\",\"valueRequired\":true,\"valueName\":\"search_term_string\"}}],\"inLanguage\":\"es\"},{\"@type\":\"Person\",\"@id\":\"https:\/\/www.noticiasradioreflejos.com.ar\/2021\/#\/schema\/person\/ad82545263dcc5ec0996818884fd5fb1\",\"name\":\"Arnaldo Botto\",\"image\":{\"@type\":\"ImageObject\",\"inLanguage\":\"es\",\"@id\":\"https:\/\/www.noticiasradioreflejos.com.ar\/2021\/#\/schema\/person\/image\/\",\"url\":\"https:\/\/secure.gravatar.com\/avatar\/55cb5e37c1efa326397366e6974cb338056df65cb50e7d64d1cf314e87504837?s=96&d=mm&r=g\",\"contentUrl\":\"https:\/\/secure.gravatar.com\/avatar\/55cb5e37c1efa326397366e6974cb338056df65cb50e7d64d1cf314e87504837?s=96&d=mm&r=g\",\"caption\":\"Arnaldo Botto\"},\"url\":\"https:\/\/www.noticiasradioreflejos.com.ar\/2021\/author\/arnaldo\/\"}]}<\/script>\n<!-- \/ Yoast SEO plugin. -->","yoast_head_json":{"title":"La Escuela Municipal de Atletismo dijo presente en un torneo de Olavarr\u00eda - Noticias Radio Reflejos","robots":{"index":"index","follow":"follow","max-snippet":"max-snippet:-1","max-image-preview":"max-image-preview:large","max-video-preview":"max-video-preview:-1"},"canonical":"https:\/\/www.noticiasradioreflejos.com.ar\/2021\/la-escuela-municipal-de-atletismo-dijo-presente-en-un-torneo-de-olavarria\/","og_locale":"es_ES","og_type":"article","og_title":"La Escuela Municipal de Atletismo dijo presente en un torneo de Olavarr\u00eda - Noticias Radio Reflejos","og_description":"Este s\u00e1bado, la Escuela Municipal de Atletismo de Tornquist (EMAT), viaj\u00f3 a Olavarr\u00eda para participar del 1\u00b0 Torneo de Pista y Campo, que se desarroll\u00f3 en el marco de la inauguraci\u00f3n de la pista de atletismo de la ciudad.","og_url":"https:\/\/www.noticiasradioreflejos.com.ar\/2021\/la-escuela-municipal-de-atletismo-dijo-presente-en-un-torneo-de-olavarria\/","og_site_name":"Noticias Radio Reflejos","article_published_time":"2022-05-16T12:40:29+00:00","og_image":[{"url":"https:\/\/live.staticflickr.com\/65535\/52077376501_7c4b08d25a_c.jpg","type":"","width":"","height":""}],"author":"Arnaldo Botto","twitter_card":"summary_large_image","schema":{"@context":"https:\/\/schema.org","@graph":[{"@type":"WebPage","@id":"https:\/\/www.noticiasradioreflejos.com.ar\/2021\/la-escuela-municipal-de-atletismo-dijo-presente-en-un-torneo-de-olavarria\/","url":"https:\/\/www.noticiasradioreflejos.com.ar\/2021\/la-escuela-municipal-de-atletismo-dijo-presente-en-un-torneo-de-olavarria\/","name":"La Escuela Municipal de Atletismo dijo presente en un torneo de Olavarr\u00eda - Noticias Radio Reflejos","isPartOf":{"@id":"https:\/\/www.noticiasradioreflejos.com.ar\/2021\/#website"},"primaryImageOfPage":{"@id":"https:\/\/www.noticiasradioreflejos.com.ar\/2021\/la-escuela-municipal-de-atletismo-dijo-presente-en-un-torneo-de-olavarria\/#primaryimage"},"image":{"@id":"https:\/\/www.noticiasradioreflejos.com.ar\/2021\/la-escuela-municipal-de-atletismo-dijo-presente-en-un-torneo-de-olavarria\/#primaryimage"},"thumbnailUrl":"https:\/\/live.staticflickr.com\/65535\/52077376501_7c4b08d25a_c.jpg","datePublished":"2022-05-16T12:40:29+00:00","author":{"@id":"https:\/\/www.noticiasradioreflejos.com.ar\/2021\/#\/schema\/person\/ad82545263dcc5ec0996818884fd5fb1"},"breadcrumb":{"@id":"https:\/\/www.noticiasradioreflejos.com.ar\/2021\/la-escuela-municipal-de-atletismo-dijo-presente-en-un-torneo-de-olavarria\/#breadcrumb"},"inLanguage":"es","potentialAction":[{"@type":"ReadAction","target":["https:\/\/www.noticiasradioreflejos.com.ar\/2021\/la-escuela-municipal-de-atletismo-dijo-presente-en-un-torneo-de-olavarria\/"]}]},{"@type":"ImageObject","inLanguage":"es","@id":"https:\/\/www.noticiasradioreflejos.com.ar\/2021\/la-escuela-municipal-de-atletismo-dijo-presente-en-un-torneo-de-olavarria\/#primaryimage","url":"https:\/\/live.staticflickr.com\/65535\/52077376501_7c4b08d25a_c.jpg","contentUrl":"https:\/\/live.staticflickr.com\/65535\/52077376501_7c4b08d25a_c.jpg"},{"@type":"BreadcrumbList","@id":"https:\/\/www.noticiasradioreflejos.com.ar\/2021\/la-escuela-municipal-de-atletismo-dijo-presente-en-un-torneo-de-olavarria\/#breadcrumb","itemListElement":[{"@type":"ListItem","position":1,"name":"Portada","item":"https:\/\/www.noticiasradioreflejos.com.ar\/2021\/"},{"@type":"ListItem","position":2,"name":"La Escuela Municipal de Atletismo dijo presente en un torneo de Olavarr\u00eda"}]},{"@type":"WebSite","@id":"https:\/\/www.noticiasradioreflejos.com.ar\/2021\/#website","url":"https:\/\/www.noticiasradioreflejos.com.ar\/2021\/","name":"Noticias Radio Reflejos","description":"Las noticias de mi comarca","potentialAction":[{"@type":"SearchAction","target":{"@type":"EntryPoint","urlTemplate":"https:\/\/www.noticiasradioreflejos.com.ar\/2021\/?s={search_term_string}"},"query-input":{"@type":"PropertyValueSpecification","valueRequired":true,"valueName":"search_term_string"}}],"inLanguage":"es"},{"@type":"Person","@id":"https:\/\/www.noticiasradioreflejos.com.ar\/2021\/#\/schema\/person\/ad82545263dcc5ec0996818884fd5fb1","name":"Arnaldo Botto","image":{"@type":"ImageObject","inLanguage":"es","@id":"https:\/\/www.noticiasradioreflejos.com.ar\/2021\/#\/schema\/person\/image\/","url":"https:\/\/secure.gravatar.com\/avatar\/55cb5e37c1efa326397366e6974cb338056df65cb50e7d64d1cf314e87504837?s=96&d=mm&r=g","contentUrl":"https:\/\/secure.gravatar.com\/avatar\/55cb5e37c1efa326397366e6974cb338056df65cb50e7d64d1cf314e87504837?s=96&d=mm&r=g","caption":"Arnaldo Botto"},"url":"https:\/\/www.noticiasradioreflejos.com.ar\/2021\/author\/arnaldo\/"}]}},"_links":{"self":[{"href":"https:\/\/www.noticiasradioreflejos.com.ar\/2021\/wp-json\/wp\/v2\/posts\/71972","targetHints":{"allow":["GET"]}}],"collection":[{"href":"https:\/\/www.noticiasradioreflejos.com.ar\/2021\/wp-json\/wp\/v2\/posts"}],"about":[{"href":"https:\/\/www.noticiasradioreflejos.com.ar\/2021\/wp-json\/wp\/v2\/types\/post"}],"author":[{"embeddable":true,"href":"https:\/\/www.noticiasradioreflejos.com.ar\/2021\/wp-json\/wp\/v2\/users\/3"}],"replies":[{"embeddable":true,"href":"https:\/\/www.noticiasradioreflejos.com.ar\/2021\/wp-json\/wp\/v2\/comments?post=71972"}],"version-history":[{"count":1,"href":"https:\/\/www.noticiasradioreflejos.com.ar\/2021\/wp-json\/wp\/v2\/posts\/71972\/revisions"}],"predecessor-version":[{"id":71974,"href":"https:\/\/www.noticiasradioreflejos.com.ar\/2021\/wp-json\/wp\/v2\/posts\/71972\/revisions\/71974"}],"wp:attachment":[{"href":"https:\/\/www.noticiasradioreflejos.com.ar\/2021\/wp-json\/wp\/v2\/media?parent=71972"}],"wp:term":[{"taxonomy":"category","embeddable":true,"href":"https:\/\/www.noticiasradioreflejos.com.ar\/2021\/wp-json\/wp\/v2\/categories?post=71972"},{"taxonomy":"post_tag","embeddable":true,"href":"https:\/\/www.noticiasradioreflejos.com.ar\/2021\/wp-json\/wp\/v2\/tags?post=71972"}],"curies":[{"name":"wp","href":"https:\/\/api.w.org\/{rel}","templated":true}]}}