{"id":71952,"date":"2022-05-15T22:34:01","date_gmt":"2022-05-15T22:34:01","guid":{"rendered":"http:\/\/www.noticiasradioreflejos.com.ar\/2021\/?p=71952"},"modified":"2022-05-15T22:34:01","modified_gmt":"2022-05-15T22:34:01","slug":"alerta-por-un-ciclon-extratropical-que-afectara-a-la-costa-bonaerense","status":"publish","type":"post","link":"https:\/\/www.noticiasradioreflejos.com.ar\/2021\/alerta-por-un-ciclon-extratropical-que-afectara-a-la-costa-bonaerense\/","title":{"rendered":"Alerta por un \u00abcicl\u00f3n extratropical\u00bb que afectar\u00e1 a la costa bonaerense"},"content":{"rendered":"<p>El <b>Servicio Meterol\u00f3gico Nacional (SMN)<\/b>\u00a0advirti\u00f3 en las \u00faltimas horas que un fen\u00f3meno \u00abpoco frecuente\u00bb que tendr\u00e1 las caracter\u00edsticas de un\u00a0<b>\u00abcicl\u00f3n extratropical\u00bb<\/b>\u00a0puede afectar a partir de este\u00a0<b>domingo\u00a0<\/b>el este de la\u00a0<b>costa bonaerense<\/b>\u00a0con \u00abvarios d\u00edas de lluvias y vientos muy intensos\u00bb que persistir\u00e1n al menos hasta el martes.<!--more--><\/p>\n<p><img decoding=\"async\" class=\" \" src=\"https:\/\/images.pagina12.com.ar\/styles\/focal_3_2_960x640\/public\/2022-05\/525702-ciclon_0.jpg?itok=rZe3emjL\" alt=\"\" \/><\/p>\n<p>Seg\u00fan detall\u00f3 el organismo, habr\u00e1 \u00ab<b>vientos intensos y lluvias\u00a0<\/b>en el sudeste y este de la provincia de Buenos Aires para luego desplazarse hacia el noreste, alej\u00e1ndose del continente, lo que causar\u00e1 vientos del sector sur con velocidades entre 45 y 55 kil\u00f3metros por hora y\u00a0<b>r\u00e1fagas de hasta 75 kil\u00f3metros por hora<\/b>\u00ab.<\/p>\n<p>El\u00a0<b>lunes<\/b>, el fen\u00f3meno<b>\u00a0<\/b>\u00abcambiar\u00e1 su rumbo hacia el oeste, acerc\u00e1ndose a nuestro continente\u00bb.\u00a0Durante la tarde y noche del\u00a0<b>martes<\/b>, en tanto, \u00abse mover\u00e1 hacia el noroeste y es posible que se desplace muy cerca del\u00a0<b>este de Uruguay y el extremo sur de Brasil<\/b>\u00ab, donde \u00abprovocar\u00e1 fuertes lluvias, oleaje y, especialmente, vientos con r\u00e1fagas muy intensas que podr\u00edan superar los 100 kil\u00f3metros por hora\u00bb.<\/p>\n<p>De acuerdo con el alerta emitido por el SMN,\u00a0<b>\u00abpueden verse afectados por la parte externa del cicl\u00f3n\u00bb la Costa Atl\u00e1ntica y el r\u00edo de la Plata<\/b>, regi\u00f3n que este martes presentar\u00e1 \u00abcondiciones muy ventosas, con r\u00e1fagas entre los 50 y 70 kil\u00f3metros por hora\u00bb.<\/p>\n<div class=\"iframely-embed medium-embedded-content\" data-html=\"Jmx0O2Jsb2NrcXVvdGUgY2xhc3M9InR3aXR0ZXItdHdlZXQiIGRhdGEtZG50PSJ0cnVlIiBhbGlnbj0iY2VudGVyIiZndDsmbHQ7cCBsYW5nPSJlcyIgZGlyPSJsdHIiJmd0O+KaoCBVbmEgc2l0dWFjacOzbiBtZXRlb3JvbMOzZ2ljYSBwb2NvIGZyZWN1ZW50ZSBzZSBkYXLDoSBhIHBhcnRpciBkZWwgZG9taW5nbyAxNSBhbCBlc3RlIGRlIGxhIGNvc3RhIGJvbmFlcmVuc2UuIFByb3ZvY2Fyw6EgdmFyaW9zIGTDrWFzIGRlICZsdDthIGhyZWY9Imh0dHBzOi8vdHdpdHRlci5jb20vaGFzaHRhZy9sbHV2aWFzP3NyYz1oYXNoJmFtcDthbXA7cmVmX3NyYz10d3NyYyU1RXRmdyImZ3Q7I2xsdXZpYXMmbHQ7L2EmZ3Q7IHkgJmx0O2EgaHJlZj0iaHR0cHM6Ly90d2l0dGVyLmNvbS9oYXNodGFnL3ZpZW50b3M\/c3JjPWhhc2gmYW1wO2FtcDtyZWZfc3JjPXR3c3JjJTVFdGZ3IiZndDsjdmllbnRvcyZsdDsvYSZndDsgbXV5IGludGVuc29zIHNvYnJlIGxhIHJlZ2nDs24gcXVlIHBlcnNpc3RpcsOhbiwgYWwgbWVub3MsIGhhc3RhIGVsIG1hcnRlcyAxNy4gJmx0O2EgaHJlZj0iaHR0cHM6Ly90d2l0dGVyLmNvbS9oYXNodGFnL1NpSGF5QWxlcnRhRXN0YXRlQWxlcnRhP3NyYz1oYXNoJmFtcDthbXA7cmVmX3NyYz10d3NyYyU1RXRmdyImZ3Q7I1NpSGF5QWxlcnRhRXN0YXRlQWxlcnRhJmx0Oy9hJmd0OyZsdDsvcCZndDsmYW1wO21kYXNoOyBTTU4gQXJnZW50aW5hIChAU01OX0FyZ2VudGluYSkgJmx0O2EgaHJlZj0iaHR0cHM6Ly90d2l0dGVyLmNvbS9TTU5fQXJnZW50aW5hL3N0YXR1cy8xNTI1NjIzNTIzNjI4MTc1MzYwP3JlZl9zcmM9dHdzcmMlNUV0ZnciJmd0O01heSAxNCwgMjAyMiZsdDsvYSZndDsmbHQ7L2Jsb2NrcXVvdGUmZ3Q7CiZsdDtzY3JpcHQgYXN5bmMgc3JjPSJodHRwczovL3BsYXRmb3JtLnR3aXR0ZXIuY29tL3dpZGdldHMuanMiIGNoYXJzZXQ9InV0Zi04IiZndDsmbHQ7L3NjcmlwdCZndDsKJmx0O2RpdiBjbGFzcz0ibWVkaXVtLWluc2VydC1lbWJlZHMtbWV0YSImZ3Q7Jmx0O3NjcmlwdCB0eXBlPSJ0ZXh0L2pzb24iJmd0O3sidXJsIjoiaHR0cHM6Ly90d2l0dGVyLmNvbS9TTU5fQXJnZW50aW5hL3N0YXR1cy8xNTI1NjIzNTIzNjI4MTc1MzYwIiwidHlwZSI6InJpY2giLCJ2ZXJzaW9uIjoiMS4wIiwidGl0bGUiOiJTTU4gQXJnZW50aW5hIG9uIFR3aXR0ZXIiLCJhdXRob3IiOiJTTU4gQXJnZW50aW5hIiwiYXV0aG9yX3VybCI6Imh0dHBzOi8vdHdpdHRlci5jb20vU01OX0FyZ2VudGluYSIsInByb3ZpZGVyX25hbWUiOiJUd2l0dGVyIiwiZGVzY3JpcHRpb24iOiLimqAgVW5hIHNpdHVhY2nDs24gbWV0ZW9yb2zDs2dpY2EgcG9jbyBmcmVjdWVudGUgc2UgZGFyw6EgYSBwYXJ0aXIgZGVsIGRvbWluZ28gMTUgYWwgZXN0ZSBkZSBsYSBjb3N0YSBib25hZXJlbnNlLiBQcm92b2NhcsOhIHZhcmlvcyBkw61hcyBkZSAjbGx1dmlhcyB5ICN2aWVudG9zIG11eSBpbnRlbnNvcyBzb2JyZSBsYSByZWdpw7NuIHF1ZSBwZXJzaXN0aXLDoW4sIGFsIG1lbm9zLCBoYXN0YSBlbCBtYXJ0ZXMgMTcuICNTaUhheUFsZXJ0YUVzdGF0ZUFsZXJ0YeKAlCBTTU4gQXJnZW50aW5hIChAU01OX0FyZ2VudGluYSkgTWF5IDE0LCAyMDIyXG5cbiIsImNhY2hlX2FnZSI6ODY0MDAsIm9wdGlvbnMiOnsiX3RoZW1lIjp7InZhbHVlIjoiIiwidmFsdWVzIjp7ImRhcmsiOiJVc2UgZGFyayB0aGVtZSJ9fSwiX21heHdpZHRoIjp7InZhbHVlIjoiIiwibGFiZWwiOiJBZGp1c3Qgd2lkdGgiLCJwbGFjZWhvbGRlciI6IjIyMC01NTAsIGluIHB4In19fSZsdDsvc2NyaXB0Jmd0OyZsdDsvZGl2Jmd0Ow==\">\n<div class=\"iframely-embed\">\n<div class=\"iframely-responsive\"><\/div>\n<\/div>\n<\/div>\n<p>Si bien\u00a0<b>\u00abes muy excepcional que en estas latitudes se forme un sistema de n\u00facleo c\u00e1lido\u00bb<\/b>\u00a0dado que \u00abestas son caracter\u00edsticas t\u00edpicas de los sistemas tropicales\u00bb, este tipo de fen\u00f3menos ya se se han presentado en otras oportunidades sobre el oc\u00e9ano Atl\u00e1ntico, frente a las costas de la provincia de Buenos Aires, Uruguay y el sur de Brasil, aclar\u00f3 el organismo.<\/p>\n<p>El \u00faltimo cicl\u00f3n de estas caracter\u00edsticas ocurri\u00f3 hacia finales de\u00a0<b>junio de 2021<\/b>\u00a0y fue denominado \u00abRaoni\u00bb.<\/p>\n<p>&nbsp;<\/p>\n<h4><strong>Fuente Pagina 12<\/strong><\/h4>\n","protected":false},"excerpt":{"rendered":"<p>El Servicio Meterol\u00f3gico Nacional (SMN)\u00a0advirti\u00f3 en las \u00faltimas horas que un fen\u00f3meno \u00abpoco frecuente\u00bb que tendr\u00e1 las caracter\u00edsticas de un\u00a0\u00abcicl\u00f3n extratropical\u00bb\u00a0puede afectar a partir de este\u00a0domingo\u00a0el este de la\u00a0costa bonaerense\u00a0con \u00abvarios d\u00edas de lluvias y vientos muy intensos\u00bb que persistir\u00e1n al menos hasta el martes.<\/p>\n","protected":false},"author":3,"featured_media":36042,"comment_status":"closed","ping_status":"closed","sticky":false,"template":"","format":"standard","meta":{"footnotes":""},"categories":[46,26],"tags":[],"class_list":["post-71952","post","type-post","status-publish","format-standard","has-post-thumbnail","hentry","category-ciencia-y-tecnologia","category-sociedad"],"yoast_head":"<!-- This site is optimized with the Yoast SEO plugin v25.9 - https:\/\/yoast.com\/wordpress\/plugins\/seo\/ -->\n<title>Alerta por un &quot;cicl\u00f3n extratropical&quot; que afectar\u00e1 a la costa bonaerense - Noticias Radio Reflejos<\/title>\n<meta name=\"robots\" content=\"index, follow, max-snippet:-1, max-image-preview:large, max-video-preview:-1\" \/>\n<link rel=\"canonical\" href=\"https:\/\/www.noticiasradioreflejos.com.ar\/2021\/alerta-por-un-ciclon-extratropical-que-afectara-a-la-costa-bonaerense\/\" \/>\n<meta property=\"og:locale\" content=\"es_ES\" \/>\n<meta property=\"og:type\" content=\"article\" \/>\n<meta property=\"og:title\" content=\"Alerta por un &quot;cicl\u00f3n extratropical&quot; que afectar\u00e1 a la costa bonaerense - Noticias Radio Reflejos\" \/>\n<meta property=\"og:description\" content=\"El Servicio Meterol\u00f3gico Nacional (SMN)\u00a0advirti\u00f3 en las \u00faltimas horas que un fen\u00f3meno \u00abpoco frecuente\u00bb que tendr\u00e1 las caracter\u00edsticas de un\u00a0\u00abcicl\u00f3n extratropical\u00bb\u00a0puede afectar a partir de este\u00a0domingo\u00a0el este de la\u00a0costa bonaerense\u00a0con \u00abvarios d\u00edas de lluvias y vientos muy intensos\u00bb que persistir\u00e1n al menos hasta el martes.\" \/>\n<meta property=\"og:url\" content=\"https:\/\/www.noticiasradioreflejos.com.ar\/2021\/alerta-por-un-ciclon-extratropical-que-afectara-a-la-costa-bonaerense\/\" \/>\n<meta property=\"og:site_name\" content=\"Noticias Radio Reflejos\" \/>\n<meta property=\"article:published_time\" content=\"2022-05-15T22:34:01+00:00\" \/>\n<meta property=\"og:image\" content=\"https:\/\/www.noticiasradioreflejos.com.ar\/2021\/wp-content\/uploads\/2019\/11\/Alerta-Mete.png\" \/>\n\t<meta property=\"og:image:width\" content=\"877\" \/>\n\t<meta property=\"og:image:height\" content=\"395\" \/>\n\t<meta property=\"og:image:type\" content=\"image\/png\" \/>\n<meta name=\"author\" content=\"Arnaldo Botto\" \/>\n<meta name=\"twitter:card\" content=\"summary_large_image\" \/>\n<script type=\"application\/ld+json\" class=\"yoast-schema-graph\">{\"@context\":\"https:\/\/schema.org\",\"@graph\":[{\"@type\":\"WebPage\",\"@id\":\"https:\/\/www.noticiasradioreflejos.com.ar\/2021\/alerta-por-un-ciclon-extratropical-que-afectara-a-la-costa-bonaerense\/\",\"url\":\"https:\/\/www.noticiasradioreflejos.com.ar\/2021\/alerta-por-un-ciclon-extratropical-que-afectara-a-la-costa-bonaerense\/\",\"name\":\"Alerta por un \\\"cicl\u00f3n extratropical\\\" que afectar\u00e1 a la costa bonaerense - Noticias Radio Reflejos\",\"isPartOf\":{\"@id\":\"https:\/\/www.noticiasradioreflejos.com.ar\/2021\/#website\"},\"primaryImageOfPage\":{\"@id\":\"https:\/\/www.noticiasradioreflejos.com.ar\/2021\/alerta-por-un-ciclon-extratropical-que-afectara-a-la-costa-bonaerense\/#primaryimage\"},\"image\":{\"@id\":\"https:\/\/www.noticiasradioreflejos.com.ar\/2021\/alerta-por-un-ciclon-extratropical-que-afectara-a-la-costa-bonaerense\/#primaryimage\"},\"thumbnailUrl\":\"https:\/\/www.noticiasradioreflejos.com.ar\/2021\/wp-content\/uploads\/2019\/11\/Alerta-Mete.png\",\"datePublished\":\"2022-05-15T22:34:01+00:00\",\"author\":{\"@id\":\"https:\/\/www.noticiasradioreflejos.com.ar\/2021\/#\/schema\/person\/ad82545263dcc5ec0996818884fd5fb1\"},\"breadcrumb\":{\"@id\":\"https:\/\/www.noticiasradioreflejos.com.ar\/2021\/alerta-por-un-ciclon-extratropical-que-afectara-a-la-costa-bonaerense\/#breadcrumb\"},\"inLanguage\":\"es\",\"potentialAction\":[{\"@type\":\"ReadAction\",\"target\":[\"https:\/\/www.noticiasradioreflejos.com.ar\/2021\/alerta-por-un-ciclon-extratropical-que-afectara-a-la-costa-bonaerense\/\"]}]},{\"@type\":\"ImageObject\",\"inLanguage\":\"es\",\"@id\":\"https:\/\/www.noticiasradioreflejos.com.ar\/2021\/alerta-por-un-ciclon-extratropical-que-afectara-a-la-costa-bonaerense\/#primaryimage\",\"url\":\"https:\/\/www.noticiasradioreflejos.com.ar\/2021\/wp-content\/uploads\/2019\/11\/Alerta-Mete.png\",\"contentUrl\":\"https:\/\/www.noticiasradioreflejos.com.ar\/2021\/wp-content\/uploads\/2019\/11\/Alerta-Mete.png\",\"width\":877,\"height\":395},{\"@type\":\"BreadcrumbList\",\"@id\":\"https:\/\/www.noticiasradioreflejos.com.ar\/2021\/alerta-por-un-ciclon-extratropical-que-afectara-a-la-costa-bonaerense\/#breadcrumb\",\"itemListElement\":[{\"@type\":\"ListItem\",\"position\":1,\"name\":\"Portada\",\"item\":\"https:\/\/www.noticiasradioreflejos.com.ar\/2021\/\"},{\"@type\":\"ListItem\",\"position\":2,\"name\":\"Alerta por un \u00abcicl\u00f3n extratropical\u00bb que afectar\u00e1 a la costa bonaerense\"}]},{\"@type\":\"WebSite\",\"@id\":\"https:\/\/www.noticiasradioreflejos.com.ar\/2021\/#website\",\"url\":\"https:\/\/www.noticiasradioreflejos.com.ar\/2021\/\",\"name\":\"Noticias Radio Reflejos\",\"description\":\"Las noticias de mi comarca\",\"potentialAction\":[{\"@type\":\"SearchAction\",\"target\":{\"@type\":\"EntryPoint\",\"urlTemplate\":\"https:\/\/www.noticiasradioreflejos.com.ar\/2021\/?s={search_term_string}\"},\"query-input\":{\"@type\":\"PropertyValueSpecification\",\"valueRequired\":true,\"valueName\":\"search_term_string\"}}],\"inLanguage\":\"es\"},{\"@type\":\"Person\",\"@id\":\"https:\/\/www.noticiasradioreflejos.com.ar\/2021\/#\/schema\/person\/ad82545263dcc5ec0996818884fd5fb1\",\"name\":\"Arnaldo Botto\",\"image\":{\"@type\":\"ImageObject\",\"inLanguage\":\"es\",\"@id\":\"https:\/\/www.noticiasradioreflejos.com.ar\/2021\/#\/schema\/person\/image\/\",\"url\":\"https:\/\/secure.gravatar.com\/avatar\/55cb5e37c1efa326397366e6974cb338056df65cb50e7d64d1cf314e87504837?s=96&d=mm&r=g\",\"contentUrl\":\"https:\/\/secure.gravatar.com\/avatar\/55cb5e37c1efa326397366e6974cb338056df65cb50e7d64d1cf314e87504837?s=96&d=mm&r=g\",\"caption\":\"Arnaldo Botto\"},\"url\":\"https:\/\/www.noticiasradioreflejos.com.ar\/2021\/author\/arnaldo\/\"}]}<\/script>\n<!-- \/ Yoast SEO plugin. -->","yoast_head_json":{"title":"Alerta por un \"cicl\u00f3n extratropical\" que afectar\u00e1 a la costa bonaerense - Noticias Radio Reflejos","robots":{"index":"index","follow":"follow","max-snippet":"max-snippet:-1","max-image-preview":"max-image-preview:large","max-video-preview":"max-video-preview:-1"},"canonical":"https:\/\/www.noticiasradioreflejos.com.ar\/2021\/alerta-por-un-ciclon-extratropical-que-afectara-a-la-costa-bonaerense\/","og_locale":"es_ES","og_type":"article","og_title":"Alerta por un \"cicl\u00f3n extratropical\" que afectar\u00e1 a la costa bonaerense - Noticias Radio Reflejos","og_description":"El Servicio Meterol\u00f3gico Nacional (SMN)\u00a0advirti\u00f3 en las \u00faltimas horas que un fen\u00f3meno \u00abpoco frecuente\u00bb que tendr\u00e1 las caracter\u00edsticas de un\u00a0\u00abcicl\u00f3n extratropical\u00bb\u00a0puede afectar a partir de este\u00a0domingo\u00a0el este de la\u00a0costa bonaerense\u00a0con \u00abvarios d\u00edas de lluvias y vientos muy intensos\u00bb que persistir\u00e1n al menos hasta el martes.","og_url":"https:\/\/www.noticiasradioreflejos.com.ar\/2021\/alerta-por-un-ciclon-extratropical-que-afectara-a-la-costa-bonaerense\/","og_site_name":"Noticias Radio Reflejos","article_published_time":"2022-05-15T22:34:01+00:00","og_image":[{"width":877,"height":395,"url":"https:\/\/www.noticiasradioreflejos.com.ar\/2021\/wp-content\/uploads\/2019\/11\/Alerta-Mete.png","type":"image\/png"}],"author":"Arnaldo Botto","twitter_card":"summary_large_image","schema":{"@context":"https:\/\/schema.org","@graph":[{"@type":"WebPage","@id":"https:\/\/www.noticiasradioreflejos.com.ar\/2021\/alerta-por-un-ciclon-extratropical-que-afectara-a-la-costa-bonaerense\/","url":"https:\/\/www.noticiasradioreflejos.com.ar\/2021\/alerta-por-un-ciclon-extratropical-que-afectara-a-la-costa-bonaerense\/","name":"Alerta por un \"cicl\u00f3n extratropical\" que afectar\u00e1 a la costa bonaerense - Noticias Radio Reflejos","isPartOf":{"@id":"https:\/\/www.noticiasradioreflejos.com.ar\/2021\/#website"},"primaryImageOfPage":{"@id":"https:\/\/www.noticiasradioreflejos.com.ar\/2021\/alerta-por-un-ciclon-extratropical-que-afectara-a-la-costa-bonaerense\/#primaryimage"},"image":{"@id":"https:\/\/www.noticiasradioreflejos.com.ar\/2021\/alerta-por-un-ciclon-extratropical-que-afectara-a-la-costa-bonaerense\/#primaryimage"},"thumbnailUrl":"https:\/\/www.noticiasradioreflejos.com.ar\/2021\/wp-content\/uploads\/2019\/11\/Alerta-Mete.png","datePublished":"2022-05-15T22:34:01+00:00","author":{"@id":"https:\/\/www.noticiasradioreflejos.com.ar\/2021\/#\/schema\/person\/ad82545263dcc5ec0996818884fd5fb1"},"breadcrumb":{"@id":"https:\/\/www.noticiasradioreflejos.com.ar\/2021\/alerta-por-un-ciclon-extratropical-que-afectara-a-la-costa-bonaerense\/#breadcrumb"},"inLanguage":"es","potentialAction":[{"@type":"ReadAction","target":["https:\/\/www.noticiasradioreflejos.com.ar\/2021\/alerta-por-un-ciclon-extratropical-que-afectara-a-la-costa-bonaerense\/"]}]},{"@type":"ImageObject","inLanguage":"es","@id":"https:\/\/www.noticiasradioreflejos.com.ar\/2021\/alerta-por-un-ciclon-extratropical-que-afectara-a-la-costa-bonaerense\/#primaryimage","url":"https:\/\/www.noticiasradioreflejos.com.ar\/2021\/wp-content\/uploads\/2019\/11\/Alerta-Mete.png","contentUrl":"https:\/\/www.noticiasradioreflejos.com.ar\/2021\/wp-content\/uploads\/2019\/11\/Alerta-Mete.png","width":877,"height":395},{"@type":"BreadcrumbList","@id":"https:\/\/www.noticiasradioreflejos.com.ar\/2021\/alerta-por-un-ciclon-extratropical-que-afectara-a-la-costa-bonaerense\/#breadcrumb","itemListElement":[{"@type":"ListItem","position":1,"name":"Portada","item":"https:\/\/www.noticiasradioreflejos.com.ar\/2021\/"},{"@type":"ListItem","position":2,"name":"Alerta por un \u00abcicl\u00f3n extratropical\u00bb que afectar\u00e1 a la costa bonaerense"}]},{"@type":"WebSite","@id":"https:\/\/www.noticiasradioreflejos.com.ar\/2021\/#website","url":"https:\/\/www.noticiasradioreflejos.com.ar\/2021\/","name":"Noticias Radio Reflejos","description":"Las noticias de mi comarca","potentialAction":[{"@type":"SearchAction","target":{"@type":"EntryPoint","urlTemplate":"https:\/\/www.noticiasradioreflejos.com.ar\/2021\/?s={search_term_string}"},"query-input":{"@type":"PropertyValueSpecification","valueRequired":true,"valueName":"search_term_string"}}],"inLanguage":"es"},{"@type":"Person","@id":"https:\/\/www.noticiasradioreflejos.com.ar\/2021\/#\/schema\/person\/ad82545263dcc5ec0996818884fd5fb1","name":"Arnaldo Botto","image":{"@type":"ImageObject","inLanguage":"es","@id":"https:\/\/www.noticiasradioreflejos.com.ar\/2021\/#\/schema\/person\/image\/","url":"https:\/\/secure.gravatar.com\/avatar\/55cb5e37c1efa326397366e6974cb338056df65cb50e7d64d1cf314e87504837?s=96&d=mm&r=g","contentUrl":"https:\/\/secure.gravatar.com\/avatar\/55cb5e37c1efa326397366e6974cb338056df65cb50e7d64d1cf314e87504837?s=96&d=mm&r=g","caption":"Arnaldo Botto"},"url":"https:\/\/www.noticiasradioreflejos.com.ar\/2021\/author\/arnaldo\/"}]}},"_links":{"self":[{"href":"https:\/\/www.noticiasradioreflejos.com.ar\/2021\/wp-json\/wp\/v2\/posts\/71952","targetHints":{"allow":["GET"]}}],"collection":[{"href":"https:\/\/www.noticiasradioreflejos.com.ar\/2021\/wp-json\/wp\/v2\/posts"}],"about":[{"href":"https:\/\/www.noticiasradioreflejos.com.ar\/2021\/wp-json\/wp\/v2\/types\/post"}],"author":[{"embeddable":true,"href":"https:\/\/www.noticiasradioreflejos.com.ar\/2021\/wp-json\/wp\/v2\/users\/3"}],"replies":[{"embeddable":true,"href":"https:\/\/www.noticiasradioreflejos.com.ar\/2021\/wp-json\/wp\/v2\/comments?post=71952"}],"version-history":[{"count":1,"href":"https:\/\/www.noticiasradioreflejos.com.ar\/2021\/wp-json\/wp\/v2\/posts\/71952\/revisions"}],"predecessor-version":[{"id":71953,"href":"https:\/\/www.noticiasradioreflejos.com.ar\/2021\/wp-json\/wp\/v2\/posts\/71952\/revisions\/71953"}],"wp:featuredmedia":[{"embeddable":true,"href":"https:\/\/www.noticiasradioreflejos.com.ar\/2021\/wp-json\/wp\/v2\/media\/36042"}],"wp:attachment":[{"href":"https:\/\/www.noticiasradioreflejos.com.ar\/2021\/wp-json\/wp\/v2\/media?parent=71952"}],"wp:term":[{"taxonomy":"category","embeddable":true,"href":"https:\/\/www.noticiasradioreflejos.com.ar\/2021\/wp-json\/wp\/v2\/categories?post=71952"},{"taxonomy":"post_tag","embeddable":true,"href":"https:\/\/www.noticiasradioreflejos.com.ar\/2021\/wp-json\/wp\/v2\/tags?post=71952"}],"curies":[{"name":"wp","href":"https:\/\/api.w.org\/{rel}","templated":true}]}}