{"id":71940,"date":"2022-05-13T22:35:58","date_gmt":"2022-05-13T22:35:58","guid":{"rendered":"http:\/\/www.noticiasradioreflejos.com.ar\/2021\/?p=71940"},"modified":"2022-05-13T22:35:58","modified_gmt":"2022-05-13T22:35:58","slug":"el-premio-2021-de-fotografia-digital-de-la-union-europea-llega-al-cc-san-martin","status":"publish","type":"post","link":"https:\/\/www.noticiasradioreflejos.com.ar\/2021\/el-premio-2021-de-fotografia-digital-de-la-union-europea-llega-al-cc-san-martin\/","title":{"rendered":"El \u00abPremio 2021 de Fotograf\u00eda Digital de la Uni\u00f3n Europea\u00bb llega al CC San Mart\u00edn"},"content":{"rendered":"<p>Las fotos fueron seleccionadas entre m\u00e1s de 1.200 recibidas en respuesta a la convocatoria lanzada por la UE en la Argentina, que galardon\u00f3 a las obras que mejor revelan los profundos lazos entre esa organizaci\u00f3n internacional en el pa\u00eds.<!--more--><\/p>\n<figure class=\"mb-3\"><img decoding=\"async\" src=\"https:\/\/www.telam.com.ar\/thumbs\/bluesteel\/advf\/imagenes\/2022\/05\/627e60e35160e_900.jpg\" alt=\"La exposicin podr visitarse hasta el 30 de mayo de jueves a domingo de 15 a 21 en el Centro Cultural San Martn ubicado en Sarmiento 1551\" width=\"100%\" height=\"100%\" \/><\/p>\n<div class=\"media-icons\"><\/div><figcaption>La exposici\u00f3n podr\u00e1 visitarse hasta el 30 de mayo, de jueves a domingo de 15 a 21, en el Centro Cultural San Mart\u00edn, ubicado en Sarmiento 1.551.<\/figcaption><\/figure>\n<p>Una\u00a0<strong>muestra fotogr\u00e1fica\u00a0<\/strong>que re\u00fane<strong>\u00a0trabajos de artistas argentinos premiados\u00a0<\/strong>en el\u00a0<strong>concurso de fotograf\u00eda digital de la Uni\u00f3n Europea en la Argentina<\/strong>,\u00a0<strong>se exhibir\u00e1 a partir del j<\/strong>ueves\u00a0<strong>19 de mayo<\/strong>\u00a0en el\u00a0<strong>Centro Cultural San Mart\u00edn<\/strong>\u00a0(CCSM) en simult\u00e1neo con el Encuentro de Cine Europeo.<\/p>\n<p>La exhibici\u00f3n del \u00abPremio 2021 de Fotograf\u00eda Digital de la Uni\u00f3n Europea (UE)\u00bb incluye<strong>\u00a017 fotograf\u00edas de reconocidos artistas\u00a0<\/strong>cuyas obras fueron\u00a0<strong>seleccionadas entre m\u00e1s de 1.200 fotos\u00a0<\/strong>recibidas en respuesta a la convocatoria lanzada por la UE en la Argentina, que\u00a0<strong>galardon\u00f3 a las im\u00e1genes que mejor revelan los profundos lazos entre esa organizaci\u00f3n internacional y nuestro pa\u00eds<\/strong>.<\/p>\n<figure class=\"mb-3\"><img decoding=\"async\" src=\"https:\/\/www.telam.com.ar\/thumbs\/bluesteel\/advf\/imagenes\/2022\/05\/627e60e339b13_900.jpg\" alt=\"La exhibicin se har en simultneo con el Encuentro de Cine Europeo\" width=\"100%\" height=\"100%\" \/><\/p>\n<div class=\"media-icons\"><\/div><figcaption>La exhibici\u00f3n se har\u00e1 en simult\u00e1neo con el Encuentro de Cine Europeo.<\/figcaption><\/figure>\n<p>Entre las im\u00e1genes que\u00a0<strong>ponen el foco en la m\u00fasica cl\u00e1sica y popular transmitida por las distintas corrientes migratorias que poblaron el pa\u00eds<\/strong>, hay fotos de un hombre tocando su bandone\u00f3n -cuyos or\u00edgenes se remontan a la Alemania del siglo XIX-, de m\u00fasicos con sus violines en los paisajes de la pampa gringa, gaiteros en pleno ensayo antes de una celebraci\u00f3n y de la majestuosa c\u00fapula del Teatro Col\u00f3n pintada por Ra\u00fal Soldi.<\/p>\n<p>La c\u00fapula del ex Teatro Gran Splendid -obra del empresario austr\u00edaco Max Gl\u00fccksmann, en la que el muralista italiano Nazareno Orlandi pint\u00f3 una representaci\u00f3n aleg\u00f3rica de la paz tras la finalizaci\u00f3n de la Primera Guerra Mundial- y el Matadero de Salomone en Epecu\u00e9n presentes en im\u00e1genes de la muestra dan cuenta de la creatividad y el dise\u00f1o de arquitectos e ingenieros europeos en Argentina.<\/p>\n<p><strong>El trabajo de Mauricio Holc, que obtuvo el Primer Premio, hace eje en el encuentro de dos culturas: los guaran\u00edes mbya -nativos de la selva misionera- y los inmigrantes polacos que llegaron a fines del siglo XIX a Misiones<\/strong>. \u00abUna historia de encuentro, amor, uni\u00f3n, amistad, colaboraci\u00f3n, aprendizaje y respeto\u00bb, se\u00f1ala el autor de la obra.<\/p>\n<figure class=\"mb-3\"><img decoding=\"async\" src=\"https:\/\/www.telam.com.ar\/thumbs\/bluesteel\/advf\/imagenes\/2022\/05\/627e60e3247e8_900.jpg\" alt=\"Las huellas en el deporte estn presentes con las fotografas de un grupo de chicos jugando al ftbol en la Puna y otra del toreo de la Vincha en Casabindo Jujuy donde se mezcla la religiosidad originaria con la de la Colonizacin\" width=\"100%\" height=\"100%\" \/><\/p>\n<div class=\"media-icons\"><\/div><figcaption>Las huellas en el deporte est\u00e1n presentes con las fotograf\u00edas de un grupo de chicos jugando al f\u00fatbol en la Puna y otra del toreo de la Vincha en Casabindo, Jujuy, donde se mezcla la religiosidad originaria con la de la Colonizaci\u00f3n<\/figcaption><\/figure>\n<p>En varias im\u00e1genes, los recuerdos familiares -que incluyen flores, cartas, escritos, recuerdos \u00edntimos y documentos- se van hilvanando en un reencuentro con los antepasados: se evidencia una herencia de potencia inusitada.<\/p>\n<p>En otras fotos, la flora aut\u00f3ctona deja entrever la arquitectura europea en las calles de Buenos Aires.<\/p>\n<p>Las huellas en el deporte est\u00e1n presentes con las fotograf\u00edas de un grupo de chicos jugando al f\u00fatbol en la Puna y otra del toreo de la Vincha en Casabindo, Jujuy, donde se mezcla la religiosidad originaria con la de la colonizaci\u00f3n.<\/p>\n<p>La\u00a0<strong>exposici\u00f3n podr\u00e1 visitarse hasta el 30 de mayo, de jueves a domingo de 15 a 21, en el Centro Cultural San Mart\u00edn<\/strong>, ubicado en Sarmiento 1.551.<\/p>\n","protected":false},"excerpt":{"rendered":"<p>Las fotos fueron seleccionadas entre m\u00e1s de 1.200 recibidas en respuesta a la convocatoria lanzada por la UE en la Argentina, que galardon\u00f3 a las obras que mejor revelan los profundos lazos entre esa organizaci\u00f3n internacional en el pa\u00eds.<\/p>\n","protected":false},"author":3,"featured_media":0,"comment_status":"closed","ping_status":"closed","sticky":false,"template":"","format":"standard","meta":{"footnotes":""},"categories":[1],"tags":[],"class_list":["post-71940","post","type-post","status-publish","format-standard","hentry","category-sin-categoria"],"yoast_head":"<!-- This site is optimized with the Yoast SEO plugin v25.9 - https:\/\/yoast.com\/wordpress\/plugins\/seo\/ -->\n<title>El &quot;Premio 2021 de Fotograf\u00eda Digital de la Uni\u00f3n Europea&quot; llega al CC San Mart\u00edn - Noticias Radio Reflejos<\/title>\n<meta name=\"robots\" content=\"index, follow, max-snippet:-1, max-image-preview:large, max-video-preview:-1\" \/>\n<link rel=\"canonical\" href=\"https:\/\/www.noticiasradioreflejos.com.ar\/2021\/el-premio-2021-de-fotografia-digital-de-la-union-europea-llega-al-cc-san-martin\/\" \/>\n<meta property=\"og:locale\" content=\"es_ES\" \/>\n<meta property=\"og:type\" content=\"article\" \/>\n<meta property=\"og:title\" content=\"El &quot;Premio 2021 de Fotograf\u00eda Digital de la Uni\u00f3n Europea&quot; llega al CC San Mart\u00edn - Noticias Radio Reflejos\" \/>\n<meta property=\"og:description\" content=\"Las fotos fueron seleccionadas entre m\u00e1s de 1.200 recibidas en respuesta a la convocatoria lanzada por la UE en la Argentina, que galardon\u00f3 a las obras que mejor revelan los profundos lazos entre esa organizaci\u00f3n internacional en el pa\u00eds.\" \/>\n<meta property=\"og:url\" content=\"https:\/\/www.noticiasradioreflejos.com.ar\/2021\/el-premio-2021-de-fotografia-digital-de-la-union-europea-llega-al-cc-san-martin\/\" \/>\n<meta property=\"og:site_name\" content=\"Noticias Radio Reflejos\" \/>\n<meta property=\"article:published_time\" content=\"2022-05-13T22:35:58+00:00\" \/>\n<meta property=\"og:image\" content=\"https:\/\/www.telam.com.ar\/thumbs\/bluesteel\/advf\/imagenes\/2022\/05\/627e60e35160e_900.jpg\" \/>\n<meta name=\"author\" content=\"Arnaldo Botto\" \/>\n<meta name=\"twitter:card\" content=\"summary_large_image\" \/>\n<script type=\"application\/ld+json\" class=\"yoast-schema-graph\">{\"@context\":\"https:\/\/schema.org\",\"@graph\":[{\"@type\":\"WebPage\",\"@id\":\"https:\/\/www.noticiasradioreflejos.com.ar\/2021\/el-premio-2021-de-fotografia-digital-de-la-union-europea-llega-al-cc-san-martin\/\",\"url\":\"https:\/\/www.noticiasradioreflejos.com.ar\/2021\/el-premio-2021-de-fotografia-digital-de-la-union-europea-llega-al-cc-san-martin\/\",\"name\":\"El \\\"Premio 2021 de Fotograf\u00eda Digital de la Uni\u00f3n Europea\\\" llega al CC San Mart\u00edn - Noticias Radio Reflejos\",\"isPartOf\":{\"@id\":\"https:\/\/www.noticiasradioreflejos.com.ar\/2021\/#website\"},\"primaryImageOfPage\":{\"@id\":\"https:\/\/www.noticiasradioreflejos.com.ar\/2021\/el-premio-2021-de-fotografia-digital-de-la-union-europea-llega-al-cc-san-martin\/#primaryimage\"},\"image\":{\"@id\":\"https:\/\/www.noticiasradioreflejos.com.ar\/2021\/el-premio-2021-de-fotografia-digital-de-la-union-europea-llega-al-cc-san-martin\/#primaryimage\"},\"thumbnailUrl\":\"https:\/\/www.telam.com.ar\/thumbs\/bluesteel\/advf\/imagenes\/2022\/05\/627e60e35160e_900.jpg\",\"datePublished\":\"2022-05-13T22:35:58+00:00\",\"author\":{\"@id\":\"https:\/\/www.noticiasradioreflejos.com.ar\/2021\/#\/schema\/person\/ad82545263dcc5ec0996818884fd5fb1\"},\"breadcrumb\":{\"@id\":\"https:\/\/www.noticiasradioreflejos.com.ar\/2021\/el-premio-2021-de-fotografia-digital-de-la-union-europea-llega-al-cc-san-martin\/#breadcrumb\"},\"inLanguage\":\"es\",\"potentialAction\":[{\"@type\":\"ReadAction\",\"target\":[\"https:\/\/www.noticiasradioreflejos.com.ar\/2021\/el-premio-2021-de-fotografia-digital-de-la-union-europea-llega-al-cc-san-martin\/\"]}]},{\"@type\":\"ImageObject\",\"inLanguage\":\"es\",\"@id\":\"https:\/\/www.noticiasradioreflejos.com.ar\/2021\/el-premio-2021-de-fotografia-digital-de-la-union-europea-llega-al-cc-san-martin\/#primaryimage\",\"url\":\"https:\/\/www.telam.com.ar\/thumbs\/bluesteel\/advf\/imagenes\/2022\/05\/627e60e35160e_900.jpg\",\"contentUrl\":\"https:\/\/www.telam.com.ar\/thumbs\/bluesteel\/advf\/imagenes\/2022\/05\/627e60e35160e_900.jpg\"},{\"@type\":\"BreadcrumbList\",\"@id\":\"https:\/\/www.noticiasradioreflejos.com.ar\/2021\/el-premio-2021-de-fotografia-digital-de-la-union-europea-llega-al-cc-san-martin\/#breadcrumb\",\"itemListElement\":[{\"@type\":\"ListItem\",\"position\":1,\"name\":\"Portada\",\"item\":\"https:\/\/www.noticiasradioreflejos.com.ar\/2021\/\"},{\"@type\":\"ListItem\",\"position\":2,\"name\":\"El \u00abPremio 2021 de Fotograf\u00eda Digital de la Uni\u00f3n Europea\u00bb llega al CC San Mart\u00edn\"}]},{\"@type\":\"WebSite\",\"@id\":\"https:\/\/www.noticiasradioreflejos.com.ar\/2021\/#website\",\"url\":\"https:\/\/www.noticiasradioreflejos.com.ar\/2021\/\",\"name\":\"Noticias Radio Reflejos\",\"description\":\"Las noticias de mi comarca\",\"potentialAction\":[{\"@type\":\"SearchAction\",\"target\":{\"@type\":\"EntryPoint\",\"urlTemplate\":\"https:\/\/www.noticiasradioreflejos.com.ar\/2021\/?s={search_term_string}\"},\"query-input\":{\"@type\":\"PropertyValueSpecification\",\"valueRequired\":true,\"valueName\":\"search_term_string\"}}],\"inLanguage\":\"es\"},{\"@type\":\"Person\",\"@id\":\"https:\/\/www.noticiasradioreflejos.com.ar\/2021\/#\/schema\/person\/ad82545263dcc5ec0996818884fd5fb1\",\"name\":\"Arnaldo Botto\",\"image\":{\"@type\":\"ImageObject\",\"inLanguage\":\"es\",\"@id\":\"https:\/\/www.noticiasradioreflejos.com.ar\/2021\/#\/schema\/person\/image\/\",\"url\":\"https:\/\/secure.gravatar.com\/avatar\/55cb5e37c1efa326397366e6974cb338056df65cb50e7d64d1cf314e87504837?s=96&d=mm&r=g\",\"contentUrl\":\"https:\/\/secure.gravatar.com\/avatar\/55cb5e37c1efa326397366e6974cb338056df65cb50e7d64d1cf314e87504837?s=96&d=mm&r=g\",\"caption\":\"Arnaldo Botto\"},\"url\":\"https:\/\/www.noticiasradioreflejos.com.ar\/2021\/author\/arnaldo\/\"}]}<\/script>\n<!-- \/ Yoast SEO plugin. -->","yoast_head_json":{"title":"El \"Premio 2021 de Fotograf\u00eda Digital de la Uni\u00f3n Europea\" llega al CC San Mart\u00edn - Noticias Radio Reflejos","robots":{"index":"index","follow":"follow","max-snippet":"max-snippet:-1","max-image-preview":"max-image-preview:large","max-video-preview":"max-video-preview:-1"},"canonical":"https:\/\/www.noticiasradioreflejos.com.ar\/2021\/el-premio-2021-de-fotografia-digital-de-la-union-europea-llega-al-cc-san-martin\/","og_locale":"es_ES","og_type":"article","og_title":"El \"Premio 2021 de Fotograf\u00eda Digital de la Uni\u00f3n Europea\" llega al CC San Mart\u00edn - Noticias Radio Reflejos","og_description":"Las fotos fueron seleccionadas entre m\u00e1s de 1.200 recibidas en respuesta a la convocatoria lanzada por la UE en la Argentina, que galardon\u00f3 a las obras que mejor revelan los profundos lazos entre esa organizaci\u00f3n internacional en el pa\u00eds.","og_url":"https:\/\/www.noticiasradioreflejos.com.ar\/2021\/el-premio-2021-de-fotografia-digital-de-la-union-europea-llega-al-cc-san-martin\/","og_site_name":"Noticias Radio Reflejos","article_published_time":"2022-05-13T22:35:58+00:00","og_image":[{"url":"https:\/\/www.telam.com.ar\/thumbs\/bluesteel\/advf\/imagenes\/2022\/05\/627e60e35160e_900.jpg","type":"","width":"","height":""}],"author":"Arnaldo Botto","twitter_card":"summary_large_image","schema":{"@context":"https:\/\/schema.org","@graph":[{"@type":"WebPage","@id":"https:\/\/www.noticiasradioreflejos.com.ar\/2021\/el-premio-2021-de-fotografia-digital-de-la-union-europea-llega-al-cc-san-martin\/","url":"https:\/\/www.noticiasradioreflejos.com.ar\/2021\/el-premio-2021-de-fotografia-digital-de-la-union-europea-llega-al-cc-san-martin\/","name":"El \"Premio 2021 de Fotograf\u00eda Digital de la Uni\u00f3n Europea\" llega al CC San Mart\u00edn - Noticias Radio Reflejos","isPartOf":{"@id":"https:\/\/www.noticiasradioreflejos.com.ar\/2021\/#website"},"primaryImageOfPage":{"@id":"https:\/\/www.noticiasradioreflejos.com.ar\/2021\/el-premio-2021-de-fotografia-digital-de-la-union-europea-llega-al-cc-san-martin\/#primaryimage"},"image":{"@id":"https:\/\/www.noticiasradioreflejos.com.ar\/2021\/el-premio-2021-de-fotografia-digital-de-la-union-europea-llega-al-cc-san-martin\/#primaryimage"},"thumbnailUrl":"https:\/\/www.telam.com.ar\/thumbs\/bluesteel\/advf\/imagenes\/2022\/05\/627e60e35160e_900.jpg","datePublished":"2022-05-13T22:35:58+00:00","author":{"@id":"https:\/\/www.noticiasradioreflejos.com.ar\/2021\/#\/schema\/person\/ad82545263dcc5ec0996818884fd5fb1"},"breadcrumb":{"@id":"https:\/\/www.noticiasradioreflejos.com.ar\/2021\/el-premio-2021-de-fotografia-digital-de-la-union-europea-llega-al-cc-san-martin\/#breadcrumb"},"inLanguage":"es","potentialAction":[{"@type":"ReadAction","target":["https:\/\/www.noticiasradioreflejos.com.ar\/2021\/el-premio-2021-de-fotografia-digital-de-la-union-europea-llega-al-cc-san-martin\/"]}]},{"@type":"ImageObject","inLanguage":"es","@id":"https:\/\/www.noticiasradioreflejos.com.ar\/2021\/el-premio-2021-de-fotografia-digital-de-la-union-europea-llega-al-cc-san-martin\/#primaryimage","url":"https:\/\/www.telam.com.ar\/thumbs\/bluesteel\/advf\/imagenes\/2022\/05\/627e60e35160e_900.jpg","contentUrl":"https:\/\/www.telam.com.ar\/thumbs\/bluesteel\/advf\/imagenes\/2022\/05\/627e60e35160e_900.jpg"},{"@type":"BreadcrumbList","@id":"https:\/\/www.noticiasradioreflejos.com.ar\/2021\/el-premio-2021-de-fotografia-digital-de-la-union-europea-llega-al-cc-san-martin\/#breadcrumb","itemListElement":[{"@type":"ListItem","position":1,"name":"Portada","item":"https:\/\/www.noticiasradioreflejos.com.ar\/2021\/"},{"@type":"ListItem","position":2,"name":"El \u00abPremio 2021 de Fotograf\u00eda Digital de la Uni\u00f3n Europea\u00bb llega al CC San Mart\u00edn"}]},{"@type":"WebSite","@id":"https:\/\/www.noticiasradioreflejos.com.ar\/2021\/#website","url":"https:\/\/www.noticiasradioreflejos.com.ar\/2021\/","name":"Noticias Radio Reflejos","description":"Las noticias de mi comarca","potentialAction":[{"@type":"SearchAction","target":{"@type":"EntryPoint","urlTemplate":"https:\/\/www.noticiasradioreflejos.com.ar\/2021\/?s={search_term_string}"},"query-input":{"@type":"PropertyValueSpecification","valueRequired":true,"valueName":"search_term_string"}}],"inLanguage":"es"},{"@type":"Person","@id":"https:\/\/www.noticiasradioreflejos.com.ar\/2021\/#\/schema\/person\/ad82545263dcc5ec0996818884fd5fb1","name":"Arnaldo Botto","image":{"@type":"ImageObject","inLanguage":"es","@id":"https:\/\/www.noticiasradioreflejos.com.ar\/2021\/#\/schema\/person\/image\/","url":"https:\/\/secure.gravatar.com\/avatar\/55cb5e37c1efa326397366e6974cb338056df65cb50e7d64d1cf314e87504837?s=96&d=mm&r=g","contentUrl":"https:\/\/secure.gravatar.com\/avatar\/55cb5e37c1efa326397366e6974cb338056df65cb50e7d64d1cf314e87504837?s=96&d=mm&r=g","caption":"Arnaldo Botto"},"url":"https:\/\/www.noticiasradioreflejos.com.ar\/2021\/author\/arnaldo\/"}]}},"_links":{"self":[{"href":"https:\/\/www.noticiasradioreflejos.com.ar\/2021\/wp-json\/wp\/v2\/posts\/71940","targetHints":{"allow":["GET"]}}],"collection":[{"href":"https:\/\/www.noticiasradioreflejos.com.ar\/2021\/wp-json\/wp\/v2\/posts"}],"about":[{"href":"https:\/\/www.noticiasradioreflejos.com.ar\/2021\/wp-json\/wp\/v2\/types\/post"}],"author":[{"embeddable":true,"href":"https:\/\/www.noticiasradioreflejos.com.ar\/2021\/wp-json\/wp\/v2\/users\/3"}],"replies":[{"embeddable":true,"href":"https:\/\/www.noticiasradioreflejos.com.ar\/2021\/wp-json\/wp\/v2\/comments?post=71940"}],"version-history":[{"count":1,"href":"https:\/\/www.noticiasradioreflejos.com.ar\/2021\/wp-json\/wp\/v2\/posts\/71940\/revisions"}],"predecessor-version":[{"id":71942,"href":"https:\/\/www.noticiasradioreflejos.com.ar\/2021\/wp-json\/wp\/v2\/posts\/71940\/revisions\/71942"}],"wp:attachment":[{"href":"https:\/\/www.noticiasradioreflejos.com.ar\/2021\/wp-json\/wp\/v2\/media?parent=71940"}],"wp:term":[{"taxonomy":"category","embeddable":true,"href":"https:\/\/www.noticiasradioreflejos.com.ar\/2021\/wp-json\/wp\/v2\/categories?post=71940"},{"taxonomy":"post_tag","embeddable":true,"href":"https:\/\/www.noticiasradioreflejos.com.ar\/2021\/wp-json\/wp\/v2\/tags?post=71940"}],"curies":[{"name":"wp","href":"https:\/\/api.w.org\/{rel}","templated":true}]}}