{"id":71916,"date":"2022-05-13T21:57:32","date_gmt":"2022-05-13T21:57:32","guid":{"rendered":"http:\/\/www.noticiasradioreflejos.com.ar\/2021\/?p=71916"},"modified":"2022-05-13T21:59:16","modified_gmt":"2022-05-13T21:59:16","slug":"coopersive-hoy-podemos-darle-energia-a-todos-los-vecinos","status":"publish","type":"post","link":"https:\/\/www.noticiasradioreflejos.com.ar\/2021\/coopersive-hoy-podemos-darle-energia-a-todos-los-vecinos\/","title":{"rendered":"Coopersive: \u201cHoy podemos darle energ\u00eda a todos los vecinos\u201d"},"content":{"rendered":"<p>El presidente de la entidad<strong>, Mario Sensini<\/strong>, junto con el tesorero<strong> Miguel \u00c1ngel Gerstner<\/strong> brindaron detalles sobre los \u00faltimos avances de energizaci\u00f3n y despejaron varias dudas.<!--more--><\/p>\n<p><a title=\"Sensini Gertsnert\" href=\"https:\/\/www.flickr.com\/photos\/182279889@N02\/52071496078\/in\/dateposted-public\/\" data-flickr-embed=\"true\"><img loading=\"lazy\" decoding=\"async\" src=\"https:\/\/live.staticflickr.com\/65535\/52071496078_93c3a6fe6d_c.jpg\" alt=\"Sensini Gertsnert\" width=\"800\" height=\"479\" \/><\/a><script async src=\"\/\/embedr.flickr.com\/assets\/client-code.js\" charset=\"utf-8\"><\/script><\/p>\n<p>Pese a que Sierra de la Ventana sigue creciendo, en un boom que no parece tener un horizonte distinto a la movida que transita, desde Coopersive LTDA se sostiene la inversi\u00f3n necesario para que el suministro no le falte a ning\u00fan vecino.<\/p>\n<p>Al respecto esta ma\u00f1ana su presidente, Mario Sensini, acompa\u00f1ado del tesorero Miguel \u00c1ngel Gerstner dieron detalles de los \u00faltimos avances dados.<\/p>\n<p>Al respecto sostuvieron que \u201cse energiz\u00f3 un barrio nuevo. En su momento se hizo el pedido de factibilidad de Las Verbenas. La misma gente de ese loteo hizo la obra, supervisada por nosotros, y ellos entregaron la obra una vez que estuvo hecha. Lleg\u00f3 el momento de energizarla. Era clave para que los vecinos pudieran comenzar sus obras\u201d.<\/p>\n<p>De igual manera y sin esquivarle a la pol\u00e9mica de redes sociales, aseguraron que \u201cen su momento se dijo que no se energizaba por culpa de la Cooperativa, pero despu\u00e9s se dieron cuenta que nosotros no ten\u00edamos nada que ver. Era un tema interno de ellos, que pudieron subsanar, terminar con las obras y ahora s\u00ed est\u00e1 energizado\u201d.<\/p>\n<p>En esa misma l\u00ednea aclararon que \u201cBarrio Parque Piyahuinc\u00f3 a\u00fan no entreg\u00f3. Est\u00e1 demorado. Les falta el cruce del arroyo. Son cuestiones inherentes al fideicomiso. Una vez que terminen la obra, nos avisan, nosotros corroboramos m\u00e1s all\u00e1 de las supervisiones peri\u00f3dicas, y si est\u00e1 en condiciones damos la energ\u00eda\u201d.<\/p>\n<p>Y yendo m\u00e1s all\u00e1, confirmaron que \u201cel barrio Parque Ventania tiene el problema que el desarrollador no hizo la obra. Eso es zona rural. La cooperativa tiene una regulaci\u00f3n del OCEBA del 2017 que dice que nosotros no podemos energizar ese barrio hasta que no est\u00e9 el desarrollo total hecho por el barrio\u201d.<\/p>\n<p>Al mismo tiempo remarcaron que \u201cen su momento el juez L\u00f3pez Camelo consigui\u00f3 una resoluci\u00f3n del OCEBA exclusiva para \u00e9l, para que la cooperativa le d\u00e9 energ\u00eda a su terreno. Luego lleg\u00f3 la resoluci\u00f3n del 2017 donde dec\u00eda que no se deb\u00eda dar energ\u00eda a nadie hasta que resuelvan todo, y eso es lo que est\u00e1 vigente\u201d.<\/p>\n<p>Por \u00faltimo, en otro tramo de la entrevista, mencionaron que en \u201clo que corresponde a Sierra de la Ventana, se est\u00e1 trabajando constantemente en inversiones el\u00e9ctrica. Hoy podemos darle energ\u00eda a todos los vecinos\u201d.<\/p>\n<p>Aunque alertaron que \u201cla planta transformadora de Tornquist no tiene la capacidad capacidad suficiente. Se est\u00e1 trabajando en la repotenciaci\u00f3n de la subestaci\u00f3n Tornquist, pero a su vez hemos planteado una subestaci\u00f3n de 132 kva, que nos de energ\u00eda a Saldungaray y Sierra. Eso se har\u00eda en Fra-Pal. Se tomar\u00eda la l\u00ednea de la ruta 51\u201d.<\/p>\n","protected":false},"excerpt":{"rendered":"<p>El presidente de la entidad, Mario Sensini, junto con el tesorero Miguel \u00c1ngel Gerstner brindaron detalles sobre los \u00faltimos avances de energizaci\u00f3n y despejaron varias dudas.<\/p>\n","protected":false},"author":3,"featured_media":71933,"comment_status":"closed","ping_status":"closed","sticky":false,"template":"","format":"standard","meta":{"footnotes":""},"categories":[26],"tags":[48],"class_list":["post-71916","post","type-post","status-publish","format-standard","has-post-thumbnail","hentry","category-sociedad","tag-destacada"],"yoast_head":"<!-- This site is optimized with the Yoast SEO plugin v25.9 - https:\/\/yoast.com\/wordpress\/plugins\/seo\/ -->\n<title>Coopersive: \u201cHoy podemos darle energ\u00eda a todos los vecinos\u201d - Noticias Radio Reflejos<\/title>\n<meta name=\"robots\" content=\"index, follow, max-snippet:-1, max-image-preview:large, max-video-preview:-1\" \/>\n<link rel=\"canonical\" href=\"https:\/\/www.noticiasradioreflejos.com.ar\/2021\/coopersive-hoy-podemos-darle-energia-a-todos-los-vecinos\/\" \/>\n<meta property=\"og:locale\" content=\"es_ES\" \/>\n<meta property=\"og:type\" content=\"article\" \/>\n<meta property=\"og:title\" content=\"Coopersive: \u201cHoy podemos darle energ\u00eda a todos los vecinos\u201d - Noticias Radio Reflejos\" \/>\n<meta property=\"og:description\" content=\"El presidente de la entidad, Mario Sensini, junto con el tesorero Miguel \u00c1ngel Gerstner brindaron detalles sobre los \u00faltimos avances de energizaci\u00f3n y despejaron varias dudas.\" \/>\n<meta property=\"og:url\" content=\"https:\/\/www.noticiasradioreflejos.com.ar\/2021\/coopersive-hoy-podemos-darle-energia-a-todos-los-vecinos\/\" \/>\n<meta property=\"og:site_name\" content=\"Noticias Radio Reflejos\" \/>\n<meta property=\"article:published_time\" content=\"2022-05-13T21:57:32+00:00\" \/>\n<meta property=\"article:modified_time\" content=\"2022-05-13T21:59:16+00:00\" \/>\n<meta property=\"og:image\" content=\"https:\/\/www.noticiasradioreflejos.com.ar\/2021\/wp-content\/uploads\/2022\/05\/Coopersive-.-Sauestacion.jpg\" \/>\n\t<meta property=\"og:image:width\" content=\"1920\" \/>\n\t<meta property=\"og:image:height\" content=\"1440\" \/>\n\t<meta property=\"og:image:type\" content=\"image\/jpeg\" \/>\n<meta name=\"author\" content=\"Arnaldo Botto\" \/>\n<meta name=\"twitter:card\" content=\"summary_large_image\" \/>\n<script type=\"application\/ld+json\" class=\"yoast-schema-graph\">{\"@context\":\"https:\/\/schema.org\",\"@graph\":[{\"@type\":\"WebPage\",\"@id\":\"https:\/\/www.noticiasradioreflejos.com.ar\/2021\/coopersive-hoy-podemos-darle-energia-a-todos-los-vecinos\/\",\"url\":\"https:\/\/www.noticiasradioreflejos.com.ar\/2021\/coopersive-hoy-podemos-darle-energia-a-todos-los-vecinos\/\",\"name\":\"Coopersive: \u201cHoy podemos darle energ\u00eda a todos los vecinos\u201d - Noticias Radio Reflejos\",\"isPartOf\":{\"@id\":\"https:\/\/www.noticiasradioreflejos.com.ar\/2021\/#website\"},\"primaryImageOfPage\":{\"@id\":\"https:\/\/www.noticiasradioreflejos.com.ar\/2021\/coopersive-hoy-podemos-darle-energia-a-todos-los-vecinos\/#primaryimage\"},\"image\":{\"@id\":\"https:\/\/www.noticiasradioreflejos.com.ar\/2021\/coopersive-hoy-podemos-darle-energia-a-todos-los-vecinos\/#primaryimage\"},\"thumbnailUrl\":\"https:\/\/www.noticiasradioreflejos.com.ar\/2021\/wp-content\/uploads\/2022\/05\/Coopersive-.-Sauestacion.jpg\",\"datePublished\":\"2022-05-13T21:57:32+00:00\",\"dateModified\":\"2022-05-13T21:59:16+00:00\",\"author\":{\"@id\":\"https:\/\/www.noticiasradioreflejos.com.ar\/2021\/#\/schema\/person\/ad82545263dcc5ec0996818884fd5fb1\"},\"breadcrumb\":{\"@id\":\"https:\/\/www.noticiasradioreflejos.com.ar\/2021\/coopersive-hoy-podemos-darle-energia-a-todos-los-vecinos\/#breadcrumb\"},\"inLanguage\":\"es\",\"potentialAction\":[{\"@type\":\"ReadAction\",\"target\":[\"https:\/\/www.noticiasradioreflejos.com.ar\/2021\/coopersive-hoy-podemos-darle-energia-a-todos-los-vecinos\/\"]}]},{\"@type\":\"ImageObject\",\"inLanguage\":\"es\",\"@id\":\"https:\/\/www.noticiasradioreflejos.com.ar\/2021\/coopersive-hoy-podemos-darle-energia-a-todos-los-vecinos\/#primaryimage\",\"url\":\"https:\/\/www.noticiasradioreflejos.com.ar\/2021\/wp-content\/uploads\/2022\/05\/Coopersive-.-Sauestacion.jpg\",\"contentUrl\":\"https:\/\/www.noticiasradioreflejos.com.ar\/2021\/wp-content\/uploads\/2022\/05\/Coopersive-.-Sauestacion.jpg\",\"width\":1920,\"height\":1440},{\"@type\":\"BreadcrumbList\",\"@id\":\"https:\/\/www.noticiasradioreflejos.com.ar\/2021\/coopersive-hoy-podemos-darle-energia-a-todos-los-vecinos\/#breadcrumb\",\"itemListElement\":[{\"@type\":\"ListItem\",\"position\":1,\"name\":\"Portada\",\"item\":\"https:\/\/www.noticiasradioreflejos.com.ar\/2021\/\"},{\"@type\":\"ListItem\",\"position\":2,\"name\":\"Coopersive: \u201cHoy podemos darle energ\u00eda a todos los vecinos\u201d\"}]},{\"@type\":\"WebSite\",\"@id\":\"https:\/\/www.noticiasradioreflejos.com.ar\/2021\/#website\",\"url\":\"https:\/\/www.noticiasradioreflejos.com.ar\/2021\/\",\"name\":\"Noticias Radio Reflejos\",\"description\":\"Las noticias de mi comarca\",\"potentialAction\":[{\"@type\":\"SearchAction\",\"target\":{\"@type\":\"EntryPoint\",\"urlTemplate\":\"https:\/\/www.noticiasradioreflejos.com.ar\/2021\/?s={search_term_string}\"},\"query-input\":{\"@type\":\"PropertyValueSpecification\",\"valueRequired\":true,\"valueName\":\"search_term_string\"}}],\"inLanguage\":\"es\"},{\"@type\":\"Person\",\"@id\":\"https:\/\/www.noticiasradioreflejos.com.ar\/2021\/#\/schema\/person\/ad82545263dcc5ec0996818884fd5fb1\",\"name\":\"Arnaldo Botto\",\"image\":{\"@type\":\"ImageObject\",\"inLanguage\":\"es\",\"@id\":\"https:\/\/www.noticiasradioreflejos.com.ar\/2021\/#\/schema\/person\/image\/\",\"url\":\"https:\/\/secure.gravatar.com\/avatar\/55cb5e37c1efa326397366e6974cb338056df65cb50e7d64d1cf314e87504837?s=96&d=mm&r=g\",\"contentUrl\":\"https:\/\/secure.gravatar.com\/avatar\/55cb5e37c1efa326397366e6974cb338056df65cb50e7d64d1cf314e87504837?s=96&d=mm&r=g\",\"caption\":\"Arnaldo Botto\"},\"url\":\"https:\/\/www.noticiasradioreflejos.com.ar\/2021\/author\/arnaldo\/\"}]}<\/script>\n<!-- \/ Yoast SEO plugin. -->","yoast_head_json":{"title":"Coopersive: \u201cHoy podemos darle energ\u00eda a todos los vecinos\u201d - Noticias Radio Reflejos","robots":{"index":"index","follow":"follow","max-snippet":"max-snippet:-1","max-image-preview":"max-image-preview:large","max-video-preview":"max-video-preview:-1"},"canonical":"https:\/\/www.noticiasradioreflejos.com.ar\/2021\/coopersive-hoy-podemos-darle-energia-a-todos-los-vecinos\/","og_locale":"es_ES","og_type":"article","og_title":"Coopersive: \u201cHoy podemos darle energ\u00eda a todos los vecinos\u201d - Noticias Radio Reflejos","og_description":"El presidente de la entidad, Mario Sensini, junto con el tesorero Miguel \u00c1ngel Gerstner brindaron detalles sobre los \u00faltimos avances de energizaci\u00f3n y despejaron varias dudas.","og_url":"https:\/\/www.noticiasradioreflejos.com.ar\/2021\/coopersive-hoy-podemos-darle-energia-a-todos-los-vecinos\/","og_site_name":"Noticias Radio Reflejos","article_published_time":"2022-05-13T21:57:32+00:00","article_modified_time":"2022-05-13T21:59:16+00:00","og_image":[{"width":1920,"height":1440,"url":"https:\/\/www.noticiasradioreflejos.com.ar\/2021\/wp-content\/uploads\/2022\/05\/Coopersive-.-Sauestacion.jpg","type":"image\/jpeg"}],"author":"Arnaldo Botto","twitter_card":"summary_large_image","schema":{"@context":"https:\/\/schema.org","@graph":[{"@type":"WebPage","@id":"https:\/\/www.noticiasradioreflejos.com.ar\/2021\/coopersive-hoy-podemos-darle-energia-a-todos-los-vecinos\/","url":"https:\/\/www.noticiasradioreflejos.com.ar\/2021\/coopersive-hoy-podemos-darle-energia-a-todos-los-vecinos\/","name":"Coopersive: \u201cHoy podemos darle energ\u00eda a todos los vecinos\u201d - Noticias Radio Reflejos","isPartOf":{"@id":"https:\/\/www.noticiasradioreflejos.com.ar\/2021\/#website"},"primaryImageOfPage":{"@id":"https:\/\/www.noticiasradioreflejos.com.ar\/2021\/coopersive-hoy-podemos-darle-energia-a-todos-los-vecinos\/#primaryimage"},"image":{"@id":"https:\/\/www.noticiasradioreflejos.com.ar\/2021\/coopersive-hoy-podemos-darle-energia-a-todos-los-vecinos\/#primaryimage"},"thumbnailUrl":"https:\/\/www.noticiasradioreflejos.com.ar\/2021\/wp-content\/uploads\/2022\/05\/Coopersive-.-Sauestacion.jpg","datePublished":"2022-05-13T21:57:32+00:00","dateModified":"2022-05-13T21:59:16+00:00","author":{"@id":"https:\/\/www.noticiasradioreflejos.com.ar\/2021\/#\/schema\/person\/ad82545263dcc5ec0996818884fd5fb1"},"breadcrumb":{"@id":"https:\/\/www.noticiasradioreflejos.com.ar\/2021\/coopersive-hoy-podemos-darle-energia-a-todos-los-vecinos\/#breadcrumb"},"inLanguage":"es","potentialAction":[{"@type":"ReadAction","target":["https:\/\/www.noticiasradioreflejos.com.ar\/2021\/coopersive-hoy-podemos-darle-energia-a-todos-los-vecinos\/"]}]},{"@type":"ImageObject","inLanguage":"es","@id":"https:\/\/www.noticiasradioreflejos.com.ar\/2021\/coopersive-hoy-podemos-darle-energia-a-todos-los-vecinos\/#primaryimage","url":"https:\/\/www.noticiasradioreflejos.com.ar\/2021\/wp-content\/uploads\/2022\/05\/Coopersive-.-Sauestacion.jpg","contentUrl":"https:\/\/www.noticiasradioreflejos.com.ar\/2021\/wp-content\/uploads\/2022\/05\/Coopersive-.-Sauestacion.jpg","width":1920,"height":1440},{"@type":"BreadcrumbList","@id":"https:\/\/www.noticiasradioreflejos.com.ar\/2021\/coopersive-hoy-podemos-darle-energia-a-todos-los-vecinos\/#breadcrumb","itemListElement":[{"@type":"ListItem","position":1,"name":"Portada","item":"https:\/\/www.noticiasradioreflejos.com.ar\/2021\/"},{"@type":"ListItem","position":2,"name":"Coopersive: \u201cHoy podemos darle energ\u00eda a todos los vecinos\u201d"}]},{"@type":"WebSite","@id":"https:\/\/www.noticiasradioreflejos.com.ar\/2021\/#website","url":"https:\/\/www.noticiasradioreflejos.com.ar\/2021\/","name":"Noticias Radio Reflejos","description":"Las noticias de mi comarca","potentialAction":[{"@type":"SearchAction","target":{"@type":"EntryPoint","urlTemplate":"https:\/\/www.noticiasradioreflejos.com.ar\/2021\/?s={search_term_string}"},"query-input":{"@type":"PropertyValueSpecification","valueRequired":true,"valueName":"search_term_string"}}],"inLanguage":"es"},{"@type":"Person","@id":"https:\/\/www.noticiasradioreflejos.com.ar\/2021\/#\/schema\/person\/ad82545263dcc5ec0996818884fd5fb1","name":"Arnaldo Botto","image":{"@type":"ImageObject","inLanguage":"es","@id":"https:\/\/www.noticiasradioreflejos.com.ar\/2021\/#\/schema\/person\/image\/","url":"https:\/\/secure.gravatar.com\/avatar\/55cb5e37c1efa326397366e6974cb338056df65cb50e7d64d1cf314e87504837?s=96&d=mm&r=g","contentUrl":"https:\/\/secure.gravatar.com\/avatar\/55cb5e37c1efa326397366e6974cb338056df65cb50e7d64d1cf314e87504837?s=96&d=mm&r=g","caption":"Arnaldo Botto"},"url":"https:\/\/www.noticiasradioreflejos.com.ar\/2021\/author\/arnaldo\/"}]}},"_links":{"self":[{"href":"https:\/\/www.noticiasradioreflejos.com.ar\/2021\/wp-json\/wp\/v2\/posts\/71916","targetHints":{"allow":["GET"]}}],"collection":[{"href":"https:\/\/www.noticiasradioreflejos.com.ar\/2021\/wp-json\/wp\/v2\/posts"}],"about":[{"href":"https:\/\/www.noticiasradioreflejos.com.ar\/2021\/wp-json\/wp\/v2\/types\/post"}],"author":[{"embeddable":true,"href":"https:\/\/www.noticiasradioreflejos.com.ar\/2021\/wp-json\/wp\/v2\/users\/3"}],"replies":[{"embeddable":true,"href":"https:\/\/www.noticiasradioreflejos.com.ar\/2021\/wp-json\/wp\/v2\/comments?post=71916"}],"version-history":[{"count":4,"href":"https:\/\/www.noticiasradioreflejos.com.ar\/2021\/wp-json\/wp\/v2\/posts\/71916\/revisions"}],"predecessor-version":[{"id":71936,"href":"https:\/\/www.noticiasradioreflejos.com.ar\/2021\/wp-json\/wp\/v2\/posts\/71916\/revisions\/71936"}],"wp:featuredmedia":[{"embeddable":true,"href":"https:\/\/www.noticiasradioreflejos.com.ar\/2021\/wp-json\/wp\/v2\/media\/71933"}],"wp:attachment":[{"href":"https:\/\/www.noticiasradioreflejos.com.ar\/2021\/wp-json\/wp\/v2\/media?parent=71916"}],"wp:term":[{"taxonomy":"category","embeddable":true,"href":"https:\/\/www.noticiasradioreflejos.com.ar\/2021\/wp-json\/wp\/v2\/categories?post=71916"},{"taxonomy":"post_tag","embeddable":true,"href":"https:\/\/www.noticiasradioreflejos.com.ar\/2021\/wp-json\/wp\/v2\/tags?post=71916"}],"curies":[{"name":"wp","href":"https:\/\/api.w.org\/{rel}","templated":true}]}}