{"id":71863,"date":"2022-05-12T19:59:31","date_gmt":"2022-05-12T19:59:31","guid":{"rendered":"http:\/\/www.noticiasradioreflejos.com.ar\/2021\/?p=71863"},"modified":"2022-05-12T19:59:31","modified_gmt":"2022-05-12T19:59:31","slug":"situacion-cada-vez-es-mas-desbordante-y-apremiante-en-la-reserva-natural-bahia-blanca-bahia-falsa-y-bahia-verde","status":"publish","type":"post","link":"https:\/\/www.noticiasradioreflejos.com.ar\/2021\/situacion-cada-vez-es-mas-desbordante-y-apremiante-en-la-reserva-natural-bahia-blanca-bahia-falsa-y-bahia-verde\/","title":{"rendered":"Situaci\u00f3n cada vez es m\u00e1s desbordante y apremiante en la Reserva Natural Bah\u00eda Blanca, Bah\u00eda Falsa y Bah\u00eda Verde."},"content":{"rendered":"<p>El guardaparque<strong> Daniel Porte<\/strong> ampli\u00f3 lo expuesto ayer en redes sociales, donde asegur\u00f3 que por falta de personal e infraestructura, la situaci\u00f3n de la Reserva Natural Bah\u00eda Blanca, Bah\u00eda Falsa, Bah\u00eda Verde y del Islote de la Gaviota Cangrejera era preocupante.<!--more--><\/p>\n<p><a title=\"Reserva Natural Bah\u00eda blanca (3)\" href=\"https:\/\/www.flickr.com\/photos\/182279889@N02\/52069067771\/in\/dateposted-public\/\" data-flickr-embed=\"true\"><img loading=\"lazy\" decoding=\"async\" src=\"https:\/\/live.staticflickr.com\/65535\/52069067771_94aacb21db_c.jpg\" alt=\"Reserva Natural Bah\u00eda blanca (3)\" width=\"800\" height=\"533\" \/><\/a><script async src=\"\/\/embedr.flickr.com\/assets\/client-code.js\" charset=\"utf-8\"><\/script><\/p>\n<p><a title=\"Reserva Bahia Blanca\" href=\"https:\/\/www.flickr.com\/photos\/182279889@N02\/52069045066\/in\/dateposted-public\/\" data-flickr-embed=\"true\"><img loading=\"lazy\" decoding=\"async\" class=\"alignleft\" src=\"https:\/\/live.staticflickr.com\/65535\/52069045066_6c123778e5.jpg\" alt=\"Reserva Bahia Blanca\" width=\"238\" height=\"363\" \/><\/a>En su voz se nota la angustia. Ese dolor de un apasionado de su trabajo que ve como por falta de recursos y personal cada esfuerzo tiene gusto a poco, y en ese tiempo que pasa la situaci\u00f3n cada vez es m\u00e1s desbordante y apremiante.<\/p>\n<p>El guarda parque Daniel Porte ayer dio a conocer lo que ocurre en la Reserva Natural Bah\u00eda Blanca, Bah\u00eda Falsa \u2013 Bah\u00eda Verde y del Islote de la Gaviota Cangrejera, y esta ma\u00f1ana no dudo en replicarlo y ampliar sus detalles.<\/p>\n<p>\u201cHay veces que hay que decir que no. Hay razones de orden cient\u00edfico que establecen que hay determinadas actividades que no se pueden o no se deben hacer. Como dice la ley 1907, se debe sustraer de la libre intervenci\u00f3n humana determinadas actividades a fin de asegurar la existencia a perpetuidad de la naturaleza\u201d cont\u00f3.<\/p>\n<p>Dando una magnitud de lo que viven, Daniel asegur\u00f3 que \u201cla reserva es tan grande como el partido de Bah\u00eda Blanca, con tres o cuatro personas trabajando sin medios y la impotencia que eso causa cuando por no tener los medios ni el personal, vemos pasar la problem\u00e1tica\u201d.<\/p>\n<p><a title=\"Reserva Natural Bah\u00eda blanca (2)\" href=\"https:\/\/www.flickr.com\/photos\/182279889@N02\/52069079298\/in\/dateposted-public\/\" data-flickr-embed=\"true\"><img loading=\"lazy\" decoding=\"async\" src=\"https:\/\/live.staticflickr.com\/65535\/52069079298_805623a8ab_c.jpg\" alt=\"Reserva Natural Bah\u00eda blanca (2)\" width=\"720\" height=\"540\" \/><\/a><script async src=\"\/\/embedr.flickr.com\/assets\/client-code.js\" charset=\"utf-8\"><\/script><\/p>\n<p>Refiri\u00e9ndose a uno de los tantos inconvenientes con los que lidian a diario, cont\u00f3 que \u201chay un aprovechamiento del recurso natural que tiene que ver con la pesca. Los delfines quedan en las redes, y como es un mam\u00edfero que necesita aire para respirar, se termina ahogando\u201d.<\/p>\n<p>Y sobre esa l\u00ednea refiri\u00f3 que \u201ccompatibilizar la pescar artesanal con la conservaci\u00f3n de las especies es el desaf\u00edo para muchos. A m\u00ed entender el eje principal se debe poner sobre las especies que se conservan y protegen dentro de una reserva natural\u201d.<\/p>\n<p><a title=\"Reserva Natural Bah\u00eda blanca (6)\" href=\"https:\/\/www.flickr.com\/photos\/182279889@N02\/52069300469\/in\/dateposted-public\/\" data-flickr-embed=\"true\"><img loading=\"lazy\" decoding=\"async\" src=\"https:\/\/live.staticflickr.com\/65535\/52069300469_e21fb46dda_c.jpg\" alt=\"Reserva Natural Bah\u00eda blanca (6)\" width=\"800\" height=\"600\" \/><\/a><script async src=\"\/\/embedr.flickr.com\/assets\/client-code.js\" charset=\"utf-8\"><\/script><\/p>\n<p>En otro pasaje de la charla se anim\u00f3 a trasladar la situaci\u00f3n a lo que ocurre con el Parque Provincial Ernesto Tornquist, y en ese sentido afirm\u00f3 que \u201cya pasaron m\u00e1s de 80 a\u00f1os de la creaci\u00f3n del Parque. Si hubi\u00e9semos podido sacar fotos en aquel momento, y hoy las volvi\u00e9ramos a tomar, ver\u00edamos que queda muy poco de lo original. O sea que no se cumpli\u00f3 el objetivo por el cual se cre\u00f3: perpetuar la naturaleza para las generaciones futuras\u201d.<\/p>\n<p>Y d\u00e1ndole una conclusi\u00f3n a ese tema, remarc\u00f3 que \u201cno solo es lo que uno ve, tambi\u00e9n est\u00e1 lo que no se ve. Un mont\u00f3n de especies de flora y fauna, muchas de las cuales est\u00e1n en situaciones cr\u00edticas. Lo hemos ido asumiendo. Si lo proyectamos vemos que los problemas pueden agravarse. La gran cuesti\u00f3n es saber si estamos dispuestos a repensar la funci\u00f3n de una reserva natural\u201d.<\/p>\n<p>&nbsp;<\/p>\n<p><iframe loading=\"lazy\" src=\"https:\/\/w.soundcloud.com\/player\/?url=https%3A\/\/api.soundcloud.com\/tracks\/1267033429&amp;color=%23ff5500&amp;auto_play=false&amp;hide_related=false&amp;show_comments=true&amp;show_user=true&amp;show_reposts=false&amp;show_teaser=true\" width=\"100%\" height=\"166\" frameborder=\"no\" scrolling=\"no\"><\/iframe><\/p>\n<div style=\"font-size: 10px; color: #cccccc; line-break: anywhere; word-break: normal; overflow: hidden; white-space: nowrap; text-overflow: ellipsis; font-family: Interstate,Lucida Grande,Lucida Sans Unicode,Lucida Sans,Garuda,Verdana,Tahoma,sans-serif; font-weight: 100;\"><a style=\"color: #cccccc; text-decoration: none;\" title=\"fmreflejos 103.7\" href=\"https:\/\/soundcloud.com\/fmreflejos-103-7\" target=\"_blank\" rel=\"noopener\">fmreflejos 103.7<\/a> \u00b7 <a style=\"color: #cccccc; text-decoration: none;\" title=\"Daniel Porte\" href=\"https:\/\/soundcloud.com\/fmreflejos-103-7\/daniel-porte\" target=\"_blank\" rel=\"noopener\">Daniel Porte<\/a><\/div>\n<p><a title=\"bahia-blanca-bahia-falsa-foto5\" href=\"https:\/\/www.flickr.com\/photos\/182279889@N02\/52069056113\/in\/dateposted-public\/\" data-flickr-embed=\"true\"><img loading=\"lazy\" decoding=\"async\" class=\"aligncenter\" src=\"https:\/\/live.staticflickr.com\/65535\/52069056113_528c53ec62.jpg\" alt=\"bahia-blanca-bahia-falsa-foto5\" width=\"735\" height=\"491\" \/><\/a><\/p>\n<p><a title=\"Reserva Natural Bah\u00eda blanca (1)\" href=\"https:\/\/www.flickr.com\/photos\/182279889@N02\/52069552260\/in\/dateposted-public\/\" data-flickr-embed=\"true\"><img loading=\"lazy\" decoding=\"async\" src=\"https:\/\/live.staticflickr.com\/65535\/52069552260_b7fc1d15c6_c.jpg\" alt=\"Reserva Natural Bah\u00eda blanca (1)\" width=\"800\" height=\"533\" \/><\/a><script async src=\"\/\/embedr.flickr.com\/assets\/client-code.js\" charset=\"utf-8\"><\/script><\/p>\n","protected":false},"excerpt":{"rendered":"<p>El guardaparque Daniel Porte ampli\u00f3 lo expuesto ayer en redes sociales, donde asegur\u00f3 que por falta de personal e infraestructura, la situaci\u00f3n de la Reserva Natural Bah\u00eda Blanca, Bah\u00eda Falsa, Bah\u00eda Verde y del Islote de la Gaviota Cangrejera era preocupante.<\/p>\n","protected":false},"author":3,"featured_media":0,"comment_status":"closed","ping_status":"closed","sticky":false,"template":"","format":"standard","meta":{"footnotes":""},"categories":[46,24,26,33],"tags":[48],"class_list":["post-71863","post","type-post","status-publish","format-standard","hentry","category-ciencia-y-tecnologia","category-politica","category-sociedad","category-turismo","tag-destacada"],"yoast_head":"<!-- This site is optimized with the Yoast SEO plugin v25.9 - https:\/\/yoast.com\/wordpress\/plugins\/seo\/ -->\n<title>Situaci\u00f3n cada vez es m\u00e1s desbordante y apremiante en la Reserva Natural Bah\u00eda Blanca, Bah\u00eda Falsa y Bah\u00eda Verde. - Noticias Radio Reflejos<\/title>\n<meta name=\"robots\" content=\"index, follow, max-snippet:-1, max-image-preview:large, max-video-preview:-1\" \/>\n<link rel=\"canonical\" href=\"https:\/\/www.noticiasradioreflejos.com.ar\/2021\/situacion-cada-vez-es-mas-desbordante-y-apremiante-en-la-reserva-natural-bahia-blanca-bahia-falsa-y-bahia-verde\/\" \/>\n<meta property=\"og:locale\" content=\"es_ES\" \/>\n<meta property=\"og:type\" content=\"article\" \/>\n<meta property=\"og:title\" content=\"Situaci\u00f3n cada vez es m\u00e1s desbordante y apremiante en la Reserva Natural Bah\u00eda Blanca, Bah\u00eda Falsa y Bah\u00eda Verde. - Noticias Radio Reflejos\" \/>\n<meta property=\"og:description\" content=\"El guardaparque Daniel Porte ampli\u00f3 lo expuesto ayer en redes sociales, donde asegur\u00f3 que por falta de personal e infraestructura, la situaci\u00f3n de la Reserva Natural Bah\u00eda Blanca, Bah\u00eda Falsa, Bah\u00eda Verde y del Islote de la Gaviota Cangrejera era preocupante.\" \/>\n<meta property=\"og:url\" content=\"https:\/\/www.noticiasradioreflejos.com.ar\/2021\/situacion-cada-vez-es-mas-desbordante-y-apremiante-en-la-reserva-natural-bahia-blanca-bahia-falsa-y-bahia-verde\/\" \/>\n<meta property=\"og:site_name\" content=\"Noticias Radio Reflejos\" \/>\n<meta property=\"article:published_time\" content=\"2022-05-12T19:59:31+00:00\" \/>\n<meta property=\"og:image\" content=\"https:\/\/live.staticflickr.com\/65535\/52069067771_94aacb21db_c.jpg\" \/>\n<meta name=\"author\" content=\"Arnaldo Botto\" \/>\n<meta name=\"twitter:card\" content=\"summary_large_image\" \/>\n<script type=\"application\/ld+json\" class=\"yoast-schema-graph\">{\"@context\":\"https:\/\/schema.org\",\"@graph\":[{\"@type\":\"WebPage\",\"@id\":\"https:\/\/www.noticiasradioreflejos.com.ar\/2021\/situacion-cada-vez-es-mas-desbordante-y-apremiante-en-la-reserva-natural-bahia-blanca-bahia-falsa-y-bahia-verde\/\",\"url\":\"https:\/\/www.noticiasradioreflejos.com.ar\/2021\/situacion-cada-vez-es-mas-desbordante-y-apremiante-en-la-reserva-natural-bahia-blanca-bahia-falsa-y-bahia-verde\/\",\"name\":\"Situaci\u00f3n cada vez es m\u00e1s desbordante y apremiante en la Reserva Natural Bah\u00eda Blanca, Bah\u00eda Falsa y Bah\u00eda Verde. - Noticias Radio Reflejos\",\"isPartOf\":{\"@id\":\"https:\/\/www.noticiasradioreflejos.com.ar\/2021\/#website\"},\"primaryImageOfPage\":{\"@id\":\"https:\/\/www.noticiasradioreflejos.com.ar\/2021\/situacion-cada-vez-es-mas-desbordante-y-apremiante-en-la-reserva-natural-bahia-blanca-bahia-falsa-y-bahia-verde\/#primaryimage\"},\"image\":{\"@id\":\"https:\/\/www.noticiasradioreflejos.com.ar\/2021\/situacion-cada-vez-es-mas-desbordante-y-apremiante-en-la-reserva-natural-bahia-blanca-bahia-falsa-y-bahia-verde\/#primaryimage\"},\"thumbnailUrl\":\"https:\/\/live.staticflickr.com\/65535\/52069067771_94aacb21db_c.jpg\",\"datePublished\":\"2022-05-12T19:59:31+00:00\",\"author\":{\"@id\":\"https:\/\/www.noticiasradioreflejos.com.ar\/2021\/#\/schema\/person\/ad82545263dcc5ec0996818884fd5fb1\"},\"breadcrumb\":{\"@id\":\"https:\/\/www.noticiasradioreflejos.com.ar\/2021\/situacion-cada-vez-es-mas-desbordante-y-apremiante-en-la-reserva-natural-bahia-blanca-bahia-falsa-y-bahia-verde\/#breadcrumb\"},\"inLanguage\":\"es\",\"potentialAction\":[{\"@type\":\"ReadAction\",\"target\":[\"https:\/\/www.noticiasradioreflejos.com.ar\/2021\/situacion-cada-vez-es-mas-desbordante-y-apremiante-en-la-reserva-natural-bahia-blanca-bahia-falsa-y-bahia-verde\/\"]}]},{\"@type\":\"ImageObject\",\"inLanguage\":\"es\",\"@id\":\"https:\/\/www.noticiasradioreflejos.com.ar\/2021\/situacion-cada-vez-es-mas-desbordante-y-apremiante-en-la-reserva-natural-bahia-blanca-bahia-falsa-y-bahia-verde\/#primaryimage\",\"url\":\"https:\/\/live.staticflickr.com\/65535\/52069067771_94aacb21db_c.jpg\",\"contentUrl\":\"https:\/\/live.staticflickr.com\/65535\/52069067771_94aacb21db_c.jpg\"},{\"@type\":\"BreadcrumbList\",\"@id\":\"https:\/\/www.noticiasradioreflejos.com.ar\/2021\/situacion-cada-vez-es-mas-desbordante-y-apremiante-en-la-reserva-natural-bahia-blanca-bahia-falsa-y-bahia-verde\/#breadcrumb\",\"itemListElement\":[{\"@type\":\"ListItem\",\"position\":1,\"name\":\"Portada\",\"item\":\"https:\/\/www.noticiasradioreflejos.com.ar\/2021\/\"},{\"@type\":\"ListItem\",\"position\":2,\"name\":\"Situaci\u00f3n cada vez es m\u00e1s desbordante y apremiante en la Reserva Natural Bah\u00eda Blanca, Bah\u00eda Falsa y Bah\u00eda Verde.\"}]},{\"@type\":\"WebSite\",\"@id\":\"https:\/\/www.noticiasradioreflejos.com.ar\/2021\/#website\",\"url\":\"https:\/\/www.noticiasradioreflejos.com.ar\/2021\/\",\"name\":\"Noticias Radio Reflejos\",\"description\":\"Las noticias de mi comarca\",\"potentialAction\":[{\"@type\":\"SearchAction\",\"target\":{\"@type\":\"EntryPoint\",\"urlTemplate\":\"https:\/\/www.noticiasradioreflejos.com.ar\/2021\/?s={search_term_string}\"},\"query-input\":{\"@type\":\"PropertyValueSpecification\",\"valueRequired\":true,\"valueName\":\"search_term_string\"}}],\"inLanguage\":\"es\"},{\"@type\":\"Person\",\"@id\":\"https:\/\/www.noticiasradioreflejos.com.ar\/2021\/#\/schema\/person\/ad82545263dcc5ec0996818884fd5fb1\",\"name\":\"Arnaldo Botto\",\"image\":{\"@type\":\"ImageObject\",\"inLanguage\":\"es\",\"@id\":\"https:\/\/www.noticiasradioreflejos.com.ar\/2021\/#\/schema\/person\/image\/\",\"url\":\"https:\/\/secure.gravatar.com\/avatar\/55cb5e37c1efa326397366e6974cb338056df65cb50e7d64d1cf314e87504837?s=96&d=mm&r=g\",\"contentUrl\":\"https:\/\/secure.gravatar.com\/avatar\/55cb5e37c1efa326397366e6974cb338056df65cb50e7d64d1cf314e87504837?s=96&d=mm&r=g\",\"caption\":\"Arnaldo Botto\"},\"url\":\"https:\/\/www.noticiasradioreflejos.com.ar\/2021\/author\/arnaldo\/\"}]}<\/script>\n<!-- \/ Yoast SEO plugin. -->","yoast_head_json":{"title":"Situaci\u00f3n cada vez es m\u00e1s desbordante y apremiante en la Reserva Natural Bah\u00eda Blanca, Bah\u00eda Falsa y Bah\u00eda Verde. - Noticias Radio Reflejos","robots":{"index":"index","follow":"follow","max-snippet":"max-snippet:-1","max-image-preview":"max-image-preview:large","max-video-preview":"max-video-preview:-1"},"canonical":"https:\/\/www.noticiasradioreflejos.com.ar\/2021\/situacion-cada-vez-es-mas-desbordante-y-apremiante-en-la-reserva-natural-bahia-blanca-bahia-falsa-y-bahia-verde\/","og_locale":"es_ES","og_type":"article","og_title":"Situaci\u00f3n cada vez es m\u00e1s desbordante y apremiante en la Reserva Natural Bah\u00eda Blanca, Bah\u00eda Falsa y Bah\u00eda Verde. - Noticias Radio Reflejos","og_description":"El guardaparque Daniel Porte ampli\u00f3 lo expuesto ayer en redes sociales, donde asegur\u00f3 que por falta de personal e infraestructura, la situaci\u00f3n de la Reserva Natural Bah\u00eda Blanca, Bah\u00eda Falsa, Bah\u00eda Verde y del Islote de la Gaviota Cangrejera era preocupante.","og_url":"https:\/\/www.noticiasradioreflejos.com.ar\/2021\/situacion-cada-vez-es-mas-desbordante-y-apremiante-en-la-reserva-natural-bahia-blanca-bahia-falsa-y-bahia-verde\/","og_site_name":"Noticias Radio Reflejos","article_published_time":"2022-05-12T19:59:31+00:00","og_image":[{"url":"https:\/\/live.staticflickr.com\/65535\/52069067771_94aacb21db_c.jpg","type":"","width":"","height":""}],"author":"Arnaldo Botto","twitter_card":"summary_large_image","schema":{"@context":"https:\/\/schema.org","@graph":[{"@type":"WebPage","@id":"https:\/\/www.noticiasradioreflejos.com.ar\/2021\/situacion-cada-vez-es-mas-desbordante-y-apremiante-en-la-reserva-natural-bahia-blanca-bahia-falsa-y-bahia-verde\/","url":"https:\/\/www.noticiasradioreflejos.com.ar\/2021\/situacion-cada-vez-es-mas-desbordante-y-apremiante-en-la-reserva-natural-bahia-blanca-bahia-falsa-y-bahia-verde\/","name":"Situaci\u00f3n cada vez es m\u00e1s desbordante y apremiante en la Reserva Natural Bah\u00eda Blanca, Bah\u00eda Falsa y Bah\u00eda Verde. - Noticias Radio Reflejos","isPartOf":{"@id":"https:\/\/www.noticiasradioreflejos.com.ar\/2021\/#website"},"primaryImageOfPage":{"@id":"https:\/\/www.noticiasradioreflejos.com.ar\/2021\/situacion-cada-vez-es-mas-desbordante-y-apremiante-en-la-reserva-natural-bahia-blanca-bahia-falsa-y-bahia-verde\/#primaryimage"},"image":{"@id":"https:\/\/www.noticiasradioreflejos.com.ar\/2021\/situacion-cada-vez-es-mas-desbordante-y-apremiante-en-la-reserva-natural-bahia-blanca-bahia-falsa-y-bahia-verde\/#primaryimage"},"thumbnailUrl":"https:\/\/live.staticflickr.com\/65535\/52069067771_94aacb21db_c.jpg","datePublished":"2022-05-12T19:59:31+00:00","author":{"@id":"https:\/\/www.noticiasradioreflejos.com.ar\/2021\/#\/schema\/person\/ad82545263dcc5ec0996818884fd5fb1"},"breadcrumb":{"@id":"https:\/\/www.noticiasradioreflejos.com.ar\/2021\/situacion-cada-vez-es-mas-desbordante-y-apremiante-en-la-reserva-natural-bahia-blanca-bahia-falsa-y-bahia-verde\/#breadcrumb"},"inLanguage":"es","potentialAction":[{"@type":"ReadAction","target":["https:\/\/www.noticiasradioreflejos.com.ar\/2021\/situacion-cada-vez-es-mas-desbordante-y-apremiante-en-la-reserva-natural-bahia-blanca-bahia-falsa-y-bahia-verde\/"]}]},{"@type":"ImageObject","inLanguage":"es","@id":"https:\/\/www.noticiasradioreflejos.com.ar\/2021\/situacion-cada-vez-es-mas-desbordante-y-apremiante-en-la-reserva-natural-bahia-blanca-bahia-falsa-y-bahia-verde\/#primaryimage","url":"https:\/\/live.staticflickr.com\/65535\/52069067771_94aacb21db_c.jpg","contentUrl":"https:\/\/live.staticflickr.com\/65535\/52069067771_94aacb21db_c.jpg"},{"@type":"BreadcrumbList","@id":"https:\/\/www.noticiasradioreflejos.com.ar\/2021\/situacion-cada-vez-es-mas-desbordante-y-apremiante-en-la-reserva-natural-bahia-blanca-bahia-falsa-y-bahia-verde\/#breadcrumb","itemListElement":[{"@type":"ListItem","position":1,"name":"Portada","item":"https:\/\/www.noticiasradioreflejos.com.ar\/2021\/"},{"@type":"ListItem","position":2,"name":"Situaci\u00f3n cada vez es m\u00e1s desbordante y apremiante en la Reserva Natural Bah\u00eda Blanca, Bah\u00eda Falsa y Bah\u00eda Verde."}]},{"@type":"WebSite","@id":"https:\/\/www.noticiasradioreflejos.com.ar\/2021\/#website","url":"https:\/\/www.noticiasradioreflejos.com.ar\/2021\/","name":"Noticias Radio Reflejos","description":"Las noticias de mi comarca","potentialAction":[{"@type":"SearchAction","target":{"@type":"EntryPoint","urlTemplate":"https:\/\/www.noticiasradioreflejos.com.ar\/2021\/?s={search_term_string}"},"query-input":{"@type":"PropertyValueSpecification","valueRequired":true,"valueName":"search_term_string"}}],"inLanguage":"es"},{"@type":"Person","@id":"https:\/\/www.noticiasradioreflejos.com.ar\/2021\/#\/schema\/person\/ad82545263dcc5ec0996818884fd5fb1","name":"Arnaldo Botto","image":{"@type":"ImageObject","inLanguage":"es","@id":"https:\/\/www.noticiasradioreflejos.com.ar\/2021\/#\/schema\/person\/image\/","url":"https:\/\/secure.gravatar.com\/avatar\/55cb5e37c1efa326397366e6974cb338056df65cb50e7d64d1cf314e87504837?s=96&d=mm&r=g","contentUrl":"https:\/\/secure.gravatar.com\/avatar\/55cb5e37c1efa326397366e6974cb338056df65cb50e7d64d1cf314e87504837?s=96&d=mm&r=g","caption":"Arnaldo Botto"},"url":"https:\/\/www.noticiasradioreflejos.com.ar\/2021\/author\/arnaldo\/"}]}},"_links":{"self":[{"href":"https:\/\/www.noticiasradioreflejos.com.ar\/2021\/wp-json\/wp\/v2\/posts\/71863","targetHints":{"allow":["GET"]}}],"collection":[{"href":"https:\/\/www.noticiasradioreflejos.com.ar\/2021\/wp-json\/wp\/v2\/posts"}],"about":[{"href":"https:\/\/www.noticiasradioreflejos.com.ar\/2021\/wp-json\/wp\/v2\/types\/post"}],"author":[{"embeddable":true,"href":"https:\/\/www.noticiasradioreflejos.com.ar\/2021\/wp-json\/wp\/v2\/users\/3"}],"replies":[{"embeddable":true,"href":"https:\/\/www.noticiasradioreflejos.com.ar\/2021\/wp-json\/wp\/v2\/comments?post=71863"}],"version-history":[{"count":2,"href":"https:\/\/www.noticiasradioreflejos.com.ar\/2021\/wp-json\/wp\/v2\/posts\/71863\/revisions"}],"predecessor-version":[{"id":71882,"href":"https:\/\/www.noticiasradioreflejos.com.ar\/2021\/wp-json\/wp\/v2\/posts\/71863\/revisions\/71882"}],"wp:attachment":[{"href":"https:\/\/www.noticiasradioreflejos.com.ar\/2021\/wp-json\/wp\/v2\/media?parent=71863"}],"wp:term":[{"taxonomy":"category","embeddable":true,"href":"https:\/\/www.noticiasradioreflejos.com.ar\/2021\/wp-json\/wp\/v2\/categories?post=71863"},{"taxonomy":"post_tag","embeddable":true,"href":"https:\/\/www.noticiasradioreflejos.com.ar\/2021\/wp-json\/wp\/v2\/tags?post=71863"}],"curies":[{"name":"wp","href":"https:\/\/api.w.org\/{rel}","templated":true}]}}