{"id":71852,"date":"2022-05-12T17:19:26","date_gmt":"2022-05-12T17:19:26","guid":{"rendered":"http:\/\/www.noticiasradioreflejos.com.ar\/2021\/?p=71852"},"modified":"2022-05-12T17:20:02","modified_gmt":"2022-05-12T17:20:02","slug":"que-pasa-con-todas-las-especies-que-no-son-carismaticas-como-el-delfin","status":"publish","type":"post","link":"https:\/\/www.noticiasradioreflejos.com.ar\/2021\/que-pasa-con-todas-las-especies-que-no-son-carismaticas-como-el-delfin\/","title":{"rendered":"\u201cQu\u00e9 pasa con todas las especies que no son carism\u00e1ticas como el delf\u00edn\u201d"},"content":{"rendered":"<p>La Doctora en Biolog\u00eda Samanta Cairo estar\u00e1 dictando un par de charlas este fin de semana, en el marco de un nuevo aniversario de la creaci\u00f3n del Parque Provincial Ernesto Tornquist.<!--more--><\/p>\n<p><a title=\"sierras grandes\" href=\"https:\/\/www.flickr.com\/photos\/182279889@N02\/52068748796\/in\/dateposted-public\/\" data-flickr-embed=\"true\"><img loading=\"lazy\" decoding=\"async\" src=\"https:\/\/live.staticflickr.com\/65535\/52068748796_195109efd5_z.jpg\" alt=\"sierras grandes\" width=\"640\" height=\"640\" \/><\/a><script async src=\"\/\/embedr.flickr.com\/assets\/client-code.js\" charset=\"utf-8\"><\/script><\/p>\n<p>Las im\u00e1genes viralizadas alrededor del mundo de lo ocurrido d\u00edas atr\u00e1s en las playas de Mar del Tuy\u00fa, en donde un pescador se llev\u00f3 un delf\u00edn, sirvieron de disparador para comenzar la entrevista con la Doctora en Biolog\u00eda Samanta Cairo, la cual estar\u00e1 dando un par de charlas este fin de semana.<\/p>\n<p>\u201cQu\u00e9 pasa con todas las especies que no son carism\u00e1ticas como el delf\u00edn, que forman parte de nuestros ecosistemas nativos y que ni siquiera son conocidas por la gente com\u00fan\u201d se pregunt\u00f3 la bi\u00f3loga, que tanto s\u00e1bado como domingo ser\u00e1 parte de las actividades por un nuevo aniversario del Parque Provincial Ernesto Tornquist.<\/p>\n<p>Seg\u00fan su percepci\u00f3n, a\u00fan hay mucha gente que piensa que \u201cnosotros podemos dominar a la naturaleza y podemos hacer lo que queramos. Sigue persistiendo esta cuesti\u00f3n de creer que como seres humanos podemos hacer lo que se nos plazca. En contra posici\u00f3n est\u00e1 esto de sentirnos parte de un ambiente, de no creernos ni m\u00e1s ni menos y la importancia del respeto, la valoraci\u00f3n y el conocimiento\u201d.<\/p>\n<p>&nbsp;<\/p>\n<p><a title=\"Ca\u00f1adon Sierras\" href=\"https:\/\/www.flickr.com\/photos\/182279889@N02\/52069231360\/in\/dateposted-public\/\" data-flickr-embed=\"true\"><img loading=\"lazy\" decoding=\"async\" src=\"https:\/\/live.staticflickr.com\/65535\/52069231360_d46863a6ff_c.jpg\" alt=\"Ca\u00f1adon Sierras\" width=\"800\" height=\"600\" \/><\/a><script async src=\"\/\/embedr.flickr.com\/assets\/client-code.js\" charset=\"utf-8\"><\/script><\/p>\n<p>&nbsp;<\/p>\n<p>Profundizando sobre su participaci\u00f3n en estas jornadas, mencion\u00f3 que \u201cen el marco del aniversario del Parque Provincial se est\u00e1n llevando adelante una serie de actividades que buscan poner en contacto al visitante local con los valores que tenemos en la regi\u00f3n\u201d.<\/p>\n<p>\u201cYo me ofrec\u00ed a participar. El s\u00e1bado desde las 13:30 dar\u00e9 una charla en la base del cerro Bah\u00eda Blanca. Ser\u00e1 una charla cortita, y luego haremos una caminata de dos o tres horas de duraci\u00f3n por el cerro. A\u00fan hay cupo para esta actividad. El domingo ofrecer\u00e9 una salida a la Garganta del Diablo, pero para eso ya est\u00e1 el cupo completo\u201d.<\/p>\n<p>En otro pasaje de la nota reafirm\u00f3 que \u201ces s\u00faper importante que todos los que vivimos en la comarca, al menos una vez, tomemos una visita guiada, para de esa manera recibir la experiencia y el conocimiento del entorno que nos rodea\u201d.<\/p>\n<p>Mientras que al ser consultada sobre los recursos que dispone el parque, la Doctora en Biolog\u00eda reflexion\u00f3 que \u201clos recursos nunca son suficientes para cubrir todo lo que necesita el Parque, desde el cuidado de las pasturas pampeanas, que es el primero de los objetivos, hasta el control de especies ex\u00f3ticas, la visita de turistas y dem\u00e1s\u201d.<\/p>\n<p>&nbsp;<\/p>\n<p><iframe loading=\"lazy\" src=\"https:\/\/w.soundcloud.com\/player\/?url=https%3A\/\/api.soundcloud.com\/tracks\/1266918220&amp;color=%23ff5500&amp;auto_play=false&amp;hide_related=false&amp;show_comments=true&amp;show_user=true&amp;show_reposts=false&amp;show_teaser=true\" width=\"100%\" height=\"166\" frameborder=\"no\" scrolling=\"no\"><\/iframe><\/p>\n<div style=\"font-size: 10px; color: #cccccc; line-break: anywhere; word-break: normal; overflow: hidden; white-space: nowrap; text-overflow: ellipsis; font-family: Interstate,Lucida Grande,Lucida Sans Unicode,Lucida Sans,Garuda,Verdana,Tahoma,sans-serif; font-weight: 100;\"><a style=\"color: #cccccc; text-decoration: none;\" title=\"fmreflejos 103.7\" href=\"https:\/\/soundcloud.com\/fmreflejos-103-7\" target=\"_blank\" rel=\"noopener\">fmreflejos 103.7<\/a> \u00b7 <a style=\"color: #cccccc; text-decoration: none;\" title=\"Samanta Cairo\" href=\"https:\/\/soundcloud.com\/fmreflejos-103-7\/samanta-cairo-4\" target=\"_blank\" rel=\"noopener\">Samanta Cairo<\/a><\/div>\n","protected":false},"excerpt":{"rendered":"<p>La Doctora en Biolog\u00eda Samanta Cairo estar\u00e1 dictando un par de charlas este fin de semana, en el marco de un nuevo aniversario de la creaci\u00f3n del Parque Provincial Ernesto Tornquist.<\/p>\n","protected":false},"author":3,"featured_media":0,"comment_status":"closed","ping_status":"closed","sticky":false,"template":"","format":"standard","meta":{"footnotes":""},"categories":[46],"tags":[48],"class_list":["post-71852","post","type-post","status-publish","format-standard","hentry","category-ciencia-y-tecnologia","tag-destacada"],"yoast_head":"<!-- This site is optimized with the Yoast SEO plugin v25.9 - https:\/\/yoast.com\/wordpress\/plugins\/seo\/ -->\n<title>\u201cQu\u00e9 pasa con todas las especies que no son carism\u00e1ticas como el delf\u00edn\u201d - Noticias Radio Reflejos<\/title>\n<meta name=\"robots\" content=\"index, follow, max-snippet:-1, max-image-preview:large, max-video-preview:-1\" \/>\n<link rel=\"canonical\" href=\"https:\/\/www.noticiasradioreflejos.com.ar\/2021\/que-pasa-con-todas-las-especies-que-no-son-carismaticas-como-el-delfin\/\" \/>\n<meta property=\"og:locale\" content=\"es_ES\" \/>\n<meta property=\"og:type\" content=\"article\" \/>\n<meta property=\"og:title\" content=\"\u201cQu\u00e9 pasa con todas las especies que no son carism\u00e1ticas como el delf\u00edn\u201d - Noticias Radio Reflejos\" \/>\n<meta property=\"og:description\" content=\"La Doctora en Biolog\u00eda Samanta Cairo estar\u00e1 dictando un par de charlas este fin de semana, en el marco de un nuevo aniversario de la creaci\u00f3n del Parque Provincial Ernesto Tornquist.\" \/>\n<meta property=\"og:url\" content=\"https:\/\/www.noticiasradioreflejos.com.ar\/2021\/que-pasa-con-todas-las-especies-que-no-son-carismaticas-como-el-delfin\/\" \/>\n<meta property=\"og:site_name\" content=\"Noticias Radio Reflejos\" \/>\n<meta property=\"article:published_time\" content=\"2022-05-12T17:19:26+00:00\" \/>\n<meta property=\"article:modified_time\" content=\"2022-05-12T17:20:02+00:00\" \/>\n<meta property=\"og:image\" content=\"https:\/\/live.staticflickr.com\/65535\/52068748796_195109efd5_z.jpg\" \/>\n<meta name=\"author\" content=\"Arnaldo Botto\" \/>\n<meta name=\"twitter:card\" content=\"summary_large_image\" \/>\n<script type=\"application\/ld+json\" class=\"yoast-schema-graph\">{\"@context\":\"https:\/\/schema.org\",\"@graph\":[{\"@type\":\"WebPage\",\"@id\":\"https:\/\/www.noticiasradioreflejos.com.ar\/2021\/que-pasa-con-todas-las-especies-que-no-son-carismaticas-como-el-delfin\/\",\"url\":\"https:\/\/www.noticiasradioreflejos.com.ar\/2021\/que-pasa-con-todas-las-especies-que-no-son-carismaticas-como-el-delfin\/\",\"name\":\"\u201cQu\u00e9 pasa con todas las especies que no son carism\u00e1ticas como el delf\u00edn\u201d - Noticias Radio Reflejos\",\"isPartOf\":{\"@id\":\"https:\/\/www.noticiasradioreflejos.com.ar\/2021\/#website\"},\"primaryImageOfPage\":{\"@id\":\"https:\/\/www.noticiasradioreflejos.com.ar\/2021\/que-pasa-con-todas-las-especies-que-no-son-carismaticas-como-el-delfin\/#primaryimage\"},\"image\":{\"@id\":\"https:\/\/www.noticiasradioreflejos.com.ar\/2021\/que-pasa-con-todas-las-especies-que-no-son-carismaticas-como-el-delfin\/#primaryimage\"},\"thumbnailUrl\":\"https:\/\/live.staticflickr.com\/65535\/52068748796_195109efd5_z.jpg\",\"datePublished\":\"2022-05-12T17:19:26+00:00\",\"dateModified\":\"2022-05-12T17:20:02+00:00\",\"author\":{\"@id\":\"https:\/\/www.noticiasradioreflejos.com.ar\/2021\/#\/schema\/person\/ad82545263dcc5ec0996818884fd5fb1\"},\"breadcrumb\":{\"@id\":\"https:\/\/www.noticiasradioreflejos.com.ar\/2021\/que-pasa-con-todas-las-especies-que-no-son-carismaticas-como-el-delfin\/#breadcrumb\"},\"inLanguage\":\"es\",\"potentialAction\":[{\"@type\":\"ReadAction\",\"target\":[\"https:\/\/www.noticiasradioreflejos.com.ar\/2021\/que-pasa-con-todas-las-especies-que-no-son-carismaticas-como-el-delfin\/\"]}]},{\"@type\":\"ImageObject\",\"inLanguage\":\"es\",\"@id\":\"https:\/\/www.noticiasradioreflejos.com.ar\/2021\/que-pasa-con-todas-las-especies-que-no-son-carismaticas-como-el-delfin\/#primaryimage\",\"url\":\"https:\/\/live.staticflickr.com\/65535\/52068748796_195109efd5_z.jpg\",\"contentUrl\":\"https:\/\/live.staticflickr.com\/65535\/52068748796_195109efd5_z.jpg\"},{\"@type\":\"BreadcrumbList\",\"@id\":\"https:\/\/www.noticiasradioreflejos.com.ar\/2021\/que-pasa-con-todas-las-especies-que-no-son-carismaticas-como-el-delfin\/#breadcrumb\",\"itemListElement\":[{\"@type\":\"ListItem\",\"position\":1,\"name\":\"Portada\",\"item\":\"https:\/\/www.noticiasradioreflejos.com.ar\/2021\/\"},{\"@type\":\"ListItem\",\"position\":2,\"name\":\"\u201cQu\u00e9 pasa con todas las especies que no son carism\u00e1ticas como el delf\u00edn\u201d\"}]},{\"@type\":\"WebSite\",\"@id\":\"https:\/\/www.noticiasradioreflejos.com.ar\/2021\/#website\",\"url\":\"https:\/\/www.noticiasradioreflejos.com.ar\/2021\/\",\"name\":\"Noticias Radio Reflejos\",\"description\":\"Las noticias de mi comarca\",\"potentialAction\":[{\"@type\":\"SearchAction\",\"target\":{\"@type\":\"EntryPoint\",\"urlTemplate\":\"https:\/\/www.noticiasradioreflejos.com.ar\/2021\/?s={search_term_string}\"},\"query-input\":{\"@type\":\"PropertyValueSpecification\",\"valueRequired\":true,\"valueName\":\"search_term_string\"}}],\"inLanguage\":\"es\"},{\"@type\":\"Person\",\"@id\":\"https:\/\/www.noticiasradioreflejos.com.ar\/2021\/#\/schema\/person\/ad82545263dcc5ec0996818884fd5fb1\",\"name\":\"Arnaldo Botto\",\"image\":{\"@type\":\"ImageObject\",\"inLanguage\":\"es\",\"@id\":\"https:\/\/www.noticiasradioreflejos.com.ar\/2021\/#\/schema\/person\/image\/\",\"url\":\"https:\/\/secure.gravatar.com\/avatar\/55cb5e37c1efa326397366e6974cb338056df65cb50e7d64d1cf314e87504837?s=96&d=mm&r=g\",\"contentUrl\":\"https:\/\/secure.gravatar.com\/avatar\/55cb5e37c1efa326397366e6974cb338056df65cb50e7d64d1cf314e87504837?s=96&d=mm&r=g\",\"caption\":\"Arnaldo Botto\"},\"url\":\"https:\/\/www.noticiasradioreflejos.com.ar\/2021\/author\/arnaldo\/\"}]}<\/script>\n<!-- \/ Yoast SEO plugin. -->","yoast_head_json":{"title":"\u201cQu\u00e9 pasa con todas las especies que no son carism\u00e1ticas como el delf\u00edn\u201d - Noticias Radio Reflejos","robots":{"index":"index","follow":"follow","max-snippet":"max-snippet:-1","max-image-preview":"max-image-preview:large","max-video-preview":"max-video-preview:-1"},"canonical":"https:\/\/www.noticiasradioreflejos.com.ar\/2021\/que-pasa-con-todas-las-especies-que-no-son-carismaticas-como-el-delfin\/","og_locale":"es_ES","og_type":"article","og_title":"\u201cQu\u00e9 pasa con todas las especies que no son carism\u00e1ticas como el delf\u00edn\u201d - Noticias Radio Reflejos","og_description":"La Doctora en Biolog\u00eda Samanta Cairo estar\u00e1 dictando un par de charlas este fin de semana, en el marco de un nuevo aniversario de la creaci\u00f3n del Parque Provincial Ernesto Tornquist.","og_url":"https:\/\/www.noticiasradioreflejos.com.ar\/2021\/que-pasa-con-todas-las-especies-que-no-son-carismaticas-como-el-delfin\/","og_site_name":"Noticias Radio Reflejos","article_published_time":"2022-05-12T17:19:26+00:00","article_modified_time":"2022-05-12T17:20:02+00:00","og_image":[{"url":"https:\/\/live.staticflickr.com\/65535\/52068748796_195109efd5_z.jpg","type":"","width":"","height":""}],"author":"Arnaldo Botto","twitter_card":"summary_large_image","schema":{"@context":"https:\/\/schema.org","@graph":[{"@type":"WebPage","@id":"https:\/\/www.noticiasradioreflejos.com.ar\/2021\/que-pasa-con-todas-las-especies-que-no-son-carismaticas-como-el-delfin\/","url":"https:\/\/www.noticiasradioreflejos.com.ar\/2021\/que-pasa-con-todas-las-especies-que-no-son-carismaticas-como-el-delfin\/","name":"\u201cQu\u00e9 pasa con todas las especies que no son carism\u00e1ticas como el delf\u00edn\u201d - Noticias Radio Reflejos","isPartOf":{"@id":"https:\/\/www.noticiasradioreflejos.com.ar\/2021\/#website"},"primaryImageOfPage":{"@id":"https:\/\/www.noticiasradioreflejos.com.ar\/2021\/que-pasa-con-todas-las-especies-que-no-son-carismaticas-como-el-delfin\/#primaryimage"},"image":{"@id":"https:\/\/www.noticiasradioreflejos.com.ar\/2021\/que-pasa-con-todas-las-especies-que-no-son-carismaticas-como-el-delfin\/#primaryimage"},"thumbnailUrl":"https:\/\/live.staticflickr.com\/65535\/52068748796_195109efd5_z.jpg","datePublished":"2022-05-12T17:19:26+00:00","dateModified":"2022-05-12T17:20:02+00:00","author":{"@id":"https:\/\/www.noticiasradioreflejos.com.ar\/2021\/#\/schema\/person\/ad82545263dcc5ec0996818884fd5fb1"},"breadcrumb":{"@id":"https:\/\/www.noticiasradioreflejos.com.ar\/2021\/que-pasa-con-todas-las-especies-que-no-son-carismaticas-como-el-delfin\/#breadcrumb"},"inLanguage":"es","potentialAction":[{"@type":"ReadAction","target":["https:\/\/www.noticiasradioreflejos.com.ar\/2021\/que-pasa-con-todas-las-especies-que-no-son-carismaticas-como-el-delfin\/"]}]},{"@type":"ImageObject","inLanguage":"es","@id":"https:\/\/www.noticiasradioreflejos.com.ar\/2021\/que-pasa-con-todas-las-especies-que-no-son-carismaticas-como-el-delfin\/#primaryimage","url":"https:\/\/live.staticflickr.com\/65535\/52068748796_195109efd5_z.jpg","contentUrl":"https:\/\/live.staticflickr.com\/65535\/52068748796_195109efd5_z.jpg"},{"@type":"BreadcrumbList","@id":"https:\/\/www.noticiasradioreflejos.com.ar\/2021\/que-pasa-con-todas-las-especies-que-no-son-carismaticas-como-el-delfin\/#breadcrumb","itemListElement":[{"@type":"ListItem","position":1,"name":"Portada","item":"https:\/\/www.noticiasradioreflejos.com.ar\/2021\/"},{"@type":"ListItem","position":2,"name":"\u201cQu\u00e9 pasa con todas las especies que no son carism\u00e1ticas como el delf\u00edn\u201d"}]},{"@type":"WebSite","@id":"https:\/\/www.noticiasradioreflejos.com.ar\/2021\/#website","url":"https:\/\/www.noticiasradioreflejos.com.ar\/2021\/","name":"Noticias Radio Reflejos","description":"Las noticias de mi comarca","potentialAction":[{"@type":"SearchAction","target":{"@type":"EntryPoint","urlTemplate":"https:\/\/www.noticiasradioreflejos.com.ar\/2021\/?s={search_term_string}"},"query-input":{"@type":"PropertyValueSpecification","valueRequired":true,"valueName":"search_term_string"}}],"inLanguage":"es"},{"@type":"Person","@id":"https:\/\/www.noticiasradioreflejos.com.ar\/2021\/#\/schema\/person\/ad82545263dcc5ec0996818884fd5fb1","name":"Arnaldo Botto","image":{"@type":"ImageObject","inLanguage":"es","@id":"https:\/\/www.noticiasradioreflejos.com.ar\/2021\/#\/schema\/person\/image\/","url":"https:\/\/secure.gravatar.com\/avatar\/55cb5e37c1efa326397366e6974cb338056df65cb50e7d64d1cf314e87504837?s=96&d=mm&r=g","contentUrl":"https:\/\/secure.gravatar.com\/avatar\/55cb5e37c1efa326397366e6974cb338056df65cb50e7d64d1cf314e87504837?s=96&d=mm&r=g","caption":"Arnaldo Botto"},"url":"https:\/\/www.noticiasradioreflejos.com.ar\/2021\/author\/arnaldo\/"}]}},"_links":{"self":[{"href":"https:\/\/www.noticiasradioreflejos.com.ar\/2021\/wp-json\/wp\/v2\/posts\/71852","targetHints":{"allow":["GET"]}}],"collection":[{"href":"https:\/\/www.noticiasradioreflejos.com.ar\/2021\/wp-json\/wp\/v2\/posts"}],"about":[{"href":"https:\/\/www.noticiasradioreflejos.com.ar\/2021\/wp-json\/wp\/v2\/types\/post"}],"author":[{"embeddable":true,"href":"https:\/\/www.noticiasradioreflejos.com.ar\/2021\/wp-json\/wp\/v2\/users\/3"}],"replies":[{"embeddable":true,"href":"https:\/\/www.noticiasradioreflejos.com.ar\/2021\/wp-json\/wp\/v2\/comments?post=71852"}],"version-history":[{"count":2,"href":"https:\/\/www.noticiasradioreflejos.com.ar\/2021\/wp-json\/wp\/v2\/posts\/71852\/revisions"}],"predecessor-version":[{"id":71857,"href":"https:\/\/www.noticiasradioreflejos.com.ar\/2021\/wp-json\/wp\/v2\/posts\/71852\/revisions\/71857"}],"wp:attachment":[{"href":"https:\/\/www.noticiasradioreflejos.com.ar\/2021\/wp-json\/wp\/v2\/media?parent=71852"}],"wp:term":[{"taxonomy":"category","embeddable":true,"href":"https:\/\/www.noticiasradioreflejos.com.ar\/2021\/wp-json\/wp\/v2\/categories?post=71852"},{"taxonomy":"post_tag","embeddable":true,"href":"https:\/\/www.noticiasradioreflejos.com.ar\/2021\/wp-json\/wp\/v2\/tags?post=71852"}],"curies":[{"name":"wp","href":"https:\/\/api.w.org\/{rel}","templated":true}]}}