{"id":71677,"date":"2022-05-09T17:38:48","date_gmt":"2022-05-09T17:38:48","guid":{"rendered":"http:\/\/www.noticiasradioreflejos.com.ar\/2021\/?p=71677"},"modified":"2022-05-09T17:38:48","modified_gmt":"2022-05-09T17:38:48","slug":"fifa-rechazo-apelaciones-y-ratifico-que-brasil-y-argentina-deben-jugar-el-superclasico-suspendido","status":"publish","type":"post","link":"https:\/\/www.noticiasradioreflejos.com.ar\/2021\/fifa-rechazo-apelaciones-y-ratifico-que-brasil-y-argentina-deben-jugar-el-superclasico-suspendido\/","title":{"rendered":"FIFA rechaz\u00f3 apelaciones y ratific\u00f3 que Brasil y Argentina deben jugar el supercl\u00e1sico suspendido"},"content":{"rendered":"<p>El m\u00e1ximo ente del f\u00fatbol mundial resolvi\u00f3 el caso en febrero pasado cuando comunic\u00f3 la continuidad del partido, las multas econ\u00f3micas y la sanci\u00f3n de dos partidos a los futbolistas argentinos Emiliano Mart\u00ednez, Emiliano Buend\u00eda, Cristian Romero y Giovani Lo Celso.<br \/>\n<!--more--><br \/>\nLa FIFA rechaz\u00f3 este lunes las apelaciones presentadas por la AFA y la CBF y ratific\u00f3 que Brasil y Argentina deber\u00e1n completar el supercl\u00e1sico suspendido el 5 de septiembre del a\u00f1o pasado en San Pablo, correspondiente a las Eliminatorias Sudamericanas para el Mundial Qatar 2022.<\/p>\n<p><strong>El m\u00e1ximo ente rector del f\u00fatbol mundial programar\u00e1 la prosecuci\u00f3n del encuentro en lugar y fecha a confirmar, antes del inicio de la Copa del Mundo,<\/strong>\u00a0prevista del 21 de noviembre al 18 de diciembre.<\/p>\n<p><strong>La Comisi\u00f3n de Apelaciones de la FIFA no hizo lugar a las presentaciones de ambas federaciones<\/strong>\u00a0para evitar un partido sin ninguna incidencia deportiva, dada la conclusi\u00f3n de las Eliminatorias y la clasificaci\u00f3n mundialista asegurada por parte de ambos seleccionados.<\/p>\n<blockquote class=\"twitter-tweet\" data-width=\"500\" data-dnt=\"true\">\n<p lang=\"es\" dir=\"ltr\"><a href=\"https:\/\/twitter.com\/hashtag\/Institucional?src=hash&amp;ref_src=twsrc%5Etfw\">#Institucional<\/a> Comunicado oficial sobre el partido suspendido ante <a href=\"https:\/\/twitter.com\/hashtag\/Brasil?src=hash&amp;ref_src=twsrc%5Etfw\">#Brasil<\/a>.<\/p>\n<p>\ud83d\udcdd <a href=\"https:\/\/t.co\/nJVGuAzaXz\">https:\/\/t.co\/nJVGuAzaXz<\/a> <a href=\"https:\/\/t.co\/D9URpWhfBB\">pic.twitter.com\/D9URpWhfBB<\/a><\/p>\n<p>&mdash; AFA (@afa) <a href=\"https:\/\/twitter.com\/afa\/status\/1523676536750104576?ref_src=twsrc%5Etfw\">May 9, 2022<\/a><\/p><\/blockquote>\n<p><script async src=\"https:\/\/platform.twitter.com\/widgets.js\" charset=\"utf-8\"><\/script><\/p>\n<p><strong>Adem\u00e1s de mantener la disputa del supercl\u00e1sico, la FIFA conserv\u00f3 la multa de 50.000 francos suizos -misma cantidad en d\u00f3lares- para ambas entidades por la suspensi\u00f3n del juego<\/strong>, aunque rebaj\u00f3 la sanci\u00f3n econ\u00f3mica por otras infracciones cometidas.<\/p>\n<p>La AFA pagar\u00e1 100.000 francos, la mitad de lo estipulado inicialmente, por incumplir sus obligaciones relativas a los preparativos y la participaci\u00f3n en el encuentro; mientras que la CBF abonar\u00e1 250.000 y no 500.000 por fallas en materia de seguridad y orden p\u00fablico.<\/p>\n<p>La FIFA resolvi\u00f3 el caso en febrero pasado cuando comunic\u00f3 la continuidad del partido, las multas econ\u00f3micas y la sanci\u00f3n de dos partidos a los futbolistas argentinos Emiliano Mart\u00ednez, Emiliano Buend\u00eda, Cristian Romero y Giovani Lo Celso, quienes ya cumplieron en la \u00faltima ventana de Eliminatorias.<\/p>\n<figure class=\"mb-3\"><img decoding=\"async\" src=\"https:\/\/www.telam.com.ar\/thumbs\/bluesteel\/advf\/imagenes\/2021\/09\/61351aafc6ad1.09.2021%20afp%20565_900.jpg\" alt=\"El inicio del escndalo en BrasilArgentina \" width=\"100%\" height=\"100%\" \/><\/p>\n<div class=\"media-icons\"><\/div><figcaption>El inicio del esc\u00e1ndalo en Brasil-Argentina.<\/figcaption><\/figure>\n<p><strong>El supercl\u00e1sico Brasil-Argentina fue suspendido a los 5 minutos del primer tiempo en el estadio Arena Corinthians cuando delegados de la Agencia Nacional de Vigilancia Sanitaria (ANVISA) irrumpieron en el campo de juego<\/strong>\u00a0para evitar su continuidad por razones de salud p\u00fablica.<\/p>\n<p>Las autoridades brasile\u00f1as denunciaron que los cuatro futbolistas mencionados, residentes en el Reino Unido, hab\u00eda falseado su declaraci\u00f3n de ingreso al pa\u00eds y violado las medidas vigentes en ese momento en relaci\u00f3n a la pandemia de Covid-19.<\/p>\n","protected":false},"excerpt":{"rendered":"<p>El m\u00e1ximo ente del f\u00fatbol mundial resolvi\u00f3 el caso en febrero pasado cuando comunic\u00f3 la continuidad del partido, las multas econ\u00f3micas y la sanci\u00f3n de dos partidos a los futbolistas argentinos Emiliano Mart\u00ednez, Emiliano Buend\u00eda, Cristian Romero y Giovani Lo Celso.<\/p>\n","protected":false},"author":3,"featured_media":0,"comment_status":"closed","ping_status":"closed","sticky":false,"template":"","format":"standard","meta":{"footnotes":""},"categories":[34],"tags":[],"class_list":["post-71677","post","type-post","status-publish","format-standard","hentry","category-educacion"],"yoast_head":"<!-- This site is optimized with the Yoast SEO plugin v25.9 - https:\/\/yoast.com\/wordpress\/plugins\/seo\/ -->\n<title>FIFA rechaz\u00f3 apelaciones y ratific\u00f3 que Brasil y Argentina deben jugar el supercl\u00e1sico suspendido - Noticias Radio Reflejos<\/title>\n<meta name=\"robots\" content=\"index, follow, max-snippet:-1, max-image-preview:large, max-video-preview:-1\" \/>\n<link rel=\"canonical\" href=\"https:\/\/www.noticiasradioreflejos.com.ar\/2021\/fifa-rechazo-apelaciones-y-ratifico-que-brasil-y-argentina-deben-jugar-el-superclasico-suspendido\/\" \/>\n<meta property=\"og:locale\" content=\"es_ES\" \/>\n<meta property=\"og:type\" content=\"article\" \/>\n<meta property=\"og:title\" content=\"FIFA rechaz\u00f3 apelaciones y ratific\u00f3 que Brasil y Argentina deben jugar el supercl\u00e1sico suspendido - Noticias Radio Reflejos\" \/>\n<meta property=\"og:description\" content=\"El m\u00e1ximo ente del f\u00fatbol mundial resolvi\u00f3 el caso en febrero pasado cuando comunic\u00f3 la continuidad del partido, las multas econ\u00f3micas y la sanci\u00f3n de dos partidos a los futbolistas argentinos Emiliano Mart\u00ednez, Emiliano Buend\u00eda, Cristian Romero y Giovani Lo Celso.\" \/>\n<meta property=\"og:url\" content=\"https:\/\/www.noticiasradioreflejos.com.ar\/2021\/fifa-rechazo-apelaciones-y-ratifico-que-brasil-y-argentina-deben-jugar-el-superclasico-suspendido\/\" \/>\n<meta property=\"og:site_name\" content=\"Noticias Radio Reflejos\" \/>\n<meta property=\"article:published_time\" content=\"2022-05-09T17:38:48+00:00\" \/>\n<meta property=\"og:image\" content=\"https:\/\/www.telam.com.ar\/thumbs\/bluesteel\/advf\/imagenes\/2021\/09\/61351aafc6ad1.09.2021%20afp%20565_900.jpg\" \/>\n<meta name=\"author\" content=\"Arnaldo Botto\" \/>\n<meta name=\"twitter:card\" content=\"summary_large_image\" \/>\n<script type=\"application\/ld+json\" class=\"yoast-schema-graph\">{\"@context\":\"https:\/\/schema.org\",\"@graph\":[{\"@type\":\"WebPage\",\"@id\":\"https:\/\/www.noticiasradioreflejos.com.ar\/2021\/fifa-rechazo-apelaciones-y-ratifico-que-brasil-y-argentina-deben-jugar-el-superclasico-suspendido\/\",\"url\":\"https:\/\/www.noticiasradioreflejos.com.ar\/2021\/fifa-rechazo-apelaciones-y-ratifico-que-brasil-y-argentina-deben-jugar-el-superclasico-suspendido\/\",\"name\":\"FIFA rechaz\u00f3 apelaciones y ratific\u00f3 que Brasil y Argentina deben jugar el supercl\u00e1sico suspendido - Noticias Radio Reflejos\",\"isPartOf\":{\"@id\":\"https:\/\/www.noticiasradioreflejos.com.ar\/2021\/#website\"},\"primaryImageOfPage\":{\"@id\":\"https:\/\/www.noticiasradioreflejos.com.ar\/2021\/fifa-rechazo-apelaciones-y-ratifico-que-brasil-y-argentina-deben-jugar-el-superclasico-suspendido\/#primaryimage\"},\"image\":{\"@id\":\"https:\/\/www.noticiasradioreflejos.com.ar\/2021\/fifa-rechazo-apelaciones-y-ratifico-que-brasil-y-argentina-deben-jugar-el-superclasico-suspendido\/#primaryimage\"},\"thumbnailUrl\":\"https:\/\/www.telam.com.ar\/thumbs\/bluesteel\/advf\/imagenes\/2021\/09\/61351aafc6ad1.09.2021%20afp%20565_900.jpg\",\"datePublished\":\"2022-05-09T17:38:48+00:00\",\"author\":{\"@id\":\"https:\/\/www.noticiasradioreflejos.com.ar\/2021\/#\/schema\/person\/ad82545263dcc5ec0996818884fd5fb1\"},\"breadcrumb\":{\"@id\":\"https:\/\/www.noticiasradioreflejos.com.ar\/2021\/fifa-rechazo-apelaciones-y-ratifico-que-brasil-y-argentina-deben-jugar-el-superclasico-suspendido\/#breadcrumb\"},\"inLanguage\":\"es\",\"potentialAction\":[{\"@type\":\"ReadAction\",\"target\":[\"https:\/\/www.noticiasradioreflejos.com.ar\/2021\/fifa-rechazo-apelaciones-y-ratifico-que-brasil-y-argentina-deben-jugar-el-superclasico-suspendido\/\"]}]},{\"@type\":\"ImageObject\",\"inLanguage\":\"es\",\"@id\":\"https:\/\/www.noticiasradioreflejos.com.ar\/2021\/fifa-rechazo-apelaciones-y-ratifico-que-brasil-y-argentina-deben-jugar-el-superclasico-suspendido\/#primaryimage\",\"url\":\"https:\/\/www.telam.com.ar\/thumbs\/bluesteel\/advf\/imagenes\/2021\/09\/61351aafc6ad1.09.2021%20afp%20565_900.jpg\",\"contentUrl\":\"https:\/\/www.telam.com.ar\/thumbs\/bluesteel\/advf\/imagenes\/2021\/09\/61351aafc6ad1.09.2021%20afp%20565_900.jpg\"},{\"@type\":\"BreadcrumbList\",\"@id\":\"https:\/\/www.noticiasradioreflejos.com.ar\/2021\/fifa-rechazo-apelaciones-y-ratifico-que-brasil-y-argentina-deben-jugar-el-superclasico-suspendido\/#breadcrumb\",\"itemListElement\":[{\"@type\":\"ListItem\",\"position\":1,\"name\":\"Portada\",\"item\":\"https:\/\/www.noticiasradioreflejos.com.ar\/2021\/\"},{\"@type\":\"ListItem\",\"position\":2,\"name\":\"FIFA rechaz\u00f3 apelaciones y ratific\u00f3 que Brasil y Argentina deben jugar el supercl\u00e1sico suspendido\"}]},{\"@type\":\"WebSite\",\"@id\":\"https:\/\/www.noticiasradioreflejos.com.ar\/2021\/#website\",\"url\":\"https:\/\/www.noticiasradioreflejos.com.ar\/2021\/\",\"name\":\"Noticias Radio Reflejos\",\"description\":\"Las noticias de mi comarca\",\"potentialAction\":[{\"@type\":\"SearchAction\",\"target\":{\"@type\":\"EntryPoint\",\"urlTemplate\":\"https:\/\/www.noticiasradioreflejos.com.ar\/2021\/?s={search_term_string}\"},\"query-input\":{\"@type\":\"PropertyValueSpecification\",\"valueRequired\":true,\"valueName\":\"search_term_string\"}}],\"inLanguage\":\"es\"},{\"@type\":\"Person\",\"@id\":\"https:\/\/www.noticiasradioreflejos.com.ar\/2021\/#\/schema\/person\/ad82545263dcc5ec0996818884fd5fb1\",\"name\":\"Arnaldo Botto\",\"image\":{\"@type\":\"ImageObject\",\"inLanguage\":\"es\",\"@id\":\"https:\/\/www.noticiasradioreflejos.com.ar\/2021\/#\/schema\/person\/image\/\",\"url\":\"https:\/\/secure.gravatar.com\/avatar\/55cb5e37c1efa326397366e6974cb338056df65cb50e7d64d1cf314e87504837?s=96&d=mm&r=g\",\"contentUrl\":\"https:\/\/secure.gravatar.com\/avatar\/55cb5e37c1efa326397366e6974cb338056df65cb50e7d64d1cf314e87504837?s=96&d=mm&r=g\",\"caption\":\"Arnaldo Botto\"},\"url\":\"https:\/\/www.noticiasradioreflejos.com.ar\/2021\/author\/arnaldo\/\"}]}<\/script>\n<!-- \/ Yoast SEO plugin. -->","yoast_head_json":{"title":"FIFA rechaz\u00f3 apelaciones y ratific\u00f3 que Brasil y Argentina deben jugar el supercl\u00e1sico suspendido - Noticias Radio Reflejos","robots":{"index":"index","follow":"follow","max-snippet":"max-snippet:-1","max-image-preview":"max-image-preview:large","max-video-preview":"max-video-preview:-1"},"canonical":"https:\/\/www.noticiasradioreflejos.com.ar\/2021\/fifa-rechazo-apelaciones-y-ratifico-que-brasil-y-argentina-deben-jugar-el-superclasico-suspendido\/","og_locale":"es_ES","og_type":"article","og_title":"FIFA rechaz\u00f3 apelaciones y ratific\u00f3 que Brasil y Argentina deben jugar el supercl\u00e1sico suspendido - Noticias Radio Reflejos","og_description":"El m\u00e1ximo ente del f\u00fatbol mundial resolvi\u00f3 el caso en febrero pasado cuando comunic\u00f3 la continuidad del partido, las multas econ\u00f3micas y la sanci\u00f3n de dos partidos a los futbolistas argentinos Emiliano Mart\u00ednez, Emiliano Buend\u00eda, Cristian Romero y Giovani Lo Celso.","og_url":"https:\/\/www.noticiasradioreflejos.com.ar\/2021\/fifa-rechazo-apelaciones-y-ratifico-que-brasil-y-argentina-deben-jugar-el-superclasico-suspendido\/","og_site_name":"Noticias Radio Reflejos","article_published_time":"2022-05-09T17:38:48+00:00","og_image":[{"url":"https:\/\/www.telam.com.ar\/thumbs\/bluesteel\/advf\/imagenes\/2021\/09\/61351aafc6ad1.09.2021%20afp%20565_900.jpg","type":"","width":"","height":""}],"author":"Arnaldo Botto","twitter_card":"summary_large_image","schema":{"@context":"https:\/\/schema.org","@graph":[{"@type":"WebPage","@id":"https:\/\/www.noticiasradioreflejos.com.ar\/2021\/fifa-rechazo-apelaciones-y-ratifico-que-brasil-y-argentina-deben-jugar-el-superclasico-suspendido\/","url":"https:\/\/www.noticiasradioreflejos.com.ar\/2021\/fifa-rechazo-apelaciones-y-ratifico-que-brasil-y-argentina-deben-jugar-el-superclasico-suspendido\/","name":"FIFA rechaz\u00f3 apelaciones y ratific\u00f3 que Brasil y Argentina deben jugar el supercl\u00e1sico suspendido - Noticias Radio Reflejos","isPartOf":{"@id":"https:\/\/www.noticiasradioreflejos.com.ar\/2021\/#website"},"primaryImageOfPage":{"@id":"https:\/\/www.noticiasradioreflejos.com.ar\/2021\/fifa-rechazo-apelaciones-y-ratifico-que-brasil-y-argentina-deben-jugar-el-superclasico-suspendido\/#primaryimage"},"image":{"@id":"https:\/\/www.noticiasradioreflejos.com.ar\/2021\/fifa-rechazo-apelaciones-y-ratifico-que-brasil-y-argentina-deben-jugar-el-superclasico-suspendido\/#primaryimage"},"thumbnailUrl":"https:\/\/www.telam.com.ar\/thumbs\/bluesteel\/advf\/imagenes\/2021\/09\/61351aafc6ad1.09.2021%20afp%20565_900.jpg","datePublished":"2022-05-09T17:38:48+00:00","author":{"@id":"https:\/\/www.noticiasradioreflejos.com.ar\/2021\/#\/schema\/person\/ad82545263dcc5ec0996818884fd5fb1"},"breadcrumb":{"@id":"https:\/\/www.noticiasradioreflejos.com.ar\/2021\/fifa-rechazo-apelaciones-y-ratifico-que-brasil-y-argentina-deben-jugar-el-superclasico-suspendido\/#breadcrumb"},"inLanguage":"es","potentialAction":[{"@type":"ReadAction","target":["https:\/\/www.noticiasradioreflejos.com.ar\/2021\/fifa-rechazo-apelaciones-y-ratifico-que-brasil-y-argentina-deben-jugar-el-superclasico-suspendido\/"]}]},{"@type":"ImageObject","inLanguage":"es","@id":"https:\/\/www.noticiasradioreflejos.com.ar\/2021\/fifa-rechazo-apelaciones-y-ratifico-que-brasil-y-argentina-deben-jugar-el-superclasico-suspendido\/#primaryimage","url":"https:\/\/www.telam.com.ar\/thumbs\/bluesteel\/advf\/imagenes\/2021\/09\/61351aafc6ad1.09.2021%20afp%20565_900.jpg","contentUrl":"https:\/\/www.telam.com.ar\/thumbs\/bluesteel\/advf\/imagenes\/2021\/09\/61351aafc6ad1.09.2021%20afp%20565_900.jpg"},{"@type":"BreadcrumbList","@id":"https:\/\/www.noticiasradioreflejos.com.ar\/2021\/fifa-rechazo-apelaciones-y-ratifico-que-brasil-y-argentina-deben-jugar-el-superclasico-suspendido\/#breadcrumb","itemListElement":[{"@type":"ListItem","position":1,"name":"Portada","item":"https:\/\/www.noticiasradioreflejos.com.ar\/2021\/"},{"@type":"ListItem","position":2,"name":"FIFA rechaz\u00f3 apelaciones y ratific\u00f3 que Brasil y Argentina deben jugar el supercl\u00e1sico suspendido"}]},{"@type":"WebSite","@id":"https:\/\/www.noticiasradioreflejos.com.ar\/2021\/#website","url":"https:\/\/www.noticiasradioreflejos.com.ar\/2021\/","name":"Noticias Radio Reflejos","description":"Las noticias de mi comarca","potentialAction":[{"@type":"SearchAction","target":{"@type":"EntryPoint","urlTemplate":"https:\/\/www.noticiasradioreflejos.com.ar\/2021\/?s={search_term_string}"},"query-input":{"@type":"PropertyValueSpecification","valueRequired":true,"valueName":"search_term_string"}}],"inLanguage":"es"},{"@type":"Person","@id":"https:\/\/www.noticiasradioreflejos.com.ar\/2021\/#\/schema\/person\/ad82545263dcc5ec0996818884fd5fb1","name":"Arnaldo Botto","image":{"@type":"ImageObject","inLanguage":"es","@id":"https:\/\/www.noticiasradioreflejos.com.ar\/2021\/#\/schema\/person\/image\/","url":"https:\/\/secure.gravatar.com\/avatar\/55cb5e37c1efa326397366e6974cb338056df65cb50e7d64d1cf314e87504837?s=96&d=mm&r=g","contentUrl":"https:\/\/secure.gravatar.com\/avatar\/55cb5e37c1efa326397366e6974cb338056df65cb50e7d64d1cf314e87504837?s=96&d=mm&r=g","caption":"Arnaldo Botto"},"url":"https:\/\/www.noticiasradioreflejos.com.ar\/2021\/author\/arnaldo\/"}]}},"_links":{"self":[{"href":"https:\/\/www.noticiasradioreflejos.com.ar\/2021\/wp-json\/wp\/v2\/posts\/71677","targetHints":{"allow":["GET"]}}],"collection":[{"href":"https:\/\/www.noticiasradioreflejos.com.ar\/2021\/wp-json\/wp\/v2\/posts"}],"about":[{"href":"https:\/\/www.noticiasradioreflejos.com.ar\/2021\/wp-json\/wp\/v2\/types\/post"}],"author":[{"embeddable":true,"href":"https:\/\/www.noticiasradioreflejos.com.ar\/2021\/wp-json\/wp\/v2\/users\/3"}],"replies":[{"embeddable":true,"href":"https:\/\/www.noticiasradioreflejos.com.ar\/2021\/wp-json\/wp\/v2\/comments?post=71677"}],"version-history":[{"count":1,"href":"https:\/\/www.noticiasradioreflejos.com.ar\/2021\/wp-json\/wp\/v2\/posts\/71677\/revisions"}],"predecessor-version":[{"id":71679,"href":"https:\/\/www.noticiasradioreflejos.com.ar\/2021\/wp-json\/wp\/v2\/posts\/71677\/revisions\/71679"}],"wp:attachment":[{"href":"https:\/\/www.noticiasradioreflejos.com.ar\/2021\/wp-json\/wp\/v2\/media?parent=71677"}],"wp:term":[{"taxonomy":"category","embeddable":true,"href":"https:\/\/www.noticiasradioreflejos.com.ar\/2021\/wp-json\/wp\/v2\/categories?post=71677"},{"taxonomy":"post_tag","embeddable":true,"href":"https:\/\/www.noticiasradioreflejos.com.ar\/2021\/wp-json\/wp\/v2\/tags?post=71677"}],"curies":[{"name":"wp","href":"https:\/\/api.w.org\/{rel}","templated":true}]}}