{"id":71652,"date":"2022-05-09T11:13:33","date_gmt":"2022-05-09T11:13:33","guid":{"rendered":"http:\/\/www.noticiasradioreflejos.com.ar\/2021\/?p=71652"},"modified":"2022-05-09T11:13:33","modified_gmt":"2022-05-09T11:13:33","slug":"arranca-el-juicio-a-un-cura-un-portero-y-una-preceptora-por-abusos-a-cinco-ninos","status":"publish","type":"post","link":"https:\/\/www.noticiasradioreflejos.com.ar\/2021\/arranca-el-juicio-a-un-cura-un-portero-y-una-preceptora-por-abusos-a-cinco-ninos\/","title":{"rendered":"Arranca el juicio a un cura, un portero y una preceptora por abusos a cinco ni\u00f1os"},"content":{"rendered":"<p>Se trata del sacerdote Tulio Matiussi, de 48 a\u00f1os; el exportero Anselmo Ojeda (60) y la preceptora Mar\u00eda Luj\u00e1n Rub\u00edes (53),\u00a0acusados de haber abusado sexualmente, en 2017, de cinco chicos de entre 3 y 4 a\u00f1os en el jard\u00edn de infantes Bel\u00e9n.<!--more--><\/p>\n<figure class=\"mb-3\"><img decoding=\"async\" src=\"https:\/\/www.telam.com.ar\/thumbs\/bluesteel\/advf\/imagenes\/2018\/01\/5a5605b2efd86_900.jpg\" alt=\"Unos 60 testigos declararn en las audiencias\" width=\"100%\" height=\"100%\" \/><\/p>\n<div class=\"media-icons\"><\/div><figcaption>Unos 60 testigos declarar\u00e1n en las audiencias.<\/figcaption><\/figure>\n<p>Un sacerdote, un portero y una preceptora comenzar\u00e1n a ser juzgados este lunes, en San Nicol\u00e1s, acusados de haber\u00a0<strong>abusado sexualmente<\/strong>, en 2017, a cinco\u00a0<strong>ni\u00f1os\u00a0<\/strong>de entre 3 y 4 a\u00f1os en el jard\u00edn de infantes Bel\u00e9n, de la localidad bonaerense de San Pedro, donde el cura se desempe\u00f1aba como representante legal.<\/p>\n<p>Se trata del sacerdote\u00a0<strong>Tulio Matiussi<\/strong>, de 48 a\u00f1os; el exportero\u00a0<strong>Anselmo Ojeda<\/strong>\u00a0(60) -el \u00fanico que contin\u00faa detenido con prisi\u00f3n domiciliaria- y la preceptora\u00a0<strong>Mar\u00eda Luj\u00e1n Rub\u00edes<\/strong>\u00a0(53), quienes llegan a juicio por \u00ababuso sexual simple agravado por la calidad de sus autores\u00bb, por tener a su cargo la guarda de los menores afectados y, en el primero de los casos, por ser un ministro de culto.<\/p>\n<p>El debate oral estar\u00e1 a cargo del Tribunal Oral Criminal (TOC) N\u00ba2 de San Nicol\u00e1s de los Arroyos, que preside\u00a0<strong>Mar\u00eda Elena Baquedano<\/strong>, y las audiencias se desarrollar\u00e1n los d\u00edas 9, 10, 11, 12 y 13 de mayo, a partir de las nueve de la ma\u00f1ana.<\/p>\n<p>Unos 60 testigos declarar\u00e1n en las audiencias, que se desarrollar\u00e1n en los tribunales de San Nicol\u00e1s, ubicado en la calle Guardias Nacionales 47, de esa ciudad de la zona norte bonaerense.<\/p>\n<p>\u00abEstamos convencidos de que los tres imputados son culpables, porque nuestros hijos no mienten y porque en la causa sobran pruebas que los incriminan\u00bb, aseguraron en un comunicado los padres de los ni\u00f1os y la comunidad educativa, frente al inicio del juicio.<\/p>\n<p>Adem\u00e1s, indicaron que el caso \u00ab<strong>toc\u00f3 los intereses del Obispado de San Nicol\u00e1<\/strong>s, especialmente del obispo Hugo Santiago, y el rector del Santuario Hugo Prieto\u00bb, a quienes calificaron como \u00abprotectores de Matiussi\u00bb por haber<strong>\u00a0\u00absolicitado su libertad\u00bb<\/strong>\u00a0y alojarlo en una sede de la di\u00f3cesis para que cumpla su libertad condicional.<\/p>\n<p>\u00abSe hicieron cargo de los honorarios de su defensa\u00bb, apuntaron.<\/p>\n<p>La investigaci\u00f3n termin\u00f3 en junio pasado, cuando el titular de la UFIJ 8 de Baradero, Hern\u00e1n Granda, pidi\u00f3 la elevaci\u00f3n a juicio por considerar acreditado que \u00abdurante el curso lectivo 2017\u00bb los imputados sometieron a abusos a los ni\u00f1os en horario de clases, delito que comet\u00edan tanto de manera \u00abcolectiva\u00bb como \u00abindividual\u00bb, con o sin la presencia de otros chicos como testigos.<\/p>\n<p>\u00abProducto de estas pr\u00e1cticas por parte de los imputados\u00a0<strong>se verificaron signos de abuso sexual infantil en todos los menores<\/strong>\u00ab, afirm\u00f3 el fiscal.<\/p>\n<p>No obstante, Granda termin\u00f3 pidiendo que los tres sean juzgados por el m\u00e1s leve de los delitos contra la integridad sexual -abuso simple- y no por violaci\u00f3n -\u00ababuso sexual con acceso carnal\u00bb-, que fue la calificaci\u00f3n inicial del hecho.<\/p>\n<p>Tras haber permanecido cinco meses detenido, el sacerdote esper\u00f3 el juicio en libertad desde mayo de 2019.<\/p>\n","protected":false},"excerpt":{"rendered":"<p>Se trata del sacerdote Tulio Matiussi, de 48 a\u00f1os; el exportero Anselmo Ojeda (60) y la preceptora Mar\u00eda Luj\u00e1n Rub\u00edes (53),\u00a0acusados de haber abusado sexualmente, en 2017, de cinco chicos de entre 3 y 4 a\u00f1os en el jard\u00edn de infantes Bel\u00e9n.<\/p>\n","protected":false},"author":3,"featured_media":0,"comment_status":"closed","ping_status":"closed","sticky":false,"template":"","format":"standard","meta":{"footnotes":""},"categories":[57],"tags":[],"class_list":["post-71652","post","type-post","status-publish","format-standard","hentry","category-judiciales"],"yoast_head":"<!-- This site is optimized with the Yoast SEO plugin v25.9 - https:\/\/yoast.com\/wordpress\/plugins\/seo\/ -->\n<title>Arranca el juicio a un cura, un portero y una preceptora por abusos a cinco ni\u00f1os - Noticias Radio Reflejos<\/title>\n<meta name=\"robots\" content=\"index, follow, max-snippet:-1, max-image-preview:large, max-video-preview:-1\" \/>\n<link rel=\"canonical\" href=\"https:\/\/www.noticiasradioreflejos.com.ar\/2021\/arranca-el-juicio-a-un-cura-un-portero-y-una-preceptora-por-abusos-a-cinco-ninos\/\" \/>\n<meta property=\"og:locale\" content=\"es_ES\" \/>\n<meta property=\"og:type\" content=\"article\" \/>\n<meta property=\"og:title\" content=\"Arranca el juicio a un cura, un portero y una preceptora por abusos a cinco ni\u00f1os - Noticias Radio Reflejos\" \/>\n<meta property=\"og:description\" content=\"Se trata del sacerdote Tulio Matiussi, de 48 a\u00f1os; el exportero Anselmo Ojeda (60) y la preceptora Mar\u00eda Luj\u00e1n Rub\u00edes (53),\u00a0acusados de haber abusado sexualmente, en 2017, de cinco chicos de entre 3 y 4 a\u00f1os en el jard\u00edn de infantes Bel\u00e9n.\" \/>\n<meta property=\"og:url\" content=\"https:\/\/www.noticiasradioreflejos.com.ar\/2021\/arranca-el-juicio-a-un-cura-un-portero-y-una-preceptora-por-abusos-a-cinco-ninos\/\" \/>\n<meta property=\"og:site_name\" content=\"Noticias Radio Reflejos\" \/>\n<meta property=\"article:published_time\" content=\"2022-05-09T11:13:33+00:00\" \/>\n<meta property=\"og:image\" content=\"https:\/\/www.telam.com.ar\/thumbs\/bluesteel\/advf\/imagenes\/2018\/01\/5a5605b2efd86_900.jpg\" \/>\n<meta name=\"author\" content=\"Arnaldo Botto\" \/>\n<meta name=\"twitter:card\" content=\"summary_large_image\" \/>\n<script type=\"application\/ld+json\" class=\"yoast-schema-graph\">{\"@context\":\"https:\/\/schema.org\",\"@graph\":[{\"@type\":\"WebPage\",\"@id\":\"https:\/\/www.noticiasradioreflejos.com.ar\/2021\/arranca-el-juicio-a-un-cura-un-portero-y-una-preceptora-por-abusos-a-cinco-ninos\/\",\"url\":\"https:\/\/www.noticiasradioreflejos.com.ar\/2021\/arranca-el-juicio-a-un-cura-un-portero-y-una-preceptora-por-abusos-a-cinco-ninos\/\",\"name\":\"Arranca el juicio a un cura, un portero y una preceptora por abusos a cinco ni\u00f1os - Noticias Radio Reflejos\",\"isPartOf\":{\"@id\":\"https:\/\/www.noticiasradioreflejos.com.ar\/2021\/#website\"},\"primaryImageOfPage\":{\"@id\":\"https:\/\/www.noticiasradioreflejos.com.ar\/2021\/arranca-el-juicio-a-un-cura-un-portero-y-una-preceptora-por-abusos-a-cinco-ninos\/#primaryimage\"},\"image\":{\"@id\":\"https:\/\/www.noticiasradioreflejos.com.ar\/2021\/arranca-el-juicio-a-un-cura-un-portero-y-una-preceptora-por-abusos-a-cinco-ninos\/#primaryimage\"},\"thumbnailUrl\":\"https:\/\/www.telam.com.ar\/thumbs\/bluesteel\/advf\/imagenes\/2018\/01\/5a5605b2efd86_900.jpg\",\"datePublished\":\"2022-05-09T11:13:33+00:00\",\"author\":{\"@id\":\"https:\/\/www.noticiasradioreflejos.com.ar\/2021\/#\/schema\/person\/ad82545263dcc5ec0996818884fd5fb1\"},\"breadcrumb\":{\"@id\":\"https:\/\/www.noticiasradioreflejos.com.ar\/2021\/arranca-el-juicio-a-un-cura-un-portero-y-una-preceptora-por-abusos-a-cinco-ninos\/#breadcrumb\"},\"inLanguage\":\"es\",\"potentialAction\":[{\"@type\":\"ReadAction\",\"target\":[\"https:\/\/www.noticiasradioreflejos.com.ar\/2021\/arranca-el-juicio-a-un-cura-un-portero-y-una-preceptora-por-abusos-a-cinco-ninos\/\"]}]},{\"@type\":\"ImageObject\",\"inLanguage\":\"es\",\"@id\":\"https:\/\/www.noticiasradioreflejos.com.ar\/2021\/arranca-el-juicio-a-un-cura-un-portero-y-una-preceptora-por-abusos-a-cinco-ninos\/#primaryimage\",\"url\":\"https:\/\/www.telam.com.ar\/thumbs\/bluesteel\/advf\/imagenes\/2018\/01\/5a5605b2efd86_900.jpg\",\"contentUrl\":\"https:\/\/www.telam.com.ar\/thumbs\/bluesteel\/advf\/imagenes\/2018\/01\/5a5605b2efd86_900.jpg\"},{\"@type\":\"BreadcrumbList\",\"@id\":\"https:\/\/www.noticiasradioreflejos.com.ar\/2021\/arranca-el-juicio-a-un-cura-un-portero-y-una-preceptora-por-abusos-a-cinco-ninos\/#breadcrumb\",\"itemListElement\":[{\"@type\":\"ListItem\",\"position\":1,\"name\":\"Portada\",\"item\":\"https:\/\/www.noticiasradioreflejos.com.ar\/2021\/\"},{\"@type\":\"ListItem\",\"position\":2,\"name\":\"Arranca el juicio a un cura, un portero y una preceptora por abusos a cinco ni\u00f1os\"}]},{\"@type\":\"WebSite\",\"@id\":\"https:\/\/www.noticiasradioreflejos.com.ar\/2021\/#website\",\"url\":\"https:\/\/www.noticiasradioreflejos.com.ar\/2021\/\",\"name\":\"Noticias Radio Reflejos\",\"description\":\"Las noticias de mi comarca\",\"potentialAction\":[{\"@type\":\"SearchAction\",\"target\":{\"@type\":\"EntryPoint\",\"urlTemplate\":\"https:\/\/www.noticiasradioreflejos.com.ar\/2021\/?s={search_term_string}\"},\"query-input\":{\"@type\":\"PropertyValueSpecification\",\"valueRequired\":true,\"valueName\":\"search_term_string\"}}],\"inLanguage\":\"es\"},{\"@type\":\"Person\",\"@id\":\"https:\/\/www.noticiasradioreflejos.com.ar\/2021\/#\/schema\/person\/ad82545263dcc5ec0996818884fd5fb1\",\"name\":\"Arnaldo Botto\",\"image\":{\"@type\":\"ImageObject\",\"inLanguage\":\"es\",\"@id\":\"https:\/\/www.noticiasradioreflejos.com.ar\/2021\/#\/schema\/person\/image\/\",\"url\":\"https:\/\/secure.gravatar.com\/avatar\/55cb5e37c1efa326397366e6974cb338056df65cb50e7d64d1cf314e87504837?s=96&d=mm&r=g\",\"contentUrl\":\"https:\/\/secure.gravatar.com\/avatar\/55cb5e37c1efa326397366e6974cb338056df65cb50e7d64d1cf314e87504837?s=96&d=mm&r=g\",\"caption\":\"Arnaldo Botto\"},\"url\":\"https:\/\/www.noticiasradioreflejos.com.ar\/2021\/author\/arnaldo\/\"}]}<\/script>\n<!-- \/ Yoast SEO plugin. -->","yoast_head_json":{"title":"Arranca el juicio a un cura, un portero y una preceptora por abusos a cinco ni\u00f1os - Noticias Radio Reflejos","robots":{"index":"index","follow":"follow","max-snippet":"max-snippet:-1","max-image-preview":"max-image-preview:large","max-video-preview":"max-video-preview:-1"},"canonical":"https:\/\/www.noticiasradioreflejos.com.ar\/2021\/arranca-el-juicio-a-un-cura-un-portero-y-una-preceptora-por-abusos-a-cinco-ninos\/","og_locale":"es_ES","og_type":"article","og_title":"Arranca el juicio a un cura, un portero y una preceptora por abusos a cinco ni\u00f1os - Noticias Radio Reflejos","og_description":"Se trata del sacerdote Tulio Matiussi, de 48 a\u00f1os; el exportero Anselmo Ojeda (60) y la preceptora Mar\u00eda Luj\u00e1n Rub\u00edes (53),\u00a0acusados de haber abusado sexualmente, en 2017, de cinco chicos de entre 3 y 4 a\u00f1os en el jard\u00edn de infantes Bel\u00e9n.","og_url":"https:\/\/www.noticiasradioreflejos.com.ar\/2021\/arranca-el-juicio-a-un-cura-un-portero-y-una-preceptora-por-abusos-a-cinco-ninos\/","og_site_name":"Noticias Radio Reflejos","article_published_time":"2022-05-09T11:13:33+00:00","og_image":[{"url":"https:\/\/www.telam.com.ar\/thumbs\/bluesteel\/advf\/imagenes\/2018\/01\/5a5605b2efd86_900.jpg","type":"","width":"","height":""}],"author":"Arnaldo Botto","twitter_card":"summary_large_image","schema":{"@context":"https:\/\/schema.org","@graph":[{"@type":"WebPage","@id":"https:\/\/www.noticiasradioreflejos.com.ar\/2021\/arranca-el-juicio-a-un-cura-un-portero-y-una-preceptora-por-abusos-a-cinco-ninos\/","url":"https:\/\/www.noticiasradioreflejos.com.ar\/2021\/arranca-el-juicio-a-un-cura-un-portero-y-una-preceptora-por-abusos-a-cinco-ninos\/","name":"Arranca el juicio a un cura, un portero y una preceptora por abusos a cinco ni\u00f1os - Noticias Radio Reflejos","isPartOf":{"@id":"https:\/\/www.noticiasradioreflejos.com.ar\/2021\/#website"},"primaryImageOfPage":{"@id":"https:\/\/www.noticiasradioreflejos.com.ar\/2021\/arranca-el-juicio-a-un-cura-un-portero-y-una-preceptora-por-abusos-a-cinco-ninos\/#primaryimage"},"image":{"@id":"https:\/\/www.noticiasradioreflejos.com.ar\/2021\/arranca-el-juicio-a-un-cura-un-portero-y-una-preceptora-por-abusos-a-cinco-ninos\/#primaryimage"},"thumbnailUrl":"https:\/\/www.telam.com.ar\/thumbs\/bluesteel\/advf\/imagenes\/2018\/01\/5a5605b2efd86_900.jpg","datePublished":"2022-05-09T11:13:33+00:00","author":{"@id":"https:\/\/www.noticiasradioreflejos.com.ar\/2021\/#\/schema\/person\/ad82545263dcc5ec0996818884fd5fb1"},"breadcrumb":{"@id":"https:\/\/www.noticiasradioreflejos.com.ar\/2021\/arranca-el-juicio-a-un-cura-un-portero-y-una-preceptora-por-abusos-a-cinco-ninos\/#breadcrumb"},"inLanguage":"es","potentialAction":[{"@type":"ReadAction","target":["https:\/\/www.noticiasradioreflejos.com.ar\/2021\/arranca-el-juicio-a-un-cura-un-portero-y-una-preceptora-por-abusos-a-cinco-ninos\/"]}]},{"@type":"ImageObject","inLanguage":"es","@id":"https:\/\/www.noticiasradioreflejos.com.ar\/2021\/arranca-el-juicio-a-un-cura-un-portero-y-una-preceptora-por-abusos-a-cinco-ninos\/#primaryimage","url":"https:\/\/www.telam.com.ar\/thumbs\/bluesteel\/advf\/imagenes\/2018\/01\/5a5605b2efd86_900.jpg","contentUrl":"https:\/\/www.telam.com.ar\/thumbs\/bluesteel\/advf\/imagenes\/2018\/01\/5a5605b2efd86_900.jpg"},{"@type":"BreadcrumbList","@id":"https:\/\/www.noticiasradioreflejos.com.ar\/2021\/arranca-el-juicio-a-un-cura-un-portero-y-una-preceptora-por-abusos-a-cinco-ninos\/#breadcrumb","itemListElement":[{"@type":"ListItem","position":1,"name":"Portada","item":"https:\/\/www.noticiasradioreflejos.com.ar\/2021\/"},{"@type":"ListItem","position":2,"name":"Arranca el juicio a un cura, un portero y una preceptora por abusos a cinco ni\u00f1os"}]},{"@type":"WebSite","@id":"https:\/\/www.noticiasradioreflejos.com.ar\/2021\/#website","url":"https:\/\/www.noticiasradioreflejos.com.ar\/2021\/","name":"Noticias Radio Reflejos","description":"Las noticias de mi comarca","potentialAction":[{"@type":"SearchAction","target":{"@type":"EntryPoint","urlTemplate":"https:\/\/www.noticiasradioreflejos.com.ar\/2021\/?s={search_term_string}"},"query-input":{"@type":"PropertyValueSpecification","valueRequired":true,"valueName":"search_term_string"}}],"inLanguage":"es"},{"@type":"Person","@id":"https:\/\/www.noticiasradioreflejos.com.ar\/2021\/#\/schema\/person\/ad82545263dcc5ec0996818884fd5fb1","name":"Arnaldo Botto","image":{"@type":"ImageObject","inLanguage":"es","@id":"https:\/\/www.noticiasradioreflejos.com.ar\/2021\/#\/schema\/person\/image\/","url":"https:\/\/secure.gravatar.com\/avatar\/55cb5e37c1efa326397366e6974cb338056df65cb50e7d64d1cf314e87504837?s=96&d=mm&r=g","contentUrl":"https:\/\/secure.gravatar.com\/avatar\/55cb5e37c1efa326397366e6974cb338056df65cb50e7d64d1cf314e87504837?s=96&d=mm&r=g","caption":"Arnaldo Botto"},"url":"https:\/\/www.noticiasradioreflejos.com.ar\/2021\/author\/arnaldo\/"}]}},"_links":{"self":[{"href":"https:\/\/www.noticiasradioreflejos.com.ar\/2021\/wp-json\/wp\/v2\/posts\/71652","targetHints":{"allow":["GET"]}}],"collection":[{"href":"https:\/\/www.noticiasradioreflejos.com.ar\/2021\/wp-json\/wp\/v2\/posts"}],"about":[{"href":"https:\/\/www.noticiasradioreflejos.com.ar\/2021\/wp-json\/wp\/v2\/types\/post"}],"author":[{"embeddable":true,"href":"https:\/\/www.noticiasradioreflejos.com.ar\/2021\/wp-json\/wp\/v2\/users\/3"}],"replies":[{"embeddable":true,"href":"https:\/\/www.noticiasradioreflejos.com.ar\/2021\/wp-json\/wp\/v2\/comments?post=71652"}],"version-history":[{"count":1,"href":"https:\/\/www.noticiasradioreflejos.com.ar\/2021\/wp-json\/wp\/v2\/posts\/71652\/revisions"}],"predecessor-version":[{"id":71654,"href":"https:\/\/www.noticiasradioreflejos.com.ar\/2021\/wp-json\/wp\/v2\/posts\/71652\/revisions\/71654"}],"wp:attachment":[{"href":"https:\/\/www.noticiasradioreflejos.com.ar\/2021\/wp-json\/wp\/v2\/media?parent=71652"}],"wp:term":[{"taxonomy":"category","embeddable":true,"href":"https:\/\/www.noticiasradioreflejos.com.ar\/2021\/wp-json\/wp\/v2\/categories?post=71652"},{"taxonomy":"post_tag","embeddable":true,"href":"https:\/\/www.noticiasradioreflejos.com.ar\/2021\/wp-json\/wp\/v2\/tags?post=71652"}],"curies":[{"name":"wp","href":"https:\/\/api.w.org\/{rel}","templated":true}]}}