{"id":71639,"date":"2022-05-09T11:07:11","date_gmt":"2022-05-09T11:07:11","guid":{"rendered":"http:\/\/www.noticiasradioreflejos.com.ar\/2021\/?p=71639"},"modified":"2022-05-09T11:07:11","modified_gmt":"2022-05-09T11:07:11","slug":"arrancan-audiencias-publicas-para-debatir-precios-del-gas-electricidad-y-segmentacion-de-subsidios","status":"publish","type":"post","link":"https:\/\/www.noticiasradioreflejos.com.ar\/2021\/arrancan-audiencias-publicas-para-debatir-precios-del-gas-electricidad-y-segmentacion-de-subsidios\/","title":{"rendered":"Arrancan audiencias p\u00fablicas para debatir precios del gas, electricidad y segmentaci\u00f3n de subsidios"},"content":{"rendered":"<p>Las actualizaciones tarifarias que ser\u00e1n motivo de las primeras dos audiencias, buscar\u00e1n impulsar un esquema dirigido a \u00abproteger aquellos sectores m\u00e1s vulnerables y con menor capacidad de pago\u00bb.<!--more--><\/p>\n<div>\n<div class=\"wrapper-editable-content\">\n<div>\n<div class=\"container-md\">\n<div class=\"row\">\n<div class=\"col-md-12 speak\">\n<div class=\"paragraph\">\n<figure class=\"mb-3\"><img decoding=\"async\" src=\"https:\/\/www.telam.com.ar\/thumbs\/bluesteel\/advf\/imagenes\/2018\/04\/5acb50c0cd68c_900.jpg\" alt=\"La franja de 10 de 8203usuarios de mayores ingresos y con plena capacidad de pago dejarn de ser beneficiarios de subsidio al consumo energtico\" width=\"100%\" height=\"100%\" \/><\/p>\n<div class=\"media-icons\"><\/div><figcaption>La franja de 10% de \u200busuarios de mayores ingresos y con plena capacidad de pago dejar\u00e1n de ser beneficiarios de subsidio al consumo energ\u00e9tico.<\/figcaption><\/figure>\n<p>El Gobierno nacional llevar\u00e1 adelante a partir del martes<strong>\u00a0tres audiencias p\u00fablicas sucesivas\u00a0<\/strong>para la definici\u00f3n de los\u00a0<strong>nuevos precios<\/strong>\u00a0que estar\u00e1n vigentes a partir del\u00a0<strong>1 de junio<\/strong>\u00a0del gas natural a boca de pozo, del costo estacional de generaci\u00f3n el\u00e9ctrica y la segmentaci\u00f3n de tarifas que le permita reducir el peso de los subsidios energ\u00e9ticos en las cuentas p\u00fablicas.<\/p>\n<p>De esta manera, se inicia el proceso de actualizaci\u00f3n tarifaria definido por el Poder Ejecutivo en el programa econ\u00f3mico, que apunta a lograr \u00abniveles de tarifas razonables y susceptibles de ser aplicadas<strong>\u00a0con criterios de justicia y equidad distributiva\u00bb<\/strong>\u00a0para los servicios p\u00fablicos de gas y electricidad, tal como expres\u00f3 la Secretar\u00eda de Energ\u00eda en la convocatoria a las audiencias.<\/p>\n<p>El ministro de Econom\u00eda,\u00a0<strong>Mart\u00edn Guzm\u00e1n<\/strong>, afirm\u00f3 el viernes pasado, en Salta, que la energ\u00eda es \u00abun costo muy importante en la producci\u00f3n: si se acelera el desarrollo energ\u00e9tico bajan los costos de la producci\u00f3n, si bajan los costos de la producci\u00f3n nuestra industria se vuelve m\u00e1s competitiva y tiene m\u00e1s capacidad de generar empleo con menos demanda de divisas\u00bb.<\/p>\n<p>En la primera de las audiencias p\u00fablicas convocada para el martes -a partir de las 10-, que se llevar\u00e1 a cabo a trav\u00e9s de la Plataforma Webex, se discutir\u00e1n los nuevos precios en el Punto de Ingreso al Sistema de Transporte (PIST).<\/p>\n<p>El mi\u00e9rcoles, por su parte, se tratar\u00e1n los nuevos precios de referencia estacionales del Precio Estacional de la Energ\u00eda El\u00e9ctrica (PEST).<\/p>\n<figure class=\"mb-3\"><img decoding=\"async\" src=\"https:\/\/www.telam.com.ar\/thumbs\/bluesteel\/advf\/imagenes\/2022\/05\/6277eebb27142_900.jpg\" alt=\"Telam SE\" width=\"100%\" height=\"100%\" \/><\/p>\n<div class=\"media-icons\"><\/div><figcaption><\/figcaption><\/figure>\n<p>En tanto, el jueves se debatir\u00e1 la implementaci\u00f3n de la\u00a0<strong>segmentaci\u00f3n en el otorgamiento de los subsidios<\/strong>\u00a0al precio de la energ\u00eda por parte del Estado Nacional a los usuarios del servicio de gas natural y del servicio de energ\u00eda el\u00e9ctrica, para el bienio 2022-2023.<\/p>\n<p>En este aspecto, Guzm\u00e1n consider\u00f3 que \u00ablos subsidios energ\u00e9ticos a sectores que no lo requieren: eso es un gasto. \u00bfQu\u00e9 implica gastar m\u00e1s en eso? Implica gastar menos en educaci\u00f3n, implica gastar menos en ciencia y tecnolog\u00eda y obra p\u00fablica. Gastar m\u00e1s en subsidios energ\u00e9ticos implica invertir menos. Inversi\u00f3n es futuro.\u00a0<strong>Ese gasto quita recursos para construir futuro<\/strong>\u00ab.<\/p>\n<p>Por ello, el Gobierno propone abordar los subsidios mediante la segmentaci\u00f3n por capacidad de pago, reducirlos significativamente en los sectores de m\u00e1s altos ingresos para resolver en simult\u00e1neo \u00abel sesgo pro rico y las ineficiencias derivadas tanto en el consumo residencial de esos sectores como las ineficiencias del gasto p\u00fablico\u00bb.<\/p>\n<p>En cuanto a las actualizaciones tarifarias que ser\u00e1n motivo de las primeras dos audiencias, buscan impulsar un esquema dirigido a \u00abproteger aquellos sectores m\u00e1s vulnerables y con menor capacidad de pago\u00bb, e incentivando a su vez la \u00abadopci\u00f3n de medidas que promuevan al uso racional de los servicios y la reducci\u00f3n del impacto ambiental\u00bb.<\/p>\n<p>Para los usuarios residenciales se considerar\u00e1 como criterio objetivo una \u00abcorrecci\u00f3n tarifaria relacionada a la evoluci\u00f3n de sus ingresos\u00bb, representado por el coeficiente de variaci\u00f3n salarial (CVS), como lo establec\u00eda la Ley N\u00b0 27.443, frustrada por el veto total impuesto por la administraci\u00f3n Cambiemos.<\/p>\n<blockquote class=\"\"><p>El Gobierno propone abordar los subsidios mediante la segmentaci\u00f3n por capacidad de pago, reducirlos significativamente en los sectores de m\u00e1s altos ingresos<\/p><\/blockquote>\n<p>Para el 90% de los usuarios residenciales, este mecanismo garantiza que las actualizaciones tarifarias siempre sean inferiores a los aumentos salariales, implicando correcciones en sus facturas menores que el incremento de los ingresos en t\u00e9rminos reales.<\/p>\n<p>De esta manera, el esquema propuesto por la Secretar\u00eda de Energ\u00eda para el bienio 2022-2023 contempla que los \u200busuarios de gas beneficiarios de la tarifa social no tendr\u00e1n otro incremento en su factura este a\u00f1o, y para el 2023, esa correcci\u00f3n ser\u00e1 equivalente a 40% del CVS del a\u00f1o anterior.<\/p>\n<p>En tanto, para los beneficiarios de tarifa social de las distribuidoras el\u00e9ctricas Edenor y Edesur, la nueva correcci\u00f3n tarifaria para 2022\u00a0<strong>no superar\u00e1 6%<\/strong>.<\/p>\n<p>Para el resto de los usuarios, el incremento total en la factura para cada a\u00f1o calendario ser\u00e1 equivalente al 80% del Coeficiente de Variaci\u00f3n Salarial correspondiente al a\u00f1o anterior.<\/p>\n<p>En funci\u00f3n de este esquema, para 2022 y considerando la actualizaci\u00f3n tarifaria realizada en marzo, el incremento propuesto para junio ser\u00e1 en promedio de 17% para las tarifas de electricidad de los usuarios del AMBA, y de 21,5% promedio sobre el valor actual de la factura para los usuarios de gas de todo el pa\u00eds.<\/p>\n<p>Por \u00faltimo, la franja de 10% de \u200busuarios de mayores ingresos y con plena capacidad de pago dejar\u00e1n de ser beneficiarios de subsidio al consumo energ\u00e9tico.<\/p>\n<p>El cruce de la informaci\u00f3n abord\u00f3 lo disponible por empresas distribuidoras, entes y autoridades regulatorias de electricidad y gas natural de red residencial disponible en el Sistema de Identificaci\u00f3n Nacional Tributario y Social (SINTyS) sobre ingresos y patrimonio.<\/p>\n<p>Si se toman como referencia los suministros, en este segmento se incluir\u00edan hasta 1.631.846 usuarios del servicio el\u00e9ctrico que representan el 10,1% del universo relevado, y 1.178.248 suministros de gas residencial que representan el 12,9%, de acuerdo al informe oficial.<\/p>\n<p>En cuanto al nivel de ingresos y la afectaci\u00f3n de la eventual eliminaci\u00f3n de subsidios, el informe analiz\u00f3 que el decil superior recibi\u00f3 en 2021 un subsidio promedio en electricidad de $49.452, y en gas natural de $ 23.312, por lo cual con un ingreso por hogar promedio de $3.258.861 al a\u00f1o, el pago pleno de los servicios tendr\u00eda un impacto de 1,5% y 0,72%, respectivamente.<\/p>\n<p>A estas cifras, la cartera energ\u00e9tica lleg\u00f3 mediante la evaluaci\u00f3n de alternativas para la asignaci\u00f3n de subsidios basadas en aspectos socioecon\u00f3micos como el consumo de energ\u00eda, el nivel de ingresos y el patrimonio; o a variables geogr\u00e1ficas-espaciales asociadas al valor de la propiedad y la urbanizaci\u00f3n.<\/p>\n<p>As\u00ed, en el segmento de menor nivel de subsidios la definici\u00f3n se define por alguno de los criterios espaciales vinculados a estar ubicado dentro de pol\u00edgonos de alta capacidad de pago o estar en el registro de urbanizaciones cerradas.<\/p>\n<p>En cuanto a los criterios socioecon\u00f3micos, se identific\u00f3 la condici\u00f3n de tener ingresos superiores a 3,5 canastas b\u00e1sicas totales (CBT); tener 3 o m\u00e1s inmuebles registrados; tener 3 o m\u00e1s veh\u00edculos con antig\u00fcedad menor a los 5 a\u00f1os y tener aviones o embarcaciones de lujo.<\/p>\n<p>En el caso del segmento de mayor nivel de subsidios, la inclusi\u00f3n se podr\u00eda definir por estar ubicado dentro de pol\u00edgonos identificados por el Registro Nacional de Barrios Populares (Renabap) o entre los criterios socioecon\u00f3micos ser jubilado, pensionado o trabajadores en relaci\u00f3n de dependencia o monotributistas que perciban una remuneraci\u00f3n bruta menor o igual a dos salarios m\u00ednimos, vitales y m\u00f3viles.<\/p>\n<p>&nbsp;<\/p>\n<p><strong>POR IGNACIO ORTIZ<br \/>\nTELAM<\/strong><\/p>\n<\/div>\n<\/div>\n<\/div>\n<\/div>\n<\/div>\n<\/div>\n<\/div>\n","protected":false},"excerpt":{"rendered":"<p>Las actualizaciones tarifarias que ser\u00e1n motivo de las primeras dos audiencias, buscar\u00e1n impulsar un esquema dirigido a \u00abproteger aquellos sectores m\u00e1s vulnerables y con menor capacidad de pago\u00bb.<\/p>\n","protected":false},"author":3,"featured_media":0,"comment_status":"closed","ping_status":"closed","sticky":false,"template":"","format":"standard","meta":{"footnotes":""},"categories":[24,26],"tags":[],"class_list":["post-71639","post","type-post","status-publish","format-standard","hentry","category-politica","category-sociedad"],"yoast_head":"<!-- This site is optimized with the Yoast SEO plugin v25.9 - https:\/\/yoast.com\/wordpress\/plugins\/seo\/ -->\n<title>Arrancan audiencias p\u00fablicas para debatir precios del gas, electricidad y segmentaci\u00f3n de subsidios - Noticias Radio Reflejos<\/title>\n<meta name=\"robots\" content=\"index, follow, max-snippet:-1, max-image-preview:large, max-video-preview:-1\" \/>\n<link rel=\"canonical\" href=\"https:\/\/www.noticiasradioreflejos.com.ar\/2021\/arrancan-audiencias-publicas-para-debatir-precios-del-gas-electricidad-y-segmentacion-de-subsidios\/\" \/>\n<meta property=\"og:locale\" content=\"es_ES\" \/>\n<meta property=\"og:type\" content=\"article\" \/>\n<meta property=\"og:title\" content=\"Arrancan audiencias p\u00fablicas para debatir precios del gas, electricidad y segmentaci\u00f3n de subsidios - Noticias Radio Reflejos\" \/>\n<meta property=\"og:description\" content=\"Las actualizaciones tarifarias que ser\u00e1n motivo de las primeras dos audiencias, buscar\u00e1n impulsar un esquema dirigido a \u00abproteger aquellos sectores m\u00e1s vulnerables y con menor capacidad de pago\u00bb.\" \/>\n<meta property=\"og:url\" content=\"https:\/\/www.noticiasradioreflejos.com.ar\/2021\/arrancan-audiencias-publicas-para-debatir-precios-del-gas-electricidad-y-segmentacion-de-subsidios\/\" \/>\n<meta property=\"og:site_name\" content=\"Noticias Radio Reflejos\" \/>\n<meta property=\"article:published_time\" content=\"2022-05-09T11:07:11+00:00\" \/>\n<meta property=\"og:image\" content=\"https:\/\/www.telam.com.ar\/thumbs\/bluesteel\/advf\/imagenes\/2018\/04\/5acb50c0cd68c_900.jpg\" \/>\n<meta name=\"author\" content=\"Arnaldo Botto\" \/>\n<meta name=\"twitter:card\" content=\"summary_large_image\" \/>\n<script type=\"application\/ld+json\" class=\"yoast-schema-graph\">{\"@context\":\"https:\/\/schema.org\",\"@graph\":[{\"@type\":\"WebPage\",\"@id\":\"https:\/\/www.noticiasradioreflejos.com.ar\/2021\/arrancan-audiencias-publicas-para-debatir-precios-del-gas-electricidad-y-segmentacion-de-subsidios\/\",\"url\":\"https:\/\/www.noticiasradioreflejos.com.ar\/2021\/arrancan-audiencias-publicas-para-debatir-precios-del-gas-electricidad-y-segmentacion-de-subsidios\/\",\"name\":\"Arrancan audiencias p\u00fablicas para debatir precios del gas, electricidad y segmentaci\u00f3n de subsidios - Noticias Radio Reflejos\",\"isPartOf\":{\"@id\":\"https:\/\/www.noticiasradioreflejos.com.ar\/2021\/#website\"},\"primaryImageOfPage\":{\"@id\":\"https:\/\/www.noticiasradioreflejos.com.ar\/2021\/arrancan-audiencias-publicas-para-debatir-precios-del-gas-electricidad-y-segmentacion-de-subsidios\/#primaryimage\"},\"image\":{\"@id\":\"https:\/\/www.noticiasradioreflejos.com.ar\/2021\/arrancan-audiencias-publicas-para-debatir-precios-del-gas-electricidad-y-segmentacion-de-subsidios\/#primaryimage\"},\"thumbnailUrl\":\"https:\/\/www.telam.com.ar\/thumbs\/bluesteel\/advf\/imagenes\/2018\/04\/5acb50c0cd68c_900.jpg\",\"datePublished\":\"2022-05-09T11:07:11+00:00\",\"author\":{\"@id\":\"https:\/\/www.noticiasradioreflejos.com.ar\/2021\/#\/schema\/person\/ad82545263dcc5ec0996818884fd5fb1\"},\"breadcrumb\":{\"@id\":\"https:\/\/www.noticiasradioreflejos.com.ar\/2021\/arrancan-audiencias-publicas-para-debatir-precios-del-gas-electricidad-y-segmentacion-de-subsidios\/#breadcrumb\"},\"inLanguage\":\"es\",\"potentialAction\":[{\"@type\":\"ReadAction\",\"target\":[\"https:\/\/www.noticiasradioreflejos.com.ar\/2021\/arrancan-audiencias-publicas-para-debatir-precios-del-gas-electricidad-y-segmentacion-de-subsidios\/\"]}]},{\"@type\":\"ImageObject\",\"inLanguage\":\"es\",\"@id\":\"https:\/\/www.noticiasradioreflejos.com.ar\/2021\/arrancan-audiencias-publicas-para-debatir-precios-del-gas-electricidad-y-segmentacion-de-subsidios\/#primaryimage\",\"url\":\"https:\/\/www.telam.com.ar\/thumbs\/bluesteel\/advf\/imagenes\/2018\/04\/5acb50c0cd68c_900.jpg\",\"contentUrl\":\"https:\/\/www.telam.com.ar\/thumbs\/bluesteel\/advf\/imagenes\/2018\/04\/5acb50c0cd68c_900.jpg\"},{\"@type\":\"BreadcrumbList\",\"@id\":\"https:\/\/www.noticiasradioreflejos.com.ar\/2021\/arrancan-audiencias-publicas-para-debatir-precios-del-gas-electricidad-y-segmentacion-de-subsidios\/#breadcrumb\",\"itemListElement\":[{\"@type\":\"ListItem\",\"position\":1,\"name\":\"Portada\",\"item\":\"https:\/\/www.noticiasradioreflejos.com.ar\/2021\/\"},{\"@type\":\"ListItem\",\"position\":2,\"name\":\"Arrancan audiencias p\u00fablicas para debatir precios del gas, electricidad y segmentaci\u00f3n de subsidios\"}]},{\"@type\":\"WebSite\",\"@id\":\"https:\/\/www.noticiasradioreflejos.com.ar\/2021\/#website\",\"url\":\"https:\/\/www.noticiasradioreflejos.com.ar\/2021\/\",\"name\":\"Noticias Radio Reflejos\",\"description\":\"Las noticias de mi comarca\",\"potentialAction\":[{\"@type\":\"SearchAction\",\"target\":{\"@type\":\"EntryPoint\",\"urlTemplate\":\"https:\/\/www.noticiasradioreflejos.com.ar\/2021\/?s={search_term_string}\"},\"query-input\":{\"@type\":\"PropertyValueSpecification\",\"valueRequired\":true,\"valueName\":\"search_term_string\"}}],\"inLanguage\":\"es\"},{\"@type\":\"Person\",\"@id\":\"https:\/\/www.noticiasradioreflejos.com.ar\/2021\/#\/schema\/person\/ad82545263dcc5ec0996818884fd5fb1\",\"name\":\"Arnaldo Botto\",\"image\":{\"@type\":\"ImageObject\",\"inLanguage\":\"es\",\"@id\":\"https:\/\/www.noticiasradioreflejos.com.ar\/2021\/#\/schema\/person\/image\/\",\"url\":\"https:\/\/secure.gravatar.com\/avatar\/55cb5e37c1efa326397366e6974cb338056df65cb50e7d64d1cf314e87504837?s=96&d=mm&r=g\",\"contentUrl\":\"https:\/\/secure.gravatar.com\/avatar\/55cb5e37c1efa326397366e6974cb338056df65cb50e7d64d1cf314e87504837?s=96&d=mm&r=g\",\"caption\":\"Arnaldo Botto\"},\"url\":\"https:\/\/www.noticiasradioreflejos.com.ar\/2021\/author\/arnaldo\/\"}]}<\/script>\n<!-- \/ Yoast SEO plugin. -->","yoast_head_json":{"title":"Arrancan audiencias p\u00fablicas para debatir precios del gas, electricidad y segmentaci\u00f3n de subsidios - Noticias Radio Reflejos","robots":{"index":"index","follow":"follow","max-snippet":"max-snippet:-1","max-image-preview":"max-image-preview:large","max-video-preview":"max-video-preview:-1"},"canonical":"https:\/\/www.noticiasradioreflejos.com.ar\/2021\/arrancan-audiencias-publicas-para-debatir-precios-del-gas-electricidad-y-segmentacion-de-subsidios\/","og_locale":"es_ES","og_type":"article","og_title":"Arrancan audiencias p\u00fablicas para debatir precios del gas, electricidad y segmentaci\u00f3n de subsidios - Noticias Radio Reflejos","og_description":"Las actualizaciones tarifarias que ser\u00e1n motivo de las primeras dos audiencias, buscar\u00e1n impulsar un esquema dirigido a \u00abproteger aquellos sectores m\u00e1s vulnerables y con menor capacidad de pago\u00bb.","og_url":"https:\/\/www.noticiasradioreflejos.com.ar\/2021\/arrancan-audiencias-publicas-para-debatir-precios-del-gas-electricidad-y-segmentacion-de-subsidios\/","og_site_name":"Noticias Radio Reflejos","article_published_time":"2022-05-09T11:07:11+00:00","og_image":[{"url":"https:\/\/www.telam.com.ar\/thumbs\/bluesteel\/advf\/imagenes\/2018\/04\/5acb50c0cd68c_900.jpg","type":"","width":"","height":""}],"author":"Arnaldo Botto","twitter_card":"summary_large_image","schema":{"@context":"https:\/\/schema.org","@graph":[{"@type":"WebPage","@id":"https:\/\/www.noticiasradioreflejos.com.ar\/2021\/arrancan-audiencias-publicas-para-debatir-precios-del-gas-electricidad-y-segmentacion-de-subsidios\/","url":"https:\/\/www.noticiasradioreflejos.com.ar\/2021\/arrancan-audiencias-publicas-para-debatir-precios-del-gas-electricidad-y-segmentacion-de-subsidios\/","name":"Arrancan audiencias p\u00fablicas para debatir precios del gas, electricidad y segmentaci\u00f3n de subsidios - Noticias Radio Reflejos","isPartOf":{"@id":"https:\/\/www.noticiasradioreflejos.com.ar\/2021\/#website"},"primaryImageOfPage":{"@id":"https:\/\/www.noticiasradioreflejos.com.ar\/2021\/arrancan-audiencias-publicas-para-debatir-precios-del-gas-electricidad-y-segmentacion-de-subsidios\/#primaryimage"},"image":{"@id":"https:\/\/www.noticiasradioreflejos.com.ar\/2021\/arrancan-audiencias-publicas-para-debatir-precios-del-gas-electricidad-y-segmentacion-de-subsidios\/#primaryimage"},"thumbnailUrl":"https:\/\/www.telam.com.ar\/thumbs\/bluesteel\/advf\/imagenes\/2018\/04\/5acb50c0cd68c_900.jpg","datePublished":"2022-05-09T11:07:11+00:00","author":{"@id":"https:\/\/www.noticiasradioreflejos.com.ar\/2021\/#\/schema\/person\/ad82545263dcc5ec0996818884fd5fb1"},"breadcrumb":{"@id":"https:\/\/www.noticiasradioreflejos.com.ar\/2021\/arrancan-audiencias-publicas-para-debatir-precios-del-gas-electricidad-y-segmentacion-de-subsidios\/#breadcrumb"},"inLanguage":"es","potentialAction":[{"@type":"ReadAction","target":["https:\/\/www.noticiasradioreflejos.com.ar\/2021\/arrancan-audiencias-publicas-para-debatir-precios-del-gas-electricidad-y-segmentacion-de-subsidios\/"]}]},{"@type":"ImageObject","inLanguage":"es","@id":"https:\/\/www.noticiasradioreflejos.com.ar\/2021\/arrancan-audiencias-publicas-para-debatir-precios-del-gas-electricidad-y-segmentacion-de-subsidios\/#primaryimage","url":"https:\/\/www.telam.com.ar\/thumbs\/bluesteel\/advf\/imagenes\/2018\/04\/5acb50c0cd68c_900.jpg","contentUrl":"https:\/\/www.telam.com.ar\/thumbs\/bluesteel\/advf\/imagenes\/2018\/04\/5acb50c0cd68c_900.jpg"},{"@type":"BreadcrumbList","@id":"https:\/\/www.noticiasradioreflejos.com.ar\/2021\/arrancan-audiencias-publicas-para-debatir-precios-del-gas-electricidad-y-segmentacion-de-subsidios\/#breadcrumb","itemListElement":[{"@type":"ListItem","position":1,"name":"Portada","item":"https:\/\/www.noticiasradioreflejos.com.ar\/2021\/"},{"@type":"ListItem","position":2,"name":"Arrancan audiencias p\u00fablicas para debatir precios del gas, electricidad y segmentaci\u00f3n de subsidios"}]},{"@type":"WebSite","@id":"https:\/\/www.noticiasradioreflejos.com.ar\/2021\/#website","url":"https:\/\/www.noticiasradioreflejos.com.ar\/2021\/","name":"Noticias Radio Reflejos","description":"Las noticias de mi comarca","potentialAction":[{"@type":"SearchAction","target":{"@type":"EntryPoint","urlTemplate":"https:\/\/www.noticiasradioreflejos.com.ar\/2021\/?s={search_term_string}"},"query-input":{"@type":"PropertyValueSpecification","valueRequired":true,"valueName":"search_term_string"}}],"inLanguage":"es"},{"@type":"Person","@id":"https:\/\/www.noticiasradioreflejos.com.ar\/2021\/#\/schema\/person\/ad82545263dcc5ec0996818884fd5fb1","name":"Arnaldo Botto","image":{"@type":"ImageObject","inLanguage":"es","@id":"https:\/\/www.noticiasradioreflejos.com.ar\/2021\/#\/schema\/person\/image\/","url":"https:\/\/secure.gravatar.com\/avatar\/55cb5e37c1efa326397366e6974cb338056df65cb50e7d64d1cf314e87504837?s=96&d=mm&r=g","contentUrl":"https:\/\/secure.gravatar.com\/avatar\/55cb5e37c1efa326397366e6974cb338056df65cb50e7d64d1cf314e87504837?s=96&d=mm&r=g","caption":"Arnaldo Botto"},"url":"https:\/\/www.noticiasradioreflejos.com.ar\/2021\/author\/arnaldo\/"}]}},"_links":{"self":[{"href":"https:\/\/www.noticiasradioreflejos.com.ar\/2021\/wp-json\/wp\/v2\/posts\/71639","targetHints":{"allow":["GET"]}}],"collection":[{"href":"https:\/\/www.noticiasradioreflejos.com.ar\/2021\/wp-json\/wp\/v2\/posts"}],"about":[{"href":"https:\/\/www.noticiasradioreflejos.com.ar\/2021\/wp-json\/wp\/v2\/types\/post"}],"author":[{"embeddable":true,"href":"https:\/\/www.noticiasradioreflejos.com.ar\/2021\/wp-json\/wp\/v2\/users\/3"}],"replies":[{"embeddable":true,"href":"https:\/\/www.noticiasradioreflejos.com.ar\/2021\/wp-json\/wp\/v2\/comments?post=71639"}],"version-history":[{"count":1,"href":"https:\/\/www.noticiasradioreflejos.com.ar\/2021\/wp-json\/wp\/v2\/posts\/71639\/revisions"}],"predecessor-version":[{"id":71647,"href":"https:\/\/www.noticiasradioreflejos.com.ar\/2021\/wp-json\/wp\/v2\/posts\/71639\/revisions\/71647"}],"wp:attachment":[{"href":"https:\/\/www.noticiasradioreflejos.com.ar\/2021\/wp-json\/wp\/v2\/media?parent=71639"}],"wp:term":[{"taxonomy":"category","embeddable":true,"href":"https:\/\/www.noticiasradioreflejos.com.ar\/2021\/wp-json\/wp\/v2\/categories?post=71639"},{"taxonomy":"post_tag","embeddable":true,"href":"https:\/\/www.noticiasradioreflejos.com.ar\/2021\/wp-json\/wp\/v2\/tags?post=71639"}],"curies":[{"name":"wp","href":"https:\/\/api.w.org\/{rel}","templated":true}]}}