{"id":71624,"date":"2022-05-07T12:08:11","date_gmt":"2022-05-07T12:08:11","guid":{"rendered":"http:\/\/www.noticiasradioreflejos.com.ar\/2021\/?p=71624"},"modified":"2022-05-07T12:08:11","modified_gmt":"2022-05-07T12:08:11","slug":"el-suteba-responde-a-la-concejala-nori-sobre-adoctrinamiento","status":"publish","type":"post","link":"https:\/\/www.noticiasradioreflejos.com.ar\/2021\/el-suteba-responde-a-la-concejala-nori-sobre-adoctrinamiento\/","title":{"rendered":"El SUTEBA responde a la concejala Nori sobre adoctrinamiento"},"content":{"rendered":"<p dir=\"ltr\">Desde El SUTEBA Tornquist, nos dirigimos a la comunidad para hacer referencia a la alocuci\u00f3n brindada por la concejala Elisabeth Nori el pasado martes 3 de mayo en el HCD de Tornquist, en la que ella se remite a la ley provincial de educaci\u00f3n n\u00b0 13.688, para proponer un cambio en dicha ley, con el objetivo de prohibir el \u201cadoctrinamiento\u201d de los y las estudiantes.<!--more--><\/p>\n<p dir=\"ltr\">\n<p dir=\"ltr\">La concejala tambi\u00e9n hace referencia a un cuadernillo acercado por un grupo de padres, que fue editado por el Ministerio de Educaci\u00f3n de la Naci\u00f3n como un recurso did\u00e1ctico para ser repartido como medida de contingencia para la continuidad pedag\u00f3gica en el marco de la emergencia sanitaria por COVID.<\/p>\n<p dir=\"ltr\">En este material, supuestamente habr\u00eda contenido \u201cadoctrinador\u201d y esto ser\u00eda suficiente justificativo para hacer cambios en la ley provincial de educaci\u00f3n.<\/p>\n<p dir=\"ltr\">La concejala Marcela Gim\u00e9nez, responde muy acertadamente a los dichos de Nori, indicando que la ley provincial est\u00e1 redactada en el marco conceptual y enfoque filos\u00f3fico de la Ley Nacional de Educaci\u00f3n 26.206, que tiene como pilar fundamental la observaci\u00f3n de ni\u00f1os, ni\u00f1as y adolescentes como sujetos de derecho, cuyo tr\u00e1nsito por la escuela p\u00fablica debe garantizar una formaci\u00f3n democr\u00e1tica, para el trabajo y la prosecuci\u00f3n de estudios en el nivel superior. Para todo esto es necesario el desarrollo de un pensamiento cr\u00edtico, aspecto que la LEN discute una y otra vez a trav\u00e9s de sus Marcos de Trabajo para cada \u00e1rea disciplinar, y que el MOA (Marco de Organizaci\u00f3n de los Aprendizajes, puesto en vigencia mediante la Resoluci\u00f3n del CFE N\u00b0 330\/17) retoma como uno de las capacidades que deben desarrollarse dentro de la formaci\u00f3n escolar.<\/p>\n<p dir=\"ltr\">Algunos de los programas que la provincia ha puesto hist\u00f3ricamente en marcha para garantizar el debate democr\u00e1tico, desarrollar el pensamiento cr\u00edtico, y dialogar con los y las estudiantes en clave de derecho, son los programas impulsados desde Pol\u00edtica Socioeducativa, como Parlamento Juvenil y Consejo Estudiantil, adem\u00e1s de dar impulso cada a\u00f1o a la creaci\u00f3n y sostenimiento de Centros de Estudiantes y Cooperativas Escolares, entre otros \u00f3rganos de base democr\u00e1tica dentro de las escuelas.<\/p>\n<p dir=\"ltr\">Nos gustar\u00eda poder entender qu\u00e9 art\u00edculo de la ley provincial 16.688, o eventualmente de la Ley Nacional de Educaci\u00f3n 26.206,\u00a0 pretende modificar la concejala\u00a0 desde la \u00f3rbita municipal. Por ejemplo, el art\u00edculo 4\u00ba de la Ley Provincial de Educaci\u00f3n establece que: \u00a0 \u201cLa educaci\u00f3n debe brindar las oportunidades para el desarrollo y fortalecimiento de la formaci\u00f3n integral de las personas a lo largo de toda la vida y la promoci\u00f3n de la capacidad de cada alumno de definir su proyecto de vida, basado en los valores de libertad, paz, solidaridad, igualdad, respeto a la diversidad natural y cultural, justicia, responsabilidad y bien com\u00fan\u201d. Nos preguntamos cu\u00e1l ser\u00eda la puerta de entrada al \u201cadoctrinamiento\u201d que habilita este texto.<\/p>\n<p dir=\"ltr\">Nos resulta como m\u00ednimo de una gran ingenuidad\u00a0 -al punto de ofender la inteligencia de toda la comunidad educativa-, suponer que existen materiales de estudio y enfoques educativos exentos de una mirada y un objetivo sociopol\u00edtico; m\u00e1xime cuando esta ocurrencia es esgrimida por una representante partidaria en un cuerpo deliberativo y que ha pasado por la gesti\u00f3n ejecutiva siendo, precisamente, Coordinadora de Programas de Pol\u00edtica Socioeducativa del distrito.<\/p>\n<p dir=\"ltr\">\n<p><iframe loading=\"lazy\" title=\"YouTube video player\" src=\"https:\/\/www.youtube.com\/embed\/uEs6a6PDrh0\" width=\"853\" height=\"480\" frameborder=\"0\" allowfullscreen=\"allowfullscreen\"><\/iframe><\/p>\n","protected":false},"excerpt":{"rendered":"<p>Desde El SUTEBA Tornquist, nos dirigimos a la comunidad para hacer referencia a la alocuci\u00f3n brindada por la concejala Elisabeth Nori el pasado martes 3 de mayo en el HCD de Tornquist, en la que ella se remite a la ley provincial de educaci\u00f3n n\u00b0 13.688, para proponer un cambio en dicha ley, con el [&hellip;]<\/p>\n","protected":false},"author":3,"featured_media":2623,"comment_status":"closed","ping_status":"closed","sticky":false,"template":"","format":"standard","meta":{"footnotes":""},"categories":[34,24],"tags":[],"class_list":["post-71624","post","type-post","status-publish","format-standard","has-post-thumbnail","hentry","category-educacion","category-politica"],"yoast_head":"<!-- This site is optimized with the Yoast SEO plugin v25.9 - https:\/\/yoast.com\/wordpress\/plugins\/seo\/ -->\n<title>El SUTEBA responde a la concejala Nori sobre adoctrinamiento - Noticias Radio Reflejos<\/title>\n<meta name=\"robots\" content=\"index, follow, max-snippet:-1, max-image-preview:large, max-video-preview:-1\" \/>\n<link rel=\"canonical\" href=\"https:\/\/www.noticiasradioreflejos.com.ar\/2021\/el-suteba-responde-a-la-concejala-nori-sobre-adoctrinamiento\/\" \/>\n<meta property=\"og:locale\" content=\"es_ES\" \/>\n<meta property=\"og:type\" content=\"article\" \/>\n<meta property=\"og:title\" content=\"El SUTEBA responde a la concejala Nori sobre adoctrinamiento - Noticias Radio Reflejos\" \/>\n<meta property=\"og:description\" content=\"Desde El SUTEBA Tornquist, nos dirigimos a la comunidad para hacer referencia a la alocuci\u00f3n brindada por la concejala Elisabeth Nori el pasado martes 3 de mayo en el HCD de Tornquist, en la que ella se remite a la ley provincial de educaci\u00f3n n\u00b0 13.688, para proponer un cambio en dicha ley, con el [&hellip;]\" \/>\n<meta property=\"og:url\" content=\"https:\/\/www.noticiasradioreflejos.com.ar\/2021\/el-suteba-responde-a-la-concejala-nori-sobre-adoctrinamiento\/\" \/>\n<meta property=\"og:site_name\" content=\"Noticias Radio Reflejos\" \/>\n<meta property=\"article:published_time\" content=\"2022-05-07T12:08:11+00:00\" \/>\n<meta property=\"og:image\" content=\"https:\/\/www.noticiasradioreflejos.com.ar\/2021\/wp-content\/uploads\/2016\/10\/Suteba-logo-640x360-1.jpg\" \/>\n\t<meta property=\"og:image:width\" content=\"640\" \/>\n\t<meta property=\"og:image:height\" content=\"360\" \/>\n\t<meta property=\"og:image:type\" content=\"image\/jpeg\" \/>\n<meta name=\"author\" content=\"Arnaldo Botto\" \/>\n<meta name=\"twitter:card\" content=\"summary_large_image\" \/>\n<script type=\"application\/ld+json\" class=\"yoast-schema-graph\">{\"@context\":\"https:\/\/schema.org\",\"@graph\":[{\"@type\":\"WebPage\",\"@id\":\"https:\/\/www.noticiasradioreflejos.com.ar\/2021\/el-suteba-responde-a-la-concejala-nori-sobre-adoctrinamiento\/\",\"url\":\"https:\/\/www.noticiasradioreflejos.com.ar\/2021\/el-suteba-responde-a-la-concejala-nori-sobre-adoctrinamiento\/\",\"name\":\"El SUTEBA responde a la concejala Nori sobre adoctrinamiento - Noticias Radio Reflejos\",\"isPartOf\":{\"@id\":\"https:\/\/www.noticiasradioreflejos.com.ar\/2021\/#website\"},\"primaryImageOfPage\":{\"@id\":\"https:\/\/www.noticiasradioreflejos.com.ar\/2021\/el-suteba-responde-a-la-concejala-nori-sobre-adoctrinamiento\/#primaryimage\"},\"image\":{\"@id\":\"https:\/\/www.noticiasradioreflejos.com.ar\/2021\/el-suteba-responde-a-la-concejala-nori-sobre-adoctrinamiento\/#primaryimage\"},\"thumbnailUrl\":\"https:\/\/www.noticiasradioreflejos.com.ar\/2021\/wp-content\/uploads\/2016\/10\/Suteba-logo-640x360-1.jpg\",\"datePublished\":\"2022-05-07T12:08:11+00:00\",\"author\":{\"@id\":\"https:\/\/www.noticiasradioreflejos.com.ar\/2021\/#\/schema\/person\/ad82545263dcc5ec0996818884fd5fb1\"},\"breadcrumb\":{\"@id\":\"https:\/\/www.noticiasradioreflejos.com.ar\/2021\/el-suteba-responde-a-la-concejala-nori-sobre-adoctrinamiento\/#breadcrumb\"},\"inLanguage\":\"es\",\"potentialAction\":[{\"@type\":\"ReadAction\",\"target\":[\"https:\/\/www.noticiasradioreflejos.com.ar\/2021\/el-suteba-responde-a-la-concejala-nori-sobre-adoctrinamiento\/\"]}]},{\"@type\":\"ImageObject\",\"inLanguage\":\"es\",\"@id\":\"https:\/\/www.noticiasradioreflejos.com.ar\/2021\/el-suteba-responde-a-la-concejala-nori-sobre-adoctrinamiento\/#primaryimage\",\"url\":\"https:\/\/www.noticiasradioreflejos.com.ar\/2021\/wp-content\/uploads\/2016\/10\/Suteba-logo-640x360-1.jpg\",\"contentUrl\":\"https:\/\/www.noticiasradioreflejos.com.ar\/2021\/wp-content\/uploads\/2016\/10\/Suteba-logo-640x360-1.jpg\",\"width\":640,\"height\":360},{\"@type\":\"BreadcrumbList\",\"@id\":\"https:\/\/www.noticiasradioreflejos.com.ar\/2021\/el-suteba-responde-a-la-concejala-nori-sobre-adoctrinamiento\/#breadcrumb\",\"itemListElement\":[{\"@type\":\"ListItem\",\"position\":1,\"name\":\"Portada\",\"item\":\"https:\/\/www.noticiasradioreflejos.com.ar\/2021\/\"},{\"@type\":\"ListItem\",\"position\":2,\"name\":\"El SUTEBA responde a la concejala Nori sobre adoctrinamiento\"}]},{\"@type\":\"WebSite\",\"@id\":\"https:\/\/www.noticiasradioreflejos.com.ar\/2021\/#website\",\"url\":\"https:\/\/www.noticiasradioreflejos.com.ar\/2021\/\",\"name\":\"Noticias Radio Reflejos\",\"description\":\"Las noticias de mi comarca\",\"potentialAction\":[{\"@type\":\"SearchAction\",\"target\":{\"@type\":\"EntryPoint\",\"urlTemplate\":\"https:\/\/www.noticiasradioreflejos.com.ar\/2021\/?s={search_term_string}\"},\"query-input\":{\"@type\":\"PropertyValueSpecification\",\"valueRequired\":true,\"valueName\":\"search_term_string\"}}],\"inLanguage\":\"es\"},{\"@type\":\"Person\",\"@id\":\"https:\/\/www.noticiasradioreflejos.com.ar\/2021\/#\/schema\/person\/ad82545263dcc5ec0996818884fd5fb1\",\"name\":\"Arnaldo Botto\",\"image\":{\"@type\":\"ImageObject\",\"inLanguage\":\"es\",\"@id\":\"https:\/\/www.noticiasradioreflejos.com.ar\/2021\/#\/schema\/person\/image\/\",\"url\":\"https:\/\/secure.gravatar.com\/avatar\/55cb5e37c1efa326397366e6974cb338056df65cb50e7d64d1cf314e87504837?s=96&d=mm&r=g\",\"contentUrl\":\"https:\/\/secure.gravatar.com\/avatar\/55cb5e37c1efa326397366e6974cb338056df65cb50e7d64d1cf314e87504837?s=96&d=mm&r=g\",\"caption\":\"Arnaldo Botto\"},\"url\":\"https:\/\/www.noticiasradioreflejos.com.ar\/2021\/author\/arnaldo\/\"}]}<\/script>\n<!-- \/ Yoast SEO plugin. -->","yoast_head_json":{"title":"El SUTEBA responde a la concejala Nori sobre adoctrinamiento - Noticias Radio Reflejos","robots":{"index":"index","follow":"follow","max-snippet":"max-snippet:-1","max-image-preview":"max-image-preview:large","max-video-preview":"max-video-preview:-1"},"canonical":"https:\/\/www.noticiasradioreflejos.com.ar\/2021\/el-suteba-responde-a-la-concejala-nori-sobre-adoctrinamiento\/","og_locale":"es_ES","og_type":"article","og_title":"El SUTEBA responde a la concejala Nori sobre adoctrinamiento - Noticias Radio Reflejos","og_description":"Desde El SUTEBA Tornquist, nos dirigimos a la comunidad para hacer referencia a la alocuci\u00f3n brindada por la concejala Elisabeth Nori el pasado martes 3 de mayo en el HCD de Tornquist, en la que ella se remite a la ley provincial de educaci\u00f3n n\u00b0 13.688, para proponer un cambio en dicha ley, con el [&hellip;]","og_url":"https:\/\/www.noticiasradioreflejos.com.ar\/2021\/el-suteba-responde-a-la-concejala-nori-sobre-adoctrinamiento\/","og_site_name":"Noticias Radio Reflejos","article_published_time":"2022-05-07T12:08:11+00:00","og_image":[{"width":640,"height":360,"url":"https:\/\/www.noticiasradioreflejos.com.ar\/2021\/wp-content\/uploads\/2016\/10\/Suteba-logo-640x360-1.jpg","type":"image\/jpeg"}],"author":"Arnaldo Botto","twitter_card":"summary_large_image","schema":{"@context":"https:\/\/schema.org","@graph":[{"@type":"WebPage","@id":"https:\/\/www.noticiasradioreflejos.com.ar\/2021\/el-suteba-responde-a-la-concejala-nori-sobre-adoctrinamiento\/","url":"https:\/\/www.noticiasradioreflejos.com.ar\/2021\/el-suteba-responde-a-la-concejala-nori-sobre-adoctrinamiento\/","name":"El SUTEBA responde a la concejala Nori sobre adoctrinamiento - Noticias Radio Reflejos","isPartOf":{"@id":"https:\/\/www.noticiasradioreflejos.com.ar\/2021\/#website"},"primaryImageOfPage":{"@id":"https:\/\/www.noticiasradioreflejos.com.ar\/2021\/el-suteba-responde-a-la-concejala-nori-sobre-adoctrinamiento\/#primaryimage"},"image":{"@id":"https:\/\/www.noticiasradioreflejos.com.ar\/2021\/el-suteba-responde-a-la-concejala-nori-sobre-adoctrinamiento\/#primaryimage"},"thumbnailUrl":"https:\/\/www.noticiasradioreflejos.com.ar\/2021\/wp-content\/uploads\/2016\/10\/Suteba-logo-640x360-1.jpg","datePublished":"2022-05-07T12:08:11+00:00","author":{"@id":"https:\/\/www.noticiasradioreflejos.com.ar\/2021\/#\/schema\/person\/ad82545263dcc5ec0996818884fd5fb1"},"breadcrumb":{"@id":"https:\/\/www.noticiasradioreflejos.com.ar\/2021\/el-suteba-responde-a-la-concejala-nori-sobre-adoctrinamiento\/#breadcrumb"},"inLanguage":"es","potentialAction":[{"@type":"ReadAction","target":["https:\/\/www.noticiasradioreflejos.com.ar\/2021\/el-suteba-responde-a-la-concejala-nori-sobre-adoctrinamiento\/"]}]},{"@type":"ImageObject","inLanguage":"es","@id":"https:\/\/www.noticiasradioreflejos.com.ar\/2021\/el-suteba-responde-a-la-concejala-nori-sobre-adoctrinamiento\/#primaryimage","url":"https:\/\/www.noticiasradioreflejos.com.ar\/2021\/wp-content\/uploads\/2016\/10\/Suteba-logo-640x360-1.jpg","contentUrl":"https:\/\/www.noticiasradioreflejos.com.ar\/2021\/wp-content\/uploads\/2016\/10\/Suteba-logo-640x360-1.jpg","width":640,"height":360},{"@type":"BreadcrumbList","@id":"https:\/\/www.noticiasradioreflejos.com.ar\/2021\/el-suteba-responde-a-la-concejala-nori-sobre-adoctrinamiento\/#breadcrumb","itemListElement":[{"@type":"ListItem","position":1,"name":"Portada","item":"https:\/\/www.noticiasradioreflejos.com.ar\/2021\/"},{"@type":"ListItem","position":2,"name":"El SUTEBA responde a la concejala Nori sobre adoctrinamiento"}]},{"@type":"WebSite","@id":"https:\/\/www.noticiasradioreflejos.com.ar\/2021\/#website","url":"https:\/\/www.noticiasradioreflejos.com.ar\/2021\/","name":"Noticias Radio Reflejos","description":"Las noticias de mi comarca","potentialAction":[{"@type":"SearchAction","target":{"@type":"EntryPoint","urlTemplate":"https:\/\/www.noticiasradioreflejos.com.ar\/2021\/?s={search_term_string}"},"query-input":{"@type":"PropertyValueSpecification","valueRequired":true,"valueName":"search_term_string"}}],"inLanguage":"es"},{"@type":"Person","@id":"https:\/\/www.noticiasradioreflejos.com.ar\/2021\/#\/schema\/person\/ad82545263dcc5ec0996818884fd5fb1","name":"Arnaldo Botto","image":{"@type":"ImageObject","inLanguage":"es","@id":"https:\/\/www.noticiasradioreflejos.com.ar\/2021\/#\/schema\/person\/image\/","url":"https:\/\/secure.gravatar.com\/avatar\/55cb5e37c1efa326397366e6974cb338056df65cb50e7d64d1cf314e87504837?s=96&d=mm&r=g","contentUrl":"https:\/\/secure.gravatar.com\/avatar\/55cb5e37c1efa326397366e6974cb338056df65cb50e7d64d1cf314e87504837?s=96&d=mm&r=g","caption":"Arnaldo Botto"},"url":"https:\/\/www.noticiasradioreflejos.com.ar\/2021\/author\/arnaldo\/"}]}},"_links":{"self":[{"href":"https:\/\/www.noticiasradioreflejos.com.ar\/2021\/wp-json\/wp\/v2\/posts\/71624","targetHints":{"allow":["GET"]}}],"collection":[{"href":"https:\/\/www.noticiasradioreflejos.com.ar\/2021\/wp-json\/wp\/v2\/posts"}],"about":[{"href":"https:\/\/www.noticiasradioreflejos.com.ar\/2021\/wp-json\/wp\/v2\/types\/post"}],"author":[{"embeddable":true,"href":"https:\/\/www.noticiasradioreflejos.com.ar\/2021\/wp-json\/wp\/v2\/users\/3"}],"replies":[{"embeddable":true,"href":"https:\/\/www.noticiasradioreflejos.com.ar\/2021\/wp-json\/wp\/v2\/comments?post=71624"}],"version-history":[{"count":1,"href":"https:\/\/www.noticiasradioreflejos.com.ar\/2021\/wp-json\/wp\/v2\/posts\/71624\/revisions"}],"predecessor-version":[{"id":71625,"href":"https:\/\/www.noticiasradioreflejos.com.ar\/2021\/wp-json\/wp\/v2\/posts\/71624\/revisions\/71625"}],"wp:featuredmedia":[{"embeddable":true,"href":"https:\/\/www.noticiasradioreflejos.com.ar\/2021\/wp-json\/wp\/v2\/media\/2623"}],"wp:attachment":[{"href":"https:\/\/www.noticiasradioreflejos.com.ar\/2021\/wp-json\/wp\/v2\/media?parent=71624"}],"wp:term":[{"taxonomy":"category","embeddable":true,"href":"https:\/\/www.noticiasradioreflejos.com.ar\/2021\/wp-json\/wp\/v2\/categories?post=71624"},{"taxonomy":"post_tag","embeddable":true,"href":"https:\/\/www.noticiasradioreflejos.com.ar\/2021\/wp-json\/wp\/v2\/tags?post=71624"}],"curies":[{"name":"wp","href":"https:\/\/api.w.org\/{rel}","templated":true}]}}