{"id":71620,"date":"2022-05-07T00:24:58","date_gmt":"2022-05-07T00:24:58","guid":{"rendered":"http:\/\/www.noticiasradioreflejos.com.ar\/2021\/?p=71620"},"modified":"2022-05-07T00:24:58","modified_gmt":"2022-05-07T00:24:58","slug":"raverta-se-unio-con-vecinas-y-vecinos-que-estan-por-cumplir-la-edad-jubilatoria","status":"publish","type":"post","link":"https:\/\/www.noticiasradioreflejos.com.ar\/2021\/raverta-se-unio-con-vecinas-y-vecinos-que-estan-por-cumplir-la-edad-jubilatoria\/","title":{"rendered":"Raverta se uni\u00f3 con vecinas y vecinos que est\u00e1n por cumplir la edad jubilatoria"},"content":{"rendered":"<p>En el marco de la campa\u00f1a Ahora es m\u00e1s f\u00e1cil jubilarte, la directora ejecutiva de ANSES, Fernanda Raverta, estuvo hoy en la oficina Mar del Plata Sur en la que, junto a las trabajadoras y los trabajadores del organismo, asesor\u00f3 a las primeras personas pr\u00f3ximas a jubilarse.<!--more--><\/p>\n<p>Esta instancia de asesoramiento se repetir\u00e1 todos los viernes a trav\u00e9s de la convocatoria personal que ANSES enviar\u00e1 a quienes est\u00e9n pr\u00f3ximos a cumplir la edad jubilatoria.<\/p>\n<p>\u201cSabemos lo que significa para los trabajadores llegar a esta etapa de la vida y queremos acompa\u00f1arlos para que sepan que cuentan con un Estado presente que trabaja para que este momento tan esperado sea un momento de alegr\u00eda que les permita concretar sus sue\u00f1os pendientes\u201d, expres\u00f3 la titular de ANSES.<\/p>\n<p>\u201cCon Ahora es m\u00e1s f\u00e1cil jubilarte brindamos informaci\u00f3n y acompa\u00f1amiento a todas las personas que est\u00e1n por cumplir la edad jubilatoria, para que puedan completar su tr\u00e1mite de forma sencilla, sin turno, sin necesidad de intermediarios y con el objetivo de que, si cumplen con los aportes necesarios, puedan acceder a su jubilaci\u00f3n\u201d, agreg\u00f3.<\/p>\n<p>Tambi\u00e9n estuvieron presentes el jefe de la Regional Bonaerense II, Marcos Guti\u00e9rrez, y el jefe de la oficina Mar del Plata Sur, Leandro Petrocco.<\/p>\n","protected":false},"excerpt":{"rendered":"<p>En el marco de la campa\u00f1a Ahora es m\u00e1s f\u00e1cil jubilarte, la directora ejecutiva de ANSES, Fernanda Raverta, estuvo hoy en la oficina Mar del Plata Sur en la que, junto a las trabajadoras y los trabajadores del organismo, asesor\u00f3 a las primeras personas pr\u00f3ximas a jubilarse.<\/p>\n","protected":false},"author":3,"featured_media":0,"comment_status":"closed","ping_status":"closed","sticky":false,"template":"","format":"standard","meta":{"footnotes":""},"categories":[1],"tags":[],"class_list":["post-71620","post","type-post","status-publish","format-standard","hentry","category-sin-categoria"],"yoast_head":"<!-- This site is optimized with the Yoast SEO plugin v25.9 - https:\/\/yoast.com\/wordpress\/plugins\/seo\/ -->\n<title>Raverta se uni\u00f3 con vecinas y vecinos que est\u00e1n por cumplir la edad jubilatoria - Noticias Radio Reflejos<\/title>\n<meta name=\"robots\" content=\"index, follow, max-snippet:-1, max-image-preview:large, max-video-preview:-1\" \/>\n<link rel=\"canonical\" href=\"https:\/\/www.noticiasradioreflejos.com.ar\/2021\/raverta-se-unio-con-vecinas-y-vecinos-que-estan-por-cumplir-la-edad-jubilatoria\/\" \/>\n<meta property=\"og:locale\" content=\"es_ES\" \/>\n<meta property=\"og:type\" content=\"article\" \/>\n<meta property=\"og:title\" content=\"Raverta se uni\u00f3 con vecinas y vecinos que est\u00e1n por cumplir la edad jubilatoria - Noticias Radio Reflejos\" \/>\n<meta property=\"og:description\" content=\"En el marco de la campa\u00f1a Ahora es m\u00e1s f\u00e1cil jubilarte, la directora ejecutiva de ANSES, Fernanda Raverta, estuvo hoy en la oficina Mar del Plata Sur en la que, junto a las trabajadoras y los trabajadores del organismo, asesor\u00f3 a las primeras personas pr\u00f3ximas a jubilarse.\" \/>\n<meta property=\"og:url\" content=\"https:\/\/www.noticiasradioreflejos.com.ar\/2021\/raverta-se-unio-con-vecinas-y-vecinos-que-estan-por-cumplir-la-edad-jubilatoria\/\" \/>\n<meta property=\"og:site_name\" content=\"Noticias Radio Reflejos\" \/>\n<meta property=\"article:published_time\" content=\"2022-05-07T00:24:58+00:00\" \/>\n<meta property=\"og:image\" content=\"https:\/\/www.noticiasradioreflejos.com.ar\/2021\/wp-content\/uploads\/2021\/07\/logosol300x200.png\" \/>\n\t<meta property=\"og:image:width\" content=\"300\" \/>\n\t<meta property=\"og:image:height\" content=\"200\" \/>\n\t<meta property=\"og:image:type\" content=\"image\/png\" \/>\n<meta name=\"author\" content=\"Arnaldo Botto\" \/>\n<meta name=\"twitter:card\" content=\"summary_large_image\" \/>\n<script type=\"application\/ld+json\" class=\"yoast-schema-graph\">{\"@context\":\"https:\/\/schema.org\",\"@graph\":[{\"@type\":\"WebPage\",\"@id\":\"https:\/\/www.noticiasradioreflejos.com.ar\/2021\/raverta-se-unio-con-vecinas-y-vecinos-que-estan-por-cumplir-la-edad-jubilatoria\/\",\"url\":\"https:\/\/www.noticiasradioreflejos.com.ar\/2021\/raverta-se-unio-con-vecinas-y-vecinos-que-estan-por-cumplir-la-edad-jubilatoria\/\",\"name\":\"Raverta se uni\u00f3 con vecinas y vecinos que est\u00e1n por cumplir la edad jubilatoria - Noticias Radio Reflejos\",\"isPartOf\":{\"@id\":\"https:\/\/www.noticiasradioreflejos.com.ar\/2021\/#website\"},\"datePublished\":\"2022-05-07T00:24:58+00:00\",\"author\":{\"@id\":\"https:\/\/www.noticiasradioreflejos.com.ar\/2021\/#\/schema\/person\/ad82545263dcc5ec0996818884fd5fb1\"},\"breadcrumb\":{\"@id\":\"https:\/\/www.noticiasradioreflejos.com.ar\/2021\/raverta-se-unio-con-vecinas-y-vecinos-que-estan-por-cumplir-la-edad-jubilatoria\/#breadcrumb\"},\"inLanguage\":\"es\",\"potentialAction\":[{\"@type\":\"ReadAction\",\"target\":[\"https:\/\/www.noticiasradioreflejos.com.ar\/2021\/raverta-se-unio-con-vecinas-y-vecinos-que-estan-por-cumplir-la-edad-jubilatoria\/\"]}]},{\"@type\":\"BreadcrumbList\",\"@id\":\"https:\/\/www.noticiasradioreflejos.com.ar\/2021\/raverta-se-unio-con-vecinas-y-vecinos-que-estan-por-cumplir-la-edad-jubilatoria\/#breadcrumb\",\"itemListElement\":[{\"@type\":\"ListItem\",\"position\":1,\"name\":\"Portada\",\"item\":\"https:\/\/www.noticiasradioreflejos.com.ar\/2021\/\"},{\"@type\":\"ListItem\",\"position\":2,\"name\":\"Raverta se uni\u00f3 con vecinas y vecinos que est\u00e1n por cumplir la edad jubilatoria\"}]},{\"@type\":\"WebSite\",\"@id\":\"https:\/\/www.noticiasradioreflejos.com.ar\/2021\/#website\",\"url\":\"https:\/\/www.noticiasradioreflejos.com.ar\/2021\/\",\"name\":\"Noticias Radio Reflejos\",\"description\":\"Las noticias de mi comarca\",\"potentialAction\":[{\"@type\":\"SearchAction\",\"target\":{\"@type\":\"EntryPoint\",\"urlTemplate\":\"https:\/\/www.noticiasradioreflejos.com.ar\/2021\/?s={search_term_string}\"},\"query-input\":{\"@type\":\"PropertyValueSpecification\",\"valueRequired\":true,\"valueName\":\"search_term_string\"}}],\"inLanguage\":\"es\"},{\"@type\":\"Person\",\"@id\":\"https:\/\/www.noticiasradioreflejos.com.ar\/2021\/#\/schema\/person\/ad82545263dcc5ec0996818884fd5fb1\",\"name\":\"Arnaldo Botto\",\"image\":{\"@type\":\"ImageObject\",\"inLanguage\":\"es\",\"@id\":\"https:\/\/www.noticiasradioreflejos.com.ar\/2021\/#\/schema\/person\/image\/\",\"url\":\"https:\/\/secure.gravatar.com\/avatar\/55cb5e37c1efa326397366e6974cb338056df65cb50e7d64d1cf314e87504837?s=96&d=mm&r=g\",\"contentUrl\":\"https:\/\/secure.gravatar.com\/avatar\/55cb5e37c1efa326397366e6974cb338056df65cb50e7d64d1cf314e87504837?s=96&d=mm&r=g\",\"caption\":\"Arnaldo Botto\"},\"url\":\"https:\/\/www.noticiasradioreflejos.com.ar\/2021\/author\/arnaldo\/\"}]}<\/script>\n<!-- \/ Yoast SEO plugin. -->","yoast_head_json":{"title":"Raverta se uni\u00f3 con vecinas y vecinos que est\u00e1n por cumplir la edad jubilatoria - Noticias Radio Reflejos","robots":{"index":"index","follow":"follow","max-snippet":"max-snippet:-1","max-image-preview":"max-image-preview:large","max-video-preview":"max-video-preview:-1"},"canonical":"https:\/\/www.noticiasradioreflejos.com.ar\/2021\/raverta-se-unio-con-vecinas-y-vecinos-que-estan-por-cumplir-la-edad-jubilatoria\/","og_locale":"es_ES","og_type":"article","og_title":"Raverta se uni\u00f3 con vecinas y vecinos que est\u00e1n por cumplir la edad jubilatoria - Noticias Radio Reflejos","og_description":"En el marco de la campa\u00f1a Ahora es m\u00e1s f\u00e1cil jubilarte, la directora ejecutiva de ANSES, Fernanda Raverta, estuvo hoy en la oficina Mar del Plata Sur en la que, junto a las trabajadoras y los trabajadores del organismo, asesor\u00f3 a las primeras personas pr\u00f3ximas a jubilarse.","og_url":"https:\/\/www.noticiasradioreflejos.com.ar\/2021\/raverta-se-unio-con-vecinas-y-vecinos-que-estan-por-cumplir-la-edad-jubilatoria\/","og_site_name":"Noticias Radio Reflejos","article_published_time":"2022-05-07T00:24:58+00:00","og_image":[{"width":300,"height":200,"url":"https:\/\/www.noticiasradioreflejos.com.ar\/2021\/wp-content\/uploads\/2021\/07\/logosol300x200.png","type":"image\/png"}],"author":"Arnaldo Botto","twitter_card":"summary_large_image","schema":{"@context":"https:\/\/schema.org","@graph":[{"@type":"WebPage","@id":"https:\/\/www.noticiasradioreflejos.com.ar\/2021\/raverta-se-unio-con-vecinas-y-vecinos-que-estan-por-cumplir-la-edad-jubilatoria\/","url":"https:\/\/www.noticiasradioreflejos.com.ar\/2021\/raverta-se-unio-con-vecinas-y-vecinos-que-estan-por-cumplir-la-edad-jubilatoria\/","name":"Raverta se uni\u00f3 con vecinas y vecinos que est\u00e1n por cumplir la edad jubilatoria - Noticias Radio Reflejos","isPartOf":{"@id":"https:\/\/www.noticiasradioreflejos.com.ar\/2021\/#website"},"datePublished":"2022-05-07T00:24:58+00:00","author":{"@id":"https:\/\/www.noticiasradioreflejos.com.ar\/2021\/#\/schema\/person\/ad82545263dcc5ec0996818884fd5fb1"},"breadcrumb":{"@id":"https:\/\/www.noticiasradioreflejos.com.ar\/2021\/raverta-se-unio-con-vecinas-y-vecinos-que-estan-por-cumplir-la-edad-jubilatoria\/#breadcrumb"},"inLanguage":"es","potentialAction":[{"@type":"ReadAction","target":["https:\/\/www.noticiasradioreflejos.com.ar\/2021\/raverta-se-unio-con-vecinas-y-vecinos-que-estan-por-cumplir-la-edad-jubilatoria\/"]}]},{"@type":"BreadcrumbList","@id":"https:\/\/www.noticiasradioreflejos.com.ar\/2021\/raverta-se-unio-con-vecinas-y-vecinos-que-estan-por-cumplir-la-edad-jubilatoria\/#breadcrumb","itemListElement":[{"@type":"ListItem","position":1,"name":"Portada","item":"https:\/\/www.noticiasradioreflejos.com.ar\/2021\/"},{"@type":"ListItem","position":2,"name":"Raverta se uni\u00f3 con vecinas y vecinos que est\u00e1n por cumplir la edad jubilatoria"}]},{"@type":"WebSite","@id":"https:\/\/www.noticiasradioreflejos.com.ar\/2021\/#website","url":"https:\/\/www.noticiasradioreflejos.com.ar\/2021\/","name":"Noticias Radio Reflejos","description":"Las noticias de mi comarca","potentialAction":[{"@type":"SearchAction","target":{"@type":"EntryPoint","urlTemplate":"https:\/\/www.noticiasradioreflejos.com.ar\/2021\/?s={search_term_string}"},"query-input":{"@type":"PropertyValueSpecification","valueRequired":true,"valueName":"search_term_string"}}],"inLanguage":"es"},{"@type":"Person","@id":"https:\/\/www.noticiasradioreflejos.com.ar\/2021\/#\/schema\/person\/ad82545263dcc5ec0996818884fd5fb1","name":"Arnaldo Botto","image":{"@type":"ImageObject","inLanguage":"es","@id":"https:\/\/www.noticiasradioreflejos.com.ar\/2021\/#\/schema\/person\/image\/","url":"https:\/\/secure.gravatar.com\/avatar\/55cb5e37c1efa326397366e6974cb338056df65cb50e7d64d1cf314e87504837?s=96&d=mm&r=g","contentUrl":"https:\/\/secure.gravatar.com\/avatar\/55cb5e37c1efa326397366e6974cb338056df65cb50e7d64d1cf314e87504837?s=96&d=mm&r=g","caption":"Arnaldo Botto"},"url":"https:\/\/www.noticiasradioreflejos.com.ar\/2021\/author\/arnaldo\/"}]}},"_links":{"self":[{"href":"https:\/\/www.noticiasradioreflejos.com.ar\/2021\/wp-json\/wp\/v2\/posts\/71620","targetHints":{"allow":["GET"]}}],"collection":[{"href":"https:\/\/www.noticiasradioreflejos.com.ar\/2021\/wp-json\/wp\/v2\/posts"}],"about":[{"href":"https:\/\/www.noticiasradioreflejos.com.ar\/2021\/wp-json\/wp\/v2\/types\/post"}],"author":[{"embeddable":true,"href":"https:\/\/www.noticiasradioreflejos.com.ar\/2021\/wp-json\/wp\/v2\/users\/3"}],"replies":[{"embeddable":true,"href":"https:\/\/www.noticiasradioreflejos.com.ar\/2021\/wp-json\/wp\/v2\/comments?post=71620"}],"version-history":[{"count":1,"href":"https:\/\/www.noticiasradioreflejos.com.ar\/2021\/wp-json\/wp\/v2\/posts\/71620\/revisions"}],"predecessor-version":[{"id":71622,"href":"https:\/\/www.noticiasradioreflejos.com.ar\/2021\/wp-json\/wp\/v2\/posts\/71620\/revisions\/71622"}],"wp:attachment":[{"href":"https:\/\/www.noticiasradioreflejos.com.ar\/2021\/wp-json\/wp\/v2\/media?parent=71620"}],"wp:term":[{"taxonomy":"category","embeddable":true,"href":"https:\/\/www.noticiasradioreflejos.com.ar\/2021\/wp-json\/wp\/v2\/categories?post=71620"},{"taxonomy":"post_tag","embeddable":true,"href":"https:\/\/www.noticiasradioreflejos.com.ar\/2021\/wp-json\/wp\/v2\/tags?post=71620"}],"curies":[{"name":"wp","href":"https:\/\/api.w.org\/{rel}","templated":true}]}}