{"id":71523,"date":"2022-05-04T19:59:09","date_gmt":"2022-05-04T19:59:09","guid":{"rendered":"http:\/\/www.noticiasradioreflejos.com.ar\/2021\/?p=71523"},"modified":"2022-05-04T19:59:09","modified_gmt":"2022-05-04T19:59:09","slug":"toque-de-queda-en-roma-por-la-presencia-de-jabalies-en-las-calles","status":"publish","type":"post","link":"https:\/\/www.noticiasradioreflejos.com.ar\/2021\/toque-de-queda-en-roma-por-la-presencia-de-jabalies-en-las-calles\/","title":{"rendered":"Toque de queda en Roma por la presencia de jabal\u00edes en las calles"},"content":{"rendered":"<p>La medida fue impulsada por los propios vecinos como una medida de \u00abautoprotecci\u00f3n\u00bb luego de la aparici\u00f3n de los animales en varios barrios de la capital. Las autoridades buscan \u00abcercar\u00bb las zonas de acceso a la ciudad.<!--more--><\/p>\n<figure class=\"mb-3\"><img decoding=\"async\" src=\"https:\/\/www.telam.com.ar\/thumbs\/bluesteel\/advf\/imagenes\/2022\/02\/620ce2188aada_900.jpg\" alt=\"Roma declar toque de queda por la llegada de jabales a las calles\" width=\"100%\" height=\"100%\" \/><\/p>\n<div class=\"media-icons\"><\/div><figcaption>Roma declar\u00f3 toque de queda por la llegada de jabal\u00edes a las calles.<\/figcaption><\/figure>\n<p><strong>Residentes del los barrios del norte de Roma<\/strong>\u00a0denunciaron este mi\u00e9rcoles la presencia de familias enteras de jabal\u00edes recorriendo las calles de la ciudad. Frente a la falta de respuesta inmediata por parte de las autoridades,<strong>\u00a0fueron los propios vecinos<\/strong>\u00a0quienes decidieron autodecretar un \u00abtoque de queda\u00bb nocturno como medida de autoprotecci\u00f3n, para evitar encontrarse con los animales.<\/p>\n<p>M\u00e1s all\u00e1 de ser una situaci\u00f3n poco usual en la cotidianeidad de los romanos, las organizaci\u00f3nes protectoras de animales llevaron calma y advirtieron que\u00a0<strong>no son animales agresivos<\/strong>, ya que s\u00f3lo se defienden \u00absi se sienten amenazados ellos mismos o sus familias\u00bb, explic\u00f3 Massimo Vetturi, director de la unidad de animales salvajes, asegur\u00f3 el portal El Debate.<\/p>\n<p>En respuesta,\u00a0<strong>un grupo de vecinos organizados y activistas del barrio de Aurelio<\/strong>\u00a0-un suburbio ubicado en las afueras de Ciudad del Vaticano- afirm\u00f3 que\u00a0<strong>los animales \u00abse est\u00e1n acercando cada vez m\u00e1s a la gente<\/strong>, y no solo de noche, sino que pasean por las calles a todas horas del d\u00eda.<\/p>\n<p>Por su parte, otra vecina de la zona, relat\u00f3 una situaci\u00f3n que vivi\u00f3 mientras paseaba a su perro por las calles del mencionado barrio, donde logr\u00f3 visualizar una familia entera jabal\u00edes al costado de un basural.<\/p>\n<blockquote class=\"twitter-tweet\" data-width=\"500\" data-dnt=\"true\">\n<p lang=\"en\" dir=\"ltr\">The video that everyone is talking about in <a href=\"https:\/\/twitter.com\/hashtag\/Rome?src=hash&amp;ref_src=twsrc%5Etfw\">#Rome<\/a> this week: a dozen wild boar walking calmly through traffic on Via Trionfale. <a href=\"https:\/\/twitter.com\/hashtag\/cinghiali?src=hash&amp;ref_src=twsrc%5Etfw\">#cinghiali<\/a> <a href=\"https:\/\/t.co\/ZrLfK49lOZ\">pic.twitter.com\/ZrLfK49lOZ<\/a><\/p>\n<p>&mdash; Wanted in Rome (@wantedinrome) <a href=\"https:\/\/twitter.com\/wantedinrome\/status\/1440598433966948355?ref_src=twsrc%5Etfw\">September 22, 2021<\/a><\/p><\/blockquote>\n<p><script async src=\"https:\/\/platform.twitter.com\/widgets.js\" charset=\"utf-8\"><\/script><\/p>\n<p>La ciudadana dijo que se acerc\u00f3 para tirar la basura y que, junto al contenedor,<strong>\u00a0se encontr\u00f3 con unos cachorros de jabal\u00ed.<\/strong>\u00a0\u00abLa madre ten\u00eda la mirada puesta en m\u00ed y entend\u00ed, que tal vez ella tambi\u00e9n estaba asustada, as\u00ed que agarr\u00e9 a mi perro y corr\u00ed a esconderme\u00bb. advirti\u00f3.<\/p>\n<p>Frente a esto, la mujer inent\u00f3 salir corriendo y, por el desconcierto por defender a su familia, el jabal\u00ed mordi\u00f3 a la mujer,<strong>\u00a0que luego fue llevada al hospital zonal.<\/strong><\/p>\n<p>\u00abEstaba sobre mi cabeza, grit\u00e9 y mi perro sali\u00f3 en mi defensa\u00bb, cerr\u00f3 la vecina romana, al poco tiempo que fue asistida por un motociclista que circulaba por la calle.<\/p>\n<figure class=\"mb-3\"><img decoding=\"async\" src=\"https:\/\/www.telam.com.ar\/thumbs\/bluesteel\/advf\/imagenes\/2022\/05\/62728ff0e454d_900.jpg\" alt=\"Los jabales buscan la basura en las calles de Roma\" width=\"100%\" height=\"100%\" \/><\/p>\n<div class=\"media-icons\"><\/div><figcaption>Los jabal\u00edes buscan la basura en las calles de Roma.<\/figcaption><\/figure>\n<h2 class=\"\">La respuesta de las autoridades<\/h2>\n<p>En respuesta al ataque, las autoridades de Roma anunciaron medidas contra los jabal\u00edes. Una ser\u00eda\u00a0cercar las zonas\u00a0del parque Insugherata -un pulm\u00f3n verde del norte de Roma- por donde, suponen, los animales acceden a la ciudad.<\/p>\n<p>Otra soluci\u00f3n viable, anunciaron,\u00a0<strong>ser\u00eda la recolecci\u00f3n de basura con m\u00e1s frecuencia de lo habitual.<\/strong><\/p>\n<p>Los jabal\u00edes, oriundos del continente africano\u00a0<strong>son mam\u00edferos que pueden alcanzar\u00a0hasta 130 kilos y 1.60 metros de largo<\/strong>\u00a0y fueron introducidos por el hombre en zonas de Europa, Am\u00e9rica y Ocean\u00eda.<\/p>\n","protected":false},"excerpt":{"rendered":"<p>La medida fue impulsada por los propios vecinos como una medida de \u00abautoprotecci\u00f3n\u00bb luego de la aparici\u00f3n de los animales en varios barrios de la capital. Las autoridades buscan \u00abcercar\u00bb las zonas de acceso a la ciudad.<\/p>\n","protected":false},"author":3,"featured_media":0,"comment_status":"closed","ping_status":"closed","sticky":false,"template":"","format":"standard","meta":{"footnotes":""},"categories":[26],"tags":[],"class_list":["post-71523","post","type-post","status-publish","format-standard","hentry","category-sociedad"],"yoast_head":"<!-- This site is optimized with the Yoast SEO plugin v25.9 - https:\/\/yoast.com\/wordpress\/plugins\/seo\/ -->\n<title>Toque de queda en Roma por la presencia de jabal\u00edes en las calles - Noticias Radio Reflejos<\/title>\n<meta name=\"robots\" content=\"index, follow, max-snippet:-1, max-image-preview:large, max-video-preview:-1\" \/>\n<link rel=\"canonical\" href=\"https:\/\/www.noticiasradioreflejos.com.ar\/2021\/toque-de-queda-en-roma-por-la-presencia-de-jabalies-en-las-calles\/\" \/>\n<meta property=\"og:locale\" content=\"es_ES\" \/>\n<meta property=\"og:type\" content=\"article\" \/>\n<meta property=\"og:title\" content=\"Toque de queda en Roma por la presencia de jabal\u00edes en las calles - Noticias Radio Reflejos\" \/>\n<meta property=\"og:description\" content=\"La medida fue impulsada por los propios vecinos como una medida de \u00abautoprotecci\u00f3n\u00bb luego de la aparici\u00f3n de los animales en varios barrios de la capital. Las autoridades buscan \u00abcercar\u00bb las zonas de acceso a la ciudad.\" \/>\n<meta property=\"og:url\" content=\"https:\/\/www.noticiasradioreflejos.com.ar\/2021\/toque-de-queda-en-roma-por-la-presencia-de-jabalies-en-las-calles\/\" \/>\n<meta property=\"og:site_name\" content=\"Noticias Radio Reflejos\" \/>\n<meta property=\"article:published_time\" content=\"2022-05-04T19:59:09+00:00\" \/>\n<meta property=\"og:image\" content=\"https:\/\/www.telam.com.ar\/thumbs\/bluesteel\/advf\/imagenes\/2022\/02\/620ce2188aada_900.jpg\" \/>\n<meta name=\"author\" content=\"Arnaldo Botto\" \/>\n<meta name=\"twitter:card\" content=\"summary_large_image\" \/>\n<script type=\"application\/ld+json\" class=\"yoast-schema-graph\">{\"@context\":\"https:\/\/schema.org\",\"@graph\":[{\"@type\":\"WebPage\",\"@id\":\"https:\/\/www.noticiasradioreflejos.com.ar\/2021\/toque-de-queda-en-roma-por-la-presencia-de-jabalies-en-las-calles\/\",\"url\":\"https:\/\/www.noticiasradioreflejos.com.ar\/2021\/toque-de-queda-en-roma-por-la-presencia-de-jabalies-en-las-calles\/\",\"name\":\"Toque de queda en Roma por la presencia de jabal\u00edes en las calles - Noticias Radio Reflejos\",\"isPartOf\":{\"@id\":\"https:\/\/www.noticiasradioreflejos.com.ar\/2021\/#website\"},\"primaryImageOfPage\":{\"@id\":\"https:\/\/www.noticiasradioreflejos.com.ar\/2021\/toque-de-queda-en-roma-por-la-presencia-de-jabalies-en-las-calles\/#primaryimage\"},\"image\":{\"@id\":\"https:\/\/www.noticiasradioreflejos.com.ar\/2021\/toque-de-queda-en-roma-por-la-presencia-de-jabalies-en-las-calles\/#primaryimage\"},\"thumbnailUrl\":\"https:\/\/www.telam.com.ar\/thumbs\/bluesteel\/advf\/imagenes\/2022\/02\/620ce2188aada_900.jpg\",\"datePublished\":\"2022-05-04T19:59:09+00:00\",\"author\":{\"@id\":\"https:\/\/www.noticiasradioreflejos.com.ar\/2021\/#\/schema\/person\/ad82545263dcc5ec0996818884fd5fb1\"},\"breadcrumb\":{\"@id\":\"https:\/\/www.noticiasradioreflejos.com.ar\/2021\/toque-de-queda-en-roma-por-la-presencia-de-jabalies-en-las-calles\/#breadcrumb\"},\"inLanguage\":\"es\",\"potentialAction\":[{\"@type\":\"ReadAction\",\"target\":[\"https:\/\/www.noticiasradioreflejos.com.ar\/2021\/toque-de-queda-en-roma-por-la-presencia-de-jabalies-en-las-calles\/\"]}]},{\"@type\":\"ImageObject\",\"inLanguage\":\"es\",\"@id\":\"https:\/\/www.noticiasradioreflejos.com.ar\/2021\/toque-de-queda-en-roma-por-la-presencia-de-jabalies-en-las-calles\/#primaryimage\",\"url\":\"https:\/\/www.telam.com.ar\/thumbs\/bluesteel\/advf\/imagenes\/2022\/02\/620ce2188aada_900.jpg\",\"contentUrl\":\"https:\/\/www.telam.com.ar\/thumbs\/bluesteel\/advf\/imagenes\/2022\/02\/620ce2188aada_900.jpg\"},{\"@type\":\"BreadcrumbList\",\"@id\":\"https:\/\/www.noticiasradioreflejos.com.ar\/2021\/toque-de-queda-en-roma-por-la-presencia-de-jabalies-en-las-calles\/#breadcrumb\",\"itemListElement\":[{\"@type\":\"ListItem\",\"position\":1,\"name\":\"Portada\",\"item\":\"https:\/\/www.noticiasradioreflejos.com.ar\/2021\/\"},{\"@type\":\"ListItem\",\"position\":2,\"name\":\"Toque de queda en Roma por la presencia de jabal\u00edes en las calles\"}]},{\"@type\":\"WebSite\",\"@id\":\"https:\/\/www.noticiasradioreflejos.com.ar\/2021\/#website\",\"url\":\"https:\/\/www.noticiasradioreflejos.com.ar\/2021\/\",\"name\":\"Noticias Radio Reflejos\",\"description\":\"Las noticias de mi comarca\",\"potentialAction\":[{\"@type\":\"SearchAction\",\"target\":{\"@type\":\"EntryPoint\",\"urlTemplate\":\"https:\/\/www.noticiasradioreflejos.com.ar\/2021\/?s={search_term_string}\"},\"query-input\":{\"@type\":\"PropertyValueSpecification\",\"valueRequired\":true,\"valueName\":\"search_term_string\"}}],\"inLanguage\":\"es\"},{\"@type\":\"Person\",\"@id\":\"https:\/\/www.noticiasradioreflejos.com.ar\/2021\/#\/schema\/person\/ad82545263dcc5ec0996818884fd5fb1\",\"name\":\"Arnaldo Botto\",\"image\":{\"@type\":\"ImageObject\",\"inLanguage\":\"es\",\"@id\":\"https:\/\/www.noticiasradioreflejos.com.ar\/2021\/#\/schema\/person\/image\/\",\"url\":\"https:\/\/secure.gravatar.com\/avatar\/55cb5e37c1efa326397366e6974cb338056df65cb50e7d64d1cf314e87504837?s=96&d=mm&r=g\",\"contentUrl\":\"https:\/\/secure.gravatar.com\/avatar\/55cb5e37c1efa326397366e6974cb338056df65cb50e7d64d1cf314e87504837?s=96&d=mm&r=g\",\"caption\":\"Arnaldo Botto\"},\"url\":\"https:\/\/www.noticiasradioreflejos.com.ar\/2021\/author\/arnaldo\/\"}]}<\/script>\n<!-- \/ Yoast SEO plugin. -->","yoast_head_json":{"title":"Toque de queda en Roma por la presencia de jabal\u00edes en las calles - Noticias Radio Reflejos","robots":{"index":"index","follow":"follow","max-snippet":"max-snippet:-1","max-image-preview":"max-image-preview:large","max-video-preview":"max-video-preview:-1"},"canonical":"https:\/\/www.noticiasradioreflejos.com.ar\/2021\/toque-de-queda-en-roma-por-la-presencia-de-jabalies-en-las-calles\/","og_locale":"es_ES","og_type":"article","og_title":"Toque de queda en Roma por la presencia de jabal\u00edes en las calles - Noticias Radio Reflejos","og_description":"La medida fue impulsada por los propios vecinos como una medida de \u00abautoprotecci\u00f3n\u00bb luego de la aparici\u00f3n de los animales en varios barrios de la capital. Las autoridades buscan \u00abcercar\u00bb las zonas de acceso a la ciudad.","og_url":"https:\/\/www.noticiasradioreflejos.com.ar\/2021\/toque-de-queda-en-roma-por-la-presencia-de-jabalies-en-las-calles\/","og_site_name":"Noticias Radio Reflejos","article_published_time":"2022-05-04T19:59:09+00:00","og_image":[{"url":"https:\/\/www.telam.com.ar\/thumbs\/bluesteel\/advf\/imagenes\/2022\/02\/620ce2188aada_900.jpg","type":"","width":"","height":""}],"author":"Arnaldo Botto","twitter_card":"summary_large_image","schema":{"@context":"https:\/\/schema.org","@graph":[{"@type":"WebPage","@id":"https:\/\/www.noticiasradioreflejos.com.ar\/2021\/toque-de-queda-en-roma-por-la-presencia-de-jabalies-en-las-calles\/","url":"https:\/\/www.noticiasradioreflejos.com.ar\/2021\/toque-de-queda-en-roma-por-la-presencia-de-jabalies-en-las-calles\/","name":"Toque de queda en Roma por la presencia de jabal\u00edes en las calles - Noticias Radio Reflejos","isPartOf":{"@id":"https:\/\/www.noticiasradioreflejos.com.ar\/2021\/#website"},"primaryImageOfPage":{"@id":"https:\/\/www.noticiasradioreflejos.com.ar\/2021\/toque-de-queda-en-roma-por-la-presencia-de-jabalies-en-las-calles\/#primaryimage"},"image":{"@id":"https:\/\/www.noticiasradioreflejos.com.ar\/2021\/toque-de-queda-en-roma-por-la-presencia-de-jabalies-en-las-calles\/#primaryimage"},"thumbnailUrl":"https:\/\/www.telam.com.ar\/thumbs\/bluesteel\/advf\/imagenes\/2022\/02\/620ce2188aada_900.jpg","datePublished":"2022-05-04T19:59:09+00:00","author":{"@id":"https:\/\/www.noticiasradioreflejos.com.ar\/2021\/#\/schema\/person\/ad82545263dcc5ec0996818884fd5fb1"},"breadcrumb":{"@id":"https:\/\/www.noticiasradioreflejos.com.ar\/2021\/toque-de-queda-en-roma-por-la-presencia-de-jabalies-en-las-calles\/#breadcrumb"},"inLanguage":"es","potentialAction":[{"@type":"ReadAction","target":["https:\/\/www.noticiasradioreflejos.com.ar\/2021\/toque-de-queda-en-roma-por-la-presencia-de-jabalies-en-las-calles\/"]}]},{"@type":"ImageObject","inLanguage":"es","@id":"https:\/\/www.noticiasradioreflejos.com.ar\/2021\/toque-de-queda-en-roma-por-la-presencia-de-jabalies-en-las-calles\/#primaryimage","url":"https:\/\/www.telam.com.ar\/thumbs\/bluesteel\/advf\/imagenes\/2022\/02\/620ce2188aada_900.jpg","contentUrl":"https:\/\/www.telam.com.ar\/thumbs\/bluesteel\/advf\/imagenes\/2022\/02\/620ce2188aada_900.jpg"},{"@type":"BreadcrumbList","@id":"https:\/\/www.noticiasradioreflejos.com.ar\/2021\/toque-de-queda-en-roma-por-la-presencia-de-jabalies-en-las-calles\/#breadcrumb","itemListElement":[{"@type":"ListItem","position":1,"name":"Portada","item":"https:\/\/www.noticiasradioreflejos.com.ar\/2021\/"},{"@type":"ListItem","position":2,"name":"Toque de queda en Roma por la presencia de jabal\u00edes en las calles"}]},{"@type":"WebSite","@id":"https:\/\/www.noticiasradioreflejos.com.ar\/2021\/#website","url":"https:\/\/www.noticiasradioreflejos.com.ar\/2021\/","name":"Noticias Radio Reflejos","description":"Las noticias de mi comarca","potentialAction":[{"@type":"SearchAction","target":{"@type":"EntryPoint","urlTemplate":"https:\/\/www.noticiasradioreflejos.com.ar\/2021\/?s={search_term_string}"},"query-input":{"@type":"PropertyValueSpecification","valueRequired":true,"valueName":"search_term_string"}}],"inLanguage":"es"},{"@type":"Person","@id":"https:\/\/www.noticiasradioreflejos.com.ar\/2021\/#\/schema\/person\/ad82545263dcc5ec0996818884fd5fb1","name":"Arnaldo Botto","image":{"@type":"ImageObject","inLanguage":"es","@id":"https:\/\/www.noticiasradioreflejos.com.ar\/2021\/#\/schema\/person\/image\/","url":"https:\/\/secure.gravatar.com\/avatar\/55cb5e37c1efa326397366e6974cb338056df65cb50e7d64d1cf314e87504837?s=96&d=mm&r=g","contentUrl":"https:\/\/secure.gravatar.com\/avatar\/55cb5e37c1efa326397366e6974cb338056df65cb50e7d64d1cf314e87504837?s=96&d=mm&r=g","caption":"Arnaldo Botto"},"url":"https:\/\/www.noticiasradioreflejos.com.ar\/2021\/author\/arnaldo\/"}]}},"_links":{"self":[{"href":"https:\/\/www.noticiasradioreflejos.com.ar\/2021\/wp-json\/wp\/v2\/posts\/71523","targetHints":{"allow":["GET"]}}],"collection":[{"href":"https:\/\/www.noticiasradioreflejos.com.ar\/2021\/wp-json\/wp\/v2\/posts"}],"about":[{"href":"https:\/\/www.noticiasradioreflejos.com.ar\/2021\/wp-json\/wp\/v2\/types\/post"}],"author":[{"embeddable":true,"href":"https:\/\/www.noticiasradioreflejos.com.ar\/2021\/wp-json\/wp\/v2\/users\/3"}],"replies":[{"embeddable":true,"href":"https:\/\/www.noticiasradioreflejos.com.ar\/2021\/wp-json\/wp\/v2\/comments?post=71523"}],"version-history":[{"count":1,"href":"https:\/\/www.noticiasradioreflejos.com.ar\/2021\/wp-json\/wp\/v2\/posts\/71523\/revisions"}],"predecessor-version":[{"id":71525,"href":"https:\/\/www.noticiasradioreflejos.com.ar\/2021\/wp-json\/wp\/v2\/posts\/71523\/revisions\/71525"}],"wp:attachment":[{"href":"https:\/\/www.noticiasradioreflejos.com.ar\/2021\/wp-json\/wp\/v2\/media?parent=71523"}],"wp:term":[{"taxonomy":"category","embeddable":true,"href":"https:\/\/www.noticiasradioreflejos.com.ar\/2021\/wp-json\/wp\/v2\/categories?post=71523"},{"taxonomy":"post_tag","embeddable":true,"href":"https:\/\/www.noticiasradioreflejos.com.ar\/2021\/wp-json\/wp\/v2\/tags?post=71523"}],"curies":[{"name":"wp","href":"https:\/\/api.w.org\/{rel}","templated":true}]}}