{"id":71437,"date":"2022-05-03T11:01:09","date_gmt":"2022-05-03T11:01:09","guid":{"rendered":"http:\/\/www.noticiasradioreflejos.com.ar\/2021\/?p=71437"},"modified":"2022-05-03T11:01:25","modified_gmt":"2022-05-03T11:01:25","slug":"tarifas-de-luz-y-gas-quienes-perderan-los-subsidios","status":"publish","type":"post","link":"https:\/\/www.noticiasradioreflejos.com.ar\/2021\/tarifas-de-luz-y-gas-quienes-perderan-los-subsidios\/","title":{"rendered":"Tarifas de luz y gas: Qui\u00e9nes perder\u00e1n los subsidios"},"content":{"rendered":"<div class=\"section-2-col article-header\">\n<div class=\"col 2-col\">\n<p>Econom\u00eda precis\u00f3 que la quita alcanzar\u00eda a 921 mil titulares del servicio de luz y 760 mil de gas. Son aquellos que forman parte del 10 % de usuarios con mayor poder adquisitivo. Se estima que una tarifa sin subsidio deber\u00eda aumentar al menos un 200 por ciento.<\/p>\n<\/div>\n<\/div>\n<p><!--more--><\/p>\n<div class=\"section-2-col article-main-image\">\n<div class=\"col 2-col\">\n<div class=\"article-main-media-image__container\">\n<div class=\"image-wrapper\">\n<figure>\n<figure class=\"object-fit-block--contain intrinsic-container intrinsic-container-3x2\"><img decoding=\"async\" class=\" \" src=\"https:\/\/images.pagina12.com.ar\/styles\/focal_3_2_960x640\/public\/2022-05\/509839-whatsapp-20image-202022-05-02-20at-206-30-08-20pm.jpeg?itok=Qa4QYgST\" alt=\"Los usuarios de los countries perder\u00edan los subsidios a la luz y el gas.\" \/><\/figure><figcaption>Los usuarios de los countries perder\u00edan los subsidios a la luz y el gas.<\/figcaption><\/figure>\n<\/div>\n<\/div>\n<\/div>\n<\/div>\n<div class=\"section-2-col article-main-content\">\n<div class=\"col 1-col\"><\/div>\n<div class=\"col 2-col\">\n<div class=\"article-main-content article-text \">\n<p>El gobierno precis\u00f3 que\u00a0<b>921.778 titulares del servicio de electricidad<\/b>\u00a0<b>y 760.600 titulares del servicio de gas residencial\u00a0<\/b>perder\u00edan todo tipo de subsidio a las tarifas a partir del mes pr\u00f3ximo, si es que finalmente se aprueba el plan de\u00a0<b>segmentaci\u00f3n que impulsa el ministro de Econom\u00eda Mart\u00edn Guzm\u00e1n<\/b>. Son las personas que forman parte del 10 por ciento de usuarios con mayor poder adquisitivo. No est\u00e1 claro a\u00fan cu\u00e1nto pasar\u00edan a pagar, pero se estima que una tarifa sin subsidio deber\u00eda aumentar al menos un 200 por ciento.<\/p>\n<p>La informaci\u00f3n surge de un documento oficial elaborado por la Subsecretar\u00eda de Planeamiento Energ\u00e9tico que ser\u00e1 debatido en las audiencias p\u00fablicas que se realizar\u00e1n los d\u00edas martes, mi\u00e9rcoles y jueves de la semana pr\u00f3xima.<\/p>\n<h2><b>Los que perder\u00edan el subsidio<\/b><\/h2>\n<p>Lo que hizo el equipo de Guzm\u00e1n fue tomar en cuenta\u00a0<b>datos geogr\u00e1ficos y sociecon\u00f3micos<\/b>\u00a0para identificar a este universo de usuarios de mayor poder adquisitivo. Aquellos que cumplan con alguno de los siguientes criterios directamente perder\u00e1n el subsidio:<\/p>\n<ol>\n<li>Estar ubicado dentro de \u201cpol\u00edgonos\u201d de alta capacidad de pago identificados por el Ente Nacional Regulaci\u00f3n de la Electricidad.<\/li>\n<li>Registro de barrios cerrados.<\/li>\n<li>Tener ingresos superiores a 3,5 Canasta B\u00e1sicas Totales de un hogar tipo 2 del Indec, monto equivalente a 314 mil pesos en marzo.<\/li>\n<li>Tener 3 o m\u00e1s inmuebles registrados.<\/li>\n<li>Tener 3 o m\u00e1s veh\u00edculos con antig\u00fcedad menor a los 5 a\u00f1os.<\/li>\n<li>Tener aviones o embarcaciones de lujo.<\/li>\n<\/ol>\n<h2><b>Cu\u00e1les son los barrios<\/b><\/h2>\n<p>El documento que elabor\u00f3 el subsecretario\u00a0<b>Santiago L\u00f3pez Osornio<\/b>, que responde a Guzm\u00e1n, no explicita cu\u00e1les son esos \u201cpol\u00edgonos\u201d de alta capacidad de pago que identific\u00f3 el ENRE. No obstante, en febrero se filtr\u00f3 la propuesta que elabor\u00f3 el ENRE en colaboraci\u00f3n con el Conicet y all\u00ed dec\u00eda que los usuarios de la Ciudad de Buenos Aires que perder\u00edan el subsidio eran aquellos ubicados en\u00a0<b>Puerto Madero y en gran parte de los barrios de Recoleta, Palermo, Belgrano y Nu\u00f1ez, una parte de Colegiales, algunas manzanas de Villa Urquiza, Retiro, Saavedra y Devoto y una zona de elevado valor en Caballito. En el Gran Buenos Aires, el recorte alcazaba a una zona espec\u00edfica denominada \u201cel bajo\u201d integrada por los partidos de Vicente L\u00f3pez y San Isidro.<\/b><\/p>\n<p>A ese listado le sumaban tambi\u00e9n 466 countries y otras urbanizaciones cerradas que ahora quedar\u00edan incluidas en el punto 2.<\/p>\n<p>El informe del ENRE hab\u00eda seleccionado esas zonas a partir de aplicar una metodolog\u00eda de estad\u00edstica espacial a las caracter\u00edsticas del valor de la vivienda. Esa metodolog\u00eda utiliz\u00f3 los precios por metro cuadrado de las ofertas de venta para los inmuebles de la Ciudad de Buenos Aires y los datos de la valuaci\u00f3n fiscal de la tierra para la Provincia de Buenos Aires. \u201cA pesar de haber sido analizada en particular para el caso de los subsidios a la energ\u00eda el\u00e9ctrica, el criterio de asignaci\u00f3n tambi\u00e9n resulta aplicable al servicio de gas natural\u201d, asegura Econom\u00eda en el informe presentado para la audiencia p\u00fablica.<\/p>\n<h2><b>Patrimonio e ingresos<\/b><\/h2>\n<p>En el documento se afirma que los mecanismos que definen la asignaci\u00f3n de los subsidios en funci\u00f3n de la ubicaci\u00f3n del suministro en un \u00e1rea determinada tienen un buen funcionamiento en \u00e1reas de alta concentraci\u00f3n poblacional donde se logra identificar conjuntos de poblaci\u00f3n relativamente homog\u00e9neos en relaci\u00f3n a los ingresos, como es el caso del AMBA, pero no resultan replicables en otras regiones m\u00e1s heterog\u00e9neas. Es por eso que, como complemento de esa metodolog\u00eda, tambi\u00e9n se tomar\u00e1n en cuenta variables vinculadas con el ingreso y el patrimonio de los titulares del servicio.<\/p>\n<p>Los criterios que se consideraron m\u00e1s apropiados para alcanzar a un segmento<br \/>\ndel 10 por ciento de mayores ingresos combinan el an\u00e1lisis de la informaci\u00f3n relativa<br \/>\nal patrimonio y los ingresos disponibles en el\u00a0<b>Sistema de Identificaci\u00f3n Nacional Tributario y Social (SINTyS).<\/b>\u00a0Econom\u00eda aclara en el informe que el SINTyS \u201ces el organismo encargado de coordinar el intercambio de informaci\u00f3n patrimonial y social de las personas entre organismos p\u00fablicos asegurando su privacidad y confidencialidad de acuerdo a lo establecido por la normativa de Protecci\u00f3n de Datos Personales\u201d. No obstante, fuentes oficiales se\u00f1alaron a P\u00e1gina\/12 que para avanzar en esta direcci\u00f3n se deber\u00eda sancionar una ley o al menos el presidente Alberto Fern\u00e1ndez deber\u00eda autorizarlo por decreto.<\/p>\n<h2><b>Qu\u00e9 pasa si hay errores<\/b><\/h2>\n<p>La titularidad del servicio puede no coincidir con las personas usuarias del servicio por no haberse realizado el cambio de titularidad, encontrarse fallecido el titular, ser inquilinos del inmueble, etc. Tambi\u00e9n puede ocurrir que no se haya identificado con exactitud las condiciones econ\u00f3micas del titular por diferencias entre la situaci\u00f3n actual y la registrada en las bases de datos utilizadas para definir la asignaci\u00f3n de segmentos de subsidios.<\/p>\n<p>Si bien se aclara que la actualizaci\u00f3n de las bases de datos deber\u00eda ser permanente, Econom\u00eda se\u00f1ala que la autoridad de aplicaci\u00f3n (no habla de las distribuidoras) deber\u00e1 contar con \u201c<b>un mecanismo \u00e1gil de reclamo y solicitud de reconsideraci\u00f3n del segmento de subsidios asignado<\/b>\u201d. Para ello se pondr\u00e1 a disposici\u00f3n un formulario web, una central telef\u00f3nica de consultas y atenci\u00f3n presencial en organismos que ya participan de otros esquemas de beneficios como lo hace actualmente la Anses con el Programa Hogar. \u201cDe esa manera, se le permitir\u00e1 a todas las personas presentar una solicitud de reconsideraci\u00f3n del segmento al que fueron asignadas\u201d, remarca el documento.<\/p>\n<\/div>\n<\/div>\n<\/div>\n","protected":false},"excerpt":{"rendered":"<p>Econom\u00eda precis\u00f3 que la quita alcanzar\u00eda a 921 mil titulares del servicio de luz y 760 mil de gas. Son aquellos que forman parte del 10 % de usuarios con mayor poder adquisitivo. Se estima que una tarifa sin subsidio deber\u00eda aumentar al menos un 200 por ciento.<\/p>\n","protected":false},"author":3,"featured_media":0,"comment_status":"closed","ping_status":"closed","sticky":false,"template":"","format":"standard","meta":{"footnotes":""},"categories":[24,26],"tags":[],"class_list":["post-71437","post","type-post","status-publish","format-standard","hentry","category-politica","category-sociedad"],"yoast_head":"<!-- This site is optimized with the Yoast SEO plugin v25.9 - https:\/\/yoast.com\/wordpress\/plugins\/seo\/ -->\n<title>Tarifas de luz y gas: Qui\u00e9nes perder\u00e1n los subsidios - Noticias Radio Reflejos<\/title>\n<meta name=\"robots\" content=\"index, follow, max-snippet:-1, max-image-preview:large, max-video-preview:-1\" \/>\n<link rel=\"canonical\" href=\"https:\/\/www.noticiasradioreflejos.com.ar\/2021\/tarifas-de-luz-y-gas-quienes-perderan-los-subsidios\/\" \/>\n<meta property=\"og:locale\" content=\"es_ES\" \/>\n<meta property=\"og:type\" content=\"article\" \/>\n<meta property=\"og:title\" content=\"Tarifas de luz y gas: Qui\u00e9nes perder\u00e1n los subsidios - Noticias Radio Reflejos\" \/>\n<meta property=\"og:description\" content=\"Econom\u00eda precis\u00f3 que la quita alcanzar\u00eda a 921 mil titulares del servicio de luz y 760 mil de gas. Son aquellos que forman parte del 10 % de usuarios con mayor poder adquisitivo. Se estima que una tarifa sin subsidio deber\u00eda aumentar al menos un 200 por ciento.\" \/>\n<meta property=\"og:url\" content=\"https:\/\/www.noticiasradioreflejos.com.ar\/2021\/tarifas-de-luz-y-gas-quienes-perderan-los-subsidios\/\" \/>\n<meta property=\"og:site_name\" content=\"Noticias Radio Reflejos\" \/>\n<meta property=\"article:published_time\" content=\"2022-05-03T11:01:09+00:00\" \/>\n<meta property=\"article:modified_time\" content=\"2022-05-03T11:01:25+00:00\" \/>\n<meta property=\"og:image\" content=\"https:\/\/images.pagina12.com.ar\/styles\/focal_3_2_960x640\/public\/2022-05\/509839-whatsapp-20image-202022-05-02-20at-206-30-08-20pm.jpeg?itok=Qa4QYgST\" \/>\n<meta name=\"author\" content=\"Arnaldo Botto\" \/>\n<meta name=\"twitter:card\" content=\"summary_large_image\" \/>\n<script type=\"application\/ld+json\" class=\"yoast-schema-graph\">{\"@context\":\"https:\/\/schema.org\",\"@graph\":[{\"@type\":\"WebPage\",\"@id\":\"https:\/\/www.noticiasradioreflejos.com.ar\/2021\/tarifas-de-luz-y-gas-quienes-perderan-los-subsidios\/\",\"url\":\"https:\/\/www.noticiasradioreflejos.com.ar\/2021\/tarifas-de-luz-y-gas-quienes-perderan-los-subsidios\/\",\"name\":\"Tarifas de luz y gas: Qui\u00e9nes perder\u00e1n los subsidios - Noticias Radio Reflejos\",\"isPartOf\":{\"@id\":\"https:\/\/www.noticiasradioreflejos.com.ar\/2021\/#website\"},\"primaryImageOfPage\":{\"@id\":\"https:\/\/www.noticiasradioreflejos.com.ar\/2021\/tarifas-de-luz-y-gas-quienes-perderan-los-subsidios\/#primaryimage\"},\"image\":{\"@id\":\"https:\/\/www.noticiasradioreflejos.com.ar\/2021\/tarifas-de-luz-y-gas-quienes-perderan-los-subsidios\/#primaryimage\"},\"thumbnailUrl\":\"https:\/\/images.pagina12.com.ar\/styles\/focal_3_2_960x640\/public\/2022-05\/509839-whatsapp-20image-202022-05-02-20at-206-30-08-20pm.jpeg?itok=Qa4QYgST\",\"datePublished\":\"2022-05-03T11:01:09+00:00\",\"dateModified\":\"2022-05-03T11:01:25+00:00\",\"author\":{\"@id\":\"https:\/\/www.noticiasradioreflejos.com.ar\/2021\/#\/schema\/person\/ad82545263dcc5ec0996818884fd5fb1\"},\"breadcrumb\":{\"@id\":\"https:\/\/www.noticiasradioreflejos.com.ar\/2021\/tarifas-de-luz-y-gas-quienes-perderan-los-subsidios\/#breadcrumb\"},\"inLanguage\":\"es\",\"potentialAction\":[{\"@type\":\"ReadAction\",\"target\":[\"https:\/\/www.noticiasradioreflejos.com.ar\/2021\/tarifas-de-luz-y-gas-quienes-perderan-los-subsidios\/\"]}]},{\"@type\":\"ImageObject\",\"inLanguage\":\"es\",\"@id\":\"https:\/\/www.noticiasradioreflejos.com.ar\/2021\/tarifas-de-luz-y-gas-quienes-perderan-los-subsidios\/#primaryimage\",\"url\":\"https:\/\/images.pagina12.com.ar\/styles\/focal_3_2_960x640\/public\/2022-05\/509839-whatsapp-20image-202022-05-02-20at-206-30-08-20pm.jpeg?itok=Qa4QYgST\",\"contentUrl\":\"https:\/\/images.pagina12.com.ar\/styles\/focal_3_2_960x640\/public\/2022-05\/509839-whatsapp-20image-202022-05-02-20at-206-30-08-20pm.jpeg?itok=Qa4QYgST\"},{\"@type\":\"BreadcrumbList\",\"@id\":\"https:\/\/www.noticiasradioreflejos.com.ar\/2021\/tarifas-de-luz-y-gas-quienes-perderan-los-subsidios\/#breadcrumb\",\"itemListElement\":[{\"@type\":\"ListItem\",\"position\":1,\"name\":\"Portada\",\"item\":\"https:\/\/www.noticiasradioreflejos.com.ar\/2021\/\"},{\"@type\":\"ListItem\",\"position\":2,\"name\":\"Tarifas de luz y gas: Qui\u00e9nes perder\u00e1n los subsidios\"}]},{\"@type\":\"WebSite\",\"@id\":\"https:\/\/www.noticiasradioreflejos.com.ar\/2021\/#website\",\"url\":\"https:\/\/www.noticiasradioreflejos.com.ar\/2021\/\",\"name\":\"Noticias Radio Reflejos\",\"description\":\"Las noticias de mi comarca\",\"potentialAction\":[{\"@type\":\"SearchAction\",\"target\":{\"@type\":\"EntryPoint\",\"urlTemplate\":\"https:\/\/www.noticiasradioreflejos.com.ar\/2021\/?s={search_term_string}\"},\"query-input\":{\"@type\":\"PropertyValueSpecification\",\"valueRequired\":true,\"valueName\":\"search_term_string\"}}],\"inLanguage\":\"es\"},{\"@type\":\"Person\",\"@id\":\"https:\/\/www.noticiasradioreflejos.com.ar\/2021\/#\/schema\/person\/ad82545263dcc5ec0996818884fd5fb1\",\"name\":\"Arnaldo Botto\",\"image\":{\"@type\":\"ImageObject\",\"inLanguage\":\"es\",\"@id\":\"https:\/\/www.noticiasradioreflejos.com.ar\/2021\/#\/schema\/person\/image\/\",\"url\":\"https:\/\/secure.gravatar.com\/avatar\/55cb5e37c1efa326397366e6974cb338056df65cb50e7d64d1cf314e87504837?s=96&d=mm&r=g\",\"contentUrl\":\"https:\/\/secure.gravatar.com\/avatar\/55cb5e37c1efa326397366e6974cb338056df65cb50e7d64d1cf314e87504837?s=96&d=mm&r=g\",\"caption\":\"Arnaldo Botto\"},\"url\":\"https:\/\/www.noticiasradioreflejos.com.ar\/2021\/author\/arnaldo\/\"}]}<\/script>\n<!-- \/ Yoast SEO plugin. -->","yoast_head_json":{"title":"Tarifas de luz y gas: Qui\u00e9nes perder\u00e1n los subsidios - Noticias Radio Reflejos","robots":{"index":"index","follow":"follow","max-snippet":"max-snippet:-1","max-image-preview":"max-image-preview:large","max-video-preview":"max-video-preview:-1"},"canonical":"https:\/\/www.noticiasradioreflejos.com.ar\/2021\/tarifas-de-luz-y-gas-quienes-perderan-los-subsidios\/","og_locale":"es_ES","og_type":"article","og_title":"Tarifas de luz y gas: Qui\u00e9nes perder\u00e1n los subsidios - Noticias Radio Reflejos","og_description":"Econom\u00eda precis\u00f3 que la quita alcanzar\u00eda a 921 mil titulares del servicio de luz y 760 mil de gas. Son aquellos que forman parte del 10 % de usuarios con mayor poder adquisitivo. Se estima que una tarifa sin subsidio deber\u00eda aumentar al menos un 200 por ciento.","og_url":"https:\/\/www.noticiasradioreflejos.com.ar\/2021\/tarifas-de-luz-y-gas-quienes-perderan-los-subsidios\/","og_site_name":"Noticias Radio Reflejos","article_published_time":"2022-05-03T11:01:09+00:00","article_modified_time":"2022-05-03T11:01:25+00:00","og_image":[{"url":"https:\/\/images.pagina12.com.ar\/styles\/focal_3_2_960x640\/public\/2022-05\/509839-whatsapp-20image-202022-05-02-20at-206-30-08-20pm.jpeg?itok=Qa4QYgST","type":"","width":"","height":""}],"author":"Arnaldo Botto","twitter_card":"summary_large_image","schema":{"@context":"https:\/\/schema.org","@graph":[{"@type":"WebPage","@id":"https:\/\/www.noticiasradioreflejos.com.ar\/2021\/tarifas-de-luz-y-gas-quienes-perderan-los-subsidios\/","url":"https:\/\/www.noticiasradioreflejos.com.ar\/2021\/tarifas-de-luz-y-gas-quienes-perderan-los-subsidios\/","name":"Tarifas de luz y gas: Qui\u00e9nes perder\u00e1n los subsidios - Noticias Radio Reflejos","isPartOf":{"@id":"https:\/\/www.noticiasradioreflejos.com.ar\/2021\/#website"},"primaryImageOfPage":{"@id":"https:\/\/www.noticiasradioreflejos.com.ar\/2021\/tarifas-de-luz-y-gas-quienes-perderan-los-subsidios\/#primaryimage"},"image":{"@id":"https:\/\/www.noticiasradioreflejos.com.ar\/2021\/tarifas-de-luz-y-gas-quienes-perderan-los-subsidios\/#primaryimage"},"thumbnailUrl":"https:\/\/images.pagina12.com.ar\/styles\/focal_3_2_960x640\/public\/2022-05\/509839-whatsapp-20image-202022-05-02-20at-206-30-08-20pm.jpeg?itok=Qa4QYgST","datePublished":"2022-05-03T11:01:09+00:00","dateModified":"2022-05-03T11:01:25+00:00","author":{"@id":"https:\/\/www.noticiasradioreflejos.com.ar\/2021\/#\/schema\/person\/ad82545263dcc5ec0996818884fd5fb1"},"breadcrumb":{"@id":"https:\/\/www.noticiasradioreflejos.com.ar\/2021\/tarifas-de-luz-y-gas-quienes-perderan-los-subsidios\/#breadcrumb"},"inLanguage":"es","potentialAction":[{"@type":"ReadAction","target":["https:\/\/www.noticiasradioreflejos.com.ar\/2021\/tarifas-de-luz-y-gas-quienes-perderan-los-subsidios\/"]}]},{"@type":"ImageObject","inLanguage":"es","@id":"https:\/\/www.noticiasradioreflejos.com.ar\/2021\/tarifas-de-luz-y-gas-quienes-perderan-los-subsidios\/#primaryimage","url":"https:\/\/images.pagina12.com.ar\/styles\/focal_3_2_960x640\/public\/2022-05\/509839-whatsapp-20image-202022-05-02-20at-206-30-08-20pm.jpeg?itok=Qa4QYgST","contentUrl":"https:\/\/images.pagina12.com.ar\/styles\/focal_3_2_960x640\/public\/2022-05\/509839-whatsapp-20image-202022-05-02-20at-206-30-08-20pm.jpeg?itok=Qa4QYgST"},{"@type":"BreadcrumbList","@id":"https:\/\/www.noticiasradioreflejos.com.ar\/2021\/tarifas-de-luz-y-gas-quienes-perderan-los-subsidios\/#breadcrumb","itemListElement":[{"@type":"ListItem","position":1,"name":"Portada","item":"https:\/\/www.noticiasradioreflejos.com.ar\/2021\/"},{"@type":"ListItem","position":2,"name":"Tarifas de luz y gas: Qui\u00e9nes perder\u00e1n los subsidios"}]},{"@type":"WebSite","@id":"https:\/\/www.noticiasradioreflejos.com.ar\/2021\/#website","url":"https:\/\/www.noticiasradioreflejos.com.ar\/2021\/","name":"Noticias Radio Reflejos","description":"Las noticias de mi comarca","potentialAction":[{"@type":"SearchAction","target":{"@type":"EntryPoint","urlTemplate":"https:\/\/www.noticiasradioreflejos.com.ar\/2021\/?s={search_term_string}"},"query-input":{"@type":"PropertyValueSpecification","valueRequired":true,"valueName":"search_term_string"}}],"inLanguage":"es"},{"@type":"Person","@id":"https:\/\/www.noticiasradioreflejos.com.ar\/2021\/#\/schema\/person\/ad82545263dcc5ec0996818884fd5fb1","name":"Arnaldo Botto","image":{"@type":"ImageObject","inLanguage":"es","@id":"https:\/\/www.noticiasradioreflejos.com.ar\/2021\/#\/schema\/person\/image\/","url":"https:\/\/secure.gravatar.com\/avatar\/55cb5e37c1efa326397366e6974cb338056df65cb50e7d64d1cf314e87504837?s=96&d=mm&r=g","contentUrl":"https:\/\/secure.gravatar.com\/avatar\/55cb5e37c1efa326397366e6974cb338056df65cb50e7d64d1cf314e87504837?s=96&d=mm&r=g","caption":"Arnaldo Botto"},"url":"https:\/\/www.noticiasradioreflejos.com.ar\/2021\/author\/arnaldo\/"}]}},"_links":{"self":[{"href":"https:\/\/www.noticiasradioreflejos.com.ar\/2021\/wp-json\/wp\/v2\/posts\/71437","targetHints":{"allow":["GET"]}}],"collection":[{"href":"https:\/\/www.noticiasradioreflejos.com.ar\/2021\/wp-json\/wp\/v2\/posts"}],"about":[{"href":"https:\/\/www.noticiasradioreflejos.com.ar\/2021\/wp-json\/wp\/v2\/types\/post"}],"author":[{"embeddable":true,"href":"https:\/\/www.noticiasradioreflejos.com.ar\/2021\/wp-json\/wp\/v2\/users\/3"}],"replies":[{"embeddable":true,"href":"https:\/\/www.noticiasradioreflejos.com.ar\/2021\/wp-json\/wp\/v2\/comments?post=71437"}],"version-history":[{"count":2,"href":"https:\/\/www.noticiasradioreflejos.com.ar\/2021\/wp-json\/wp\/v2\/posts\/71437\/revisions"}],"predecessor-version":[{"id":71439,"href":"https:\/\/www.noticiasradioreflejos.com.ar\/2021\/wp-json\/wp\/v2\/posts\/71437\/revisions\/71439"}],"wp:attachment":[{"href":"https:\/\/www.noticiasradioreflejos.com.ar\/2021\/wp-json\/wp\/v2\/media?parent=71437"}],"wp:term":[{"taxonomy":"category","embeddable":true,"href":"https:\/\/www.noticiasradioreflejos.com.ar\/2021\/wp-json\/wp\/v2\/categories?post=71437"},{"taxonomy":"post_tag","embeddable":true,"href":"https:\/\/www.noticiasradioreflejos.com.ar\/2021\/wp-json\/wp\/v2\/tags?post=71437"}],"curies":[{"name":"wp","href":"https:\/\/api.w.org\/{rel}","templated":true}]}}