{"id":71434,"date":"2022-05-03T10:56:22","date_gmt":"2022-05-03T10:56:22","guid":{"rendered":"http:\/\/www.noticiasradioreflejos.com.ar\/2021\/?p=71434"},"modified":"2022-05-03T10:56:22","modified_gmt":"2022-05-03T10:56:22","slug":"veteranos-del-ara-general-belgrano-homenajearon-al-buque-en-el-sitio-de-su-hundimiento","status":"publish","type":"post","link":"https:\/\/www.noticiasradioreflejos.com.ar\/2021\/veteranos-del-ara-general-belgrano-homenajearon-al-buque-en-el-sitio-de-su-hundimiento\/","title":{"rendered":"Veteranos del ARA General Belgrano homenajearon al buque en el sitio de su hundimiento"},"content":{"rendered":"<p>&gt;A 40 a\u00f1os del hundimiento del crucero, que cost\u00f3 la vida de 323 marinos argentinos, el Ministerio de Defensa tom\u00f3 la iniciativa de homenajear a su tripulaci\u00f3n en el lugar de su naufragio con algunos de los m\u00e1s de setecientos hombres que sobrevivieron.<!--more--><\/p>\n<figure class=\"mb-3\"><img decoding=\"async\" src=\"https:\/\/www.telam.com.ar\/thumbs\/bluesteel\/advf\/imagenes\/2022\/05\/62707c75edc90_900.jpg\" alt=\"Ofrendas para los cados en el lugar del hecho Foto Ministerio de Defensa\" width=\"100%\" height=\"100%\" \/><\/p>\n<div class=\"media-icons\"><\/div><figcaption>Ofrendas para los ca\u00eddos en el lugar del hecho (Foto: Ministerio de Defensa).<\/figcaption><\/figure>\n<p>A las 16:02 de este lunes\u00a0<strong>2 de mayo<\/strong>, en el punto 55\u00b024?S 61\u00b032?O del Atl\u00e1ntico Sur, sitio exacto en el que el crucero\u00a0<strong>ARA General Belgrano<\/strong>\u00a0fue hundido hace exactamente\u00a0<strong>40 a\u00f1os<\/strong>\u00a0por un submarino brit\u00e1nico durante la guerra de Malvinas, un contingente de veteranos supervivientes de ese buque fue protagonista del homenaje organizado por el ministerio de Defensa a bordo del rompehielos Almirante Ir\u00edzar.<\/p>\n<p>Bajo una intensa lluvia y mientras el oleaje del Atl\u00e1ntico Sur balanceaba al rompehielos, su tripulaci\u00f3n se form\u00f3 sobre la cubierta de vuelo para participar de la ceremonia encabezada por el ministro de Defensa,\u00a0<strong>Jorge Taiana<\/strong>; el jefe del Estado Mayor Conjunto de las Fuerzas Armadas, teniente general\u00a0<strong>Juan Mart\u00edn Paleo<\/strong>, y el jefe de la Armada Argentina, almirante\u00a0<strong>Julio Guardia<\/strong>.<\/p>\n<p>La tripulaci\u00f3n del barco, las dotaciones que regresan de las bases ant\u00e1rticas argentinas, los integrantes del grupo a\u00e9reo de los helic\u00f3pteros del Ir\u00edzar y los cient\u00edficos del Instituto Ant\u00e1rtico Argentino formados y firmes en la popa no pudieron contener sus\u00a0<strong>l\u00e1grimas\u00a0<\/strong>durante la ceremonia que comenz\u00f3 con las estrofas del Himno Nacional Argentino y finaliz\u00f3 con la\u00a0<strong>Marcha de Malvinas<\/strong>.<\/p>\n<figure class=\"mb-3\"><img decoding=\"async\" src=\"https:\/\/www.telam.com.ar\/thumbs\/bluesteel\/advf\/imagenes\/2022\/05\/62707c761028a_900.jpg\" alt=\"Foto Ministerio de Defensa\" width=\"100%\" height=\"100%\" \/><\/p>\n<div class=\"media-icons\"><\/div><figcaption>(Foto: Ministerio de Defensa).<\/figcaption><\/figure>\n<p>El rugido de un Atl\u00e1ntico Sur embravecido acompa\u00f1\u00f3 a la\u00a0<strong>trompeta que ejecut\u00f3 el toque de silencio mientras los veteranos sobrevivientes del Belgrano, junto al ministro Taiana, arrojaban una ofrenda floral al mar<\/strong>\u00a0en el punto en el que yacen los restos del crucero, a unos tres mil metros de profundidad.<\/p>\n<p>Los veteranos sobrevivientes hab\u00edan abordado el buque\u00a0<strong>cargados con cajas que conten\u00edan unas setecientas flores<\/strong>, que luego fueron repartidas entre todos los presentes para que tambi\u00e9n pudiesen arrojar una en homenaje a los 323 ca\u00eddos en el hundimiento.<\/p>\n<p>Al llegar al sitio identificado para el homenaje, Taiana afirm\u00f3: \u00abHoy, hace 40 a\u00f1os, en este lugar y a esta hora, el crucero General Belgrano era hundido arteramente por el submarino Conqueror, demostrando as\u00ed la firme determinaci\u00f3n brit\u00e1nica de continuar ocupando y explotando nuestro territorio y nuestra soberan\u00eda, y de burlarse del Derecho internacional sosteniendo una situaci\u00f3n colonial inadmisible en pleno siglo XXI\u00bb.<\/p>\n<blockquote class=\"twitter-tweet\" data-width=\"500\" data-dnt=\"true\">\n<p lang=\"es\" dir=\"ltr\">Navegamos por el Atl\u00e1ntico Sur a bordo del Irizar para llegar hasta el lugar donde fue atacado el Crucero General Belgrano y honrar la memoria de los 323 h\u00e9roes que dieron la vida por la Patria \ud83c\udde6\ud83c\uddf7 <a href=\"https:\/\/t.co\/iIMJU6Qyrk\">pic.twitter.com\/iIMJU6Qyrk<\/a><\/p>\n<p>&mdash; Jorge Taiana (@JorgeTaiana) <a href=\"https:\/\/twitter.com\/JorgeTaiana\/status\/1521252084888358914?ref_src=twsrc%5Etfw\">May 2, 2022<\/a><\/p><\/blockquote>\n<p><script async src=\"https:\/\/platform.twitter.com\/widgets.js\" charset=\"utf-8\"><\/script><\/p>\n<p>\u00abVinimos con los veteranos del crucero a\u00a0<strong>rendir homenaje a los 323 h\u00e9roes<\/strong>\u00a0que desde el fondo del mar nos vigilan y nos interrogan para sostener la defensa de nuestra soberan\u00eda, y para que no cejemos en el esfuerzo diplom\u00e1tico de recuperar nuestras islas y una vida con justicia e igualdad para todos los argentinos\u00bb, remarc\u00f3 el titular de la cartera de Defensa.<\/p>\n<p>Y a\u00f1adi\u00f3: \u00abPor la\u00a0<strong>memoria de todos los 649 ca\u00eddos defendiendo nuestra soberan\u00eda en Malvina<\/strong>s, y por nuestro pueblo, toda la sociedad argentina tiene que hacer el compromiso para defender siempre la soberan\u00eda con dignidad y convicci\u00f3n. A los 323 que yacen aqu\u00ed, a 3.000 metros de profundidad, desde hace 40 a\u00f1os, les hacemos la promesa de que nunca los olvidaremos y continuamos su lucha\u00bb, complet\u00f3 el ministro.<\/p>\n<p>El jefe de la Armada, almirante\u00a0<strong>Julio Guardia<\/strong>, sostuvo que \u00abhace cuarenta a\u00f1os, en este mismo lugar y a esta misma hora, el Belgrano era atacado por un submarino con torpedos que dieron fin a 30 a\u00f1os de servicio a la patria; hab\u00eda zarpado el 16 de abril y semanas antes, cuando todav\u00eda era un cadete, tuve la oportunidad de compartir varios d\u00edas de navegaci\u00f3n con su tripulaci\u00f3n y conocer su determinaci\u00f3n para defender a la patria\u00bb.<\/p>\n<figure class=\"mb-3\"><img decoding=\"async\" src=\"https:\/\/www.telam.com.ar\/thumbs\/bluesteel\/advf\/imagenes\/2022\/05\/62707c8348642_900.jpg\" alt=\"Foto Ministerio de Defensa\" width=\"100%\" height=\"100%\" \/><\/p>\n<div class=\"media-icons\"><\/div><figcaption>(Foto: Ministerio de Defensa).<\/figcaption><\/figure>\n<blockquote class=\"\"><p>\u00abHoy, hace 40 a\u00f1os, en este lugar y a esta hora, el crucero General Belgrano era hundido arteramente por el submarino Conqueror, demostrando as\u00ed la firme determinaci\u00f3n brit\u00e1nica de continuar ocupando y explotando nuestro territorio y nuestra soberan\u00eda\u00bb.<cite class=\"author\">Jorge Taiana<\/cite><\/p><\/blockquote>\n<p>Guardia relat\u00f3 que \u00abdespu\u00e9s de reabastecerse en Ushuaia zarp\u00f3 junto a los destructores Bouchard y Piedrabuena y el buque tanque Rosales en direcci\u00f3n a este punto, en el que fue hundido\u00bb y entonces subray\u00f3 que los 323 tripulantes que perdieron la vida \u00abpermanecen en patrulla eterna de nuestro mar, junto a muchos otros que dieron la vida por la patria, como m\u00e1s recientemente sucedi\u00f3 con la tripulaci\u00f3n del submarino San Juan\u00bb.<\/p>\n<figure class=\"mb-3\"><img decoding=\"async\" src=\"https:\/\/www.telam.com.ar\/thumbs\/bluesteel\/advf\/imagenes\/2022\/05\/62707c7627fa6_900.jpg\" alt=\"Foto Ministerio de Defensa\" width=\"100%\" height=\"100%\" \/><\/p>\n<div class=\"media-icons\"><\/div><figcaption>(Foto: Ministerio de Defensa).<\/figcaption><\/figure>\n<p>\u00abEl mar, pocas veces benevolente, hizo dif\u00edcil el rescate de los sobrevivientes; pero el comandante que entendi\u00f3 que el buque estaba perdido, dio la orden de abandonarlo a los 1093 tripulantes con la certeza de que la Armada Argentina iba a venir por ellos; al Bouchard, al Piedrabuena y al Rosales se le sumaron el aviso Gurruchaga y el transporte polar Bah\u00eda Para\u00edso en la b\u00fasqueda de los sobrevivientes, con el apoyo de los aviones Neptune y Electra, que volaron m\u00e1s all\u00e1 de los l\u00edmites de seguridad para que podamos recuperar a 770 tripulantes con vida\u00bb, destac\u00f3 el jefe naval.<\/p>\n<p>Al describir las caracter\u00edsticas del Belgrano, el almirante lo describi\u00f3 como \u00abun coloso de los mares\u00bb, y record\u00f3 que \u00abcuando la artiller\u00eda del crucero disparaba hab\u00eda que pegar cinta en los cristales para que no estallen\u00bb.<\/p>\n<figure class=\"mb-3\"><img decoding=\"async\" src=\"https:\/\/www.telam.com.ar\/thumbs\/bluesteel\/advf\/imagenes\/2022\/04\/626d64d14a646_900.jpg\" alt=\"Jorge Taiana embarc en el rompehielos Almirante Irizar este domingo para dirigirse al lugar\" width=\"100%\" height=\"100%\" \/><\/p>\n<div class=\"media-icons\"><\/div><figcaption>Jorge Taiana embarc\u00f3 en el rompehielos \u00abAlmirante Irizar\u00bb este domingo para dirigirse al lugar.<\/figcaption><\/figure>\n<p>En cuanto al hundimiento, Guardia destac\u00f3 que el barco torpedeado por los brit\u00e1nicos \u00abtuvo la gentileza de mantenerse a flote hasta que todos los que quedaban con vida hubiesen podido embarcar en las balsas\u00bb.<\/p>\n<p>\u00ab<strong>La Armada hoy est\u00e1 aqu\u00ed, en el lugar del hundimiento, pero tambi\u00e9n hay unidades en Rosario, Buenos Aires y Puerto Belgrano<\/strong>\u00a0en donde estamos realizando este homenaje a quienes nos dejaron un legado de compromiso en la defensa de nuestra soberan\u00eda\u00bb, complet\u00f3 el marino.<\/p>\n<div class=\"jumbotron pt-4 mt-3\">\n<h3 class=\"module-title\">CRONOLOG\u00cdA DEL HUNDIMIENTO<\/h3>\n<p>Cerca de las 20 del 1 de mayo de 1982, mientras navegaba cerca de Isla de los Estados, el \u00abGeneral Belgrano\u00bb hab\u00eda recibido \u00f3rdenes para sumarse a una maniobra de pinzas que se abalanzar\u00eda contra los brit\u00e1nicos desde el sur. El portaaviones \u00abVeinticinco de Mayo\u00bb liderar\u00eda el otro brazo de la operaci\u00f3n.<\/p>\n<p>Pero este plan fue cancelado por las condiciones que imped\u00edan operar a los aviones embarcados en el portaaviones y el crucero emprendi\u00f3 el regreso en sentido al continente.<\/p>\n<p>El submarino HMS \u00abConqueror\u00bb comenz\u00f3 a seguir al \u00abGeneral Belgrano\u00bb el 1 de mayo por la ma\u00f1ana, y despu\u00e9s de recibir autorizaci\u00f3n del gobierno de la premier Margaret Thatcher dispar\u00f3 los dos torpedos que hundieron al crucero argentino a las 16 horas del 2 de mayo de 1982.<\/p>\n<p>A las 16.02, mientras los artilleros que se encontraban de guardia probaban algunos mecanismos y la Torreta II buscaba posibles blancos en el horizonte, el \u00abGeneral Belgrano\u00bb se sacudi\u00f3 violentamente como consecuencia de una poderosa explosi\u00f3n, seguida del cese inmediato de energ\u00eda e iluminaci\u00f3n que paraliz\u00f3 a los 1.093 tripulantes.<\/p>\n<p>Este fue el primero de los tres torpedos MK-813\u200b lanzados por el Conqueror desde una distancia de unos 5 kil\u00f3metros. Unos momentos despu\u00e9s el segundo torpedo produjo una nueva explosi\u00f3n en la altura de la proa de la nave.<\/p>\n<p>Este nuevo impacto provoc\u00f3 el desprendimiento de 12 metros de la proa del buque, que inmediatamente comenz\u00f3 la inclinaci\u00f3n a babor y hacia las 16:05, se dio la orden de zafarrancho de siniestro.<\/p>\n<p>A las 16.23 el comandante H\u00e9ctor Bonzo dio la orden de abandonar la nave; la marejada que hab\u00eda en ese momento dificult\u00f3 la visi\u00f3n y la comunicaci\u00f3n entre las balsas, por lo cual algunas quedaron sobrecargadas con 30 personas y otras subocupadas con no m\u00e1s de tres marinos.<\/p>\n<p>A las 16.50 la escora de 60\u00b0 preanunciaba el hundimiento, y en 10 minutos el crucero fue engullido por las aguas aproximadamente en el punto 55\u00b024\u2032S 61\u00b032\u2032O del Oc\u00e9ano Atl\u00e1ntico.<\/p>\n<p>Una vez que la noticia del hundimiento de la nave lleg\u00f3 al continente, se dispuso un operativo de rescate que se extendi\u00f3 hasta el d\u00eda 9 de mayo, verificando la imposibilidad de que quedaran m\u00e1s supervivientes o cad\u00e1veres en la zona.<\/p>\n<p>Los buques recogieron un total de 793 de los 1.093 tripulantes, de los que resultaban 23 fallecidos en las balsas, y otros 300 en el propio naufragio.<\/p>\n<\/div>\n","protected":false},"excerpt":{"rendered":"<p>&gt;A 40 a\u00f1os del hundimiento del crucero, que cost\u00f3 la vida de 323 marinos argentinos, el Ministerio de Defensa tom\u00f3 la iniciativa de homenajear a su tripulaci\u00f3n en el lugar de su naufragio con algunos de los m\u00e1s de setecientos hombres que sobrevivieron.<\/p>\n","protected":false},"author":3,"featured_media":0,"comment_status":"closed","ping_status":"closed","sticky":false,"template":"","format":"standard","meta":{"footnotes":""},"categories":[24,26],"tags":[],"class_list":["post-71434","post","type-post","status-publish","format-standard","hentry","category-politica","category-sociedad"],"yoast_head":"<!-- This site is optimized with the Yoast SEO plugin v25.9 - https:\/\/yoast.com\/wordpress\/plugins\/seo\/ -->\n<title>Veteranos del ARA General Belgrano homenajearon al buque en el sitio de su hundimiento - Noticias Radio Reflejos<\/title>\n<meta name=\"robots\" content=\"index, follow, max-snippet:-1, max-image-preview:large, max-video-preview:-1\" \/>\n<link rel=\"canonical\" href=\"https:\/\/www.noticiasradioreflejos.com.ar\/2021\/veteranos-del-ara-general-belgrano-homenajearon-al-buque-en-el-sitio-de-su-hundimiento\/\" \/>\n<meta property=\"og:locale\" content=\"es_ES\" \/>\n<meta property=\"og:type\" content=\"article\" \/>\n<meta property=\"og:title\" content=\"Veteranos del ARA General Belgrano homenajearon al buque en el sitio de su hundimiento - Noticias Radio Reflejos\" \/>\n<meta property=\"og:description\" content=\"&gt;A 40 a\u00f1os del hundimiento del crucero, que cost\u00f3 la vida de 323 marinos argentinos, el Ministerio de Defensa tom\u00f3 la iniciativa de homenajear a su tripulaci\u00f3n en el lugar de su naufragio con algunos de los m\u00e1s de setecientos hombres que sobrevivieron.\" \/>\n<meta property=\"og:url\" content=\"https:\/\/www.noticiasradioreflejos.com.ar\/2021\/veteranos-del-ara-general-belgrano-homenajearon-al-buque-en-el-sitio-de-su-hundimiento\/\" \/>\n<meta property=\"og:site_name\" content=\"Noticias Radio Reflejos\" \/>\n<meta property=\"article:published_time\" content=\"2022-05-03T10:56:22+00:00\" \/>\n<meta property=\"og:image\" content=\"https:\/\/www.telam.com.ar\/thumbs\/bluesteel\/advf\/imagenes\/2022\/05\/62707c75edc90_900.jpg\" \/>\n<meta name=\"author\" content=\"Arnaldo Botto\" \/>\n<meta name=\"twitter:card\" content=\"summary_large_image\" \/>\n<script type=\"application\/ld+json\" class=\"yoast-schema-graph\">{\"@context\":\"https:\/\/schema.org\",\"@graph\":[{\"@type\":\"WebPage\",\"@id\":\"https:\/\/www.noticiasradioreflejos.com.ar\/2021\/veteranos-del-ara-general-belgrano-homenajearon-al-buque-en-el-sitio-de-su-hundimiento\/\",\"url\":\"https:\/\/www.noticiasradioreflejos.com.ar\/2021\/veteranos-del-ara-general-belgrano-homenajearon-al-buque-en-el-sitio-de-su-hundimiento\/\",\"name\":\"Veteranos del ARA General Belgrano homenajearon al buque en el sitio de su hundimiento - Noticias Radio Reflejos\",\"isPartOf\":{\"@id\":\"https:\/\/www.noticiasradioreflejos.com.ar\/2021\/#website\"},\"primaryImageOfPage\":{\"@id\":\"https:\/\/www.noticiasradioreflejos.com.ar\/2021\/veteranos-del-ara-general-belgrano-homenajearon-al-buque-en-el-sitio-de-su-hundimiento\/#primaryimage\"},\"image\":{\"@id\":\"https:\/\/www.noticiasradioreflejos.com.ar\/2021\/veteranos-del-ara-general-belgrano-homenajearon-al-buque-en-el-sitio-de-su-hundimiento\/#primaryimage\"},\"thumbnailUrl\":\"https:\/\/www.telam.com.ar\/thumbs\/bluesteel\/advf\/imagenes\/2022\/05\/62707c75edc90_900.jpg\",\"datePublished\":\"2022-05-03T10:56:22+00:00\",\"author\":{\"@id\":\"https:\/\/www.noticiasradioreflejos.com.ar\/2021\/#\/schema\/person\/ad82545263dcc5ec0996818884fd5fb1\"},\"breadcrumb\":{\"@id\":\"https:\/\/www.noticiasradioreflejos.com.ar\/2021\/veteranos-del-ara-general-belgrano-homenajearon-al-buque-en-el-sitio-de-su-hundimiento\/#breadcrumb\"},\"inLanguage\":\"es\",\"potentialAction\":[{\"@type\":\"ReadAction\",\"target\":[\"https:\/\/www.noticiasradioreflejos.com.ar\/2021\/veteranos-del-ara-general-belgrano-homenajearon-al-buque-en-el-sitio-de-su-hundimiento\/\"]}]},{\"@type\":\"ImageObject\",\"inLanguage\":\"es\",\"@id\":\"https:\/\/www.noticiasradioreflejos.com.ar\/2021\/veteranos-del-ara-general-belgrano-homenajearon-al-buque-en-el-sitio-de-su-hundimiento\/#primaryimage\",\"url\":\"https:\/\/www.telam.com.ar\/thumbs\/bluesteel\/advf\/imagenes\/2022\/05\/62707c75edc90_900.jpg\",\"contentUrl\":\"https:\/\/www.telam.com.ar\/thumbs\/bluesteel\/advf\/imagenes\/2022\/05\/62707c75edc90_900.jpg\"},{\"@type\":\"BreadcrumbList\",\"@id\":\"https:\/\/www.noticiasradioreflejos.com.ar\/2021\/veteranos-del-ara-general-belgrano-homenajearon-al-buque-en-el-sitio-de-su-hundimiento\/#breadcrumb\",\"itemListElement\":[{\"@type\":\"ListItem\",\"position\":1,\"name\":\"Portada\",\"item\":\"https:\/\/www.noticiasradioreflejos.com.ar\/2021\/\"},{\"@type\":\"ListItem\",\"position\":2,\"name\":\"Veteranos del ARA General Belgrano homenajearon al buque en el sitio de su hundimiento\"}]},{\"@type\":\"WebSite\",\"@id\":\"https:\/\/www.noticiasradioreflejos.com.ar\/2021\/#website\",\"url\":\"https:\/\/www.noticiasradioreflejos.com.ar\/2021\/\",\"name\":\"Noticias Radio Reflejos\",\"description\":\"Las noticias de mi comarca\",\"potentialAction\":[{\"@type\":\"SearchAction\",\"target\":{\"@type\":\"EntryPoint\",\"urlTemplate\":\"https:\/\/www.noticiasradioreflejos.com.ar\/2021\/?s={search_term_string}\"},\"query-input\":{\"@type\":\"PropertyValueSpecification\",\"valueRequired\":true,\"valueName\":\"search_term_string\"}}],\"inLanguage\":\"es\"},{\"@type\":\"Person\",\"@id\":\"https:\/\/www.noticiasradioreflejos.com.ar\/2021\/#\/schema\/person\/ad82545263dcc5ec0996818884fd5fb1\",\"name\":\"Arnaldo Botto\",\"image\":{\"@type\":\"ImageObject\",\"inLanguage\":\"es\",\"@id\":\"https:\/\/www.noticiasradioreflejos.com.ar\/2021\/#\/schema\/person\/image\/\",\"url\":\"https:\/\/secure.gravatar.com\/avatar\/55cb5e37c1efa326397366e6974cb338056df65cb50e7d64d1cf314e87504837?s=96&d=mm&r=g\",\"contentUrl\":\"https:\/\/secure.gravatar.com\/avatar\/55cb5e37c1efa326397366e6974cb338056df65cb50e7d64d1cf314e87504837?s=96&d=mm&r=g\",\"caption\":\"Arnaldo Botto\"},\"url\":\"https:\/\/www.noticiasradioreflejos.com.ar\/2021\/author\/arnaldo\/\"}]}<\/script>\n<!-- \/ Yoast SEO plugin. -->","yoast_head_json":{"title":"Veteranos del ARA General Belgrano homenajearon al buque en el sitio de su hundimiento - Noticias Radio Reflejos","robots":{"index":"index","follow":"follow","max-snippet":"max-snippet:-1","max-image-preview":"max-image-preview:large","max-video-preview":"max-video-preview:-1"},"canonical":"https:\/\/www.noticiasradioreflejos.com.ar\/2021\/veteranos-del-ara-general-belgrano-homenajearon-al-buque-en-el-sitio-de-su-hundimiento\/","og_locale":"es_ES","og_type":"article","og_title":"Veteranos del ARA General Belgrano homenajearon al buque en el sitio de su hundimiento - Noticias Radio Reflejos","og_description":"&gt;A 40 a\u00f1os del hundimiento del crucero, que cost\u00f3 la vida de 323 marinos argentinos, el Ministerio de Defensa tom\u00f3 la iniciativa de homenajear a su tripulaci\u00f3n en el lugar de su naufragio con algunos de los m\u00e1s de setecientos hombres que sobrevivieron.","og_url":"https:\/\/www.noticiasradioreflejos.com.ar\/2021\/veteranos-del-ara-general-belgrano-homenajearon-al-buque-en-el-sitio-de-su-hundimiento\/","og_site_name":"Noticias Radio Reflejos","article_published_time":"2022-05-03T10:56:22+00:00","og_image":[{"url":"https:\/\/www.telam.com.ar\/thumbs\/bluesteel\/advf\/imagenes\/2022\/05\/62707c75edc90_900.jpg","type":"","width":"","height":""}],"author":"Arnaldo Botto","twitter_card":"summary_large_image","schema":{"@context":"https:\/\/schema.org","@graph":[{"@type":"WebPage","@id":"https:\/\/www.noticiasradioreflejos.com.ar\/2021\/veteranos-del-ara-general-belgrano-homenajearon-al-buque-en-el-sitio-de-su-hundimiento\/","url":"https:\/\/www.noticiasradioreflejos.com.ar\/2021\/veteranos-del-ara-general-belgrano-homenajearon-al-buque-en-el-sitio-de-su-hundimiento\/","name":"Veteranos del ARA General Belgrano homenajearon al buque en el sitio de su hundimiento - Noticias Radio Reflejos","isPartOf":{"@id":"https:\/\/www.noticiasradioreflejos.com.ar\/2021\/#website"},"primaryImageOfPage":{"@id":"https:\/\/www.noticiasradioreflejos.com.ar\/2021\/veteranos-del-ara-general-belgrano-homenajearon-al-buque-en-el-sitio-de-su-hundimiento\/#primaryimage"},"image":{"@id":"https:\/\/www.noticiasradioreflejos.com.ar\/2021\/veteranos-del-ara-general-belgrano-homenajearon-al-buque-en-el-sitio-de-su-hundimiento\/#primaryimage"},"thumbnailUrl":"https:\/\/www.telam.com.ar\/thumbs\/bluesteel\/advf\/imagenes\/2022\/05\/62707c75edc90_900.jpg","datePublished":"2022-05-03T10:56:22+00:00","author":{"@id":"https:\/\/www.noticiasradioreflejos.com.ar\/2021\/#\/schema\/person\/ad82545263dcc5ec0996818884fd5fb1"},"breadcrumb":{"@id":"https:\/\/www.noticiasradioreflejos.com.ar\/2021\/veteranos-del-ara-general-belgrano-homenajearon-al-buque-en-el-sitio-de-su-hundimiento\/#breadcrumb"},"inLanguage":"es","potentialAction":[{"@type":"ReadAction","target":["https:\/\/www.noticiasradioreflejos.com.ar\/2021\/veteranos-del-ara-general-belgrano-homenajearon-al-buque-en-el-sitio-de-su-hundimiento\/"]}]},{"@type":"ImageObject","inLanguage":"es","@id":"https:\/\/www.noticiasradioreflejos.com.ar\/2021\/veteranos-del-ara-general-belgrano-homenajearon-al-buque-en-el-sitio-de-su-hundimiento\/#primaryimage","url":"https:\/\/www.telam.com.ar\/thumbs\/bluesteel\/advf\/imagenes\/2022\/05\/62707c75edc90_900.jpg","contentUrl":"https:\/\/www.telam.com.ar\/thumbs\/bluesteel\/advf\/imagenes\/2022\/05\/62707c75edc90_900.jpg"},{"@type":"BreadcrumbList","@id":"https:\/\/www.noticiasradioreflejos.com.ar\/2021\/veteranos-del-ara-general-belgrano-homenajearon-al-buque-en-el-sitio-de-su-hundimiento\/#breadcrumb","itemListElement":[{"@type":"ListItem","position":1,"name":"Portada","item":"https:\/\/www.noticiasradioreflejos.com.ar\/2021\/"},{"@type":"ListItem","position":2,"name":"Veteranos del ARA General Belgrano homenajearon al buque en el sitio de su hundimiento"}]},{"@type":"WebSite","@id":"https:\/\/www.noticiasradioreflejos.com.ar\/2021\/#website","url":"https:\/\/www.noticiasradioreflejos.com.ar\/2021\/","name":"Noticias Radio Reflejos","description":"Las noticias de mi comarca","potentialAction":[{"@type":"SearchAction","target":{"@type":"EntryPoint","urlTemplate":"https:\/\/www.noticiasradioreflejos.com.ar\/2021\/?s={search_term_string}"},"query-input":{"@type":"PropertyValueSpecification","valueRequired":true,"valueName":"search_term_string"}}],"inLanguage":"es"},{"@type":"Person","@id":"https:\/\/www.noticiasradioreflejos.com.ar\/2021\/#\/schema\/person\/ad82545263dcc5ec0996818884fd5fb1","name":"Arnaldo Botto","image":{"@type":"ImageObject","inLanguage":"es","@id":"https:\/\/www.noticiasradioreflejos.com.ar\/2021\/#\/schema\/person\/image\/","url":"https:\/\/secure.gravatar.com\/avatar\/55cb5e37c1efa326397366e6974cb338056df65cb50e7d64d1cf314e87504837?s=96&d=mm&r=g","contentUrl":"https:\/\/secure.gravatar.com\/avatar\/55cb5e37c1efa326397366e6974cb338056df65cb50e7d64d1cf314e87504837?s=96&d=mm&r=g","caption":"Arnaldo Botto"},"url":"https:\/\/www.noticiasradioreflejos.com.ar\/2021\/author\/arnaldo\/"}]}},"_links":{"self":[{"href":"https:\/\/www.noticiasradioreflejos.com.ar\/2021\/wp-json\/wp\/v2\/posts\/71434","targetHints":{"allow":["GET"]}}],"collection":[{"href":"https:\/\/www.noticiasradioreflejos.com.ar\/2021\/wp-json\/wp\/v2\/posts"}],"about":[{"href":"https:\/\/www.noticiasradioreflejos.com.ar\/2021\/wp-json\/wp\/v2\/types\/post"}],"author":[{"embeddable":true,"href":"https:\/\/www.noticiasradioreflejos.com.ar\/2021\/wp-json\/wp\/v2\/users\/3"}],"replies":[{"embeddable":true,"href":"https:\/\/www.noticiasradioreflejos.com.ar\/2021\/wp-json\/wp\/v2\/comments?post=71434"}],"version-history":[{"count":1,"href":"https:\/\/www.noticiasradioreflejos.com.ar\/2021\/wp-json\/wp\/v2\/posts\/71434\/revisions"}],"predecessor-version":[{"id":71436,"href":"https:\/\/www.noticiasradioreflejos.com.ar\/2021\/wp-json\/wp\/v2\/posts\/71434\/revisions\/71436"}],"wp:attachment":[{"href":"https:\/\/www.noticiasradioreflejos.com.ar\/2021\/wp-json\/wp\/v2\/media?parent=71434"}],"wp:term":[{"taxonomy":"category","embeddable":true,"href":"https:\/\/www.noticiasradioreflejos.com.ar\/2021\/wp-json\/wp\/v2\/categories?post=71434"},{"taxonomy":"post_tag","embeddable":true,"href":"https:\/\/www.noticiasradioreflejos.com.ar\/2021\/wp-json\/wp\/v2\/tags?post=71434"}],"curies":[{"name":"wp","href":"https:\/\/api.w.org\/{rel}","templated":true}]}}