{"id":71427,"date":"2022-05-02T21:38:36","date_gmt":"2022-05-02T21:38:36","guid":{"rendered":"http:\/\/www.noticiasradioreflejos.com.ar\/2021\/?p=71427"},"modified":"2022-05-02T21:38:36","modified_gmt":"2022-05-02T21:38:36","slug":"el-consejo-escolar-de-tornquist-informa-a-la-comunidad-las-obras-realizadas-durante-el-mes-de-abril","status":"publish","type":"post","link":"https:\/\/www.noticiasradioreflejos.com.ar\/2021\/el-consejo-escolar-de-tornquist-informa-a-la-comunidad-las-obras-realizadas-durante-el-mes-de-abril\/","title":{"rendered":"El Consejo Escolar de Tornquist informa a la comunidad las obras realizadas durante el mes de abril"},"content":{"rendered":"<p>Las mismas fueron realizadas con Fondos Presupuestario, Educativo, Compensador y\/o PEED, en los siguientes establecimientos educativos:<!--more--><\/p>\n<p><a title=\"ES 3\" href=\"https:\/\/www.flickr.com\/photos\/182279889@N02\/52046513240\/in\/dateposted-public\/\" data-flickr-embed=\"true\"><img loading=\"lazy\" decoding=\"async\" src=\"https:\/\/live.staticflickr.com\/65535\/52046513240_d81e682ce1_c.jpg\" alt=\"ES 3\" width=\"800\" height=\"360\" \/><\/a><script async src=\"\/\/embedr.flickr.com\/assets\/client-code.js\" charset=\"utf-8\"><\/script><\/p>\n<p><strong>ES N\u00ba4 Saldungaray: <\/strong>Se encuentra finalizada la construcci\u00f3n de los ba\u00f1os. Se reemplaz\u00f3 la persiana de un aula.<\/p>\n<p><strong>EP N\u00ba6 Sierra de la Ventana<\/strong>: Se coloc\u00f3 el cerco premoldeado para independizar el ingreso de la Biblioteca con el establecimiento y se realiz\u00f3 la vereda perimetral sobre un lateral de la escuela.<\/p>\n<p><strong>EP N\u00ba4 Nueva Roma: <\/strong>Se repar\u00f3 el pizarr\u00f3n, se cambiaron luces en distintos sectores, se sac\u00f3 la chimenea en desuso y se repararon los ba\u00f1os.<\/p>\n<p><strong>EEE N\u00ba501 Tornquist: <\/strong>Se repararon los ba\u00f1os de los alumnos.<\/p>\n<p><strong>EP N\u00ba13 Paraje la Querencia: <\/strong>Se cambiaron las \u00a0luces exteriores y se instalaron luces de emergencia en su interior.<\/p>\n<p><strong>JI N\u00ba905 Tornquist: <\/strong>Se cambiaron luces del comedor y del SUM. Se repar\u00f3 ba\u00f1o sala de 2 a\u00f1os.<\/p>\n<p><strong>EP N\u00ba2 Saldungaray: <\/strong>Se limpi\u00f3 la c\u00e1mara, se repar\u00f3 el alambrado del patio exterior y se arreglaron canillas del ba\u00f1o y del laboratorio.<\/p>\n<p><strong>EST N\u00ba1 Tornquist: <\/strong>Se cambiaron las canillas del ba\u00f1o de varones en planta baja.<\/p>\n<p><strong>EEE N\u00ba502 Saldungaray: <\/strong>Se realizaron arreglos varios en todo el establecimiento.<\/p>\n<p><strong>ES N\u00ba6 Chasic\u00f3: <\/strong>Se cambiaron fluorescentes en aulas y biblioteca.<\/p>\n<p><strong>JI N\u00ba906 Villa Ventana: <\/strong>Se instalaron dos equipos de aires acondicionados.<\/p>\n<p><strong>CIIE Tornquist: <\/strong>Se repuso foco de alto voltaje y se cambi\u00f3 reflector.<\/p>\n<p><strong>EP N\u00ba12 Fuerte Argentino: <\/strong>Se colocaron accesorios en los ba\u00f1os de los alumnos.<\/p>\n<p><strong>JI N\u00ba907 Tornquist: <\/strong>Se realiz\u00f3 trabajo de pintura en el exterior del establecimiento.<\/p>\n<p>Por otro lado, se continu\u00f3 durante el mes de abril con la limpieza, acondicionamiento, arreglo y control de todos los calefactores, cocinas y termotanques de las escuelas.<\/p>\n<p>Por \u00faltimo, se sigui\u00f3 con los cortes de pasto y limpieza de tanques programados para el pasado mes de abril.<\/p>\n<p><a title=\"JI 903\" href=\"https:\/\/www.flickr.com\/photos\/182279889@N02\/52046253624\/in\/dateposted-public\/\" data-flickr-embed=\"true\"><img loading=\"lazy\" decoding=\"async\" src=\"https:\/\/live.staticflickr.com\/65535\/52046253624_8be0f63c96_c.jpg\" alt=\"JI 903\" width=\"800\" height=\"600\" \/><\/a><script async src=\"\/\/embedr.flickr.com\/assets\/client-code.js\" charset=\"utf-8\"><\/script><\/p>\n<p><a title=\"EP 6.\" href=\"https:\/\/www.flickr.com\/photos\/182279889@N02\/52046002086\/in\/dateposted-public\/\" data-flickr-embed=\"true\"><img loading=\"lazy\" decoding=\"async\" class=\"aligncenter\" src=\"https:\/\/live.staticflickr.com\/65535\/52046002086_68cec2288b_c.jpg\" alt=\"EP 6.\" width=\"450\" height=\"800\" \/><\/a><script async src=\"\/\/embedr.flickr.com\/assets\/client-code.js\" charset=\"utf-8\"><\/script><\/p>\n","protected":false},"excerpt":{"rendered":"<p>Las mismas fueron realizadas con Fondos Presupuestario, Educativo, Compensador y\/o PEED, en los siguientes establecimientos educativos:<\/p>\n","protected":false},"author":3,"featured_media":0,"comment_status":"closed","ping_status":"closed","sticky":false,"template":"","format":"standard","meta":{"footnotes":""},"categories":[34,28],"tags":[],"class_list":["post-71427","post","type-post","status-publish","format-standard","hentry","category-educacion","category-municipales"],"yoast_head":"<!-- This site is optimized with the Yoast SEO plugin v25.9 - https:\/\/yoast.com\/wordpress\/plugins\/seo\/ -->\n<title>El Consejo Escolar de Tornquist informa a la comunidad las obras realizadas durante el mes de abril - Noticias Radio Reflejos<\/title>\n<meta name=\"robots\" content=\"index, follow, max-snippet:-1, max-image-preview:large, max-video-preview:-1\" \/>\n<link rel=\"canonical\" href=\"https:\/\/www.noticiasradioreflejos.com.ar\/2021\/el-consejo-escolar-de-tornquist-informa-a-la-comunidad-las-obras-realizadas-durante-el-mes-de-abril\/\" \/>\n<meta property=\"og:locale\" content=\"es_ES\" \/>\n<meta property=\"og:type\" content=\"article\" \/>\n<meta property=\"og:title\" content=\"El Consejo Escolar de Tornquist informa a la comunidad las obras realizadas durante el mes de abril - Noticias Radio Reflejos\" \/>\n<meta property=\"og:description\" content=\"Las mismas fueron realizadas con Fondos Presupuestario, Educativo, Compensador y\/o PEED, en los siguientes establecimientos educativos:\" \/>\n<meta property=\"og:url\" content=\"https:\/\/www.noticiasradioreflejos.com.ar\/2021\/el-consejo-escolar-de-tornquist-informa-a-la-comunidad-las-obras-realizadas-durante-el-mes-de-abril\/\" \/>\n<meta property=\"og:site_name\" content=\"Noticias Radio Reflejos\" \/>\n<meta property=\"article:published_time\" content=\"2022-05-02T21:38:36+00:00\" \/>\n<meta property=\"og:image\" content=\"https:\/\/live.staticflickr.com\/65535\/52046513240_d81e682ce1_c.jpg\" \/>\n<meta name=\"author\" content=\"Arnaldo Botto\" \/>\n<meta name=\"twitter:card\" content=\"summary_large_image\" \/>\n<script type=\"application\/ld+json\" class=\"yoast-schema-graph\">{\"@context\":\"https:\/\/schema.org\",\"@graph\":[{\"@type\":\"WebPage\",\"@id\":\"https:\/\/www.noticiasradioreflejos.com.ar\/2021\/el-consejo-escolar-de-tornquist-informa-a-la-comunidad-las-obras-realizadas-durante-el-mes-de-abril\/\",\"url\":\"https:\/\/www.noticiasradioreflejos.com.ar\/2021\/el-consejo-escolar-de-tornquist-informa-a-la-comunidad-las-obras-realizadas-durante-el-mes-de-abril\/\",\"name\":\"El Consejo Escolar de Tornquist informa a la comunidad las obras realizadas durante el mes de abril - Noticias Radio Reflejos\",\"isPartOf\":{\"@id\":\"https:\/\/www.noticiasradioreflejos.com.ar\/2021\/#website\"},\"primaryImageOfPage\":{\"@id\":\"https:\/\/www.noticiasradioreflejos.com.ar\/2021\/el-consejo-escolar-de-tornquist-informa-a-la-comunidad-las-obras-realizadas-durante-el-mes-de-abril\/#primaryimage\"},\"image\":{\"@id\":\"https:\/\/www.noticiasradioreflejos.com.ar\/2021\/el-consejo-escolar-de-tornquist-informa-a-la-comunidad-las-obras-realizadas-durante-el-mes-de-abril\/#primaryimage\"},\"thumbnailUrl\":\"https:\/\/live.staticflickr.com\/65535\/52046513240_d81e682ce1_c.jpg\",\"datePublished\":\"2022-05-02T21:38:36+00:00\",\"author\":{\"@id\":\"https:\/\/www.noticiasradioreflejos.com.ar\/2021\/#\/schema\/person\/ad82545263dcc5ec0996818884fd5fb1\"},\"breadcrumb\":{\"@id\":\"https:\/\/www.noticiasradioreflejos.com.ar\/2021\/el-consejo-escolar-de-tornquist-informa-a-la-comunidad-las-obras-realizadas-durante-el-mes-de-abril\/#breadcrumb\"},\"inLanguage\":\"es\",\"potentialAction\":[{\"@type\":\"ReadAction\",\"target\":[\"https:\/\/www.noticiasradioreflejos.com.ar\/2021\/el-consejo-escolar-de-tornquist-informa-a-la-comunidad-las-obras-realizadas-durante-el-mes-de-abril\/\"]}]},{\"@type\":\"ImageObject\",\"inLanguage\":\"es\",\"@id\":\"https:\/\/www.noticiasradioreflejos.com.ar\/2021\/el-consejo-escolar-de-tornquist-informa-a-la-comunidad-las-obras-realizadas-durante-el-mes-de-abril\/#primaryimage\",\"url\":\"https:\/\/live.staticflickr.com\/65535\/52046513240_d81e682ce1_c.jpg\",\"contentUrl\":\"https:\/\/live.staticflickr.com\/65535\/52046513240_d81e682ce1_c.jpg\"},{\"@type\":\"BreadcrumbList\",\"@id\":\"https:\/\/www.noticiasradioreflejos.com.ar\/2021\/el-consejo-escolar-de-tornquist-informa-a-la-comunidad-las-obras-realizadas-durante-el-mes-de-abril\/#breadcrumb\",\"itemListElement\":[{\"@type\":\"ListItem\",\"position\":1,\"name\":\"Portada\",\"item\":\"https:\/\/www.noticiasradioreflejos.com.ar\/2021\/\"},{\"@type\":\"ListItem\",\"position\":2,\"name\":\"El Consejo Escolar de Tornquist informa a la comunidad las obras realizadas durante el mes de abril\"}]},{\"@type\":\"WebSite\",\"@id\":\"https:\/\/www.noticiasradioreflejos.com.ar\/2021\/#website\",\"url\":\"https:\/\/www.noticiasradioreflejos.com.ar\/2021\/\",\"name\":\"Noticias Radio Reflejos\",\"description\":\"Las noticias de mi comarca\",\"potentialAction\":[{\"@type\":\"SearchAction\",\"target\":{\"@type\":\"EntryPoint\",\"urlTemplate\":\"https:\/\/www.noticiasradioreflejos.com.ar\/2021\/?s={search_term_string}\"},\"query-input\":{\"@type\":\"PropertyValueSpecification\",\"valueRequired\":true,\"valueName\":\"search_term_string\"}}],\"inLanguage\":\"es\"},{\"@type\":\"Person\",\"@id\":\"https:\/\/www.noticiasradioreflejos.com.ar\/2021\/#\/schema\/person\/ad82545263dcc5ec0996818884fd5fb1\",\"name\":\"Arnaldo Botto\",\"image\":{\"@type\":\"ImageObject\",\"inLanguage\":\"es\",\"@id\":\"https:\/\/www.noticiasradioreflejos.com.ar\/2021\/#\/schema\/person\/image\/\",\"url\":\"https:\/\/secure.gravatar.com\/avatar\/55cb5e37c1efa326397366e6974cb338056df65cb50e7d64d1cf314e87504837?s=96&d=mm&r=g\",\"contentUrl\":\"https:\/\/secure.gravatar.com\/avatar\/55cb5e37c1efa326397366e6974cb338056df65cb50e7d64d1cf314e87504837?s=96&d=mm&r=g\",\"caption\":\"Arnaldo Botto\"},\"url\":\"https:\/\/www.noticiasradioreflejos.com.ar\/2021\/author\/arnaldo\/\"}]}<\/script>\n<!-- \/ Yoast SEO plugin. -->","yoast_head_json":{"title":"El Consejo Escolar de Tornquist informa a la comunidad las obras realizadas durante el mes de abril - Noticias Radio Reflejos","robots":{"index":"index","follow":"follow","max-snippet":"max-snippet:-1","max-image-preview":"max-image-preview:large","max-video-preview":"max-video-preview:-1"},"canonical":"https:\/\/www.noticiasradioreflejos.com.ar\/2021\/el-consejo-escolar-de-tornquist-informa-a-la-comunidad-las-obras-realizadas-durante-el-mes-de-abril\/","og_locale":"es_ES","og_type":"article","og_title":"El Consejo Escolar de Tornquist informa a la comunidad las obras realizadas durante el mes de abril - Noticias Radio Reflejos","og_description":"Las mismas fueron realizadas con Fondos Presupuestario, Educativo, Compensador y\/o PEED, en los siguientes establecimientos educativos:","og_url":"https:\/\/www.noticiasradioreflejos.com.ar\/2021\/el-consejo-escolar-de-tornquist-informa-a-la-comunidad-las-obras-realizadas-durante-el-mes-de-abril\/","og_site_name":"Noticias Radio Reflejos","article_published_time":"2022-05-02T21:38:36+00:00","og_image":[{"url":"https:\/\/live.staticflickr.com\/65535\/52046513240_d81e682ce1_c.jpg","type":"","width":"","height":""}],"author":"Arnaldo Botto","twitter_card":"summary_large_image","schema":{"@context":"https:\/\/schema.org","@graph":[{"@type":"WebPage","@id":"https:\/\/www.noticiasradioreflejos.com.ar\/2021\/el-consejo-escolar-de-tornquist-informa-a-la-comunidad-las-obras-realizadas-durante-el-mes-de-abril\/","url":"https:\/\/www.noticiasradioreflejos.com.ar\/2021\/el-consejo-escolar-de-tornquist-informa-a-la-comunidad-las-obras-realizadas-durante-el-mes-de-abril\/","name":"El Consejo Escolar de Tornquist informa a la comunidad las obras realizadas durante el mes de abril - Noticias Radio Reflejos","isPartOf":{"@id":"https:\/\/www.noticiasradioreflejos.com.ar\/2021\/#website"},"primaryImageOfPage":{"@id":"https:\/\/www.noticiasradioreflejos.com.ar\/2021\/el-consejo-escolar-de-tornquist-informa-a-la-comunidad-las-obras-realizadas-durante-el-mes-de-abril\/#primaryimage"},"image":{"@id":"https:\/\/www.noticiasradioreflejos.com.ar\/2021\/el-consejo-escolar-de-tornquist-informa-a-la-comunidad-las-obras-realizadas-durante-el-mes-de-abril\/#primaryimage"},"thumbnailUrl":"https:\/\/live.staticflickr.com\/65535\/52046513240_d81e682ce1_c.jpg","datePublished":"2022-05-02T21:38:36+00:00","author":{"@id":"https:\/\/www.noticiasradioreflejos.com.ar\/2021\/#\/schema\/person\/ad82545263dcc5ec0996818884fd5fb1"},"breadcrumb":{"@id":"https:\/\/www.noticiasradioreflejos.com.ar\/2021\/el-consejo-escolar-de-tornquist-informa-a-la-comunidad-las-obras-realizadas-durante-el-mes-de-abril\/#breadcrumb"},"inLanguage":"es","potentialAction":[{"@type":"ReadAction","target":["https:\/\/www.noticiasradioreflejos.com.ar\/2021\/el-consejo-escolar-de-tornquist-informa-a-la-comunidad-las-obras-realizadas-durante-el-mes-de-abril\/"]}]},{"@type":"ImageObject","inLanguage":"es","@id":"https:\/\/www.noticiasradioreflejos.com.ar\/2021\/el-consejo-escolar-de-tornquist-informa-a-la-comunidad-las-obras-realizadas-durante-el-mes-de-abril\/#primaryimage","url":"https:\/\/live.staticflickr.com\/65535\/52046513240_d81e682ce1_c.jpg","contentUrl":"https:\/\/live.staticflickr.com\/65535\/52046513240_d81e682ce1_c.jpg"},{"@type":"BreadcrumbList","@id":"https:\/\/www.noticiasradioreflejos.com.ar\/2021\/el-consejo-escolar-de-tornquist-informa-a-la-comunidad-las-obras-realizadas-durante-el-mes-de-abril\/#breadcrumb","itemListElement":[{"@type":"ListItem","position":1,"name":"Portada","item":"https:\/\/www.noticiasradioreflejos.com.ar\/2021\/"},{"@type":"ListItem","position":2,"name":"El Consejo Escolar de Tornquist informa a la comunidad las obras realizadas durante el mes de abril"}]},{"@type":"WebSite","@id":"https:\/\/www.noticiasradioreflejos.com.ar\/2021\/#website","url":"https:\/\/www.noticiasradioreflejos.com.ar\/2021\/","name":"Noticias Radio Reflejos","description":"Las noticias de mi comarca","potentialAction":[{"@type":"SearchAction","target":{"@type":"EntryPoint","urlTemplate":"https:\/\/www.noticiasradioreflejos.com.ar\/2021\/?s={search_term_string}"},"query-input":{"@type":"PropertyValueSpecification","valueRequired":true,"valueName":"search_term_string"}}],"inLanguage":"es"},{"@type":"Person","@id":"https:\/\/www.noticiasradioreflejos.com.ar\/2021\/#\/schema\/person\/ad82545263dcc5ec0996818884fd5fb1","name":"Arnaldo Botto","image":{"@type":"ImageObject","inLanguage":"es","@id":"https:\/\/www.noticiasradioreflejos.com.ar\/2021\/#\/schema\/person\/image\/","url":"https:\/\/secure.gravatar.com\/avatar\/55cb5e37c1efa326397366e6974cb338056df65cb50e7d64d1cf314e87504837?s=96&d=mm&r=g","contentUrl":"https:\/\/secure.gravatar.com\/avatar\/55cb5e37c1efa326397366e6974cb338056df65cb50e7d64d1cf314e87504837?s=96&d=mm&r=g","caption":"Arnaldo Botto"},"url":"https:\/\/www.noticiasradioreflejos.com.ar\/2021\/author\/arnaldo\/"}]}},"_links":{"self":[{"href":"https:\/\/www.noticiasradioreflejos.com.ar\/2021\/wp-json\/wp\/v2\/posts\/71427","targetHints":{"allow":["GET"]}}],"collection":[{"href":"https:\/\/www.noticiasradioreflejos.com.ar\/2021\/wp-json\/wp\/v2\/posts"}],"about":[{"href":"https:\/\/www.noticiasradioreflejos.com.ar\/2021\/wp-json\/wp\/v2\/types\/post"}],"author":[{"embeddable":true,"href":"https:\/\/www.noticiasradioreflejos.com.ar\/2021\/wp-json\/wp\/v2\/users\/3"}],"replies":[{"embeddable":true,"href":"https:\/\/www.noticiasradioreflejos.com.ar\/2021\/wp-json\/wp\/v2\/comments?post=71427"}],"version-history":[{"count":1,"href":"https:\/\/www.noticiasradioreflejos.com.ar\/2021\/wp-json\/wp\/v2\/posts\/71427\/revisions"}],"predecessor-version":[{"id":71429,"href":"https:\/\/www.noticiasradioreflejos.com.ar\/2021\/wp-json\/wp\/v2\/posts\/71427\/revisions\/71429"}],"wp:attachment":[{"href":"https:\/\/www.noticiasradioreflejos.com.ar\/2021\/wp-json\/wp\/v2\/media?parent=71427"}],"wp:term":[{"taxonomy":"category","embeddable":true,"href":"https:\/\/www.noticiasradioreflejos.com.ar\/2021\/wp-json\/wp\/v2\/categories?post=71427"},{"taxonomy":"post_tag","embeddable":true,"href":"https:\/\/www.noticiasradioreflejos.com.ar\/2021\/wp-json\/wp\/v2\/tags?post=71427"}],"curies":[{"name":"wp","href":"https:\/\/api.w.org\/{rel}","templated":true}]}}