{"id":71398,"date":"2022-05-02T16:21:12","date_gmt":"2022-05-02T16:21:12","guid":{"rendered":"http:\/\/www.noticiasradioreflejos.com.ar\/2021\/?p=71398"},"modified":"2022-05-02T16:35:18","modified_gmt":"2022-05-02T16:35:18","slug":"murio-la-cantautora-maria-jose-cantilo-una-de-las-mujeres-pioneras-del-rock-nacional","status":"publish","type":"post","link":"https:\/\/www.noticiasradioreflejos.com.ar\/2021\/murio-la-cantautora-maria-jose-cantilo-una-de-las-mujeres-pioneras-del-rock-nacional\/","title":{"rendered":"Muri\u00f3 la cantautora Mar\u00eda Jos\u00e9 Cantilo, una de las mujeres pioneras del rock nacional"},"content":{"rendered":"<header class=\"article-header-wrapper\">\n<div class=\"article-header\">\n<p class=\"article-subheadline\">La autodenominada \u201caventurera del rock\u201d, falleci\u00f3 este lunes a los 68 a\u00f1os. La noticia la dieron a conocer a trav\u00e9s de las redes sociales.<\/p>\n<\/div>\n<\/header>\n<p><!--more--><\/p>\n<article class=\"article\">\n<div class=\"nd-body-article\">\n<p class=\"paragraph\"><b>Mar\u00eda Jos\u00e9 Cantilo,<\/b>\u00a0una de las mujeres pioneras de la escena musical de los 80, muri\u00f3 este lunes a los 68 a\u00f1os. Compositora y guitarrista, grab\u00f3 nueve discos y colabor\u00f3 con muchos de los principales artistas del rock nacional.<b>\u00a0Hasta el momento se desconocen las causas de su deceso.<\/b><\/p>\n<p class=\"paragraph\">Mar\u00eda Jos\u00e9 Cantilo naci\u00f3 el 5 de julio de 1953 en Belgrano, en el seno de una familia numerosa con diez hijos,<b>\u00a0y el mayor de sus hermano fue Miguel Cantilo, integrante de Pedro y Pablo<\/b>. Cantilo comenz\u00f3 a estudiar guitarra desde los 7 a\u00f1os, y pas\u00f3 su adolescencia en la casa de su hermano Miguel, donde tambi\u00e9n eran habitu\u00e9s otros m\u00fasicos como Moris, Miguel Abuelo, Pappo, Kubero D\u00edaz y Jorge Pinchevsky.<\/p>\n<p class=\"paragraph\">A mediados de los 70, Mar\u00eda Jos\u00e9 decidi\u00f3 cambiar la Capital Federal por la Patagonia y se mud\u00f3 a El Bols\u00f3n para vivir en una comunidad autosustentable. En 1982 volvi\u00f3 a Buenos Aires, y su regreso coincidi\u00f3 con el comienzo de su carrera como cantante. Luego de un paso por los festivales de La Falda y BA Rock, donde se present\u00f3 solo con su guitarra, Mar\u00eda Jos\u00e9 Cantilo grab\u00f3 su \u00e1lbum debut en 1984, con un elenco de invitados que inclu\u00eda a David Leb\u00f3n, Le\u00f3n Gieco, Osvaldo Fattorusso, Daniel Colombres y su hermano Miguel Cantilo.\u00a0<b>A pesar de que el \u00e1lbum pose\u00eda una versi\u00f3n en castellano de \u201cHurricane\u201d, de Bob Dylan, la recepci\u00f3n del disco fue moderada.<\/b><\/p>\n<div class=\"visual__image\"><img loading=\"lazy\" decoding=\"async\" class=\"\" src=\"https:\/\/cloudfront-us-east-1.images.arcpublishing.com\/infobae\/DBHPLIS6HNCUHFLIT6G4KW4F5Y.jpg\" sizes=\"auto, (min-width: 800px) 50vw, 90vw\" srcset=\"https:\/\/www.infobae.com\/new-resizer\/QKjwjlTxrINZ38teHeni9r-uN04=\/420x236\/filters:format(webp):quality(85)\/cloudfront-us-east-1.images.arcpublishing.com\/infobae\/DBHPLIS6HNCUHFLIT6G4KW4F5Y.jpg 420w,https:\/\/www.infobae.com\/new-resizer\/g8OTwC7GZ8bUV8jd1wInINAbjdI=\/768x432\/filters:format(webp):quality(85)\/cloudfront-us-east-1.images.arcpublishing.com\/infobae\/DBHPLIS6HNCUHFLIT6G4KW4F5Y.jpg 768w,https:\/\/www.infobae.com\/new-resizer\/kcQnIAXVX9AthDGUHxmXbX7bozY=\/992x558\/filters:format(webp):quality(85)\/cloudfront-us-east-1.images.arcpublishing.com\/infobae\/DBHPLIS6HNCUHFLIT6G4KW4F5Y.jpg 992w,https:\/\/www.infobae.com\/new-resizer\/KTtroE9wb4Na3eM03npz97HAEJ4=\/1200x675\/filters:format(webp):quality(85)\/cloudfront-us-east-1.images.arcpublishing.com\/infobae\/DBHPLIS6HNCUHFLIT6G4KW4F5Y.jpg 1200w,https:\/\/www.infobae.com\/new-resizer\/lo6qVE86G4NCfUUrC5H95eENzOQ=\/1440x810\/filters:format(webp):quality(85)\/cloudfront-us-east-1.images.arcpublishing.com\/infobae\/DBHPLIS6HNCUHFLIT6G4KW4F5Y.jpg 1440w\" alt=\"Mar\u00eda Jos\u00e9 Cantilo fue hippie y rockera en los 70 y 80, y en los 90 estuvo presa en una resonante causa por tenencia y tr\u00e1fico de drogas\" width=\"1920\" height=\"1080\" \/>Mar\u00eda Jos\u00e9 Cantilo fue hippie y rockera en los 70 y 80, y en los 90 estuvo presa en una resonante causa por tenencia y tr\u00e1fico de drogas<\/div>\n<p class=\"paragraph\">La respuesta moderada que recibi\u00f3 su primer trabajo discogr\u00e1fico hizo que Cantilo se tomase cinco a\u00f1os para planear el paso siguiente. En banda vio la luz en 1989, pero el \u00e9xito tambi\u00e9n le fue esquivo. Tres a\u00f1os m\u00e1s tarde, su vida sufrir\u00eda un duro rev\u00e9s cuando, como consecuencia de un juicio por tenencia y tr\u00e1fico de estupefacientes,\u00a0<b>Mar\u00eda Jos\u00e9 pas\u00f3 dos a\u00f1os y dos meses detenida en el penal de Ezeiza, una experiencia que narr\u00f3 en el libro\u00a0<\/b><i><b>Desde la c\u00e1rcel,<\/b><\/i><b>\u00a0publicado en 1994.<\/b><\/p>\n<p class=\"paragraph\"><b>\u201cEn la c\u00e1rcel aprend\u00ed mucho. Pero me hice cargo. Lo asum\u00ed, lo elabor\u00e9 y lo super\u00e9.\u00a0<\/b>No pretendo enterrar esa etapa de mi vida para que nadie la vea. Y la prueba est\u00e1 en que cargu\u00e9 con el estigma al hombro, camin\u00e9 con \u00e9l y siempre di la cara. Pero despu\u00e9s de tanta oscuridad, me dediqu\u00e9 aasimilar luz. Lo primero fue Aim\u00e9&#8230; y despu\u00e9s libros, m\u00fasica y amor. Ahora s\u00f3lo tengo que evitar que me vuelva a pasar lo mismo\u201d,reconoci\u00f3 la cantautora en alguna oportunidad.<\/p>\n<p class=\"paragraph\">\u201c\u00bfLe dej\u00f3 alguna ense\u00f1anza el hecho de haber estado presa?\u201d, le preguntaron una vez y ella no tuvo vueltas al responder. \u201cQue no se puede andar bardeando por la vida\u201d, dijo. \u201cEn un tiempo trabajaba con gente de energ\u00eda muy baja. Arriesgu\u00e9 demasiado. Me vino el palo y me cost\u00f3 digerirlo. Me met\u00ed en un tema que lindaba con la ilegalidad.\u00a0<b>Uno nunca quiere hacer mal, pero a veces bardea, de inconsciente nom\u00e1s\u201d,\u00a0<\/b>trasncurrido ese tiempo oscuro que supo transitar a lo largo de su vida.<\/p>\n<div class=\"visual__image\"><img loading=\"lazy\" decoding=\"async\" class=\"\" src=\"https:\/\/cloudfront-us-east-1.images.arcpublishing.com\/infobae\/V664AICADRASFBKZ5HYRFBWUNA.jpg\" sizes=\"auto, (min-width: 800px) 50vw, 90vw\" srcset=\"https:\/\/www.infobae.com\/new-resizer\/Bn1hjRP-yKGKiR-r6u87FeTg-aU=\/420x236\/filters:format(webp):quality(85)\/cloudfront-us-east-1.images.arcpublishing.com\/infobae\/V664AICADRASFBKZ5HYRFBWUNA.jpg 420w,https:\/\/www.infobae.com\/new-resizer\/MS5Jhu8jNZ7rFrPuhjOrsuzroE4=\/768x432\/filters:format(webp):quality(85)\/cloudfront-us-east-1.images.arcpublishing.com\/infobae\/V664AICADRASFBKZ5HYRFBWUNA.jpg 768w,https:\/\/www.infobae.com\/new-resizer\/kN9czY7UWSWIbzxTGtEbdFL74zI=\/992x558\/filters:format(webp):quality(85)\/cloudfront-us-east-1.images.arcpublishing.com\/infobae\/V664AICADRASFBKZ5HYRFBWUNA.jpg 992w,https:\/\/www.infobae.com\/new-resizer\/uQdjnUGvfQGPOJ9nCvflYlptgHM=\/1200x675\/filters:format(webp):quality(85)\/cloudfront-us-east-1.images.arcpublishing.com\/infobae\/V664AICADRASFBKZ5HYRFBWUNA.jpg 1200w,https:\/\/www.infobae.com\/new-resizer\/C0ZEPHxbCAn_aqFxvmjdLeJyRjQ=\/1440x810\/filters:format(webp):quality(85)\/cloudfront-us-east-1.images.arcpublishing.com\/infobae\/V664AICADRASFBKZ5HYRFBWUNA.jpg 1440w\" alt=\"La cantante era devota de Sai Baba\" width=\"1920\" height=\"1080\" \/>La cantante era devota de Sai Baba<\/div>\n<p class=\"paragraph\"><b>\u201cYa rend\u00ed las materias m\u00e1s dif\u00edciles de mi vida, las que menos me gustaban. Ahora tengo derecho a ser feliz\u201d<\/b>, le coment\u00f3 al diario\u00a0<i>P\u00e1gina\/12<\/i>\u00a0en 2000, sobre su regreso a la m\u00fasica, que hab\u00eda comenzado en el a\u00f1o anterior con el disco Sai Ram. Al a\u00f1o siguiente lanz\u00f3 otro disco, esta vez con un repertorio de standards de bossanova y jazz, y el gesto marcar\u00eda su carrera de ah\u00ed en m\u00e1s. Su \u00faltimo disco publicado es Esencia, de 2011, producido por su hijo, el guitarrista Gaspar Benegas.<\/p>\n<p class=\"paragraph\">Haciendo un balance a la hora de presentar su \u00faltimo trabajo, reconoci\u00f3: \u201cNo he tenido demasiada repercusi\u00f3n medi\u00e1tica con mis discos independientes, pero esta vez y en lugar de tratar de agradar al mercado quise hacer algo que me representara cabalmente\u201d. Y mientras durante gran parte de su ultimo tiempo reparti\u00f3 su vida entre El Bols\u00f3n y Buenos Aires,\u00a0<b>Cantilo celebraba de escaparle a los r\u00f3tulos pero segu\u00eda consider\u00e1ndose como parte del rock.<\/b><\/p>\n<p class=\"paragraph\">\u201cMis \u00faltimos discos los hice con Gaspar y con Baltasar (Comotto) y eran s\u00faper rockeros, pero aunque Esencia es de baladas, yo no me quiero bajar de ah\u00ed.<b>\u00a0A m\u00ed me gusta hacer m\u00fasica para conmover y eso tiene que ver con una cosa rockera de la que me siento parte\u201d,\u00a0<\/b>consideraba la artista cuando 12 a\u00f1os atr\u00e1s era protagonista de su \u00faltimo lanzamiento al mercado musical. A lo largo de su vida fue decantando la fascinante pasi\u00f3n terrenal y carnal por la armon\u00eda espiritual, pero nunca renunci\u00f3 a lo sangu\u00edneo a lo que ella consideraba como \u201cun doble juego hermoso\u201d.<\/p>\n<\/div>\n<\/article>\n<p><strong>Fuente Infobae<\/strong><\/p>\n","protected":false},"excerpt":{"rendered":"<p>La autodenominada \u201caventurera del rock\u201d, falleci\u00f3 este lunes a los 68 a\u00f1os. La noticia la dieron a conocer a trav\u00e9s de las redes sociales.<\/p>\n","protected":false},"author":3,"featured_media":0,"comment_status":"closed","ping_status":"closed","sticky":false,"template":"","format":"standard","meta":{"footnotes":""},"categories":[35,26],"tags":[],"class_list":["post-71398","post","type-post","status-publish","format-standard","hentry","category-cultura","category-sociedad"],"yoast_head":"<!-- This site is optimized with the Yoast SEO plugin v25.9 - https:\/\/yoast.com\/wordpress\/plugins\/seo\/ -->\n<title>Muri\u00f3 la cantautora Mar\u00eda Jos\u00e9 Cantilo, una de las mujeres pioneras del rock nacional - Noticias Radio Reflejos<\/title>\n<meta name=\"robots\" content=\"index, follow, max-snippet:-1, max-image-preview:large, max-video-preview:-1\" \/>\n<link rel=\"canonical\" href=\"https:\/\/www.noticiasradioreflejos.com.ar\/2021\/murio-la-cantautora-maria-jose-cantilo-una-de-las-mujeres-pioneras-del-rock-nacional\/\" \/>\n<meta property=\"og:locale\" content=\"es_ES\" \/>\n<meta property=\"og:type\" content=\"article\" \/>\n<meta property=\"og:title\" content=\"Muri\u00f3 la cantautora Mar\u00eda Jos\u00e9 Cantilo, una de las mujeres pioneras del rock nacional - Noticias Radio Reflejos\" \/>\n<meta property=\"og:description\" content=\"La autodenominada \u201caventurera del rock\u201d, falleci\u00f3 este lunes a los 68 a\u00f1os. La noticia la dieron a conocer a trav\u00e9s de las redes sociales.\" \/>\n<meta property=\"og:url\" content=\"https:\/\/www.noticiasradioreflejos.com.ar\/2021\/murio-la-cantautora-maria-jose-cantilo-una-de-las-mujeres-pioneras-del-rock-nacional\/\" \/>\n<meta property=\"og:site_name\" content=\"Noticias Radio Reflejos\" \/>\n<meta property=\"article:published_time\" content=\"2022-05-02T16:21:12+00:00\" \/>\n<meta property=\"article:modified_time\" content=\"2022-05-02T16:35:18+00:00\" \/>\n<meta property=\"og:image\" content=\"https:\/\/cloudfront-us-east-1.images.arcpublishing.com\/infobae\/DBHPLIS6HNCUHFLIT6G4KW4F5Y.jpg\" \/>\n<meta name=\"author\" content=\"Arnaldo Botto\" \/>\n<meta name=\"twitter:card\" content=\"summary_large_image\" \/>\n<script type=\"application\/ld+json\" class=\"yoast-schema-graph\">{\"@context\":\"https:\/\/schema.org\",\"@graph\":[{\"@type\":\"WebPage\",\"@id\":\"https:\/\/www.noticiasradioreflejos.com.ar\/2021\/murio-la-cantautora-maria-jose-cantilo-una-de-las-mujeres-pioneras-del-rock-nacional\/\",\"url\":\"https:\/\/www.noticiasradioreflejos.com.ar\/2021\/murio-la-cantautora-maria-jose-cantilo-una-de-las-mujeres-pioneras-del-rock-nacional\/\",\"name\":\"Muri\u00f3 la cantautora Mar\u00eda Jos\u00e9 Cantilo, una de las mujeres pioneras del rock nacional - Noticias Radio Reflejos\",\"isPartOf\":{\"@id\":\"https:\/\/www.noticiasradioreflejos.com.ar\/2021\/#website\"},\"primaryImageOfPage\":{\"@id\":\"https:\/\/www.noticiasradioreflejos.com.ar\/2021\/murio-la-cantautora-maria-jose-cantilo-una-de-las-mujeres-pioneras-del-rock-nacional\/#primaryimage\"},\"image\":{\"@id\":\"https:\/\/www.noticiasradioreflejos.com.ar\/2021\/murio-la-cantautora-maria-jose-cantilo-una-de-las-mujeres-pioneras-del-rock-nacional\/#primaryimage\"},\"thumbnailUrl\":\"https:\/\/cloudfront-us-east-1.images.arcpublishing.com\/infobae\/DBHPLIS6HNCUHFLIT6G4KW4F5Y.jpg\",\"datePublished\":\"2022-05-02T16:21:12+00:00\",\"dateModified\":\"2022-05-02T16:35:18+00:00\",\"author\":{\"@id\":\"https:\/\/www.noticiasradioreflejos.com.ar\/2021\/#\/schema\/person\/ad82545263dcc5ec0996818884fd5fb1\"},\"breadcrumb\":{\"@id\":\"https:\/\/www.noticiasradioreflejos.com.ar\/2021\/murio-la-cantautora-maria-jose-cantilo-una-de-las-mujeres-pioneras-del-rock-nacional\/#breadcrumb\"},\"inLanguage\":\"es\",\"potentialAction\":[{\"@type\":\"ReadAction\",\"target\":[\"https:\/\/www.noticiasradioreflejos.com.ar\/2021\/murio-la-cantautora-maria-jose-cantilo-una-de-las-mujeres-pioneras-del-rock-nacional\/\"]}]},{\"@type\":\"ImageObject\",\"inLanguage\":\"es\",\"@id\":\"https:\/\/www.noticiasradioreflejos.com.ar\/2021\/murio-la-cantautora-maria-jose-cantilo-una-de-las-mujeres-pioneras-del-rock-nacional\/#primaryimage\",\"url\":\"https:\/\/cloudfront-us-east-1.images.arcpublishing.com\/infobae\/DBHPLIS6HNCUHFLIT6G4KW4F5Y.jpg\",\"contentUrl\":\"https:\/\/cloudfront-us-east-1.images.arcpublishing.com\/infobae\/DBHPLIS6HNCUHFLIT6G4KW4F5Y.jpg\"},{\"@type\":\"BreadcrumbList\",\"@id\":\"https:\/\/www.noticiasradioreflejos.com.ar\/2021\/murio-la-cantautora-maria-jose-cantilo-una-de-las-mujeres-pioneras-del-rock-nacional\/#breadcrumb\",\"itemListElement\":[{\"@type\":\"ListItem\",\"position\":1,\"name\":\"Portada\",\"item\":\"https:\/\/www.noticiasradioreflejos.com.ar\/2021\/\"},{\"@type\":\"ListItem\",\"position\":2,\"name\":\"Muri\u00f3 la cantautora Mar\u00eda Jos\u00e9 Cantilo, una de las mujeres pioneras del rock nacional\"}]},{\"@type\":\"WebSite\",\"@id\":\"https:\/\/www.noticiasradioreflejos.com.ar\/2021\/#website\",\"url\":\"https:\/\/www.noticiasradioreflejos.com.ar\/2021\/\",\"name\":\"Noticias Radio Reflejos\",\"description\":\"Las noticias de mi comarca\",\"potentialAction\":[{\"@type\":\"SearchAction\",\"target\":{\"@type\":\"EntryPoint\",\"urlTemplate\":\"https:\/\/www.noticiasradioreflejos.com.ar\/2021\/?s={search_term_string}\"},\"query-input\":{\"@type\":\"PropertyValueSpecification\",\"valueRequired\":true,\"valueName\":\"search_term_string\"}}],\"inLanguage\":\"es\"},{\"@type\":\"Person\",\"@id\":\"https:\/\/www.noticiasradioreflejos.com.ar\/2021\/#\/schema\/person\/ad82545263dcc5ec0996818884fd5fb1\",\"name\":\"Arnaldo Botto\",\"image\":{\"@type\":\"ImageObject\",\"inLanguage\":\"es\",\"@id\":\"https:\/\/www.noticiasradioreflejos.com.ar\/2021\/#\/schema\/person\/image\/\",\"url\":\"https:\/\/secure.gravatar.com\/avatar\/55cb5e37c1efa326397366e6974cb338056df65cb50e7d64d1cf314e87504837?s=96&d=mm&r=g\",\"contentUrl\":\"https:\/\/secure.gravatar.com\/avatar\/55cb5e37c1efa326397366e6974cb338056df65cb50e7d64d1cf314e87504837?s=96&d=mm&r=g\",\"caption\":\"Arnaldo Botto\"},\"url\":\"https:\/\/www.noticiasradioreflejos.com.ar\/2021\/author\/arnaldo\/\"}]}<\/script>\n<!-- \/ Yoast SEO plugin. -->","yoast_head_json":{"title":"Muri\u00f3 la cantautora Mar\u00eda Jos\u00e9 Cantilo, una de las mujeres pioneras del rock nacional - Noticias Radio Reflejos","robots":{"index":"index","follow":"follow","max-snippet":"max-snippet:-1","max-image-preview":"max-image-preview:large","max-video-preview":"max-video-preview:-1"},"canonical":"https:\/\/www.noticiasradioreflejos.com.ar\/2021\/murio-la-cantautora-maria-jose-cantilo-una-de-las-mujeres-pioneras-del-rock-nacional\/","og_locale":"es_ES","og_type":"article","og_title":"Muri\u00f3 la cantautora Mar\u00eda Jos\u00e9 Cantilo, una de las mujeres pioneras del rock nacional - Noticias Radio Reflejos","og_description":"La autodenominada \u201caventurera del rock\u201d, falleci\u00f3 este lunes a los 68 a\u00f1os. La noticia la dieron a conocer a trav\u00e9s de las redes sociales.","og_url":"https:\/\/www.noticiasradioreflejos.com.ar\/2021\/murio-la-cantautora-maria-jose-cantilo-una-de-las-mujeres-pioneras-del-rock-nacional\/","og_site_name":"Noticias Radio Reflejos","article_published_time":"2022-05-02T16:21:12+00:00","article_modified_time":"2022-05-02T16:35:18+00:00","og_image":[{"url":"https:\/\/cloudfront-us-east-1.images.arcpublishing.com\/infobae\/DBHPLIS6HNCUHFLIT6G4KW4F5Y.jpg","type":"","width":"","height":""}],"author":"Arnaldo Botto","twitter_card":"summary_large_image","schema":{"@context":"https:\/\/schema.org","@graph":[{"@type":"WebPage","@id":"https:\/\/www.noticiasradioreflejos.com.ar\/2021\/murio-la-cantautora-maria-jose-cantilo-una-de-las-mujeres-pioneras-del-rock-nacional\/","url":"https:\/\/www.noticiasradioreflejos.com.ar\/2021\/murio-la-cantautora-maria-jose-cantilo-una-de-las-mujeres-pioneras-del-rock-nacional\/","name":"Muri\u00f3 la cantautora Mar\u00eda Jos\u00e9 Cantilo, una de las mujeres pioneras del rock nacional - Noticias Radio Reflejos","isPartOf":{"@id":"https:\/\/www.noticiasradioreflejos.com.ar\/2021\/#website"},"primaryImageOfPage":{"@id":"https:\/\/www.noticiasradioreflejos.com.ar\/2021\/murio-la-cantautora-maria-jose-cantilo-una-de-las-mujeres-pioneras-del-rock-nacional\/#primaryimage"},"image":{"@id":"https:\/\/www.noticiasradioreflejos.com.ar\/2021\/murio-la-cantautora-maria-jose-cantilo-una-de-las-mujeres-pioneras-del-rock-nacional\/#primaryimage"},"thumbnailUrl":"https:\/\/cloudfront-us-east-1.images.arcpublishing.com\/infobae\/DBHPLIS6HNCUHFLIT6G4KW4F5Y.jpg","datePublished":"2022-05-02T16:21:12+00:00","dateModified":"2022-05-02T16:35:18+00:00","author":{"@id":"https:\/\/www.noticiasradioreflejos.com.ar\/2021\/#\/schema\/person\/ad82545263dcc5ec0996818884fd5fb1"},"breadcrumb":{"@id":"https:\/\/www.noticiasradioreflejos.com.ar\/2021\/murio-la-cantautora-maria-jose-cantilo-una-de-las-mujeres-pioneras-del-rock-nacional\/#breadcrumb"},"inLanguage":"es","potentialAction":[{"@type":"ReadAction","target":["https:\/\/www.noticiasradioreflejos.com.ar\/2021\/murio-la-cantautora-maria-jose-cantilo-una-de-las-mujeres-pioneras-del-rock-nacional\/"]}]},{"@type":"ImageObject","inLanguage":"es","@id":"https:\/\/www.noticiasradioreflejos.com.ar\/2021\/murio-la-cantautora-maria-jose-cantilo-una-de-las-mujeres-pioneras-del-rock-nacional\/#primaryimage","url":"https:\/\/cloudfront-us-east-1.images.arcpublishing.com\/infobae\/DBHPLIS6HNCUHFLIT6G4KW4F5Y.jpg","contentUrl":"https:\/\/cloudfront-us-east-1.images.arcpublishing.com\/infobae\/DBHPLIS6HNCUHFLIT6G4KW4F5Y.jpg"},{"@type":"BreadcrumbList","@id":"https:\/\/www.noticiasradioreflejos.com.ar\/2021\/murio-la-cantautora-maria-jose-cantilo-una-de-las-mujeres-pioneras-del-rock-nacional\/#breadcrumb","itemListElement":[{"@type":"ListItem","position":1,"name":"Portada","item":"https:\/\/www.noticiasradioreflejos.com.ar\/2021\/"},{"@type":"ListItem","position":2,"name":"Muri\u00f3 la cantautora Mar\u00eda Jos\u00e9 Cantilo, una de las mujeres pioneras del rock nacional"}]},{"@type":"WebSite","@id":"https:\/\/www.noticiasradioreflejos.com.ar\/2021\/#website","url":"https:\/\/www.noticiasradioreflejos.com.ar\/2021\/","name":"Noticias Radio Reflejos","description":"Las noticias de mi comarca","potentialAction":[{"@type":"SearchAction","target":{"@type":"EntryPoint","urlTemplate":"https:\/\/www.noticiasradioreflejos.com.ar\/2021\/?s={search_term_string}"},"query-input":{"@type":"PropertyValueSpecification","valueRequired":true,"valueName":"search_term_string"}}],"inLanguage":"es"},{"@type":"Person","@id":"https:\/\/www.noticiasradioreflejos.com.ar\/2021\/#\/schema\/person\/ad82545263dcc5ec0996818884fd5fb1","name":"Arnaldo Botto","image":{"@type":"ImageObject","inLanguage":"es","@id":"https:\/\/www.noticiasradioreflejos.com.ar\/2021\/#\/schema\/person\/image\/","url":"https:\/\/secure.gravatar.com\/avatar\/55cb5e37c1efa326397366e6974cb338056df65cb50e7d64d1cf314e87504837?s=96&d=mm&r=g","contentUrl":"https:\/\/secure.gravatar.com\/avatar\/55cb5e37c1efa326397366e6974cb338056df65cb50e7d64d1cf314e87504837?s=96&d=mm&r=g","caption":"Arnaldo Botto"},"url":"https:\/\/www.noticiasradioreflejos.com.ar\/2021\/author\/arnaldo\/"}]}},"_links":{"self":[{"href":"https:\/\/www.noticiasradioreflejos.com.ar\/2021\/wp-json\/wp\/v2\/posts\/71398","targetHints":{"allow":["GET"]}}],"collection":[{"href":"https:\/\/www.noticiasradioreflejos.com.ar\/2021\/wp-json\/wp\/v2\/posts"}],"about":[{"href":"https:\/\/www.noticiasradioreflejos.com.ar\/2021\/wp-json\/wp\/v2\/types\/post"}],"author":[{"embeddable":true,"href":"https:\/\/www.noticiasradioreflejos.com.ar\/2021\/wp-json\/wp\/v2\/users\/3"}],"replies":[{"embeddable":true,"href":"https:\/\/www.noticiasradioreflejos.com.ar\/2021\/wp-json\/wp\/v2\/comments?post=71398"}],"version-history":[{"count":2,"href":"https:\/\/www.noticiasradioreflejos.com.ar\/2021\/wp-json\/wp\/v2\/posts\/71398\/revisions"}],"predecessor-version":[{"id":71401,"href":"https:\/\/www.noticiasradioreflejos.com.ar\/2021\/wp-json\/wp\/v2\/posts\/71398\/revisions\/71401"}],"wp:attachment":[{"href":"https:\/\/www.noticiasradioreflejos.com.ar\/2021\/wp-json\/wp\/v2\/media?parent=71398"}],"wp:term":[{"taxonomy":"category","embeddable":true,"href":"https:\/\/www.noticiasradioreflejos.com.ar\/2021\/wp-json\/wp\/v2\/categories?post=71398"},{"taxonomy":"post_tag","embeddable":true,"href":"https:\/\/www.noticiasradioreflejos.com.ar\/2021\/wp-json\/wp\/v2\/tags?post=71398"}],"curies":[{"name":"wp","href":"https:\/\/api.w.org\/{rel}","templated":true}]}}