{"id":71384,"date":"2022-05-02T12:01:28","date_gmt":"2022-05-02T12:01:28","guid":{"rendered":"http:\/\/www.noticiasradioreflejos.com.ar\/2021\/?p=71384"},"modified":"2022-05-02T12:12:30","modified_gmt":"2022-05-02T12:12:30","slug":"un-vehiculo-se-incendio-completamente-en-cercanias-de-frapal","status":"publish","type":"post","link":"https:\/\/www.noticiasradioreflejos.com.ar\/2021\/un-vehiculo-se-incendio-completamente-en-cercanias-de-frapal\/","title":{"rendered":"Un veh\u00edculo se incendi\u00f3 completamente en cercan\u00edas de Frapal."},"content":{"rendered":"<p>El hecho tuvo lugar en la ruta 72 a 4 kil\u00f3metros de Fra-Pal en direcci\u00f3n Coronel Dorrego. <!--more--><\/p>\n<p>Esta madrugada bomberos de Saldungaray acudieron a un incendio de un autom\u00f3vil que hab\u00eda volcado sobre la ruta 72. El veh\u00edculo es un Chevrolet Corsa pertenece a una empresa de remises de Cnel Dorrego que viajaba a Cnel Pringles,\u00a0 de acuerdo a la descripci\u00f3n de la conductora, al tratar de evitar chocar contra un carpincho que se encontraba sobre la ruta, en la maniobra pierde el control y\u00a0 vuelca. La mujer pudo descender si inconvenientes y sin lesiones del auto y minutos despu\u00e9s se incendia y es totalmente consumido por las llamas.<\/p>\n<p>Por estas horas polic\u00eda de Pringles se encuentra en el lugar realizando los peritajes correspondiente.<\/p>\n<p><a title=\"279287882_1141856793050033_1718390225561313186_n\" href=\"https:\/\/www.flickr.com\/photos\/182279889@N02\/52044695703\/in\/dateposted-public\/\" data-flickr-embed=\"true\"><img loading=\"lazy\" decoding=\"async\" src=\"https:\/\/live.staticflickr.com\/31337\/52044695703_5cda9027dc_c.jpg\" alt=\"279287882_1141856793050033_1718390225561313186_n\" width=\"800\" height=\"450\" \/><\/a><script async src=\"\/\/embedr.flickr.com\/assets\/client-code.js\" charset=\"utf-8\"><\/script><\/p>\n<p><span style=\"color: #333333;\"><strong>Fuente El Orden de Pringles.<\/strong><\/span><\/p>\n","protected":false},"excerpt":{"rendered":"<p>El hecho tuvo lugar en la ruta 72 a 4 kil\u00f3metros de Fra-Pal en direcci\u00f3n Coronel Dorrego.<\/p>\n","protected":false},"author":3,"featured_media":0,"comment_status":"closed","ping_status":"closed","sticky":false,"template":"","format":"standard","meta":{"footnotes":""},"categories":[29],"tags":[48],"class_list":["post-71384","post","type-post","status-publish","format-standard","hentry","category-policiales","tag-destacada"],"yoast_head":"<!-- This site is optimized with the Yoast SEO plugin v25.9 - https:\/\/yoast.com\/wordpress\/plugins\/seo\/ -->\n<title>Un veh\u00edculo se incendi\u00f3 completamente en cercan\u00edas de Frapal. - Noticias Radio Reflejos<\/title>\n<meta name=\"robots\" content=\"index, follow, max-snippet:-1, max-image-preview:large, max-video-preview:-1\" \/>\n<link rel=\"canonical\" href=\"https:\/\/www.noticiasradioreflejos.com.ar\/2021\/un-vehiculo-se-incendio-completamente-en-cercanias-de-frapal\/\" \/>\n<meta property=\"og:locale\" content=\"es_ES\" \/>\n<meta property=\"og:type\" content=\"article\" \/>\n<meta property=\"og:title\" content=\"Un veh\u00edculo se incendi\u00f3 completamente en cercan\u00edas de Frapal. - Noticias Radio Reflejos\" \/>\n<meta property=\"og:description\" content=\"El hecho tuvo lugar en la ruta 72 a 4 kil\u00f3metros de Fra-Pal en direcci\u00f3n Coronel Dorrego.\" \/>\n<meta property=\"og:url\" content=\"https:\/\/www.noticiasradioreflejos.com.ar\/2021\/un-vehiculo-se-incendio-completamente-en-cercanias-de-frapal\/\" \/>\n<meta property=\"og:site_name\" content=\"Noticias Radio Reflejos\" \/>\n<meta property=\"article:published_time\" content=\"2022-05-02T12:01:28+00:00\" \/>\n<meta property=\"article:modified_time\" content=\"2022-05-02T12:12:30+00:00\" \/>\n<meta property=\"og:image\" content=\"https:\/\/live.staticflickr.com\/31337\/52044695703_5cda9027dc_c.jpg\" \/>\n<meta name=\"author\" content=\"Arnaldo Botto\" \/>\n<meta name=\"twitter:card\" content=\"summary_large_image\" \/>\n<script type=\"application\/ld+json\" class=\"yoast-schema-graph\">{\"@context\":\"https:\/\/schema.org\",\"@graph\":[{\"@type\":\"WebPage\",\"@id\":\"https:\/\/www.noticiasradioreflejos.com.ar\/2021\/un-vehiculo-se-incendio-completamente-en-cercanias-de-frapal\/\",\"url\":\"https:\/\/www.noticiasradioreflejos.com.ar\/2021\/un-vehiculo-se-incendio-completamente-en-cercanias-de-frapal\/\",\"name\":\"Un veh\u00edculo se incendi\u00f3 completamente en cercan\u00edas de Frapal. - Noticias Radio Reflejos\",\"isPartOf\":{\"@id\":\"https:\/\/www.noticiasradioreflejos.com.ar\/2021\/#website\"},\"primaryImageOfPage\":{\"@id\":\"https:\/\/www.noticiasradioreflejos.com.ar\/2021\/un-vehiculo-se-incendio-completamente-en-cercanias-de-frapal\/#primaryimage\"},\"image\":{\"@id\":\"https:\/\/www.noticiasradioreflejos.com.ar\/2021\/un-vehiculo-se-incendio-completamente-en-cercanias-de-frapal\/#primaryimage\"},\"thumbnailUrl\":\"https:\/\/live.staticflickr.com\/31337\/52044695703_5cda9027dc_c.jpg\",\"datePublished\":\"2022-05-02T12:01:28+00:00\",\"dateModified\":\"2022-05-02T12:12:30+00:00\",\"author\":{\"@id\":\"https:\/\/www.noticiasradioreflejos.com.ar\/2021\/#\/schema\/person\/ad82545263dcc5ec0996818884fd5fb1\"},\"breadcrumb\":{\"@id\":\"https:\/\/www.noticiasradioreflejos.com.ar\/2021\/un-vehiculo-se-incendio-completamente-en-cercanias-de-frapal\/#breadcrumb\"},\"inLanguage\":\"es\",\"potentialAction\":[{\"@type\":\"ReadAction\",\"target\":[\"https:\/\/www.noticiasradioreflejos.com.ar\/2021\/un-vehiculo-se-incendio-completamente-en-cercanias-de-frapal\/\"]}]},{\"@type\":\"ImageObject\",\"inLanguage\":\"es\",\"@id\":\"https:\/\/www.noticiasradioreflejos.com.ar\/2021\/un-vehiculo-se-incendio-completamente-en-cercanias-de-frapal\/#primaryimage\",\"url\":\"https:\/\/live.staticflickr.com\/31337\/52044695703_5cda9027dc_c.jpg\",\"contentUrl\":\"https:\/\/live.staticflickr.com\/31337\/52044695703_5cda9027dc_c.jpg\"},{\"@type\":\"BreadcrumbList\",\"@id\":\"https:\/\/www.noticiasradioreflejos.com.ar\/2021\/un-vehiculo-se-incendio-completamente-en-cercanias-de-frapal\/#breadcrumb\",\"itemListElement\":[{\"@type\":\"ListItem\",\"position\":1,\"name\":\"Portada\",\"item\":\"https:\/\/www.noticiasradioreflejos.com.ar\/2021\/\"},{\"@type\":\"ListItem\",\"position\":2,\"name\":\"Un veh\u00edculo se incendi\u00f3 completamente en cercan\u00edas de Frapal.\"}]},{\"@type\":\"WebSite\",\"@id\":\"https:\/\/www.noticiasradioreflejos.com.ar\/2021\/#website\",\"url\":\"https:\/\/www.noticiasradioreflejos.com.ar\/2021\/\",\"name\":\"Noticias Radio Reflejos\",\"description\":\"Las noticias de mi comarca\",\"potentialAction\":[{\"@type\":\"SearchAction\",\"target\":{\"@type\":\"EntryPoint\",\"urlTemplate\":\"https:\/\/www.noticiasradioreflejos.com.ar\/2021\/?s={search_term_string}\"},\"query-input\":{\"@type\":\"PropertyValueSpecification\",\"valueRequired\":true,\"valueName\":\"search_term_string\"}}],\"inLanguage\":\"es\"},{\"@type\":\"Person\",\"@id\":\"https:\/\/www.noticiasradioreflejos.com.ar\/2021\/#\/schema\/person\/ad82545263dcc5ec0996818884fd5fb1\",\"name\":\"Arnaldo Botto\",\"image\":{\"@type\":\"ImageObject\",\"inLanguage\":\"es\",\"@id\":\"https:\/\/www.noticiasradioreflejos.com.ar\/2021\/#\/schema\/person\/image\/\",\"url\":\"https:\/\/secure.gravatar.com\/avatar\/55cb5e37c1efa326397366e6974cb338056df65cb50e7d64d1cf314e87504837?s=96&d=mm&r=g\",\"contentUrl\":\"https:\/\/secure.gravatar.com\/avatar\/55cb5e37c1efa326397366e6974cb338056df65cb50e7d64d1cf314e87504837?s=96&d=mm&r=g\",\"caption\":\"Arnaldo Botto\"},\"url\":\"https:\/\/www.noticiasradioreflejos.com.ar\/2021\/author\/arnaldo\/\"}]}<\/script>\n<!-- \/ Yoast SEO plugin. -->","yoast_head_json":{"title":"Un veh\u00edculo se incendi\u00f3 completamente en cercan\u00edas de Frapal. - Noticias Radio Reflejos","robots":{"index":"index","follow":"follow","max-snippet":"max-snippet:-1","max-image-preview":"max-image-preview:large","max-video-preview":"max-video-preview:-1"},"canonical":"https:\/\/www.noticiasradioreflejos.com.ar\/2021\/un-vehiculo-se-incendio-completamente-en-cercanias-de-frapal\/","og_locale":"es_ES","og_type":"article","og_title":"Un veh\u00edculo se incendi\u00f3 completamente en cercan\u00edas de Frapal. - Noticias Radio Reflejos","og_description":"El hecho tuvo lugar en la ruta 72 a 4 kil\u00f3metros de Fra-Pal en direcci\u00f3n Coronel Dorrego.","og_url":"https:\/\/www.noticiasradioreflejos.com.ar\/2021\/un-vehiculo-se-incendio-completamente-en-cercanias-de-frapal\/","og_site_name":"Noticias Radio Reflejos","article_published_time":"2022-05-02T12:01:28+00:00","article_modified_time":"2022-05-02T12:12:30+00:00","og_image":[{"url":"https:\/\/live.staticflickr.com\/31337\/52044695703_5cda9027dc_c.jpg","type":"","width":"","height":""}],"author":"Arnaldo Botto","twitter_card":"summary_large_image","schema":{"@context":"https:\/\/schema.org","@graph":[{"@type":"WebPage","@id":"https:\/\/www.noticiasradioreflejos.com.ar\/2021\/un-vehiculo-se-incendio-completamente-en-cercanias-de-frapal\/","url":"https:\/\/www.noticiasradioreflejos.com.ar\/2021\/un-vehiculo-se-incendio-completamente-en-cercanias-de-frapal\/","name":"Un veh\u00edculo se incendi\u00f3 completamente en cercan\u00edas de Frapal. - Noticias Radio Reflejos","isPartOf":{"@id":"https:\/\/www.noticiasradioreflejos.com.ar\/2021\/#website"},"primaryImageOfPage":{"@id":"https:\/\/www.noticiasradioreflejos.com.ar\/2021\/un-vehiculo-se-incendio-completamente-en-cercanias-de-frapal\/#primaryimage"},"image":{"@id":"https:\/\/www.noticiasradioreflejos.com.ar\/2021\/un-vehiculo-se-incendio-completamente-en-cercanias-de-frapal\/#primaryimage"},"thumbnailUrl":"https:\/\/live.staticflickr.com\/31337\/52044695703_5cda9027dc_c.jpg","datePublished":"2022-05-02T12:01:28+00:00","dateModified":"2022-05-02T12:12:30+00:00","author":{"@id":"https:\/\/www.noticiasradioreflejos.com.ar\/2021\/#\/schema\/person\/ad82545263dcc5ec0996818884fd5fb1"},"breadcrumb":{"@id":"https:\/\/www.noticiasradioreflejos.com.ar\/2021\/un-vehiculo-se-incendio-completamente-en-cercanias-de-frapal\/#breadcrumb"},"inLanguage":"es","potentialAction":[{"@type":"ReadAction","target":["https:\/\/www.noticiasradioreflejos.com.ar\/2021\/un-vehiculo-se-incendio-completamente-en-cercanias-de-frapal\/"]}]},{"@type":"ImageObject","inLanguage":"es","@id":"https:\/\/www.noticiasradioreflejos.com.ar\/2021\/un-vehiculo-se-incendio-completamente-en-cercanias-de-frapal\/#primaryimage","url":"https:\/\/live.staticflickr.com\/31337\/52044695703_5cda9027dc_c.jpg","contentUrl":"https:\/\/live.staticflickr.com\/31337\/52044695703_5cda9027dc_c.jpg"},{"@type":"BreadcrumbList","@id":"https:\/\/www.noticiasradioreflejos.com.ar\/2021\/un-vehiculo-se-incendio-completamente-en-cercanias-de-frapal\/#breadcrumb","itemListElement":[{"@type":"ListItem","position":1,"name":"Portada","item":"https:\/\/www.noticiasradioreflejos.com.ar\/2021\/"},{"@type":"ListItem","position":2,"name":"Un veh\u00edculo se incendi\u00f3 completamente en cercan\u00edas de Frapal."}]},{"@type":"WebSite","@id":"https:\/\/www.noticiasradioreflejos.com.ar\/2021\/#website","url":"https:\/\/www.noticiasradioreflejos.com.ar\/2021\/","name":"Noticias Radio Reflejos","description":"Las noticias de mi comarca","potentialAction":[{"@type":"SearchAction","target":{"@type":"EntryPoint","urlTemplate":"https:\/\/www.noticiasradioreflejos.com.ar\/2021\/?s={search_term_string}"},"query-input":{"@type":"PropertyValueSpecification","valueRequired":true,"valueName":"search_term_string"}}],"inLanguage":"es"},{"@type":"Person","@id":"https:\/\/www.noticiasradioreflejos.com.ar\/2021\/#\/schema\/person\/ad82545263dcc5ec0996818884fd5fb1","name":"Arnaldo Botto","image":{"@type":"ImageObject","inLanguage":"es","@id":"https:\/\/www.noticiasradioreflejos.com.ar\/2021\/#\/schema\/person\/image\/","url":"https:\/\/secure.gravatar.com\/avatar\/55cb5e37c1efa326397366e6974cb338056df65cb50e7d64d1cf314e87504837?s=96&d=mm&r=g","contentUrl":"https:\/\/secure.gravatar.com\/avatar\/55cb5e37c1efa326397366e6974cb338056df65cb50e7d64d1cf314e87504837?s=96&d=mm&r=g","caption":"Arnaldo Botto"},"url":"https:\/\/www.noticiasradioreflejos.com.ar\/2021\/author\/arnaldo\/"}]}},"_links":{"self":[{"href":"https:\/\/www.noticiasradioreflejos.com.ar\/2021\/wp-json\/wp\/v2\/posts\/71384","targetHints":{"allow":["GET"]}}],"collection":[{"href":"https:\/\/www.noticiasradioreflejos.com.ar\/2021\/wp-json\/wp\/v2\/posts"}],"about":[{"href":"https:\/\/www.noticiasradioreflejos.com.ar\/2021\/wp-json\/wp\/v2\/types\/post"}],"author":[{"embeddable":true,"href":"https:\/\/www.noticiasradioreflejos.com.ar\/2021\/wp-json\/wp\/v2\/users\/3"}],"replies":[{"embeddable":true,"href":"https:\/\/www.noticiasradioreflejos.com.ar\/2021\/wp-json\/wp\/v2\/comments?post=71384"}],"version-history":[{"count":3,"href":"https:\/\/www.noticiasradioreflejos.com.ar\/2021\/wp-json\/wp\/v2\/posts\/71384\/revisions"}],"predecessor-version":[{"id":71388,"href":"https:\/\/www.noticiasradioreflejos.com.ar\/2021\/wp-json\/wp\/v2\/posts\/71384\/revisions\/71388"}],"wp:attachment":[{"href":"https:\/\/www.noticiasradioreflejos.com.ar\/2021\/wp-json\/wp\/v2\/media?parent=71384"}],"wp:term":[{"taxonomy":"category","embeddable":true,"href":"https:\/\/www.noticiasradioreflejos.com.ar\/2021\/wp-json\/wp\/v2\/categories?post=71384"},{"taxonomy":"post_tag","embeddable":true,"href":"https:\/\/www.noticiasradioreflejos.com.ar\/2021\/wp-json\/wp\/v2\/tags?post=71384"}],"curies":[{"name":"wp","href":"https:\/\/api.w.org\/{rel}","templated":true}]}}