{"id":71371,"date":"2022-05-02T10:54:03","date_gmt":"2022-05-02T10:54:03","guid":{"rendered":"http:\/\/www.noticiasradioreflejos.com.ar\/2021\/?p=71371"},"modified":"2022-05-02T10:54:03","modified_gmt":"2022-05-02T10:54:03","slug":"vuelve-la-presencialidad-plena-para-los-trabajadores-de-la-administracion-publica","status":"publish","type":"post","link":"https:\/\/www.noticiasradioreflejos.com.ar\/2021\/vuelve-la-presencialidad-plena-para-los-trabajadores-de-la-administracion-publica\/","title":{"rendered":"Vuelve la presencialidad plena para los trabajadores de la administraci\u00f3n p\u00fablica"},"content":{"rendered":"<p>Superada la etapa cr\u00edtica de la pandemia de covid 19, este domingo dejan de estar vigentes los Decretos de Necesidad y Urgencia que establecieron mecanismos laborales virtuales como parte de las medidas dispuestas para frenar los contagios en el pa\u00eds.<!--more--><\/p>\n<figure class=\"mb-3\"><img decoding=\"async\" src=\"https:\/\/www.telam.com.ar\/thumbs\/bluesteel\/advf\/imagenes\/2021\/09\/612fc4b058722.09.2021%20foto%20leo%20vaca%20565_900.jpg\" alt=\"Ms all de la presencialidad plena los trabajadores debern continuar respetando recomendaciones generales para prevenir nuevos contagios de coronavirus y de otras enfermedades respiratorias\" width=\"100%\" height=\"100%\" \/><\/p>\n<div class=\"media-icons\"><\/div><figcaption>M\u00e1s all\u00e1 de la presencialidad plena, los trabajadores deber\u00e1n continuar respetando recomendaciones generales para prevenir nuevos contagios de coronavirus y de otras enfermedades respiratorias.<\/figcaption><\/figure>\n<p>Los trabajadores de la administraci\u00f3n p\u00fablica regresan este lunes a la presencialidad plena, de acuerdo con el decreto del Gobierno nacional que estableci\u00f3 como fecha l\u00edmite el 1 de mayo para poner fin a la modalidad de trabajo remoto,\u00a0<strong>tras haber superado la etapa cr\u00edtica de la pandemia de coronavirus.<\/strong><\/p>\n<p>A poco m\u00e1s de dos a\u00f1os de la irrupci\u00f3n de la Covid 19 en el pa\u00eds, este domingo dejan de estar vigentes los Decretos de Necesidad y Urgencia (DNU) que establecieron mecanismos laborales virtuales como parte de las medidas de cuidado dispuestas para frenar los contagios en el pa\u00eds.<\/p>\n<p>\u00abCada jurisdicci\u00f3n, organismo y entidad de la administraci\u00f3n p\u00fablica nacional (&#8230;) deber\u00e1 disponer el retorno a la modalidad de prestaci\u00f3n de servicios que era habitual en forma previa a la vigencia del\u00a0<strong>Decreto 260 del 12 de marzo de 2020\u00a0<\/strong>y sus modificatorios\u00bb, resolvi\u00f3 la Secretar\u00eda de Gesti\u00f3n y Empleo P\u00fablico de la Jefatura de Gabinete, a trav\u00e9s de la Resoluci\u00f3n 58\/2022, publicada el mes pasado en el Bolet\u00edn Oficial.<\/p>\n<p>Un primer paso ya hab\u00eda sido dado\u00a0<strong>a mediados de agosto pasado, cuando los empleados estatales empezaron a retornar a sus puestos de trabajo<\/strong>, aunque bajo un esquema mixto que combin\u00f3 tareas remotas y \u00abpresencialidad programada\u00bb.<\/p>\n<p>En aquel momento, la norma dictada por el Gobierno fij\u00f3 la presencialidad para \u00ablos trabajadores que hubieren recibido al menos la primera dosis de cualquiera de las vacunas destinadas a generar inmunidad contra la Covid-19\u00bb, autorizadas en la Argentina, luego de 14 d\u00edas posteriores a la inoculaci\u00f3n.<\/p>\n<p>Para ese per\u00edodo iniciado en agosto del 2021,\u00a0<strong>el Estado reacondicion\u00f3 sus sedes, de acuerdo con par\u00e1metros establecidos por las autoridades sanitarias\u00a0<\/strong>para mantener los cuidados que, adem\u00e1s del uso de barbijo y la sanitizaci\u00f3n, oblig\u00f3 a espaciar el n\u00famero de personas en un mismo \u00e1mbito.<\/p>\n<p>Aquella norma fue dictada a partir de la certeza de que se hab\u00edan alcanzado\u00a0<strong>\u00abaltas coberturas de vacunaci\u00f3n con una dosis\u00bb<\/strong>\u00a0y que se hab\u00eda registrado un \u00abdescenso de casos en la gran mayor\u00eda de las jurisdicciones\u00bb.<\/p>\n<p>De todos modos, ahora tambi\u00e9n los trabajadores deber\u00e1n continuar respetando recomendaciones generales para prevenir nuevos contagios de coronavirus y de otras enfermedades respiratorias.<\/p>\n<p>En paralelo y de acuerdo con la resoluci\u00f3n firmada el mes pasado por la secretaria de Gesti\u00f3n y Empleo P\u00fablico, Ana Castellani, los organismos estatales deben solicitar los certificados de vacunaci\u00f3n a sus trabajadores.<\/p>\n<p><strong>En el caso de aquellos que hayan desistido de vacunarse contra el coronavirus deber\u00e1n \u00abfirmar una Declaraci\u00f3n Jurada expresando que han recibido y comprendido la informaci\u00f3n vinculada a la vacunaci\u00f3n y que asumen toda responsabilidad derivada de la conducta que adopten\u00bb.<\/strong><\/p>\n<p>Tambi\u00e9n, los no vacunados tienen que comprometerse a \u00abtomar los recaudos necesarios para evitar los perjuicios que su decisi\u00f3n pudiere ocasionar al normal desempe\u00f1o del equipo de trabajo que integran\u00bb.<\/p>\n<p>Para esta vuelta definitiva a la presencialidad,\u00a0<strong>el Gobierno dispuso que seguir\u00e1n \u00abexceptuadas\u00bb las personas que acrediten documentaci\u00f3n m\u00e9dica por pertenecer a grupos de riesgos.<\/strong><\/p>\n<p>\u00abSolamente hoy siguen trabajando de manera remota aquellas personas que tienen alg\u00fan tipo de inmunodepresi\u00f3n, una comorbilidad, que establece muy claramente los incisos 5 y 6 de la \u00faltima resoluci\u00f3n de Salud, una situaci\u00f3n que impide, con acreditaci\u00f3n de certificado m\u00e9dico, la asistencia presencial\u00bb, explic\u00f3 en su momento Castellani.<\/p>\n<p><strong>Los exceptuados a prestar servicios de manera presencial son, por un lado, las personas con inmunodeficiencias cong\u00e9nita, asplenia funcional o anat\u00f3mica, anemia drepanoc\u00edtica y desnutrici\u00f3n grave, con VIH (dependiendo del status) y pacientes que tomen medicaci\u00f3n inmunosupresora o corticoides en altas dosis.<\/strong><\/p>\n<p>En este grupo tambi\u00e9n figuran los pacientes oncol\u00f3gicos y trasplantados: con enfermedad oncohematol\u00f3gica hasta seis meses posteriores a la remisi\u00f3n completa, con tumor de \u00f3rgano s\u00f3lido en tratamiento y los trasplantados de \u00f3rganos s\u00f3lidos o de precursores hematopoy\u00e9ticos.<\/p>\n<p>Adem\u00e1s, seg\u00fan los par\u00e1metros del Ministerio de Salud,<strong>\u00a0\u00abaquellos trabajadores que tengan diagn\u00f3stico de Covid-19, que no hayan requerido internaci\u00f3n, podr\u00e1n reincorporarse a sus lugares de trabajo sin necesidad de presentar resultado de test negativo ni certificado de alta\u00bb.<\/strong><\/p>\n<p>Con todo, la resoluci\u00f3n que empez\u00f3 a implementarse hoy advierte que \u00abaquellos trabajadores que no cumplan con la modalidad de servicios exigible ser\u00e1n pasibles de las sanciones que correspondan de conformidad con el r\u00e9gimen disciplinario aplicable\u00bb.<\/p>\n","protected":false},"excerpt":{"rendered":"<p>Superada la etapa cr\u00edtica de la pandemia de covid 19, este domingo dejan de estar vigentes los Decretos de Necesidad y Urgencia que establecieron mecanismos laborales virtuales como parte de las medidas dispuestas para frenar los contagios en el pa\u00eds.<\/p>\n","protected":false},"author":3,"featured_media":0,"comment_status":"closed","ping_status":"closed","sticky":false,"template":"","format":"standard","meta":{"footnotes":""},"categories":[24,26],"tags":[],"class_list":["post-71371","post","type-post","status-publish","format-standard","hentry","category-politica","category-sociedad"],"yoast_head":"<!-- This site is optimized with the Yoast SEO plugin v25.9 - https:\/\/yoast.com\/wordpress\/plugins\/seo\/ -->\n<title>Vuelve la presencialidad plena para los trabajadores de la administraci\u00f3n p\u00fablica - Noticias Radio Reflejos<\/title>\n<meta name=\"robots\" content=\"index, follow, max-snippet:-1, max-image-preview:large, max-video-preview:-1\" \/>\n<link rel=\"canonical\" href=\"https:\/\/www.noticiasradioreflejos.com.ar\/2021\/vuelve-la-presencialidad-plena-para-los-trabajadores-de-la-administracion-publica\/\" \/>\n<meta property=\"og:locale\" content=\"es_ES\" \/>\n<meta property=\"og:type\" content=\"article\" \/>\n<meta property=\"og:title\" content=\"Vuelve la presencialidad plena para los trabajadores de la administraci\u00f3n p\u00fablica - Noticias Radio Reflejos\" \/>\n<meta property=\"og:description\" content=\"Superada la etapa cr\u00edtica de la pandemia de covid 19, este domingo dejan de estar vigentes los Decretos de Necesidad y Urgencia que establecieron mecanismos laborales virtuales como parte de las medidas dispuestas para frenar los contagios en el pa\u00eds.\" \/>\n<meta property=\"og:url\" content=\"https:\/\/www.noticiasradioreflejos.com.ar\/2021\/vuelve-la-presencialidad-plena-para-los-trabajadores-de-la-administracion-publica\/\" \/>\n<meta property=\"og:site_name\" content=\"Noticias Radio Reflejos\" \/>\n<meta property=\"article:published_time\" content=\"2022-05-02T10:54:03+00:00\" \/>\n<meta property=\"og:image\" content=\"https:\/\/www.telam.com.ar\/thumbs\/bluesteel\/advf\/imagenes\/2021\/09\/612fc4b058722.09.2021%20foto%20leo%20vaca%20565_900.jpg\" \/>\n<meta name=\"author\" content=\"Arnaldo Botto\" \/>\n<meta name=\"twitter:card\" content=\"summary_large_image\" \/>\n<script type=\"application\/ld+json\" class=\"yoast-schema-graph\">{\"@context\":\"https:\/\/schema.org\",\"@graph\":[{\"@type\":\"WebPage\",\"@id\":\"https:\/\/www.noticiasradioreflejos.com.ar\/2021\/vuelve-la-presencialidad-plena-para-los-trabajadores-de-la-administracion-publica\/\",\"url\":\"https:\/\/www.noticiasradioreflejos.com.ar\/2021\/vuelve-la-presencialidad-plena-para-los-trabajadores-de-la-administracion-publica\/\",\"name\":\"Vuelve la presencialidad plena para los trabajadores de la administraci\u00f3n p\u00fablica - Noticias Radio Reflejos\",\"isPartOf\":{\"@id\":\"https:\/\/www.noticiasradioreflejos.com.ar\/2021\/#website\"},\"primaryImageOfPage\":{\"@id\":\"https:\/\/www.noticiasradioreflejos.com.ar\/2021\/vuelve-la-presencialidad-plena-para-los-trabajadores-de-la-administracion-publica\/#primaryimage\"},\"image\":{\"@id\":\"https:\/\/www.noticiasradioreflejos.com.ar\/2021\/vuelve-la-presencialidad-plena-para-los-trabajadores-de-la-administracion-publica\/#primaryimage\"},\"thumbnailUrl\":\"https:\/\/www.telam.com.ar\/thumbs\/bluesteel\/advf\/imagenes\/2021\/09\/612fc4b058722.09.2021%20foto%20leo%20vaca%20565_900.jpg\",\"datePublished\":\"2022-05-02T10:54:03+00:00\",\"author\":{\"@id\":\"https:\/\/www.noticiasradioreflejos.com.ar\/2021\/#\/schema\/person\/ad82545263dcc5ec0996818884fd5fb1\"},\"breadcrumb\":{\"@id\":\"https:\/\/www.noticiasradioreflejos.com.ar\/2021\/vuelve-la-presencialidad-plena-para-los-trabajadores-de-la-administracion-publica\/#breadcrumb\"},\"inLanguage\":\"es\",\"potentialAction\":[{\"@type\":\"ReadAction\",\"target\":[\"https:\/\/www.noticiasradioreflejos.com.ar\/2021\/vuelve-la-presencialidad-plena-para-los-trabajadores-de-la-administracion-publica\/\"]}]},{\"@type\":\"ImageObject\",\"inLanguage\":\"es\",\"@id\":\"https:\/\/www.noticiasradioreflejos.com.ar\/2021\/vuelve-la-presencialidad-plena-para-los-trabajadores-de-la-administracion-publica\/#primaryimage\",\"url\":\"https:\/\/www.telam.com.ar\/thumbs\/bluesteel\/advf\/imagenes\/2021\/09\/612fc4b058722.09.2021%20foto%20leo%20vaca%20565_900.jpg\",\"contentUrl\":\"https:\/\/www.telam.com.ar\/thumbs\/bluesteel\/advf\/imagenes\/2021\/09\/612fc4b058722.09.2021%20foto%20leo%20vaca%20565_900.jpg\"},{\"@type\":\"BreadcrumbList\",\"@id\":\"https:\/\/www.noticiasradioreflejos.com.ar\/2021\/vuelve-la-presencialidad-plena-para-los-trabajadores-de-la-administracion-publica\/#breadcrumb\",\"itemListElement\":[{\"@type\":\"ListItem\",\"position\":1,\"name\":\"Portada\",\"item\":\"https:\/\/www.noticiasradioreflejos.com.ar\/2021\/\"},{\"@type\":\"ListItem\",\"position\":2,\"name\":\"Vuelve la presencialidad plena para los trabajadores de la administraci\u00f3n p\u00fablica\"}]},{\"@type\":\"WebSite\",\"@id\":\"https:\/\/www.noticiasradioreflejos.com.ar\/2021\/#website\",\"url\":\"https:\/\/www.noticiasradioreflejos.com.ar\/2021\/\",\"name\":\"Noticias Radio Reflejos\",\"description\":\"Las noticias de mi comarca\",\"potentialAction\":[{\"@type\":\"SearchAction\",\"target\":{\"@type\":\"EntryPoint\",\"urlTemplate\":\"https:\/\/www.noticiasradioreflejos.com.ar\/2021\/?s={search_term_string}\"},\"query-input\":{\"@type\":\"PropertyValueSpecification\",\"valueRequired\":true,\"valueName\":\"search_term_string\"}}],\"inLanguage\":\"es\"},{\"@type\":\"Person\",\"@id\":\"https:\/\/www.noticiasradioreflejos.com.ar\/2021\/#\/schema\/person\/ad82545263dcc5ec0996818884fd5fb1\",\"name\":\"Arnaldo Botto\",\"image\":{\"@type\":\"ImageObject\",\"inLanguage\":\"es\",\"@id\":\"https:\/\/www.noticiasradioreflejos.com.ar\/2021\/#\/schema\/person\/image\/\",\"url\":\"https:\/\/secure.gravatar.com\/avatar\/55cb5e37c1efa326397366e6974cb338056df65cb50e7d64d1cf314e87504837?s=96&d=mm&r=g\",\"contentUrl\":\"https:\/\/secure.gravatar.com\/avatar\/55cb5e37c1efa326397366e6974cb338056df65cb50e7d64d1cf314e87504837?s=96&d=mm&r=g\",\"caption\":\"Arnaldo Botto\"},\"url\":\"https:\/\/www.noticiasradioreflejos.com.ar\/2021\/author\/arnaldo\/\"}]}<\/script>\n<!-- \/ Yoast SEO plugin. -->","yoast_head_json":{"title":"Vuelve la presencialidad plena para los trabajadores de la administraci\u00f3n p\u00fablica - Noticias Radio Reflejos","robots":{"index":"index","follow":"follow","max-snippet":"max-snippet:-1","max-image-preview":"max-image-preview:large","max-video-preview":"max-video-preview:-1"},"canonical":"https:\/\/www.noticiasradioreflejos.com.ar\/2021\/vuelve-la-presencialidad-plena-para-los-trabajadores-de-la-administracion-publica\/","og_locale":"es_ES","og_type":"article","og_title":"Vuelve la presencialidad plena para los trabajadores de la administraci\u00f3n p\u00fablica - Noticias Radio Reflejos","og_description":"Superada la etapa cr\u00edtica de la pandemia de covid 19, este domingo dejan de estar vigentes los Decretos de Necesidad y Urgencia que establecieron mecanismos laborales virtuales como parte de las medidas dispuestas para frenar los contagios en el pa\u00eds.","og_url":"https:\/\/www.noticiasradioreflejos.com.ar\/2021\/vuelve-la-presencialidad-plena-para-los-trabajadores-de-la-administracion-publica\/","og_site_name":"Noticias Radio Reflejos","article_published_time":"2022-05-02T10:54:03+00:00","og_image":[{"url":"https:\/\/www.telam.com.ar\/thumbs\/bluesteel\/advf\/imagenes\/2021\/09\/612fc4b058722.09.2021%20foto%20leo%20vaca%20565_900.jpg","type":"","width":"","height":""}],"author":"Arnaldo Botto","twitter_card":"summary_large_image","schema":{"@context":"https:\/\/schema.org","@graph":[{"@type":"WebPage","@id":"https:\/\/www.noticiasradioreflejos.com.ar\/2021\/vuelve-la-presencialidad-plena-para-los-trabajadores-de-la-administracion-publica\/","url":"https:\/\/www.noticiasradioreflejos.com.ar\/2021\/vuelve-la-presencialidad-plena-para-los-trabajadores-de-la-administracion-publica\/","name":"Vuelve la presencialidad plena para los trabajadores de la administraci\u00f3n p\u00fablica - Noticias Radio Reflejos","isPartOf":{"@id":"https:\/\/www.noticiasradioreflejos.com.ar\/2021\/#website"},"primaryImageOfPage":{"@id":"https:\/\/www.noticiasradioreflejos.com.ar\/2021\/vuelve-la-presencialidad-plena-para-los-trabajadores-de-la-administracion-publica\/#primaryimage"},"image":{"@id":"https:\/\/www.noticiasradioreflejos.com.ar\/2021\/vuelve-la-presencialidad-plena-para-los-trabajadores-de-la-administracion-publica\/#primaryimage"},"thumbnailUrl":"https:\/\/www.telam.com.ar\/thumbs\/bluesteel\/advf\/imagenes\/2021\/09\/612fc4b058722.09.2021%20foto%20leo%20vaca%20565_900.jpg","datePublished":"2022-05-02T10:54:03+00:00","author":{"@id":"https:\/\/www.noticiasradioreflejos.com.ar\/2021\/#\/schema\/person\/ad82545263dcc5ec0996818884fd5fb1"},"breadcrumb":{"@id":"https:\/\/www.noticiasradioreflejos.com.ar\/2021\/vuelve-la-presencialidad-plena-para-los-trabajadores-de-la-administracion-publica\/#breadcrumb"},"inLanguage":"es","potentialAction":[{"@type":"ReadAction","target":["https:\/\/www.noticiasradioreflejos.com.ar\/2021\/vuelve-la-presencialidad-plena-para-los-trabajadores-de-la-administracion-publica\/"]}]},{"@type":"ImageObject","inLanguage":"es","@id":"https:\/\/www.noticiasradioreflejos.com.ar\/2021\/vuelve-la-presencialidad-plena-para-los-trabajadores-de-la-administracion-publica\/#primaryimage","url":"https:\/\/www.telam.com.ar\/thumbs\/bluesteel\/advf\/imagenes\/2021\/09\/612fc4b058722.09.2021%20foto%20leo%20vaca%20565_900.jpg","contentUrl":"https:\/\/www.telam.com.ar\/thumbs\/bluesteel\/advf\/imagenes\/2021\/09\/612fc4b058722.09.2021%20foto%20leo%20vaca%20565_900.jpg"},{"@type":"BreadcrumbList","@id":"https:\/\/www.noticiasradioreflejos.com.ar\/2021\/vuelve-la-presencialidad-plena-para-los-trabajadores-de-la-administracion-publica\/#breadcrumb","itemListElement":[{"@type":"ListItem","position":1,"name":"Portada","item":"https:\/\/www.noticiasradioreflejos.com.ar\/2021\/"},{"@type":"ListItem","position":2,"name":"Vuelve la presencialidad plena para los trabajadores de la administraci\u00f3n p\u00fablica"}]},{"@type":"WebSite","@id":"https:\/\/www.noticiasradioreflejos.com.ar\/2021\/#website","url":"https:\/\/www.noticiasradioreflejos.com.ar\/2021\/","name":"Noticias Radio Reflejos","description":"Las noticias de mi comarca","potentialAction":[{"@type":"SearchAction","target":{"@type":"EntryPoint","urlTemplate":"https:\/\/www.noticiasradioreflejos.com.ar\/2021\/?s={search_term_string}"},"query-input":{"@type":"PropertyValueSpecification","valueRequired":true,"valueName":"search_term_string"}}],"inLanguage":"es"},{"@type":"Person","@id":"https:\/\/www.noticiasradioreflejos.com.ar\/2021\/#\/schema\/person\/ad82545263dcc5ec0996818884fd5fb1","name":"Arnaldo Botto","image":{"@type":"ImageObject","inLanguage":"es","@id":"https:\/\/www.noticiasradioreflejos.com.ar\/2021\/#\/schema\/person\/image\/","url":"https:\/\/secure.gravatar.com\/avatar\/55cb5e37c1efa326397366e6974cb338056df65cb50e7d64d1cf314e87504837?s=96&d=mm&r=g","contentUrl":"https:\/\/secure.gravatar.com\/avatar\/55cb5e37c1efa326397366e6974cb338056df65cb50e7d64d1cf314e87504837?s=96&d=mm&r=g","caption":"Arnaldo Botto"},"url":"https:\/\/www.noticiasradioreflejos.com.ar\/2021\/author\/arnaldo\/"}]}},"_links":{"self":[{"href":"https:\/\/www.noticiasradioreflejos.com.ar\/2021\/wp-json\/wp\/v2\/posts\/71371","targetHints":{"allow":["GET"]}}],"collection":[{"href":"https:\/\/www.noticiasradioreflejos.com.ar\/2021\/wp-json\/wp\/v2\/posts"}],"about":[{"href":"https:\/\/www.noticiasradioreflejos.com.ar\/2021\/wp-json\/wp\/v2\/types\/post"}],"author":[{"embeddable":true,"href":"https:\/\/www.noticiasradioreflejos.com.ar\/2021\/wp-json\/wp\/v2\/users\/3"}],"replies":[{"embeddable":true,"href":"https:\/\/www.noticiasradioreflejos.com.ar\/2021\/wp-json\/wp\/v2\/comments?post=71371"}],"version-history":[{"count":1,"href":"https:\/\/www.noticiasradioreflejos.com.ar\/2021\/wp-json\/wp\/v2\/posts\/71371\/revisions"}],"predecessor-version":[{"id":71372,"href":"https:\/\/www.noticiasradioreflejos.com.ar\/2021\/wp-json\/wp\/v2\/posts\/71371\/revisions\/71372"}],"wp:attachment":[{"href":"https:\/\/www.noticiasradioreflejos.com.ar\/2021\/wp-json\/wp\/v2\/media?parent=71371"}],"wp:term":[{"taxonomy":"category","embeddable":true,"href":"https:\/\/www.noticiasradioreflejos.com.ar\/2021\/wp-json\/wp\/v2\/categories?post=71371"},{"taxonomy":"post_tag","embeddable":true,"href":"https:\/\/www.noticiasradioreflejos.com.ar\/2021\/wp-json\/wp\/v2\/tags?post=71371"}],"curies":[{"name":"wp","href":"https:\/\/api.w.org\/{rel}","templated":true}]}}