{"id":71368,"date":"2022-05-02T10:50:57","date_gmt":"2022-05-02T10:50:57","guid":{"rendered":"http:\/\/www.noticiasradioreflejos.com.ar\/2021\/?p=71368"},"modified":"2022-05-02T10:50:57","modified_gmt":"2022-05-02T10:50:57","slug":"veteranos-del-ara-general-belgrano-navegan-hacia-el-sitio-de-su-hundimiento","status":"publish","type":"post","link":"https:\/\/www.noticiasradioreflejos.com.ar\/2021\/veteranos-del-ara-general-belgrano-navegan-hacia-el-sitio-de-su-hundimiento\/","title":{"rendered":"Veteranos del ARA \u00abGeneral Belgrano\u00bb navegan hacia el sitio de su hundimiento"},"content":{"rendered":"<p>A 40 a\u00f1os del hundimiento del crucero, que cost\u00f3 la vida de 323 marinos argentinos, el Ministerio de Defensa tom\u00f3 la iniciativa de homenajear a su tripulaci\u00f3n en el lugar de su naufragio con algunos de los m\u00e1s de setecientos hombres que sobrevivieron.<!--more--><\/p>\n<div class=\"video_repositive\">\n<div id=\"mXUsAH1r7mw\" class=\"video_telam\">\n<div class=\"feature_article_inner\">\n<div class=\"feature_article_title\"><\/div>\n<\/div>\n<p><iframe loading=\"lazy\" title=\"YouTube video player\" src=\"https:\/\/www.youtube.com\/embed\/mXUsAH1r7mw\" width=\"843\" height=\"474\" frameborder=\"0\" allowfullscreen=\"allowfullscreen\"><\/iframe><\/p>\n<p>&nbsp;<\/p>\n<p><strong>Veteranos\u00a0<\/strong>sobrevivientes del hundimiento del crucero\u00a0<strong>\u00abGeneral Belgrano\u00bb<\/strong>\u00a0embarcaron este domingo por la tarde en el rompehielos<strong>\u00a0\u00abAlmirante Irizar\u00bb<\/strong>\u00a0para navegar rumbo al punto del Atl\u00e1ntico Sur en el que ese buque fue torpedeado y hundido por el submarino brit\u00e1nico HMS \u00abConqueror\u00bb el 2 de mayo de 1982, durante la\u00a0<strong>Guerra de Malvina<\/strong>s.<\/p>\n<p>La comitiva de veteranos, militares y funcionarios encabezada por el ministro de Defensa,\u00a0<strong>Jorge Taian<\/strong>a, embarc\u00f3 en el rompehielos \u00abAlmirante Irizar\u00bb este domingo pasadas las 15 en la ciudad fueguina de Ushuaia con el objetivo de llegar al punto 55\u00b024\u2032S 61\u00b032\u2032O, a unos<strong>\u00a0160 kil\u00f3metros al sur de la Isla de los Estados<\/strong>, el lunes antes de las 16, horario en el que se cumplir\u00edan 40 a\u00f1os del impacto de los torpedos brit\u00e1nicos en el buque argentino.<\/p>\n<p>El ataque al crucero permiti\u00f3 a los brit\u00e1nicos tener la superioridad naval en la zona y gener\u00f3 una pol\u00e9mica en ambos pa\u00edses, al haberse producido fuera del \u00e1rea de exclusi\u00f3n establecida por el gobierno ingl\u00e9s alrededor de las<strong>\u00a0Islas Malvinas<\/strong>.<\/p>\n<h2 class=\"\">Cronolog\u00eda del hundimiento<\/h2>\n<p>Cerca de las 20 del 1 de mayo de 1982, mientras navegaba cerca de Isla de los Estados, el \u00abGeneral Belgrano\u00bb hab\u00eda recibido \u00f3rdenes para sumarse a una maniobra de pinzas que se abalanzar\u00eda contra los brit\u00e1nicos desde el sur. El portaaviones \u00abVeinticinco de Mayo\u00bb liderar\u00eda el otro brazo de la operaci\u00f3n.<\/p>\n<p>Pero este plan fue cancelado por las condiciones que imped\u00edan operar a los aviones embarcados en el portaaviones y el crucero emprendi\u00f3 el regreso en sentido al continente.<\/p>\n<p>El submarino\u00a0<strong>HMS \u00abConqueror<\/strong>\u00bb comenz\u00f3 a seguir al \u00abGeneral Belgrano\u00bb el 1 de mayo por la ma\u00f1ana, y despu\u00e9s de recibir autorizaci\u00f3n del gobierno de la premier\u00a0<strong>Margaret Thatche<\/strong>r dispar\u00f3 los dos torpedos que hundieron al crucero argentino a las 16 horas del 2 de mayo de 1982.<\/p>\n<blockquote class=\"twitter-tweet\">\n<p dir=\"ltr\" lang=\"es\">A bordo del Irizar navegaremos hasta llegar al lugar del hundimiento del Crucero General Belgrano para rendirle homenaje a los 323 ca\u00eddos en ese ataque brit\u00e1nico.\u00a0<a href=\"https:\/\/t.co\/7fdaHbV3Uq\">pic.twitter.com\/7fdaHbV3Uq<\/a><\/p>\n<p>\u2014 Jorge Taiana (@JorgeTaiana)\u00a0<a href=\"https:\/\/twitter.com\/JorgeTaiana\/status\/1520850605459140608?ref_src=twsrc%5Etfw\">May 1, 2022<\/a><\/p><\/blockquote>\n<p>A las 16.02, mientras los artilleros que se encontraban de guardia probaban algunos mecanismos y la Torreta II buscaba posibles blancos en el horizonte, el \u00abGeneral Belgrano\u00bb se sacudi\u00f3 violentamente como consecuencia de una poderosa explosi\u00f3n, seguida del cese inmediato de energ\u00eda e iluminaci\u00f3n que paraliz\u00f3 a los 1.093 tripulantes.<\/p>\n<p>Este fue el primero de los tres\u00a0<strong>torpedos MK-813<\/strong>\u200b lanzados por el Conqueror desde una distancia de unos 5 kil\u00f3metros. Unos momentos despu\u00e9s\u00a0<strong>el segundo torpedo produjo una nueva explosi\u00f3n en la altura de la proa de la nav<\/strong>e.<\/p>\n<p>Este nuevo impacto provoc\u00f3 el\u00a0<strong>desprendimiento de 12 metros de la proa<\/strong>\u00a0del buque, que inmediatamente comenz\u00f3 la inclinaci\u00f3n a babor y hacia las 16:05, se dio la orden de zafarrancho de siniestro.<\/p>\n<p>A las 16.23 el comandante<strong>\u00a0H\u00e9ctor Bonzo<\/strong>\u00a0dio la orden de\u00a0<strong>abandonar la nav<\/strong>e; la marejada que hab\u00eda en ese momento dificult\u00f3 la visi\u00f3n y la comunicaci\u00f3n entre las balsas, por lo cual algunas quedaron sobrecargadas con 30 personas y otras subocupadas con no m\u00e1s de tres marinos.<\/p>\n<p>&nbsp;<\/p>\n<figure class=\"mb-3\"><img decoding=\"async\" src=\"https:\/\/www.telam.com.ar\/thumbs\/bluesteel\/advf\/imagenes\/2022\/04\/626d64d14a646_900.jpg\" alt=\"Jorge Taiana embarc en el rompehielos Almirante Irizar este domingo para dirigirse al lugar\" width=\"100%\" height=\"100%\" \/><\/p>\n<div class=\"media-icons\"><\/div><figcaption>Jorge Taiana embarc\u00f3 en el rompehielos \u00abAlmirante Irizar\u00bb este domingo para dirigirse al lugar.<\/figcaption><\/figure>\n<p>A las 16.50 la escora de 60\u00b0 preanunciaba el hundimiento, y en 10 minutos el crucero fue engullido por las aguas aproximadamente en el punto 55\u00b024\u2032S 61\u00b032\u2032O del Oc\u00e9ano Atl\u00e1ntico.<\/p>\n<p>Una vez que la noticia del hundimiento de la nave lleg\u00f3 al continente, se dispuso un<strong>\u00a0operativo de rescate<\/strong>\u00a0que se extendi\u00f3 hasta el d\u00eda 9 de mayo, verificando la imposibilidad de que quedaran m\u00e1s supervivientes o cad\u00e1veres en la zona.<\/p>\n<p>Los buques recogieron un total de<strong>\u00a0793 de los 1.093 tripulantes<\/strong>, de los que resultaban 23 fallecidos en las balsas, y otros 300 en el propio naufragio.<\/p>\n<\/div>\n<\/div>\n","protected":false},"excerpt":{"rendered":"<p>A 40 a\u00f1os del hundimiento del crucero, que cost\u00f3 la vida de 323 marinos argentinos, el Ministerio de Defensa tom\u00f3 la iniciativa de homenajear a su tripulaci\u00f3n en el lugar de su naufragio con algunos de los m\u00e1s de setecientos hombres que sobrevivieron.<\/p>\n","protected":false},"author":3,"featured_media":0,"comment_status":"closed","ping_status":"closed","sticky":false,"template":"","format":"standard","meta":{"footnotes":""},"categories":[24,26],"tags":[],"class_list":["post-71368","post","type-post","status-publish","format-standard","hentry","category-politica","category-sociedad"],"yoast_head":"<!-- This site is optimized with the Yoast SEO plugin v25.9 - https:\/\/yoast.com\/wordpress\/plugins\/seo\/ -->\n<title>Veteranos del ARA &quot;General Belgrano&quot; navegan hacia el sitio de su hundimiento - Noticias Radio Reflejos<\/title>\n<meta name=\"robots\" content=\"index, follow, max-snippet:-1, max-image-preview:large, max-video-preview:-1\" \/>\n<link rel=\"canonical\" href=\"https:\/\/www.noticiasradioreflejos.com.ar\/2021\/veteranos-del-ara-general-belgrano-navegan-hacia-el-sitio-de-su-hundimiento\/\" \/>\n<meta property=\"og:locale\" content=\"es_ES\" \/>\n<meta property=\"og:type\" content=\"article\" \/>\n<meta property=\"og:title\" content=\"Veteranos del ARA &quot;General Belgrano&quot; navegan hacia el sitio de su hundimiento - Noticias Radio Reflejos\" \/>\n<meta property=\"og:description\" content=\"A 40 a\u00f1os del hundimiento del crucero, que cost\u00f3 la vida de 323 marinos argentinos, el Ministerio de Defensa tom\u00f3 la iniciativa de homenajear a su tripulaci\u00f3n en el lugar de su naufragio con algunos de los m\u00e1s de setecientos hombres que sobrevivieron.\" \/>\n<meta property=\"og:url\" content=\"https:\/\/www.noticiasradioreflejos.com.ar\/2021\/veteranos-del-ara-general-belgrano-navegan-hacia-el-sitio-de-su-hundimiento\/\" \/>\n<meta property=\"og:site_name\" content=\"Noticias Radio Reflejos\" \/>\n<meta property=\"article:published_time\" content=\"2022-05-02T10:50:57+00:00\" \/>\n<meta property=\"og:image\" content=\"https:\/\/www.telam.com.ar\/thumbs\/bluesteel\/advf\/imagenes\/2022\/04\/626d64d14a646_900.jpg\" \/>\n<meta name=\"author\" content=\"Arnaldo Botto\" \/>\n<meta name=\"twitter:card\" content=\"summary_large_image\" \/>\n<script type=\"application\/ld+json\" class=\"yoast-schema-graph\">{\"@context\":\"https:\/\/schema.org\",\"@graph\":[{\"@type\":\"WebPage\",\"@id\":\"https:\/\/www.noticiasradioreflejos.com.ar\/2021\/veteranos-del-ara-general-belgrano-navegan-hacia-el-sitio-de-su-hundimiento\/\",\"url\":\"https:\/\/www.noticiasradioreflejos.com.ar\/2021\/veteranos-del-ara-general-belgrano-navegan-hacia-el-sitio-de-su-hundimiento\/\",\"name\":\"Veteranos del ARA \\\"General Belgrano\\\" navegan hacia el sitio de su hundimiento - Noticias Radio Reflejos\",\"isPartOf\":{\"@id\":\"https:\/\/www.noticiasradioreflejos.com.ar\/2021\/#website\"},\"primaryImageOfPage\":{\"@id\":\"https:\/\/www.noticiasradioreflejos.com.ar\/2021\/veteranos-del-ara-general-belgrano-navegan-hacia-el-sitio-de-su-hundimiento\/#primaryimage\"},\"image\":{\"@id\":\"https:\/\/www.noticiasradioreflejos.com.ar\/2021\/veteranos-del-ara-general-belgrano-navegan-hacia-el-sitio-de-su-hundimiento\/#primaryimage\"},\"thumbnailUrl\":\"https:\/\/www.telam.com.ar\/thumbs\/bluesteel\/advf\/imagenes\/2022\/04\/626d64d14a646_900.jpg\",\"datePublished\":\"2022-05-02T10:50:57+00:00\",\"author\":{\"@id\":\"https:\/\/www.noticiasradioreflejos.com.ar\/2021\/#\/schema\/person\/ad82545263dcc5ec0996818884fd5fb1\"},\"breadcrumb\":{\"@id\":\"https:\/\/www.noticiasradioreflejos.com.ar\/2021\/veteranos-del-ara-general-belgrano-navegan-hacia-el-sitio-de-su-hundimiento\/#breadcrumb\"},\"inLanguage\":\"es\",\"potentialAction\":[{\"@type\":\"ReadAction\",\"target\":[\"https:\/\/www.noticiasradioreflejos.com.ar\/2021\/veteranos-del-ara-general-belgrano-navegan-hacia-el-sitio-de-su-hundimiento\/\"]}]},{\"@type\":\"ImageObject\",\"inLanguage\":\"es\",\"@id\":\"https:\/\/www.noticiasradioreflejos.com.ar\/2021\/veteranos-del-ara-general-belgrano-navegan-hacia-el-sitio-de-su-hundimiento\/#primaryimage\",\"url\":\"https:\/\/www.telam.com.ar\/thumbs\/bluesteel\/advf\/imagenes\/2022\/04\/626d64d14a646_900.jpg\",\"contentUrl\":\"https:\/\/www.telam.com.ar\/thumbs\/bluesteel\/advf\/imagenes\/2022\/04\/626d64d14a646_900.jpg\"},{\"@type\":\"BreadcrumbList\",\"@id\":\"https:\/\/www.noticiasradioreflejos.com.ar\/2021\/veteranos-del-ara-general-belgrano-navegan-hacia-el-sitio-de-su-hundimiento\/#breadcrumb\",\"itemListElement\":[{\"@type\":\"ListItem\",\"position\":1,\"name\":\"Portada\",\"item\":\"https:\/\/www.noticiasradioreflejos.com.ar\/2021\/\"},{\"@type\":\"ListItem\",\"position\":2,\"name\":\"Veteranos del ARA \u00abGeneral Belgrano\u00bb navegan hacia el sitio de su hundimiento\"}]},{\"@type\":\"WebSite\",\"@id\":\"https:\/\/www.noticiasradioreflejos.com.ar\/2021\/#website\",\"url\":\"https:\/\/www.noticiasradioreflejos.com.ar\/2021\/\",\"name\":\"Noticias Radio Reflejos\",\"description\":\"Las noticias de mi comarca\",\"potentialAction\":[{\"@type\":\"SearchAction\",\"target\":{\"@type\":\"EntryPoint\",\"urlTemplate\":\"https:\/\/www.noticiasradioreflejos.com.ar\/2021\/?s={search_term_string}\"},\"query-input\":{\"@type\":\"PropertyValueSpecification\",\"valueRequired\":true,\"valueName\":\"search_term_string\"}}],\"inLanguage\":\"es\"},{\"@type\":\"Person\",\"@id\":\"https:\/\/www.noticiasradioreflejos.com.ar\/2021\/#\/schema\/person\/ad82545263dcc5ec0996818884fd5fb1\",\"name\":\"Arnaldo Botto\",\"image\":{\"@type\":\"ImageObject\",\"inLanguage\":\"es\",\"@id\":\"https:\/\/www.noticiasradioreflejos.com.ar\/2021\/#\/schema\/person\/image\/\",\"url\":\"https:\/\/secure.gravatar.com\/avatar\/55cb5e37c1efa326397366e6974cb338056df65cb50e7d64d1cf314e87504837?s=96&d=mm&r=g\",\"contentUrl\":\"https:\/\/secure.gravatar.com\/avatar\/55cb5e37c1efa326397366e6974cb338056df65cb50e7d64d1cf314e87504837?s=96&d=mm&r=g\",\"caption\":\"Arnaldo Botto\"},\"url\":\"https:\/\/www.noticiasradioreflejos.com.ar\/2021\/author\/arnaldo\/\"}]}<\/script>\n<!-- \/ Yoast SEO plugin. -->","yoast_head_json":{"title":"Veteranos del ARA \"General Belgrano\" navegan hacia el sitio de su hundimiento - Noticias Radio Reflejos","robots":{"index":"index","follow":"follow","max-snippet":"max-snippet:-1","max-image-preview":"max-image-preview:large","max-video-preview":"max-video-preview:-1"},"canonical":"https:\/\/www.noticiasradioreflejos.com.ar\/2021\/veteranos-del-ara-general-belgrano-navegan-hacia-el-sitio-de-su-hundimiento\/","og_locale":"es_ES","og_type":"article","og_title":"Veteranos del ARA \"General Belgrano\" navegan hacia el sitio de su hundimiento - Noticias Radio Reflejos","og_description":"A 40 a\u00f1os del hundimiento del crucero, que cost\u00f3 la vida de 323 marinos argentinos, el Ministerio de Defensa tom\u00f3 la iniciativa de homenajear a su tripulaci\u00f3n en el lugar de su naufragio con algunos de los m\u00e1s de setecientos hombres que sobrevivieron.","og_url":"https:\/\/www.noticiasradioreflejos.com.ar\/2021\/veteranos-del-ara-general-belgrano-navegan-hacia-el-sitio-de-su-hundimiento\/","og_site_name":"Noticias Radio Reflejos","article_published_time":"2022-05-02T10:50:57+00:00","og_image":[{"url":"https:\/\/www.telam.com.ar\/thumbs\/bluesteel\/advf\/imagenes\/2022\/04\/626d64d14a646_900.jpg","type":"","width":"","height":""}],"author":"Arnaldo Botto","twitter_card":"summary_large_image","schema":{"@context":"https:\/\/schema.org","@graph":[{"@type":"WebPage","@id":"https:\/\/www.noticiasradioreflejos.com.ar\/2021\/veteranos-del-ara-general-belgrano-navegan-hacia-el-sitio-de-su-hundimiento\/","url":"https:\/\/www.noticiasradioreflejos.com.ar\/2021\/veteranos-del-ara-general-belgrano-navegan-hacia-el-sitio-de-su-hundimiento\/","name":"Veteranos del ARA \"General Belgrano\" navegan hacia el sitio de su hundimiento - Noticias Radio Reflejos","isPartOf":{"@id":"https:\/\/www.noticiasradioreflejos.com.ar\/2021\/#website"},"primaryImageOfPage":{"@id":"https:\/\/www.noticiasradioreflejos.com.ar\/2021\/veteranos-del-ara-general-belgrano-navegan-hacia-el-sitio-de-su-hundimiento\/#primaryimage"},"image":{"@id":"https:\/\/www.noticiasradioreflejos.com.ar\/2021\/veteranos-del-ara-general-belgrano-navegan-hacia-el-sitio-de-su-hundimiento\/#primaryimage"},"thumbnailUrl":"https:\/\/www.telam.com.ar\/thumbs\/bluesteel\/advf\/imagenes\/2022\/04\/626d64d14a646_900.jpg","datePublished":"2022-05-02T10:50:57+00:00","author":{"@id":"https:\/\/www.noticiasradioreflejos.com.ar\/2021\/#\/schema\/person\/ad82545263dcc5ec0996818884fd5fb1"},"breadcrumb":{"@id":"https:\/\/www.noticiasradioreflejos.com.ar\/2021\/veteranos-del-ara-general-belgrano-navegan-hacia-el-sitio-de-su-hundimiento\/#breadcrumb"},"inLanguage":"es","potentialAction":[{"@type":"ReadAction","target":["https:\/\/www.noticiasradioreflejos.com.ar\/2021\/veteranos-del-ara-general-belgrano-navegan-hacia-el-sitio-de-su-hundimiento\/"]}]},{"@type":"ImageObject","inLanguage":"es","@id":"https:\/\/www.noticiasradioreflejos.com.ar\/2021\/veteranos-del-ara-general-belgrano-navegan-hacia-el-sitio-de-su-hundimiento\/#primaryimage","url":"https:\/\/www.telam.com.ar\/thumbs\/bluesteel\/advf\/imagenes\/2022\/04\/626d64d14a646_900.jpg","contentUrl":"https:\/\/www.telam.com.ar\/thumbs\/bluesteel\/advf\/imagenes\/2022\/04\/626d64d14a646_900.jpg"},{"@type":"BreadcrumbList","@id":"https:\/\/www.noticiasradioreflejos.com.ar\/2021\/veteranos-del-ara-general-belgrano-navegan-hacia-el-sitio-de-su-hundimiento\/#breadcrumb","itemListElement":[{"@type":"ListItem","position":1,"name":"Portada","item":"https:\/\/www.noticiasradioreflejos.com.ar\/2021\/"},{"@type":"ListItem","position":2,"name":"Veteranos del ARA \u00abGeneral Belgrano\u00bb navegan hacia el sitio de su hundimiento"}]},{"@type":"WebSite","@id":"https:\/\/www.noticiasradioreflejos.com.ar\/2021\/#website","url":"https:\/\/www.noticiasradioreflejos.com.ar\/2021\/","name":"Noticias Radio Reflejos","description":"Las noticias de mi comarca","potentialAction":[{"@type":"SearchAction","target":{"@type":"EntryPoint","urlTemplate":"https:\/\/www.noticiasradioreflejos.com.ar\/2021\/?s={search_term_string}"},"query-input":{"@type":"PropertyValueSpecification","valueRequired":true,"valueName":"search_term_string"}}],"inLanguage":"es"},{"@type":"Person","@id":"https:\/\/www.noticiasradioreflejos.com.ar\/2021\/#\/schema\/person\/ad82545263dcc5ec0996818884fd5fb1","name":"Arnaldo Botto","image":{"@type":"ImageObject","inLanguage":"es","@id":"https:\/\/www.noticiasradioreflejos.com.ar\/2021\/#\/schema\/person\/image\/","url":"https:\/\/secure.gravatar.com\/avatar\/55cb5e37c1efa326397366e6974cb338056df65cb50e7d64d1cf314e87504837?s=96&d=mm&r=g","contentUrl":"https:\/\/secure.gravatar.com\/avatar\/55cb5e37c1efa326397366e6974cb338056df65cb50e7d64d1cf314e87504837?s=96&d=mm&r=g","caption":"Arnaldo Botto"},"url":"https:\/\/www.noticiasradioreflejos.com.ar\/2021\/author\/arnaldo\/"}]}},"_links":{"self":[{"href":"https:\/\/www.noticiasradioreflejos.com.ar\/2021\/wp-json\/wp\/v2\/posts\/71368","targetHints":{"allow":["GET"]}}],"collection":[{"href":"https:\/\/www.noticiasradioreflejos.com.ar\/2021\/wp-json\/wp\/v2\/posts"}],"about":[{"href":"https:\/\/www.noticiasradioreflejos.com.ar\/2021\/wp-json\/wp\/v2\/types\/post"}],"author":[{"embeddable":true,"href":"https:\/\/www.noticiasradioreflejos.com.ar\/2021\/wp-json\/wp\/v2\/users\/3"}],"replies":[{"embeddable":true,"href":"https:\/\/www.noticiasradioreflejos.com.ar\/2021\/wp-json\/wp\/v2\/comments?post=71368"}],"version-history":[{"count":1,"href":"https:\/\/www.noticiasradioreflejos.com.ar\/2021\/wp-json\/wp\/v2\/posts\/71368\/revisions"}],"predecessor-version":[{"id":71370,"href":"https:\/\/www.noticiasradioreflejos.com.ar\/2021\/wp-json\/wp\/v2\/posts\/71368\/revisions\/71370"}],"wp:attachment":[{"href":"https:\/\/www.noticiasradioreflejos.com.ar\/2021\/wp-json\/wp\/v2\/media?parent=71368"}],"wp:term":[{"taxonomy":"category","embeddable":true,"href":"https:\/\/www.noticiasradioreflejos.com.ar\/2021\/wp-json\/wp\/v2\/categories?post=71368"},{"taxonomy":"post_tag","embeddable":true,"href":"https:\/\/www.noticiasradioreflejos.com.ar\/2021\/wp-json\/wp\/v2\/tags?post=71368"}],"curies":[{"name":"wp","href":"https:\/\/api.w.org\/{rel}","templated":true}]}}